{"id":65681,"date":"2019-02-05T09:26:09","date_gmt":"2019-02-05T08:26:09","guid":{"rendered":"http:\/\/newsestlyonnais.fr\/site\/?p=65681"},"modified":"2020-10-30T18:18:57","modified_gmt":"2020-10-30T17:18:57","slug":"chassieu-petanque-a-accueilli-les-canuts-et-echirolles-en-coupe-de-france","status":"publish","type":"post","link":"https:\/\/newsestlyonnais.fr\/site\/2019\/02\/05\/chassieu-petanque-a-accueilli-les-canuts-et-echirolles-en-coupe-de-france\/","title":{"rendered":"CHASSIEU P\u00e9tanque a accueilli Les Canuts et Echirolles en Coupe de France"},"content":{"rendered":"<h4>Rencontre de gala dimanche apr\u00e8s-midi au P\u00e9tanquodr\u00f4me de Chassieu \u00e0 l&rsquo;occasion du 7\u00b0 Tour de la Coupe de France des clubs de p\u00e9tanque.<\/h4>\n<p>Supervis\u00e9e par l&rsquo;arbitre national Mario Ricci, elle comptait \u00e9galement pour le 4\u00b0 tour de zone r\u00e9gionale et \u00e9tait accueilli par le club local de <a href=\"https:\/\/www.facebook.com\/petanquechassieu69\/\" target=\"_blank\" rel=\"noopener noreferrer\"><span style=\"color: #0000ff\">P\u00e9tanque Chassieu<\/span><\/a><span style=\"color: #0000ff\">,<\/span> pr\u00e9sid\u00e9 par David Dutois.<\/p>\n<p>Elle opposait les clubs de <em><strong>Narvis Echirolles (Is\u00e8re) &amp; la P\u00e9tanque des Canuts (Rh\u00f4ne)<\/strong><\/em> et \u00e9tait pr\u00e9vue pour se d\u00e9rouler en 11 parties (6 en t\u00eate \u00e0 t\u00eate, 3 en doublette &amp; 2 en triplette).<\/p>\n<p>C&rsquo;\u00e9tait sans compter sur la sup\u00e9riorit\u00e9 de la formation lyonnaise des Canuts venue avec plusieurs de ses meilleurs \u00e9l\u00e9ments dont Molinas, Malbec, Delys, Beji. Elle s&rsquo;est en effet largement impos\u00e9e 19\/2, sans avoir \u00e0 disputer les triplettes apr\u00e8s avoir remport\u00e9 les rencontres en t\u00eate \u00e0 t\u00eate (10\/2) et en doublettes (9\/0).<\/p>\n<p>L&rsquo;\u00e9quipe s&rsquo;est ainsi qualifi\u00e9e pour les 1\/16\u00b0 de finales nationales qui auront lieu les 16 &amp; 17 f\u00e9vrier prochains (\u00e0 Bassens (Gironde) et figurera dans le groupe compos\u00e9 \u00e9galement des \u00e9quipes de Ch\u00e2telaillon-Plage (Charente-Maritime), Villenave-d&rsquo;Ornon (Gironde) &amp; Brou-sur-Chantereine (Seine-et-Marne).<\/p>\n<p><span style=\"text-decoration: underline\"><strong><em>PHOTO A LA UNE<\/em><\/strong><\/span> : Les 2 \u00e9quipes avant le d\u00e9but des parties : <em>Narvis Echirolles (debouts) &amp; la P\u00e9tanque des Canuts (accroupis)<\/em><\/p>\n<p>&nbsp;<\/p>\n<div id='gallery-1' class='gallery galleryid-65681 gallery-columns-3 gallery-size-thumbnail'><figure class='gallery-item'>\n\t\t\t<div class='gallery-icon portrait'>\n\t\t\t\t<a href='https:\/\/newsestlyonnais.fr\/site\/2019\/02\/05\/chassieu-petanque-a-accueilli-les-canuts-et-echirolles-en-coupe-de-france\/newsestlyonnais-chassieu-petanque-coupe\/'><img loading=\"lazy\" decoding=\"async\" width=\"150\" height=\"150\" src=\"https:\/\/newsestlyonnais.fr\/site\/wp-content\/uploads\/2019\/02\/NEWSESTLYONNAIS-CHASSIEU-PETANQUE-COUPE-150x150.jpg\" class=\"attachment-thumbnail size-thumbnail\" alt=\"NEWSESTLYONNAIS CHASSIEU PETANQUE COUPE\" aria-describedby=\"gallery-1-65683\" \/><\/a>\n\t\t\t<\/div>\n\t\t\t\t<figcaption class='wp-caption-text gallery-caption' id='gallery-1-65683'>\n\t\t\t\tL&rsquo;affiche de la rencontre  \n\t\t\t\t<\/figcaption><\/figure><figure class='gallery-item'>\n\t\t\t<div class='gallery-icon landscape'>\n\t\t\t\t<a href='https:\/\/newsestlyonnais.fr\/site\/2019\/02\/05\/chassieu-petanque-a-accueilli-les-canuts-et-echirolles-en-coupe-de-france\/newsestlyonnais-arbitre-chassieu-petanque\/'><img loading=\"lazy\" decoding=\"async\" width=\"150\" height=\"150\" src=\"https:\/\/newsestlyonnais.fr\/site\/wp-content\/uploads\/2019\/02\/NEWSESTLYONNAIS-ARBITRE-CHASSIEU-PETANQUE-150x150.jpg\" class=\"attachment-thumbnail size-thumbnail\" alt=\"\" aria-describedby=\"gallery-1-65686\" \/><\/a>\n\t\t\t<\/div>\n\t\t\t\t<figcaption class='wp-caption-text gallery-caption' id='gallery-1-65686'>\n\t\t\t\tMario Ricci (arbitre) et David Dutois (pr\u00e9sident de P\u00e9tanque Chassieu) \n\t\t\t\t<\/figcaption><\/figure><figure class='gallery-item'>\n\t\t\t<div class='gallery-icon landscape'>\n\t\t\t\t<a href='https:\/\/newsestlyonnais.fr\/site\/2019\/02\/05\/chassieu-petanque-a-accueilli-les-canuts-et-echirolles-en-coupe-de-france\/t-molinas-et-m-benji\/'><img loading=\"lazy\" decoding=\"async\" width=\"150\" height=\"150\" src=\"https:\/\/newsestlyonnais.fr\/site\/wp-content\/uploads\/2019\/02\/T.-Molinas-et-M.-Benji--150x150.jpg\" class=\"attachment-thumbnail size-thumbnail\" alt=\"T. Molinas et M. Benji\" aria-describedby=\"gallery-1-65688\" \/><\/a>\n\t\t\t<\/div>\n\t\t\t\t<figcaption class='wp-caption-text gallery-caption' id='gallery-1-65688'>\n\t\t\t\tTyson Molinas et Mouna Beji (P\u00e9tanque Canuts)\n\t\t\t\t<\/figcaption><\/figure>\n\t\t<\/div>\n\n","protected":false},"excerpt":{"rendered":"<p>Rencontre de gala dimanche apr\u00e8s-midi au P\u00e9tanquodr\u00f4me de Chassieu \u00e0 l&rsquo;occasion du 7\u00b0 Tour de la Coupe de France des clubs de p\u00e9tanque. Supervis\u00e9e par l&rsquo;arbitre national Mario Ricci, elle comptait \u00e9galement pour le 4\u00b0 tour de zone r\u00e9gionale et \u00e9tait accueilli par le club local de P\u00e9tanque Chassieu, pr\u00e9sid\u00e9 par David Dutois. Elle opposait [&hellip;]<\/p>\n","protected":false},"author":4,"featured_media":65685,"comment_status":"open","ping_status":"open","sticky":false,"template":"","format":"standard","meta":{"footnotes":""},"categories":[2977,1283,2978],"tags":[1996,2017],"class_list":["post-65681","post","type-post","status-publish","format-standard","has-post-thumbnail","hentry","category-boules-petanque-sports","category-chassieu-communes-diverses","category-petanque-sports","tag-chassieu","tag-petanque"],"yoast_head":"<!-- This site is optimized with the Yoast SEO plugin v27.2 - https:\/\/yoast.com\/product\/yoast-seo-wordpress\/ -->\n<title>CHASSIEU P\u00e9tanque a accueilli Les Canuts et Echirolles en Coupe de France - News Est Lyonnais CHASSIEU PETANQUE a accueilli Les Canuts et Echirolles pour le 7\u00b0 tour de la Coupe de France<\/title>\n<meta name=\"description\" content=\"CHASSIEU PETANQUE a accueilli Les Canuts et Echirolles pour le 7\u00b0 tour de la Coupe de France\" \/>\n<meta name=\"robots\" content=\"index, follow, max-snippet:-1, max-image-preview:large, max-video-preview:-1\" \/>\n<link rel=\"canonical\" href=\"https:\/\/newsestlyonnais.fr\/site\/2019\/02\/05\/chassieu-petanque-a-accueilli-les-canuts-et-echirolles-en-coupe-de-france\/\" \/>\n<meta property=\"og:locale\" content=\"fr_FR\" \/>\n<meta property=\"og:type\" content=\"article\" \/>\n<meta property=\"og:title\" content=\"CHASSIEU P\u00e9tanque a accueilli Les Canuts et Echirolles en Coupe de France - News Est Lyonnais CHASSIEU PETANQUE a accueilli Les Canuts et Echirolles pour le 7\u00b0 tour de la Coupe de France\" \/>\n<meta property=\"og:description\" content=\"CHASSIEU PETANQUE a accueilli Les Canuts et Echirolles pour le 7\u00b0 tour de la Coupe de France\" \/>\n<meta property=\"og:url\" content=\"https:\/\/newsestlyonnais.fr\/site\/2019\/02\/05\/chassieu-petanque-a-accueilli-les-canuts-et-echirolles-en-coupe-de-france\/\" \/>\n<meta property=\"og:site_name\" content=\"News Est Lyonnais\" \/>\n<meta property=\"article:author\" content=\"https:\/\/www.facebook.com\/pascal.oberson.1?fref=ts\" \/>\n<meta property=\"article:published_time\" content=\"2019-02-05T08:26:09+00:00\" \/>\n<meta property=\"article:modified_time\" content=\"2020-10-30T17:18:57+00:00\" \/>\n<meta property=\"og:image\" content=\"https:\/\/i0.wp.com\/newsestlyonnais.fr\/site\/wp-content\/uploads\/2019\/02\/NEWSESTLYONNAIS-COUPE-FRANCE-PET-CHASSIEU.jpg?fit=2048%2C995&ssl=1\" \/>\n\t<meta property=\"og:image:width\" content=\"2048\" \/>\n\t<meta property=\"og:image:height\" content=\"995\" \/>\n\t<meta property=\"og:image:type\" content=\"image\/jpeg\" \/>\n<meta name=\"author\" content=\"R\u00e9dac. NEWS\" \/>\n<meta name=\"twitter:card\" content=\"summary_large_image\" \/>\n<meta name=\"twitter:label1\" content=\"\u00c9crit par\" \/>\n\t<meta name=\"twitter:data1\" content=\"R\u00e9dac. NEWS\" \/>\n\t<meta name=\"twitter:label2\" content=\"Dur\u00e9e de lecture estim\u00e9e\" \/>\n\t<meta name=\"twitter:data2\" content=\"1 minute\" \/>\n<script type=\"application\/ld+json\" class=\"yoast-schema-graph\">{\"@context\":\"https:\/\/schema.org\",\"@graph\":[{\"@type\":\"Article\",\"@id\":\"https:\/\/newsestlyonnais.fr\/site\/2019\/02\/05\/chassieu-petanque-a-accueilli-les-canuts-et-echirolles-en-coupe-de-france\/#article\",\"isPartOf\":{\"@id\":\"https:\/\/newsestlyonnais.fr\/site\/2019\/02\/05\/chassieu-petanque-a-accueilli-les-canuts-et-echirolles-en-coupe-de-france\/\"},\"author\":{\"name\":\"R\u00e9dac. NEWS\",\"@id\":\"https:\/\/newsestlyonnais.fr\/site\/#\/schema\/person\/3230d5615f390bb808365d673001e887\"},\"headline\":\"CHASSIEU P\u00e9tanque a accueilli Les Canuts et Echirolles en Coupe de France\",\"datePublished\":\"2019-02-05T08:26:09+00:00\",\"dateModified\":\"2020-10-30T17:18:57+00:00\",\"mainEntityOfPage\":{\"@id\":\"https:\/\/newsestlyonnais.fr\/site\/2019\/02\/05\/chassieu-petanque-a-accueilli-les-canuts-et-echirolles-en-coupe-de-france\/\"},\"wordCount\":232,\"commentCount\":0,\"publisher\":{\"@id\":\"https:\/\/newsestlyonnais.fr\/site\/#organization\"},\"image\":{\"@id\":\"https:\/\/newsestlyonnais.fr\/site\/2019\/02\/05\/chassieu-petanque-a-accueilli-les-canuts-et-echirolles-en-coupe-de-france\/#primaryimage\"},\"thumbnailUrl\":\"https:\/\/newsestlyonnais.fr\/site\/wp-content\/uploads\/2019\/02\/NEWSESTLYONNAIS-COUPE-FRANCE-PET-CHASSIEU.jpg\",\"keywords\":[\"Chassieu\",\"PETANQUE\"],\"articleSection\":[\"Boules | P\u00e9tanque\",\"Chassieu | Communes diverses\",\"P\u00e9tanque\"],\"inLanguage\":\"fr-FR\",\"potentialAction\":[{\"@type\":\"CommentAction\",\"name\":\"Comment\",\"target\":[\"https:\/\/newsestlyonnais.fr\/site\/2019\/02\/05\/chassieu-petanque-a-accueilli-les-canuts-et-echirolles-en-coupe-de-france\/#respond\"]}]},{\"@type\":\"WebPage\",\"@id\":\"https:\/\/newsestlyonnais.fr\/site\/2019\/02\/05\/chassieu-petanque-a-accueilli-les-canuts-et-echirolles-en-coupe-de-france\/\",\"url\":\"https:\/\/newsestlyonnais.fr\/site\/2019\/02\/05\/chassieu-petanque-a-accueilli-les-canuts-et-echirolles-en-coupe-de-france\/\",\"name\":\"CHASSIEU P\u00e9tanque a accueilli Les Canuts et Echirolles en Coupe de France - News Est Lyonnais CHASSIEU PETANQUE a accueilli Les Canuts et Echirolles pour le 7\u00b0 tour de la Coupe de France\",\"isPartOf\":{\"@id\":\"https:\/\/newsestlyonnais.fr\/site\/#website\"},\"primaryImageOfPage\":{\"@id\":\"https:\/\/newsestlyonnais.fr\/site\/2019\/02\/05\/chassieu-petanque-a-accueilli-les-canuts-et-echirolles-en-coupe-de-france\/#primaryimage\"},\"image\":{\"@id\":\"https:\/\/newsestlyonnais.fr\/site\/2019\/02\/05\/chassieu-petanque-a-accueilli-les-canuts-et-echirolles-en-coupe-de-france\/#primaryimage\"},\"thumbnailUrl\":\"https:\/\/newsestlyonnais.fr\/site\/wp-content\/uploads\/2019\/02\/NEWSESTLYONNAIS-COUPE-FRANCE-PET-CHASSIEU.jpg\",\"datePublished\":\"2019-02-05T08:26:09+00:00\",\"dateModified\":\"2020-10-30T17:18:57+00:00\",\"description\":\"CHASSIEU PETANQUE a accueilli Les Canuts et Echirolles pour le 7\u00b0 tour de la Coupe de France\",\"breadcrumb\":{\"@id\":\"https:\/\/newsestlyonnais.fr\/site\/2019\/02\/05\/chassieu-petanque-a-accueilli-les-canuts-et-echirolles-en-coupe-de-france\/#breadcrumb\"},\"inLanguage\":\"fr-FR\",\"potentialAction\":[{\"@type\":\"ReadAction\",\"target\":[\"https:\/\/newsestlyonnais.fr\/site\/2019\/02\/05\/chassieu-petanque-a-accueilli-les-canuts-et-echirolles-en-coupe-de-france\/\"]}]},{\"@type\":\"ImageObject\",\"inLanguage\":\"fr-FR\",\"@id\":\"https:\/\/newsestlyonnais.fr\/site\/2019\/02\/05\/chassieu-petanque-a-accueilli-les-canuts-et-echirolles-en-coupe-de-france\/#primaryimage\",\"url\":\"https:\/\/newsestlyonnais.fr\/site\/wp-content\/uploads\/2019\/02\/NEWSESTLYONNAIS-COUPE-FRANCE-PET-CHASSIEU.jpg\",\"contentUrl\":\"https:\/\/newsestlyonnais.fr\/site\/wp-content\/uploads\/2019\/02\/NEWSESTLYONNAIS-COUPE-FRANCE-PET-CHASSIEU.jpg\",\"width\":2048,\"height\":995,\"caption\":\"NEWSESTLYONNAIS COUPE FRANCE PET CHASSIEU\"},{\"@type\":\"BreadcrumbList\",\"@id\":\"https:\/\/newsestlyonnais.fr\/site\/2019\/02\/05\/chassieu-petanque-a-accueilli-les-canuts-et-echirolles-en-coupe-de-france\/#breadcrumb\",\"itemListElement\":[{\"@type\":\"ListItem\",\"position\":1,\"name\":\"Accueil\",\"item\":\"https:\/\/newsestlyonnais.fr\/site\/\"},{\"@type\":\"ListItem\",\"position\":2,\"name\":\"CHASSIEU P\u00e9tanque a accueilli Les Canuts et Echirolles en Coupe de France\"}]},{\"@type\":\"WebSite\",\"@id\":\"https:\/\/newsestlyonnais.fr\/site\/#website\",\"url\":\"https:\/\/newsestlyonnais.fr\/site\/\",\"name\":\"News Est Lyonnais\",\"description\":\"L&#039;actualit\u00e9 au plus pr\u00e8s\",\"publisher\":{\"@id\":\"https:\/\/newsestlyonnais.fr\/site\/#organization\"},\"potentialAction\":[{\"@type\":\"SearchAction\",\"target\":{\"@type\":\"EntryPoint\",\"urlTemplate\":\"https:\/\/newsestlyonnais.fr\/site\/?s={search_term_string}\"},\"query-input\":{\"@type\":\"PropertyValueSpecification\",\"valueRequired\":true,\"valueName\":\"search_term_string\"}}],\"inLanguage\":\"fr-FR\"},{\"@type\":\"Organization\",\"@id\":\"https:\/\/newsestlyonnais.fr\/site\/#organization\",\"name\":\"News EST LYONNAIS\",\"url\":\"https:\/\/newsestlyonnais.fr\/site\/\",\"logo\":{\"@type\":\"ImageObject\",\"inLanguage\":\"fr-FR\",\"@id\":\"https:\/\/newsestlyonnais.fr\/site\/#\/schema\/logo\/image\/\",\"url\":\"\",\"contentUrl\":\"\",\"caption\":\"News EST LYONNAIS\"},\"image\":{\"@id\":\"https:\/\/newsestlyonnais.fr\/site\/#\/schema\/logo\/image\/\"}},{\"@type\":\"Person\",\"@id\":\"https:\/\/newsestlyonnais.fr\/site\/#\/schema\/person\/3230d5615f390bb808365d673001e887\",\"name\":\"R\u00e9dac. NEWS\",\"sameAs\":[\"http:\/\/www.newsestlyonnais.fr\",\"https:\/\/www.facebook.com\/pascal.oberson.1?fref=ts\",\"https:\/\/fr.linkedin.com\/in\/pascal-oberson-b17045113\"],\"url\":\"https:\/\/newsestlyonnais.fr\/site\/author\/nel\/\"}]}<\/script>\n<!-- \/ Yoast SEO plugin. -->","yoast_head_json":{"title":"CHASSIEU P\u00e9tanque a accueilli Les Canuts et Echirolles en Coupe de France - News Est Lyonnais CHASSIEU PETANQUE a accueilli Les Canuts et Echirolles pour le 7\u00b0 tour de la Coupe de France","description":"CHASSIEU PETANQUE a accueilli Les Canuts et Echirolles pour le 7\u00b0 tour de la Coupe de France","robots":{"index":"index","follow":"follow","max-snippet":"max-snippet:-1","max-image-preview":"max-image-preview:large","max-video-preview":"max-video-preview:-1"},"canonical":"https:\/\/newsestlyonnais.fr\/site\/2019\/02\/05\/chassieu-petanque-a-accueilli-les-canuts-et-echirolles-en-coupe-de-france\/","og_locale":"fr_FR","og_type":"article","og_title":"CHASSIEU P\u00e9tanque a accueilli Les Canuts et Echirolles en Coupe de France - News Est Lyonnais CHASSIEU PETANQUE a accueilli Les Canuts et Echirolles pour le 7\u00b0 tour de la Coupe de France","og_description":"CHASSIEU PETANQUE a accueilli Les Canuts et Echirolles pour le 7\u00b0 tour de la Coupe de France","og_url":"https:\/\/newsestlyonnais.fr\/site\/2019\/02\/05\/chassieu-petanque-a-accueilli-les-canuts-et-echirolles-en-coupe-de-france\/","og_site_name":"News Est Lyonnais","article_author":"https:\/\/www.facebook.com\/pascal.oberson.1?fref=ts","article_published_time":"2019-02-05T08:26:09+00:00","article_modified_time":"2020-10-30T17:18:57+00:00","og_image":[{"width":2048,"height":995,"url":"https:\/\/i0.wp.com\/newsestlyonnais.fr\/site\/wp-content\/uploads\/2019\/02\/NEWSESTLYONNAIS-COUPE-FRANCE-PET-CHASSIEU.jpg?fit=2048%2C995&ssl=1","type":"image\/jpeg"}],"author":"R\u00e9dac. NEWS","twitter_card":"summary_large_image","twitter_misc":{"\u00c9crit par":"R\u00e9dac. NEWS","Dur\u00e9e de lecture estim\u00e9e":"1 minute"},"schema":{"@context":"https:\/\/schema.org","@graph":[{"@type":"Article","@id":"https:\/\/newsestlyonnais.fr\/site\/2019\/02\/05\/chassieu-petanque-a-accueilli-les-canuts-et-echirolles-en-coupe-de-france\/#article","isPartOf":{"@id":"https:\/\/newsestlyonnais.fr\/site\/2019\/02\/05\/chassieu-petanque-a-accueilli-les-canuts-et-echirolles-en-coupe-de-france\/"},"author":{"name":"R\u00e9dac. NEWS","@id":"https:\/\/newsestlyonnais.fr\/site\/#\/schema\/person\/3230d5615f390bb808365d673001e887"},"headline":"CHASSIEU P\u00e9tanque a accueilli Les Canuts et Echirolles en Coupe de France","datePublished":"2019-02-05T08:26:09+00:00","dateModified":"2020-10-30T17:18:57+00:00","mainEntityOfPage":{"@id":"https:\/\/newsestlyonnais.fr\/site\/2019\/02\/05\/chassieu-petanque-a-accueilli-les-canuts-et-echirolles-en-coupe-de-france\/"},"wordCount":232,"commentCount":0,"publisher":{"@id":"https:\/\/newsestlyonnais.fr\/site\/#organization"},"image":{"@id":"https:\/\/newsestlyonnais.fr\/site\/2019\/02\/05\/chassieu-petanque-a-accueilli-les-canuts-et-echirolles-en-coupe-de-france\/#primaryimage"},"thumbnailUrl":"https:\/\/newsestlyonnais.fr\/site\/wp-content\/uploads\/2019\/02\/NEWSESTLYONNAIS-COUPE-FRANCE-PET-CHASSIEU.jpg","keywords":["Chassieu","PETANQUE"],"articleSection":["Boules | P\u00e9tanque","Chassieu | Communes diverses","P\u00e9tanque"],"inLanguage":"fr-FR","potentialAction":[{"@type":"CommentAction","name":"Comment","target":["https:\/\/newsestlyonnais.fr\/site\/2019\/02\/05\/chassieu-petanque-a-accueilli-les-canuts-et-echirolles-en-coupe-de-france\/#respond"]}]},{"@type":"WebPage","@id":"https:\/\/newsestlyonnais.fr\/site\/2019\/02\/05\/chassieu-petanque-a-accueilli-les-canuts-et-echirolles-en-coupe-de-france\/","url":"https:\/\/newsestlyonnais.fr\/site\/2019\/02\/05\/chassieu-petanque-a-accueilli-les-canuts-et-echirolles-en-coupe-de-france\/","name":"CHASSIEU P\u00e9tanque a accueilli Les Canuts et Echirolles en Coupe de France - News Est Lyonnais CHASSIEU PETANQUE a accueilli Les Canuts et Echirolles pour le 7\u00b0 tour de la Coupe de France","isPartOf":{"@id":"https:\/\/newsestlyonnais.fr\/site\/#website"},"primaryImageOfPage":{"@id":"https:\/\/newsestlyonnais.fr\/site\/2019\/02\/05\/chassieu-petanque-a-accueilli-les-canuts-et-echirolles-en-coupe-de-france\/#primaryimage"},"image":{"@id":"https:\/\/newsestlyonnais.fr\/site\/2019\/02\/05\/chassieu-petanque-a-accueilli-les-canuts-et-echirolles-en-coupe-de-france\/#primaryimage"},"thumbnailUrl":"https:\/\/newsestlyonnais.fr\/site\/wp-content\/uploads\/2019\/02\/NEWSESTLYONNAIS-COUPE-FRANCE-PET-CHASSIEU.jpg","datePublished":"2019-02-05T08:26:09+00:00","dateModified":"2020-10-30T17:18:57+00:00","description":"CHASSIEU PETANQUE a accueilli Les Canuts et Echirolles pour le 7\u00b0 tour de la Coupe de France","breadcrumb":{"@id":"https:\/\/newsestlyonnais.fr\/site\/2019\/02\/05\/chassieu-petanque-a-accueilli-les-canuts-et-echirolles-en-coupe-de-france\/#breadcrumb"},"inLanguage":"fr-FR","potentialAction":[{"@type":"ReadAction","target":["https:\/\/newsestlyonnais.fr\/site\/2019\/02\/05\/chassieu-petanque-a-accueilli-les-canuts-et-echirolles-en-coupe-de-france\/"]}]},{"@type":"ImageObject","inLanguage":"fr-FR","@id":"https:\/\/newsestlyonnais.fr\/site\/2019\/02\/05\/chassieu-petanque-a-accueilli-les-canuts-et-echirolles-en-coupe-de-france\/#primaryimage","url":"https:\/\/newsestlyonnais.fr\/site\/wp-content\/uploads\/2019\/02\/NEWSESTLYONNAIS-COUPE-FRANCE-PET-CHASSIEU.jpg","contentUrl":"https:\/\/newsestlyonnais.fr\/site\/wp-content\/uploads\/2019\/02\/NEWSESTLYONNAIS-COUPE-FRANCE-PET-CHASSIEU.jpg","width":2048,"height":995,"caption":"NEWSESTLYONNAIS COUPE FRANCE PET CHASSIEU"},{"@type":"BreadcrumbList","@id":"https:\/\/newsestlyonnais.fr\/site\/2019\/02\/05\/chassieu-petanque-a-accueilli-les-canuts-et-echirolles-en-coupe-de-france\/#breadcrumb","itemListElement":[{"@type":"ListItem","position":1,"name":"Accueil","item":"https:\/\/newsestlyonnais.fr\/site\/"},{"@type":"ListItem","position":2,"name":"CHASSIEU P\u00e9tanque a accueilli Les Canuts et Echirolles en Coupe de France"}]},{"@type":"WebSite","@id":"https:\/\/newsestlyonnais.fr\/site\/#website","url":"https:\/\/newsestlyonnais.fr\/site\/","name":"News Est Lyonnais","description":"L&#039;actualit\u00e9 au plus pr\u00e8s","publisher":{"@id":"https:\/\/newsestlyonnais.fr\/site\/#organization"},"potentialAction":[{"@type":"SearchAction","target":{"@type":"EntryPoint","urlTemplate":"https:\/\/newsestlyonnais.fr\/site\/?s={search_term_string}"},"query-input":{"@type":"PropertyValueSpecification","valueRequired":true,"valueName":"search_term_string"}}],"inLanguage":"fr-FR"},{"@type":"Organization","@id":"https:\/\/newsestlyonnais.fr\/site\/#organization","name":"News EST LYONNAIS","url":"https:\/\/newsestlyonnais.fr\/site\/","logo":{"@type":"ImageObject","inLanguage":"fr-FR","@id":"https:\/\/newsestlyonnais.fr\/site\/#\/schema\/logo\/image\/","url":"","contentUrl":"","caption":"News EST LYONNAIS"},"image":{"@id":"https:\/\/newsestlyonnais.fr\/site\/#\/schema\/logo\/image\/"}},{"@type":"Person","@id":"https:\/\/newsestlyonnais.fr\/site\/#\/schema\/person\/3230d5615f390bb808365d673001e887","name":"R\u00e9dac. NEWS","sameAs":["http:\/\/www.newsestlyonnais.fr","https:\/\/www.facebook.com\/pascal.oberson.1?fref=ts","https:\/\/fr.linkedin.com\/in\/pascal-oberson-b17045113"],"url":"https:\/\/newsestlyonnais.fr\/site\/author\/nel\/"}]}},"_links":{"self":[{"href":"https:\/\/newsestlyonnais.fr\/site\/wp-json\/wp\/v2\/posts\/65681","targetHints":{"allow":["GET"]}}],"collection":[{"href":"https:\/\/newsestlyonnais.fr\/site\/wp-json\/wp\/v2\/posts"}],"about":[{"href":"https:\/\/newsestlyonnais.fr\/site\/wp-json\/wp\/v2\/types\/post"}],"author":[{"embeddable":true,"href":"https:\/\/newsestlyonnais.fr\/site\/wp-json\/wp\/v2\/users\/4"}],"replies":[{"embeddable":true,"href":"https:\/\/newsestlyonnais.fr\/site\/wp-json\/wp\/v2\/comments?post=65681"}],"version-history":[{"count":0,"href":"https:\/\/newsestlyonnais.fr\/site\/wp-json\/wp\/v2\/posts\/65681\/revisions"}],"wp:featuredmedia":[{"embeddable":true,"href":"https:\/\/newsestlyonnais.fr\/site\/wp-json\/wp\/v2\/media\/65685"}],"wp:attachment":[{"href":"https:\/\/newsestlyonnais.fr\/site\/wp-json\/wp\/v2\/media?parent=65681"}],"wp:term":[{"taxonomy":"category","embeddable":true,"href":"https:\/\/newsestlyonnais.fr\/site\/wp-json\/wp\/v2\/categories?post=65681"},{"taxonomy":"post_tag","embeddable":true,"href":"https:\/\/newsestlyonnais.fr\/site\/wp-json\/wp\/v2\/tags?post=65681"}],"curies":[{"name":"wp","href":"https:\/\/api.w.org\/{rel}","templated":true}]}}