{"id":66116,"date":"2019-02-09T09:31:40","date_gmt":"2019-02-09T08:31:40","guid":{"rendered":"http:\/\/newsestlyonnais.fr\/site\/?p=66116"},"modified":"2020-11-07T20:50:22","modified_gmt":"2020-11-07T19:50:22","slug":"genas-nouveau-point-sur-les-travaux-de-la-rue-de-la-republique-7","status":"publish","type":"post","link":"https:\/\/newsestlyonnais.fr\/site\/2019\/02\/09\/genas-nouveau-point-sur-les-travaux-de-la-rue-de-la-republique-7\/","title":{"rendered":"GENAS | Nouveau point sur les travaux de la Rue de la R\u00e9publique"},"content":{"rendered":"<h4>Durant les travaux de r\u00e9habilitation de la rue de la R\u00e9publique, retrouvez r\u00e9guli\u00e8rement des infos pratiques communiqu\u00e9es par le \u00ab service Grands Projets de la Ville de Genas \u00bb.<\/h4>\n<p>La derni\u00e8re newsletter \u00e9mise par ce service apporte des pr\u00e9cisions sur deux chantiers en cours :<\/p>\n<ul>\n<li><span style=\"text-decoration: underline\"><b>Premiers coups de pelle sur l\u2019\u00eelot Ferrier<\/b> :<\/span> D\u00e9molition des anciens am\u00e9nagements autour de la salle Le Gen\u00eat, vieillissants et non accessibles aux personnes \u00e0 mobilit\u00e9 r\u00e9duite, d\u00e9capage des anciens rev\u00eatements, cr\u00e9ation d\u2019un cheminement pi\u00e9tons s\u00e9curis\u00e9 pour la p\u00e9riode du chantier\u2026 Les travaux ont d\u00e9but\u00e9 sur l\u2019\u00eelot Ferrier. Objectif ? Rendre enfin la salle Le Gen\u00eat accessible aux personnes \u00e0 mobilit\u00e9 r\u00e9duite, poussettes. Et cr\u00e9er un parvis jardin\u00e9 ouvert \u00e0 tous, ainsi qu\u2019un belv\u00e9d\u00e8re dont b\u00e9n\u00e9ficieront les locataires de la salle. En bref, une entr\u00e9e de ville agr\u00e9able et verdoyante !<\/li>\n<li><span style=\"text-decoration: underline\"><b>Lundi 11 f\u00e9vrier : sens unique jusqu\u2019\u00e0 la rue de la Libert<\/b><strong>\u00e9<\/strong><\/span> : Nouveaux travaux, nouveaux r\u00e9seaux ! Ceux de la salle Le Gen\u00eat seront aussi mis en s\u00e9paratif. Le raccordement aux tuyaux qui se d\u00e9ploient sous la rue de la R\u00e9publique au pied de la salle prendra une seule journ\u00e9e (sauf al\u00e9a de chantier).<br \/>\nAinsi, <strong>lundi 11 f\u00e9vrier<\/strong>, la circulation en sens unique sur la rue de la R\u00e9publique sera prolong\u00e9e de la boulangerie place de la R\u00e9publique jusqu\u2019\u00e0 la rue de la Libert\u00e9.<br \/>\nPour circuler dans le sens Ouest-Est (de la rocade ou de Chassieu vers le centre de Genas) : empruntez la rue J. Brel \u00e0 partir du rond-point de la R\u00e9publique, ou alors la rue de la Libert\u00e9.<\/li>\n<\/ul>\n<p><span style=\"text-decoration: underline\"><em><strong>NOTA<\/strong><\/em><\/span> : <span style=\"text-decoration: underline\"><b>\u00c0 pied ou en voiture : aux abords des chantiers, prudence redoubl\u00e9e ! <\/b><\/span>Pour la s\u00e9curit\u00e9 de tous, la prudence et le respect des r\u00e8gles est d\u2019autant plus de mise aux abords des chantiers.<b><br \/>\n<\/b>En voiture, la vitesse est limit\u00e9e \u00e0 30 km\/h sur ces zones o\u00f9 les voies de circulation sont plus \u00e9troites, et o\u00f9 doivent cohabiter circulation, stationnements, pi\u00e9tons et cyclistes. \u00c0 pied, respectez les cheminements pi\u00e9tons, qui \u00e9voluent selon l\u2019avanc\u00e9e du chantier rue de la R\u00e9publique : ne forcez pas le passage, c\u2019est pour votre s\u00e9curit\u00e9 !<\/p>\n<p><em><strong>Plus d\u2019infos sur ces travaux : <\/strong><\/em><\/p>\n<ul>\n<li><em><strong>T\u00e9l : 06. 21. 60. 23. 79 ou : grands.projets@ville-genas.fr<\/strong><\/em><\/li>\n<\/ul>\n<p>&nbsp;<\/p>\n<p>&nbsp;<\/p>\n<p>&nbsp;<\/p>\n","protected":false},"excerpt":{"rendered":"<p>Durant les travaux de r\u00e9habilitation de la rue de la R\u00e9publique, retrouvez r\u00e9guli\u00e8rement des infos pratiques communiqu\u00e9es par le \u00ab service Grands Projets de la Ville de Genas \u00bb. La derni\u00e8re newsletter \u00e9mise par ce service apporte des pr\u00e9cisions sur deux chantiers en cours : Premiers coups de pelle sur l\u2019\u00eelot Ferrier : D\u00e9molition des [&hellip;]<\/p>\n","protected":false},"author":4,"featured_media":8137,"comment_status":"open","ping_status":"open","sticky":false,"template":"","format":"standard","meta":{"footnotes":""},"categories":[270,1598,172],"tags":[2005,2127],"class_list":["post-66116","post","type-post","status-publish","format-standard","has-post-thumbnail","hentry","category-cte-de-communes-c-c-e-l","category-genas","category-travaux-amenagements","tag-genas","tag-travaux"],"yoast_head":"<!-- This site is optimized with the Yoast SEO plugin v27.2 - https:\/\/yoast.com\/product\/yoast-seo-wordpress\/ -->\n<title>GENAS | Nouveau point sur les travaux de la Rue de la R\u00e9publique - News Est Lyonnais GENAS : Nouveau point sur les travaux de la Rue de la R\u00e9publique<\/title>\n<meta name=\"description\" content=\"GENAS : Nouveau point sur les travaux de la Rue de la R\u00e9publique\" \/>\n<meta name=\"robots\" content=\"index, follow, max-snippet:-1, max-image-preview:large, max-video-preview:-1\" \/>\n<link rel=\"canonical\" href=\"https:\/\/newsestlyonnais.fr\/site\/2019\/02\/09\/genas-nouveau-point-sur-les-travaux-de-la-rue-de-la-republique-7\/\" \/>\n<meta property=\"og:locale\" content=\"fr_FR\" \/>\n<meta property=\"og:type\" content=\"article\" \/>\n<meta property=\"og:title\" content=\"GENAS | Nouveau point sur les travaux de la Rue de la R\u00e9publique - News Est Lyonnais GENAS : Nouveau point sur les travaux de la Rue de la R\u00e9publique\" \/>\n<meta property=\"og:description\" content=\"GENAS : Nouveau point sur les travaux de la Rue de la R\u00e9publique\" \/>\n<meta property=\"og:url\" content=\"https:\/\/newsestlyonnais.fr\/site\/2019\/02\/09\/genas-nouveau-point-sur-les-travaux-de-la-rue-de-la-republique-7\/\" \/>\n<meta property=\"og:site_name\" content=\"News Est Lyonnais\" \/>\n<meta property=\"article:author\" content=\"https:\/\/www.facebook.com\/pascal.oberson.1?fref=ts\" \/>\n<meta property=\"article:published_time\" content=\"2019-02-09T08:31:40+00:00\" \/>\n<meta property=\"article:modified_time\" content=\"2020-11-07T19:50:22+00:00\" \/>\n<meta property=\"og:image\" content=\"https:\/\/i0.wp.com\/newsestlyonnais.fr\/site\/wp-content\/uploads\/2016\/05\/NEWSESTLYONNAISPANNEAUGENAS-1.jpg?fit=1000%2C750&ssl=1\" \/>\n\t<meta property=\"og:image:width\" content=\"1000\" \/>\n\t<meta property=\"og:image:height\" content=\"750\" \/>\n\t<meta property=\"og:image:type\" content=\"image\/jpeg\" \/>\n<meta name=\"author\" content=\"R\u00e9dac. NEWS\" \/>\n<meta name=\"twitter:card\" content=\"summary_large_image\" \/>\n<meta name=\"twitter:label1\" content=\"\u00c9crit par\" \/>\n\t<meta name=\"twitter:data1\" content=\"R\u00e9dac. NEWS\" \/>\n\t<meta name=\"twitter:label2\" content=\"Dur\u00e9e de lecture estim\u00e9e\" \/>\n\t<meta name=\"twitter:data2\" content=\"2 minutes\" \/>\n<script type=\"application\/ld+json\" class=\"yoast-schema-graph\">{\"@context\":\"https:\/\/schema.org\",\"@graph\":[{\"@type\":\"Article\",\"@id\":\"https:\/\/newsestlyonnais.fr\/site\/2019\/02\/09\/genas-nouveau-point-sur-les-travaux-de-la-rue-de-la-republique-7\/#article\",\"isPartOf\":{\"@id\":\"https:\/\/newsestlyonnais.fr\/site\/2019\/02\/09\/genas-nouveau-point-sur-les-travaux-de-la-rue-de-la-republique-7\/\"},\"author\":{\"name\":\"R\u00e9dac. NEWS\",\"@id\":\"https:\/\/newsestlyonnais.fr\/site\/#\/schema\/person\/3230d5615f390bb808365d673001e887\"},\"headline\":\"GENAS | Nouveau point sur les travaux de la Rue de la R\u00e9publique\",\"datePublished\":\"2019-02-09T08:31:40+00:00\",\"dateModified\":\"2020-11-07T19:50:22+00:00\",\"mainEntityOfPage\":{\"@id\":\"https:\/\/newsestlyonnais.fr\/site\/2019\/02\/09\/genas-nouveau-point-sur-les-travaux-de-la-rue-de-la-republique-7\/\"},\"wordCount\":411,\"commentCount\":0,\"publisher\":{\"@id\":\"https:\/\/newsestlyonnais.fr\/site\/#organization\"},\"image\":{\"@id\":\"https:\/\/newsestlyonnais.fr\/site\/2019\/02\/09\/genas-nouveau-point-sur-les-travaux-de-la-rue-de-la-republique-7\/#primaryimage\"},\"thumbnailUrl\":\"https:\/\/newsestlyonnais.fr\/site\/wp-content\/uploads\/2016\/05\/NEWSESTLYONNAISPANNEAUGENAS-1.jpg\",\"keywords\":[\"GENAS\",\"TRAVAUX\"],\"articleSection\":[\"CCEL | Communes\",\"Genas\",\"Travaux | Am\u00e9nagements\"],\"inLanguage\":\"fr-FR\",\"potentialAction\":[{\"@type\":\"CommentAction\",\"name\":\"Comment\",\"target\":[\"https:\/\/newsestlyonnais.fr\/site\/2019\/02\/09\/genas-nouveau-point-sur-les-travaux-de-la-rue-de-la-republique-7\/#respond\"]}]},{\"@type\":\"WebPage\",\"@id\":\"https:\/\/newsestlyonnais.fr\/site\/2019\/02\/09\/genas-nouveau-point-sur-les-travaux-de-la-rue-de-la-republique-7\/\",\"url\":\"https:\/\/newsestlyonnais.fr\/site\/2019\/02\/09\/genas-nouveau-point-sur-les-travaux-de-la-rue-de-la-republique-7\/\",\"name\":\"GENAS | Nouveau point sur les travaux de la Rue de la R\u00e9publique - News Est Lyonnais GENAS : Nouveau point sur les travaux de la Rue de la R\u00e9publique\",\"isPartOf\":{\"@id\":\"https:\/\/newsestlyonnais.fr\/site\/#website\"},\"primaryImageOfPage\":{\"@id\":\"https:\/\/newsestlyonnais.fr\/site\/2019\/02\/09\/genas-nouveau-point-sur-les-travaux-de-la-rue-de-la-republique-7\/#primaryimage\"},\"image\":{\"@id\":\"https:\/\/newsestlyonnais.fr\/site\/2019\/02\/09\/genas-nouveau-point-sur-les-travaux-de-la-rue-de-la-republique-7\/#primaryimage\"},\"thumbnailUrl\":\"https:\/\/newsestlyonnais.fr\/site\/wp-content\/uploads\/2016\/05\/NEWSESTLYONNAISPANNEAUGENAS-1.jpg\",\"datePublished\":\"2019-02-09T08:31:40+00:00\",\"dateModified\":\"2020-11-07T19:50:22+00:00\",\"description\":\"GENAS : Nouveau point sur les travaux de la Rue de la R\u00e9publique\",\"breadcrumb\":{\"@id\":\"https:\/\/newsestlyonnais.fr\/site\/2019\/02\/09\/genas-nouveau-point-sur-les-travaux-de-la-rue-de-la-republique-7\/#breadcrumb\"},\"inLanguage\":\"fr-FR\",\"potentialAction\":[{\"@type\":\"ReadAction\",\"target\":[\"https:\/\/newsestlyonnais.fr\/site\/2019\/02\/09\/genas-nouveau-point-sur-les-travaux-de-la-rue-de-la-republique-7\/\"]}]},{\"@type\":\"ImageObject\",\"inLanguage\":\"fr-FR\",\"@id\":\"https:\/\/newsestlyonnais.fr\/site\/2019\/02\/09\/genas-nouveau-point-sur-les-travaux-de-la-rue-de-la-republique-7\/#primaryimage\",\"url\":\"https:\/\/newsestlyonnais.fr\/site\/wp-content\/uploads\/2016\/05\/NEWSESTLYONNAISPANNEAUGENAS-1.jpg\",\"contentUrl\":\"https:\/\/newsestlyonnais.fr\/site\/wp-content\/uploads\/2016\/05\/NEWSESTLYONNAISPANNEAUGENAS-1.jpg\",\"width\":1000,\"height\":750,\"caption\":\"NEWSESTLYONNAISPANNEAUGENAS\"},{\"@type\":\"BreadcrumbList\",\"@id\":\"https:\/\/newsestlyonnais.fr\/site\/2019\/02\/09\/genas-nouveau-point-sur-les-travaux-de-la-rue-de-la-republique-7\/#breadcrumb\",\"itemListElement\":[{\"@type\":\"ListItem\",\"position\":1,\"name\":\"Accueil\",\"item\":\"https:\/\/newsestlyonnais.fr\/site\/\"},{\"@type\":\"ListItem\",\"position\":2,\"name\":\"GENAS | Nouveau point sur les travaux de la Rue de la R\u00e9publique\"}]},{\"@type\":\"WebSite\",\"@id\":\"https:\/\/newsestlyonnais.fr\/site\/#website\",\"url\":\"https:\/\/newsestlyonnais.fr\/site\/\",\"name\":\"News Est Lyonnais\",\"description\":\"L&#039;actualit\u00e9 au plus pr\u00e8s\",\"publisher\":{\"@id\":\"https:\/\/newsestlyonnais.fr\/site\/#organization\"},\"potentialAction\":[{\"@type\":\"SearchAction\",\"target\":{\"@type\":\"EntryPoint\",\"urlTemplate\":\"https:\/\/newsestlyonnais.fr\/site\/?s={search_term_string}\"},\"query-input\":{\"@type\":\"PropertyValueSpecification\",\"valueRequired\":true,\"valueName\":\"search_term_string\"}}],\"inLanguage\":\"fr-FR\"},{\"@type\":\"Organization\",\"@id\":\"https:\/\/newsestlyonnais.fr\/site\/#organization\",\"name\":\"News EST LYONNAIS\",\"url\":\"https:\/\/newsestlyonnais.fr\/site\/\",\"logo\":{\"@type\":\"ImageObject\",\"inLanguage\":\"fr-FR\",\"@id\":\"https:\/\/newsestlyonnais.fr\/site\/#\/schema\/logo\/image\/\",\"url\":\"\",\"contentUrl\":\"\",\"caption\":\"News EST LYONNAIS\"},\"image\":{\"@id\":\"https:\/\/newsestlyonnais.fr\/site\/#\/schema\/logo\/image\/\"}},{\"@type\":\"Person\",\"@id\":\"https:\/\/newsestlyonnais.fr\/site\/#\/schema\/person\/3230d5615f390bb808365d673001e887\",\"name\":\"R\u00e9dac. NEWS\",\"sameAs\":[\"http:\/\/www.newsestlyonnais.fr\",\"https:\/\/www.facebook.com\/pascal.oberson.1?fref=ts\",\"https:\/\/fr.linkedin.com\/in\/pascal-oberson-b17045113\"],\"url\":\"https:\/\/newsestlyonnais.fr\/site\/author\/nel\/\"}]}<\/script>\n<!-- \/ Yoast SEO plugin. -->","yoast_head_json":{"title":"GENAS | Nouveau point sur les travaux de la Rue de la R\u00e9publique - News Est Lyonnais GENAS : Nouveau point sur les travaux de la Rue de la R\u00e9publique","description":"GENAS : Nouveau point sur les travaux de la Rue de la R\u00e9publique","robots":{"index":"index","follow":"follow","max-snippet":"max-snippet:-1","max-image-preview":"max-image-preview:large","max-video-preview":"max-video-preview:-1"},"canonical":"https:\/\/newsestlyonnais.fr\/site\/2019\/02\/09\/genas-nouveau-point-sur-les-travaux-de-la-rue-de-la-republique-7\/","og_locale":"fr_FR","og_type":"article","og_title":"GENAS | Nouveau point sur les travaux de la Rue de la R\u00e9publique - News Est Lyonnais GENAS : Nouveau point sur les travaux de la Rue de la R\u00e9publique","og_description":"GENAS : Nouveau point sur les travaux de la Rue de la R\u00e9publique","og_url":"https:\/\/newsestlyonnais.fr\/site\/2019\/02\/09\/genas-nouveau-point-sur-les-travaux-de-la-rue-de-la-republique-7\/","og_site_name":"News Est Lyonnais","article_author":"https:\/\/www.facebook.com\/pascal.oberson.1?fref=ts","article_published_time":"2019-02-09T08:31:40+00:00","article_modified_time":"2020-11-07T19:50:22+00:00","og_image":[{"width":1000,"height":750,"url":"https:\/\/i0.wp.com\/newsestlyonnais.fr\/site\/wp-content\/uploads\/2016\/05\/NEWSESTLYONNAISPANNEAUGENAS-1.jpg?fit=1000%2C750&ssl=1","type":"image\/jpeg"}],"author":"R\u00e9dac. NEWS","twitter_card":"summary_large_image","twitter_misc":{"\u00c9crit par":"R\u00e9dac. NEWS","Dur\u00e9e de lecture estim\u00e9e":"2 minutes"},"schema":{"@context":"https:\/\/schema.org","@graph":[{"@type":"Article","@id":"https:\/\/newsestlyonnais.fr\/site\/2019\/02\/09\/genas-nouveau-point-sur-les-travaux-de-la-rue-de-la-republique-7\/#article","isPartOf":{"@id":"https:\/\/newsestlyonnais.fr\/site\/2019\/02\/09\/genas-nouveau-point-sur-les-travaux-de-la-rue-de-la-republique-7\/"},"author":{"name":"R\u00e9dac. NEWS","@id":"https:\/\/newsestlyonnais.fr\/site\/#\/schema\/person\/3230d5615f390bb808365d673001e887"},"headline":"GENAS | Nouveau point sur les travaux de la Rue de la R\u00e9publique","datePublished":"2019-02-09T08:31:40+00:00","dateModified":"2020-11-07T19:50:22+00:00","mainEntityOfPage":{"@id":"https:\/\/newsestlyonnais.fr\/site\/2019\/02\/09\/genas-nouveau-point-sur-les-travaux-de-la-rue-de-la-republique-7\/"},"wordCount":411,"commentCount":0,"publisher":{"@id":"https:\/\/newsestlyonnais.fr\/site\/#organization"},"image":{"@id":"https:\/\/newsestlyonnais.fr\/site\/2019\/02\/09\/genas-nouveau-point-sur-les-travaux-de-la-rue-de-la-republique-7\/#primaryimage"},"thumbnailUrl":"https:\/\/newsestlyonnais.fr\/site\/wp-content\/uploads\/2016\/05\/NEWSESTLYONNAISPANNEAUGENAS-1.jpg","keywords":["GENAS","TRAVAUX"],"articleSection":["CCEL | Communes","Genas","Travaux | Am\u00e9nagements"],"inLanguage":"fr-FR","potentialAction":[{"@type":"CommentAction","name":"Comment","target":["https:\/\/newsestlyonnais.fr\/site\/2019\/02\/09\/genas-nouveau-point-sur-les-travaux-de-la-rue-de-la-republique-7\/#respond"]}]},{"@type":"WebPage","@id":"https:\/\/newsestlyonnais.fr\/site\/2019\/02\/09\/genas-nouveau-point-sur-les-travaux-de-la-rue-de-la-republique-7\/","url":"https:\/\/newsestlyonnais.fr\/site\/2019\/02\/09\/genas-nouveau-point-sur-les-travaux-de-la-rue-de-la-republique-7\/","name":"GENAS | Nouveau point sur les travaux de la Rue de la R\u00e9publique - News Est Lyonnais GENAS : Nouveau point sur les travaux de la Rue de la R\u00e9publique","isPartOf":{"@id":"https:\/\/newsestlyonnais.fr\/site\/#website"},"primaryImageOfPage":{"@id":"https:\/\/newsestlyonnais.fr\/site\/2019\/02\/09\/genas-nouveau-point-sur-les-travaux-de-la-rue-de-la-republique-7\/#primaryimage"},"image":{"@id":"https:\/\/newsestlyonnais.fr\/site\/2019\/02\/09\/genas-nouveau-point-sur-les-travaux-de-la-rue-de-la-republique-7\/#primaryimage"},"thumbnailUrl":"https:\/\/newsestlyonnais.fr\/site\/wp-content\/uploads\/2016\/05\/NEWSESTLYONNAISPANNEAUGENAS-1.jpg","datePublished":"2019-02-09T08:31:40+00:00","dateModified":"2020-11-07T19:50:22+00:00","description":"GENAS : Nouveau point sur les travaux de la Rue de la R\u00e9publique","breadcrumb":{"@id":"https:\/\/newsestlyonnais.fr\/site\/2019\/02\/09\/genas-nouveau-point-sur-les-travaux-de-la-rue-de-la-republique-7\/#breadcrumb"},"inLanguage":"fr-FR","potentialAction":[{"@type":"ReadAction","target":["https:\/\/newsestlyonnais.fr\/site\/2019\/02\/09\/genas-nouveau-point-sur-les-travaux-de-la-rue-de-la-republique-7\/"]}]},{"@type":"ImageObject","inLanguage":"fr-FR","@id":"https:\/\/newsestlyonnais.fr\/site\/2019\/02\/09\/genas-nouveau-point-sur-les-travaux-de-la-rue-de-la-republique-7\/#primaryimage","url":"https:\/\/newsestlyonnais.fr\/site\/wp-content\/uploads\/2016\/05\/NEWSESTLYONNAISPANNEAUGENAS-1.jpg","contentUrl":"https:\/\/newsestlyonnais.fr\/site\/wp-content\/uploads\/2016\/05\/NEWSESTLYONNAISPANNEAUGENAS-1.jpg","width":1000,"height":750,"caption":"NEWSESTLYONNAISPANNEAUGENAS"},{"@type":"BreadcrumbList","@id":"https:\/\/newsestlyonnais.fr\/site\/2019\/02\/09\/genas-nouveau-point-sur-les-travaux-de-la-rue-de-la-republique-7\/#breadcrumb","itemListElement":[{"@type":"ListItem","position":1,"name":"Accueil","item":"https:\/\/newsestlyonnais.fr\/site\/"},{"@type":"ListItem","position":2,"name":"GENAS | Nouveau point sur les travaux de la Rue de la R\u00e9publique"}]},{"@type":"WebSite","@id":"https:\/\/newsestlyonnais.fr\/site\/#website","url":"https:\/\/newsestlyonnais.fr\/site\/","name":"News Est Lyonnais","description":"L&#039;actualit\u00e9 au plus pr\u00e8s","publisher":{"@id":"https:\/\/newsestlyonnais.fr\/site\/#organization"},"potentialAction":[{"@type":"SearchAction","target":{"@type":"EntryPoint","urlTemplate":"https:\/\/newsestlyonnais.fr\/site\/?s={search_term_string}"},"query-input":{"@type":"PropertyValueSpecification","valueRequired":true,"valueName":"search_term_string"}}],"inLanguage":"fr-FR"},{"@type":"Organization","@id":"https:\/\/newsestlyonnais.fr\/site\/#organization","name":"News EST LYONNAIS","url":"https:\/\/newsestlyonnais.fr\/site\/","logo":{"@type":"ImageObject","inLanguage":"fr-FR","@id":"https:\/\/newsestlyonnais.fr\/site\/#\/schema\/logo\/image\/","url":"","contentUrl":"","caption":"News EST LYONNAIS"},"image":{"@id":"https:\/\/newsestlyonnais.fr\/site\/#\/schema\/logo\/image\/"}},{"@type":"Person","@id":"https:\/\/newsestlyonnais.fr\/site\/#\/schema\/person\/3230d5615f390bb808365d673001e887","name":"R\u00e9dac. NEWS","sameAs":["http:\/\/www.newsestlyonnais.fr","https:\/\/www.facebook.com\/pascal.oberson.1?fref=ts","https:\/\/fr.linkedin.com\/in\/pascal-oberson-b17045113"],"url":"https:\/\/newsestlyonnais.fr\/site\/author\/nel\/"}]}},"_links":{"self":[{"href":"https:\/\/newsestlyonnais.fr\/site\/wp-json\/wp\/v2\/posts\/66116","targetHints":{"allow":["GET"]}}],"collection":[{"href":"https:\/\/newsestlyonnais.fr\/site\/wp-json\/wp\/v2\/posts"}],"about":[{"href":"https:\/\/newsestlyonnais.fr\/site\/wp-json\/wp\/v2\/types\/post"}],"author":[{"embeddable":true,"href":"https:\/\/newsestlyonnais.fr\/site\/wp-json\/wp\/v2\/users\/4"}],"replies":[{"embeddable":true,"href":"https:\/\/newsestlyonnais.fr\/site\/wp-json\/wp\/v2\/comments?post=66116"}],"version-history":[{"count":0,"href":"https:\/\/newsestlyonnais.fr\/site\/wp-json\/wp\/v2\/posts\/66116\/revisions"}],"wp:featuredmedia":[{"embeddable":true,"href":"https:\/\/newsestlyonnais.fr\/site\/wp-json\/wp\/v2\/media\/8137"}],"wp:attachment":[{"href":"https:\/\/newsestlyonnais.fr\/site\/wp-json\/wp\/v2\/media?parent=66116"}],"wp:term":[{"taxonomy":"category","embeddable":true,"href":"https:\/\/newsestlyonnais.fr\/site\/wp-json\/wp\/v2\/categories?post=66116"},{"taxonomy":"post_tag","embeddable":true,"href":"https:\/\/newsestlyonnais.fr\/site\/wp-json\/wp\/v2\/tags?post=66116"}],"curies":[{"name":"wp","href":"https:\/\/api.w.org\/{rel}","templated":true}]}}