{"id":66283,"date":"2019-02-11T07:50:01","date_gmt":"2019-02-11T06:50:01","guid":{"rendered":"http:\/\/newsestlyonnais.fr\/site\/?p=66283"},"modified":"2020-11-02T13:13:18","modified_gmt":"2020-11-02T12:13:18","slug":"bron-les-rugbymen-de-lems-ont-bien-resiste-face-au-servette-geneve","status":"publish","type":"post","link":"https:\/\/newsestlyonnais.fr\/site\/2019\/02\/11\/bron-les-rugbymen-de-lems-ont-bien-resiste-face-au-servette-geneve\/","title":{"rendered":"BRON | Les rugbymen de l&rsquo;EMS ont bien r\u00e9sist\u00e9 face au Servette Gen\u00e8ve"},"content":{"rendered":"<h4>Pour le compte de la 15\u00b0 journ\u00e9e du championnat Honneur r\u00e9gional, l&rsquo;EMS Bron XV accueillait dimanche au stade Pierre Duboeuf, les suisses du Servette de Gen\u00e8ve.<\/h4>\n<p>Une rencontre au sommet de la poule avec la particularit\u00e9 pour le club brondillant d&rsquo;affronter une \u00e9quipe \u00e9trang\u00e8re engag\u00e9e dans ce championnat Auvergne-Rh\u00f4ne-Alpes !<\/p>\n<p>Les joueurs locaux ont offert une belle r\u00e9sistance face \u00e0 des visiteurs suisses invaincus apr\u00e8s 15 rencontres et qui tournent \u00e0 une moyenne de 50 points marqu\u00e9s et 7 encaiss\u00e9s par match. Les joueurs de l&rsquo;EMS Bron XV se se sont inclin\u00e9s 6\/19 sur leur pelouse et conservent la 3\u00b0 place de la poule \u00e0 trois journ\u00e9es de la fin de la phase r\u00e9guli\u00e8re de ce championnat.<\/p>\n<p><span style=\"text-decoration: underline\"><em><strong>PHOTO A LA UNE<\/strong><\/em><\/span> : L&rsquo;EMS (en blanc) face aux suisses (en rouge) \/ Droits r\u00e9serv\u00e9s EMS BRON XV<\/p>\n<ul>\n<li>Retrouvez l&rsquo;ACTU du club sur : <a href=\"https:\/\/www.facebook.com\/groups\/269078499862127\/\" target=\"_blank\" rel=\"noopener noreferrer\">https:\/\/www.facebook.com\/groups\/269078499862127\/<\/a><\/li>\n<\/ul>\n<p>&nbsp;<\/p>\n<figure id=\"attachment_66288\" aria-describedby=\"caption-attachment-66288\" style=\"width: 300px\" class=\"wp-caption aligncenter\"><img loading=\"lazy\" decoding=\"async\" class=\"size-medium wp-image-66288\" src=\"https:\/\/newsestlyonnais.fr\/site\/medias\/2019\/02\/NEWSESTLYONNAIS-BRON-SERVETTE-01-300x300.jpg\" alt=\"NEWSESTLYONNAIS BRON SERVETTE 01\" width=\"300\" height=\"300\" srcset=\"https:\/\/newsestlyonnais.fr\/site\/wp-content\/uploads\/2019\/02\/NEWSESTLYONNAIS-BRON-SERVETTE-01-300x300.jpg 300w, https:\/\/newsestlyonnais.fr\/site\/wp-content\/uploads\/2019\/02\/NEWSESTLYONNAIS-BRON-SERVETTE-01-150x150.jpg 150w, https:\/\/newsestlyonnais.fr\/site\/wp-content\/uploads\/2019\/02\/NEWSESTLYONNAIS-BRON-SERVETTE-01-768x768.jpg 768w, https:\/\/newsestlyonnais.fr\/site\/wp-content\/uploads\/2019\/02\/NEWSESTLYONNAIS-BRON-SERVETTE-01-750x750.jpg 750w, https:\/\/newsestlyonnais.fr\/site\/wp-content\/uploads\/2019\/02\/NEWSESTLYONNAIS-BRON-SERVETTE-01-600x600.jpg 600w, https:\/\/newsestlyonnais.fr\/site\/wp-content\/uploads\/2019\/02\/NEWSESTLYONNAIS-BRON-SERVETTE-01.jpg 960w\" sizes=\"auto, (max-width: 300px) 100vw, 300px\" \/><figcaption id=\"caption-attachment-66288\" class=\"wp-caption-text\">L&rsquo; affiche de la rencontre<\/figcaption><\/figure>\n<p>&nbsp;<\/p>\n<p>&nbsp;<\/p>\n","protected":false},"excerpt":{"rendered":"<p>Pour le compte de la 15\u00b0 journ\u00e9e du championnat Honneur r\u00e9gional, l&rsquo;EMS Bron XV accueillait dimanche au stade Pierre Duboeuf, les suisses du Servette de Gen\u00e8ve. Une rencontre au sommet de la poule avec la particularit\u00e9 pour le club brondillant d&rsquo;affronter une \u00e9quipe \u00e9trang\u00e8re engag\u00e9e dans ce championnat Auvergne-Rh\u00f4ne-Alpes ! Les joueurs locaux ont offert [&hellip;]<\/p>\n","protected":false},"author":4,"featured_media":66287,"comment_status":"open","ping_status":"open","sticky":false,"template":"","format":"standard","meta":{"footnotes":""},"categories":[19,4,2996,2999],"tags":[2072,2160],"class_list":["post-66283","post","type-post","status-publish","format-standard","has-post-thumbnail","hentry","category-bron","category-evenements-divers","category-football-rugby","category-rugby-a-xv-sports","tag-bron","tag-rugby-a-xv"],"yoast_head":"<!-- This site is optimized with the Yoast SEO plugin v27.2 - https:\/\/yoast.com\/product\/yoast-seo-wordpress\/ -->\n<title>BRON | Les rugbymen de l&#039;EMS ont bien r\u00e9sist\u00e9 face au Servette Gen\u00e8ve - News Est Lyonnais BRON : Les rugbymen de l&#039;EMS ont bien r\u00e9sist\u00e9 face aux suisses du Servette Gen\u00e8ve<\/title>\n<meta name=\"description\" content=\"BRON : Les rugbymen de l&#039;EMS ont bien r\u00e9sist\u00e9 face aux suisses du Servette Gen\u00e8ve\" \/>\n<meta name=\"robots\" content=\"index, follow, max-snippet:-1, max-image-preview:large, max-video-preview:-1\" \/>\n<link rel=\"canonical\" href=\"https:\/\/newsestlyonnais.fr\/site\/2019\/02\/11\/bron-les-rugbymen-de-lems-ont-bien-resiste-face-au-servette-geneve\/\" \/>\n<meta property=\"og:locale\" content=\"fr_FR\" \/>\n<meta property=\"og:type\" content=\"article\" \/>\n<meta property=\"og:title\" content=\"BRON | Les rugbymen de l&#039;EMS ont bien r\u00e9sist\u00e9 face au Servette Gen\u00e8ve - News Est Lyonnais BRON : Les rugbymen de l&#039;EMS ont bien r\u00e9sist\u00e9 face aux suisses du Servette Gen\u00e8ve\" \/>\n<meta property=\"og:description\" content=\"BRON : Les rugbymen de l&#039;EMS ont bien r\u00e9sist\u00e9 face aux suisses du Servette Gen\u00e8ve\" \/>\n<meta property=\"og:url\" content=\"https:\/\/newsestlyonnais.fr\/site\/2019\/02\/11\/bron-les-rugbymen-de-lems-ont-bien-resiste-face-au-servette-geneve\/\" \/>\n<meta property=\"og:site_name\" content=\"News Est Lyonnais\" \/>\n<meta property=\"article:author\" content=\"https:\/\/www.facebook.com\/pascal.oberson.1?fref=ts\" \/>\n<meta property=\"article:published_time\" content=\"2019-02-11T06:50:01+00:00\" \/>\n<meta property=\"article:modified_time\" content=\"2020-11-02T12:13:18+00:00\" \/>\n<meta property=\"og:image\" content=\"https:\/\/i2.wp.com\/newsestlyonnais.fr\/site\/wp-content\/uploads\/2019\/02\/NEWSESTLYONNAIS-EMS-SERVETTE.jpg?fit=960%2C640&ssl=1\" \/>\n\t<meta property=\"og:image:width\" content=\"960\" \/>\n\t<meta property=\"og:image:height\" content=\"640\" \/>\n\t<meta property=\"og:image:type\" content=\"image\/jpeg\" \/>\n<meta name=\"author\" content=\"R\u00e9dac. NEWS\" \/>\n<meta name=\"twitter:card\" content=\"summary_large_image\" \/>\n<meta name=\"twitter:label1\" content=\"\u00c9crit par\" \/>\n\t<meta name=\"twitter:data1\" content=\"R\u00e9dac. NEWS\" \/>\n\t<meta name=\"twitter:label2\" content=\"Dur\u00e9e de lecture estim\u00e9e\" \/>\n\t<meta name=\"twitter:data2\" content=\"1 minute\" \/>\n<script type=\"application\/ld+json\" class=\"yoast-schema-graph\">{\"@context\":\"https:\/\/schema.org\",\"@graph\":[{\"@type\":\"Article\",\"@id\":\"https:\/\/newsestlyonnais.fr\/site\/2019\/02\/11\/bron-les-rugbymen-de-lems-ont-bien-resiste-face-au-servette-geneve\/#article\",\"isPartOf\":{\"@id\":\"https:\/\/newsestlyonnais.fr\/site\/2019\/02\/11\/bron-les-rugbymen-de-lems-ont-bien-resiste-face-au-servette-geneve\/\"},\"author\":{\"name\":\"R\u00e9dac. NEWS\",\"@id\":\"https:\/\/newsestlyonnais.fr\/site\/#\/schema\/person\/3230d5615f390bb808365d673001e887\"},\"headline\":\"BRON | Les rugbymen de l&rsquo;EMS ont bien r\u00e9sist\u00e9 face au Servette Gen\u00e8ve\",\"datePublished\":\"2019-02-11T06:50:01+00:00\",\"dateModified\":\"2020-11-02T12:13:18+00:00\",\"mainEntityOfPage\":{\"@id\":\"https:\/\/newsestlyonnais.fr\/site\/2019\/02\/11\/bron-les-rugbymen-de-lems-ont-bien-resiste-face-au-servette-geneve\/\"},\"wordCount\":185,\"commentCount\":0,\"publisher\":{\"@id\":\"https:\/\/newsestlyonnais.fr\/site\/#organization\"},\"image\":{\"@id\":\"https:\/\/newsestlyonnais.fr\/site\/2019\/02\/11\/bron-les-rugbymen-de-lems-ont-bien-resiste-face-au-servette-geneve\/#primaryimage\"},\"thumbnailUrl\":\"https:\/\/newsestlyonnais.fr\/site\/wp-content\/uploads\/2019\/02\/NEWSESTLYONNAIS-EMS-SERVETTE.jpg\",\"keywords\":[\"BRON\",\"RUGBY \u00e0 XV\"],\"articleSection\":[\"Bron\",\"Ev\u00e8nements divers\",\"Foot | Rugby\",\"Rugby \u00e0 XV\"],\"inLanguage\":\"fr-FR\",\"potentialAction\":[{\"@type\":\"CommentAction\",\"name\":\"Comment\",\"target\":[\"https:\/\/newsestlyonnais.fr\/site\/2019\/02\/11\/bron-les-rugbymen-de-lems-ont-bien-resiste-face-au-servette-geneve\/#respond\"]}]},{\"@type\":\"WebPage\",\"@id\":\"https:\/\/newsestlyonnais.fr\/site\/2019\/02\/11\/bron-les-rugbymen-de-lems-ont-bien-resiste-face-au-servette-geneve\/\",\"url\":\"https:\/\/newsestlyonnais.fr\/site\/2019\/02\/11\/bron-les-rugbymen-de-lems-ont-bien-resiste-face-au-servette-geneve\/\",\"name\":\"BRON | Les rugbymen de l'EMS ont bien r\u00e9sist\u00e9 face au Servette Gen\u00e8ve - News Est Lyonnais BRON : Les rugbymen de l'EMS ont bien r\u00e9sist\u00e9 face aux suisses du Servette Gen\u00e8ve\",\"isPartOf\":{\"@id\":\"https:\/\/newsestlyonnais.fr\/site\/#website\"},\"primaryImageOfPage\":{\"@id\":\"https:\/\/newsestlyonnais.fr\/site\/2019\/02\/11\/bron-les-rugbymen-de-lems-ont-bien-resiste-face-au-servette-geneve\/#primaryimage\"},\"image\":{\"@id\":\"https:\/\/newsestlyonnais.fr\/site\/2019\/02\/11\/bron-les-rugbymen-de-lems-ont-bien-resiste-face-au-servette-geneve\/#primaryimage\"},\"thumbnailUrl\":\"https:\/\/newsestlyonnais.fr\/site\/wp-content\/uploads\/2019\/02\/NEWSESTLYONNAIS-EMS-SERVETTE.jpg\",\"datePublished\":\"2019-02-11T06:50:01+00:00\",\"dateModified\":\"2020-11-02T12:13:18+00:00\",\"description\":\"BRON : Les rugbymen de l'EMS ont bien r\u00e9sist\u00e9 face aux suisses du Servette Gen\u00e8ve\",\"breadcrumb\":{\"@id\":\"https:\/\/newsestlyonnais.fr\/site\/2019\/02\/11\/bron-les-rugbymen-de-lems-ont-bien-resiste-face-au-servette-geneve\/#breadcrumb\"},\"inLanguage\":\"fr-FR\",\"potentialAction\":[{\"@type\":\"ReadAction\",\"target\":[\"https:\/\/newsestlyonnais.fr\/site\/2019\/02\/11\/bron-les-rugbymen-de-lems-ont-bien-resiste-face-au-servette-geneve\/\"]}]},{\"@type\":\"ImageObject\",\"inLanguage\":\"fr-FR\",\"@id\":\"https:\/\/newsestlyonnais.fr\/site\/2019\/02\/11\/bron-les-rugbymen-de-lems-ont-bien-resiste-face-au-servette-geneve\/#primaryimage\",\"url\":\"https:\/\/newsestlyonnais.fr\/site\/wp-content\/uploads\/2019\/02\/NEWSESTLYONNAIS-EMS-SERVETTE.jpg\",\"contentUrl\":\"https:\/\/newsestlyonnais.fr\/site\/wp-content\/uploads\/2019\/02\/NEWSESTLYONNAIS-EMS-SERVETTE.jpg\",\"width\":960,\"height\":640,\"caption\":\"NEWSESTLYONNAIS EMS SERVETTE\"},{\"@type\":\"BreadcrumbList\",\"@id\":\"https:\/\/newsestlyonnais.fr\/site\/2019\/02\/11\/bron-les-rugbymen-de-lems-ont-bien-resiste-face-au-servette-geneve\/#breadcrumb\",\"itemListElement\":[{\"@type\":\"ListItem\",\"position\":1,\"name\":\"Accueil\",\"item\":\"https:\/\/newsestlyonnais.fr\/site\/\"},{\"@type\":\"ListItem\",\"position\":2,\"name\":\"BRON | Les rugbymen de l&rsquo;EMS ont bien r\u00e9sist\u00e9 face au Servette Gen\u00e8ve\"}]},{\"@type\":\"WebSite\",\"@id\":\"https:\/\/newsestlyonnais.fr\/site\/#website\",\"url\":\"https:\/\/newsestlyonnais.fr\/site\/\",\"name\":\"News Est Lyonnais\",\"description\":\"L&#039;actualit\u00e9 au plus pr\u00e8s\",\"publisher\":{\"@id\":\"https:\/\/newsestlyonnais.fr\/site\/#organization\"},\"potentialAction\":[{\"@type\":\"SearchAction\",\"target\":{\"@type\":\"EntryPoint\",\"urlTemplate\":\"https:\/\/newsestlyonnais.fr\/site\/?s={search_term_string}\"},\"query-input\":{\"@type\":\"PropertyValueSpecification\",\"valueRequired\":true,\"valueName\":\"search_term_string\"}}],\"inLanguage\":\"fr-FR\"},{\"@type\":\"Organization\",\"@id\":\"https:\/\/newsestlyonnais.fr\/site\/#organization\",\"name\":\"News EST LYONNAIS\",\"url\":\"https:\/\/newsestlyonnais.fr\/site\/\",\"logo\":{\"@type\":\"ImageObject\",\"inLanguage\":\"fr-FR\",\"@id\":\"https:\/\/newsestlyonnais.fr\/site\/#\/schema\/logo\/image\/\",\"url\":\"\",\"contentUrl\":\"\",\"caption\":\"News EST LYONNAIS\"},\"image\":{\"@id\":\"https:\/\/newsestlyonnais.fr\/site\/#\/schema\/logo\/image\/\"}},{\"@type\":\"Person\",\"@id\":\"https:\/\/newsestlyonnais.fr\/site\/#\/schema\/person\/3230d5615f390bb808365d673001e887\",\"name\":\"R\u00e9dac. NEWS\",\"sameAs\":[\"http:\/\/www.newsestlyonnais.fr\",\"https:\/\/www.facebook.com\/pascal.oberson.1?fref=ts\",\"https:\/\/fr.linkedin.com\/in\/pascal-oberson-b17045113\"],\"url\":\"https:\/\/newsestlyonnais.fr\/site\/author\/nel\/\"}]}<\/script>\n<!-- \/ Yoast SEO plugin. -->","yoast_head_json":{"title":"BRON | Les rugbymen de l'EMS ont bien r\u00e9sist\u00e9 face au Servette Gen\u00e8ve - News Est Lyonnais BRON : Les rugbymen de l'EMS ont bien r\u00e9sist\u00e9 face aux suisses du Servette Gen\u00e8ve","description":"BRON : Les rugbymen de l'EMS ont bien r\u00e9sist\u00e9 face aux suisses du Servette Gen\u00e8ve","robots":{"index":"index","follow":"follow","max-snippet":"max-snippet:-1","max-image-preview":"max-image-preview:large","max-video-preview":"max-video-preview:-1"},"canonical":"https:\/\/newsestlyonnais.fr\/site\/2019\/02\/11\/bron-les-rugbymen-de-lems-ont-bien-resiste-face-au-servette-geneve\/","og_locale":"fr_FR","og_type":"article","og_title":"BRON | Les rugbymen de l'EMS ont bien r\u00e9sist\u00e9 face au Servette Gen\u00e8ve - News Est Lyonnais BRON : Les rugbymen de l'EMS ont bien r\u00e9sist\u00e9 face aux suisses du Servette Gen\u00e8ve","og_description":"BRON : Les rugbymen de l'EMS ont bien r\u00e9sist\u00e9 face aux suisses du Servette Gen\u00e8ve","og_url":"https:\/\/newsestlyonnais.fr\/site\/2019\/02\/11\/bron-les-rugbymen-de-lems-ont-bien-resiste-face-au-servette-geneve\/","og_site_name":"News Est Lyonnais","article_author":"https:\/\/www.facebook.com\/pascal.oberson.1?fref=ts","article_published_time":"2019-02-11T06:50:01+00:00","article_modified_time":"2020-11-02T12:13:18+00:00","og_image":[{"width":960,"height":640,"url":"https:\/\/i2.wp.com\/newsestlyonnais.fr\/site\/wp-content\/uploads\/2019\/02\/NEWSESTLYONNAIS-EMS-SERVETTE.jpg?fit=960%2C640&ssl=1","type":"image\/jpeg"}],"author":"R\u00e9dac. NEWS","twitter_card":"summary_large_image","twitter_misc":{"\u00c9crit par":"R\u00e9dac. NEWS","Dur\u00e9e de lecture estim\u00e9e":"1 minute"},"schema":{"@context":"https:\/\/schema.org","@graph":[{"@type":"Article","@id":"https:\/\/newsestlyonnais.fr\/site\/2019\/02\/11\/bron-les-rugbymen-de-lems-ont-bien-resiste-face-au-servette-geneve\/#article","isPartOf":{"@id":"https:\/\/newsestlyonnais.fr\/site\/2019\/02\/11\/bron-les-rugbymen-de-lems-ont-bien-resiste-face-au-servette-geneve\/"},"author":{"name":"R\u00e9dac. NEWS","@id":"https:\/\/newsestlyonnais.fr\/site\/#\/schema\/person\/3230d5615f390bb808365d673001e887"},"headline":"BRON | Les rugbymen de l&rsquo;EMS ont bien r\u00e9sist\u00e9 face au Servette Gen\u00e8ve","datePublished":"2019-02-11T06:50:01+00:00","dateModified":"2020-11-02T12:13:18+00:00","mainEntityOfPage":{"@id":"https:\/\/newsestlyonnais.fr\/site\/2019\/02\/11\/bron-les-rugbymen-de-lems-ont-bien-resiste-face-au-servette-geneve\/"},"wordCount":185,"commentCount":0,"publisher":{"@id":"https:\/\/newsestlyonnais.fr\/site\/#organization"},"image":{"@id":"https:\/\/newsestlyonnais.fr\/site\/2019\/02\/11\/bron-les-rugbymen-de-lems-ont-bien-resiste-face-au-servette-geneve\/#primaryimage"},"thumbnailUrl":"https:\/\/newsestlyonnais.fr\/site\/wp-content\/uploads\/2019\/02\/NEWSESTLYONNAIS-EMS-SERVETTE.jpg","keywords":["BRON","RUGBY \u00e0 XV"],"articleSection":["Bron","Ev\u00e8nements divers","Foot | Rugby","Rugby \u00e0 XV"],"inLanguage":"fr-FR","potentialAction":[{"@type":"CommentAction","name":"Comment","target":["https:\/\/newsestlyonnais.fr\/site\/2019\/02\/11\/bron-les-rugbymen-de-lems-ont-bien-resiste-face-au-servette-geneve\/#respond"]}]},{"@type":"WebPage","@id":"https:\/\/newsestlyonnais.fr\/site\/2019\/02\/11\/bron-les-rugbymen-de-lems-ont-bien-resiste-face-au-servette-geneve\/","url":"https:\/\/newsestlyonnais.fr\/site\/2019\/02\/11\/bron-les-rugbymen-de-lems-ont-bien-resiste-face-au-servette-geneve\/","name":"BRON | Les rugbymen de l'EMS ont bien r\u00e9sist\u00e9 face au Servette Gen\u00e8ve - News Est Lyonnais BRON : Les rugbymen de l'EMS ont bien r\u00e9sist\u00e9 face aux suisses du Servette Gen\u00e8ve","isPartOf":{"@id":"https:\/\/newsestlyonnais.fr\/site\/#website"},"primaryImageOfPage":{"@id":"https:\/\/newsestlyonnais.fr\/site\/2019\/02\/11\/bron-les-rugbymen-de-lems-ont-bien-resiste-face-au-servette-geneve\/#primaryimage"},"image":{"@id":"https:\/\/newsestlyonnais.fr\/site\/2019\/02\/11\/bron-les-rugbymen-de-lems-ont-bien-resiste-face-au-servette-geneve\/#primaryimage"},"thumbnailUrl":"https:\/\/newsestlyonnais.fr\/site\/wp-content\/uploads\/2019\/02\/NEWSESTLYONNAIS-EMS-SERVETTE.jpg","datePublished":"2019-02-11T06:50:01+00:00","dateModified":"2020-11-02T12:13:18+00:00","description":"BRON : Les rugbymen de l'EMS ont bien r\u00e9sist\u00e9 face aux suisses du Servette Gen\u00e8ve","breadcrumb":{"@id":"https:\/\/newsestlyonnais.fr\/site\/2019\/02\/11\/bron-les-rugbymen-de-lems-ont-bien-resiste-face-au-servette-geneve\/#breadcrumb"},"inLanguage":"fr-FR","potentialAction":[{"@type":"ReadAction","target":["https:\/\/newsestlyonnais.fr\/site\/2019\/02\/11\/bron-les-rugbymen-de-lems-ont-bien-resiste-face-au-servette-geneve\/"]}]},{"@type":"ImageObject","inLanguage":"fr-FR","@id":"https:\/\/newsestlyonnais.fr\/site\/2019\/02\/11\/bron-les-rugbymen-de-lems-ont-bien-resiste-face-au-servette-geneve\/#primaryimage","url":"https:\/\/newsestlyonnais.fr\/site\/wp-content\/uploads\/2019\/02\/NEWSESTLYONNAIS-EMS-SERVETTE.jpg","contentUrl":"https:\/\/newsestlyonnais.fr\/site\/wp-content\/uploads\/2019\/02\/NEWSESTLYONNAIS-EMS-SERVETTE.jpg","width":960,"height":640,"caption":"NEWSESTLYONNAIS EMS SERVETTE"},{"@type":"BreadcrumbList","@id":"https:\/\/newsestlyonnais.fr\/site\/2019\/02\/11\/bron-les-rugbymen-de-lems-ont-bien-resiste-face-au-servette-geneve\/#breadcrumb","itemListElement":[{"@type":"ListItem","position":1,"name":"Accueil","item":"https:\/\/newsestlyonnais.fr\/site\/"},{"@type":"ListItem","position":2,"name":"BRON | Les rugbymen de l&rsquo;EMS ont bien r\u00e9sist\u00e9 face au Servette Gen\u00e8ve"}]},{"@type":"WebSite","@id":"https:\/\/newsestlyonnais.fr\/site\/#website","url":"https:\/\/newsestlyonnais.fr\/site\/","name":"News Est Lyonnais","description":"L&#039;actualit\u00e9 au plus pr\u00e8s","publisher":{"@id":"https:\/\/newsestlyonnais.fr\/site\/#organization"},"potentialAction":[{"@type":"SearchAction","target":{"@type":"EntryPoint","urlTemplate":"https:\/\/newsestlyonnais.fr\/site\/?s={search_term_string}"},"query-input":{"@type":"PropertyValueSpecification","valueRequired":true,"valueName":"search_term_string"}}],"inLanguage":"fr-FR"},{"@type":"Organization","@id":"https:\/\/newsestlyonnais.fr\/site\/#organization","name":"News EST LYONNAIS","url":"https:\/\/newsestlyonnais.fr\/site\/","logo":{"@type":"ImageObject","inLanguage":"fr-FR","@id":"https:\/\/newsestlyonnais.fr\/site\/#\/schema\/logo\/image\/","url":"","contentUrl":"","caption":"News EST LYONNAIS"},"image":{"@id":"https:\/\/newsestlyonnais.fr\/site\/#\/schema\/logo\/image\/"}},{"@type":"Person","@id":"https:\/\/newsestlyonnais.fr\/site\/#\/schema\/person\/3230d5615f390bb808365d673001e887","name":"R\u00e9dac. NEWS","sameAs":["http:\/\/www.newsestlyonnais.fr","https:\/\/www.facebook.com\/pascal.oberson.1?fref=ts","https:\/\/fr.linkedin.com\/in\/pascal-oberson-b17045113"],"url":"https:\/\/newsestlyonnais.fr\/site\/author\/nel\/"}]}},"_links":{"self":[{"href":"https:\/\/newsestlyonnais.fr\/site\/wp-json\/wp\/v2\/posts\/66283","targetHints":{"allow":["GET"]}}],"collection":[{"href":"https:\/\/newsestlyonnais.fr\/site\/wp-json\/wp\/v2\/posts"}],"about":[{"href":"https:\/\/newsestlyonnais.fr\/site\/wp-json\/wp\/v2\/types\/post"}],"author":[{"embeddable":true,"href":"https:\/\/newsestlyonnais.fr\/site\/wp-json\/wp\/v2\/users\/4"}],"replies":[{"embeddable":true,"href":"https:\/\/newsestlyonnais.fr\/site\/wp-json\/wp\/v2\/comments?post=66283"}],"version-history":[{"count":0,"href":"https:\/\/newsestlyonnais.fr\/site\/wp-json\/wp\/v2\/posts\/66283\/revisions"}],"wp:featuredmedia":[{"embeddable":true,"href":"https:\/\/newsestlyonnais.fr\/site\/wp-json\/wp\/v2\/media\/66287"}],"wp:attachment":[{"href":"https:\/\/newsestlyonnais.fr\/site\/wp-json\/wp\/v2\/media?parent=66283"}],"wp:term":[{"taxonomy":"category","embeddable":true,"href":"https:\/\/newsestlyonnais.fr\/site\/wp-json\/wp\/v2\/categories?post=66283"},{"taxonomy":"post_tag","embeddable":true,"href":"https:\/\/newsestlyonnais.fr\/site\/wp-json\/wp\/v2\/tags?post=66283"}],"curies":[{"name":"wp","href":"https:\/\/api.w.org\/{rel}","templated":true}]}}