{"id":66363,"date":"2019-02-12T06:24:34","date_gmt":"2019-02-12T05:24:34","guid":{"rendered":"http:\/\/newsestlyonnais.fr\/site\/?p=66363"},"modified":"2020-11-09T16:23:11","modified_gmt":"2020-11-09T15:23:11","slug":"villeurbanne-les-evenements-au-24-fevrier-2019","status":"publish","type":"post","link":"https:\/\/newsestlyonnais.fr\/site\/2019\/02\/12\/villeurbanne-les-evenements-au-24-fevrier-2019\/","title":{"rendered":"VILLEURBANNE | Les \u00e9v\u00e8nements au 24 f\u00e9vrier 2019"},"content":{"rendered":"<h4>Plusieurs \u00e9v\u00e8nements et manifestations se d\u00e9rouleront sur la commune villeurbannaise durant cette p\u00e9riode, \u00e0 savoir :<\/h4>\n<ul>\n<li><strong>Mardi <\/strong><strong>12 <\/strong><strong>F\u00e9vrier de 18 h \u00e0 20 h :<\/strong>\u00a0<span style=\"text-decoration: underline;\">Signature officielle de la convention Ville de Villeurbanne\/ CAF du Rh\u00f4ne \/ Centres sociaux<\/span>. (Palais du Travail, salle des Conf\u00e9rences, 9 place Lazare-Goujon).<\/li>\n<li>\n<div><strong>Mercredi 13 f\u00e9vrier \u00e0 partir de 18 h<\/strong> : <span style=\"text-decoration: underline;\">Vernissage \u00e0 l\u2019URDLA<\/span> avec : Giulia Andreani, Fr\u00e9d\u00e9ric Cordier, Damien Deroubaix, Erik Dietman, Olivier Gourvil, Benjamin Hochart, Louise Hormung, Odile Maarek, Maurice Maillard, Bruno F\u00e9vrier Rousselot, Patrice Vermeille, Yannick Vey, Katharina Ziemke (Urdla, 207 rue Francis de Pressens\u00e9).<\/div>\n<\/li>\n<li>\n<div><strong>Jeudi 14 f\u00e9vrier \u00e0 11 h 30<\/strong> : <span style=\"text-decoration: underline;\">Pose de la premi\u00e8re pierre de \u00abVillencie\u00bb<\/span> . (EMH, 35 rue du Dr Rollet).<\/div>\n<\/li>\n<li>\n<div><strong>Vendredi 15 F\u00e9vrier \u00e0 10 h 30 : <\/strong><span style=\"text-decoration: underline;\">R\u00e9union avec les pr\u00e9sidents et porte-drapeaux d\u2019associations d\u2019anciens combattants<\/span>. <strong>\u00e0 11 h 30<\/strong> : Suivie de l\u2019exposition de Bruno Permezel \u00ab\u00a0De Villeurbanne \u00e0 Montluc\u00a0 1943-1944\u00a0\u00bb. (Atrium, 2<sup>e<\/sup> \u00e9tage du centre culturel) <strong>\u00e0 12 h 15<\/strong> : <span style=\"text-decoration: underline;\">\u00ab\u00a0Moment chant\u00e9\u00a0\u00bb<\/span> avec No\u00e9mie Lamour, chanteuse et com\u00e9dienne, accompagn\u00e9e par l\u2019accord\u00e9oniste G\u00e9rald Lapalus <strong>&amp; \u00e0 13 h<\/strong> :\u00a0<span style=\"text-decoration: underline;\">d\u00e9jeuner<\/span>. (Centre culturel et de la vie associative, 234 cours Emile-Zola)<strong> &amp; \u00e0 partir de 18 h 30 : <\/strong><span style=\"text-decoration: underline;\">Spectacle de danse<\/span> organis\u00e9 par l\u2019Amicale La\u00efque de Cusset Gymnastique. (Centre culturel et de la vie associative, 234 cours Emile-Zola).<\/div>\n<\/li>\n<li>\n<div><strong>Dimanche 17 f\u00e9vrier \u00e0 partir de 14 h<\/strong> : <span style=\"text-decoration: underline;\">Gala de vari\u00e9t\u00e9s<\/span> organis\u00e9 par le groupe artistique \u00abC\u2019est Extra\u00bb. (Centre culturel et de la vie associative, 234 cours Emile-Zola) <strong>&amp; \u00e0 18 h 30<\/strong> : <span style=\"text-decoration: underline;\">\u00abCin\u00e9 O\u2019Clock \u2013 cin\u00e9ma britannique &amp; irlandais \u00bb<\/span> organis\u00e9 par l\u2019association Pour le Cin\u00e9ma. Soir\u00e9e de cl\u00f4ture. Projection du film \u00abStan &amp; Ollie\u00bb. (Cin\u00e9ma le Zola, 117 cours Emile-Zola).<\/div>\n<\/li>\n<li>\n<div><strong>Dimanche 24<\/strong> <strong>f\u00e9vrier de 11 h 30 \u00e0 18 h : <\/strong><span style=\"text-decoration: underline;\">\u00ab F\u00eate du T\u00eat 2019 \u00bb, Nouvel An Vietnamien<\/span> (ann\u00e9e du cochon). Organis\u00e9e par l\u2019Union G\u00e9n\u00e9rale des Vietnamiens du Rh\u00f4ne. (UGVR).<\/div>\n<div>Exposition artistique et village de la gastronomie du Vietnam. Spectacle : musique, chants, danses, th\u00e9\u00e2tre. Tombola. (Centre culturel et de la vie associative, 234 cours Emile-Zola).<\/div>\n<\/li>\n<\/ul>\n<p><strong>Retrouvez l\u2019ACTU de la commune sur : <a href=\"http:\/\/www.villeurbanne.fr\" target=\"_blank\" rel=\"noopener noreferrer\">http:\/\/www.villeurbanne.fr<\/a><\/strong><\/p>\n","protected":false},"excerpt":{"rendered":"<p>Plusieurs \u00e9v\u00e8nements et manifestations se d\u00e9rouleront sur la commune villeurbannaise durant cette p\u00e9riode, \u00e0 savoir : Mardi 12 F\u00e9vrier de 18 h \u00e0 20 h :\u00a0Signature officielle de la convention Ville de Villeurbanne\/ CAF du Rh\u00f4ne \/ Centres sociaux. (Palais du Travail, salle des Conf\u00e9rences, 9 place Lazare-Goujon). Mercredi 13 f\u00e9vrier \u00e0 partir de 18 [&hellip;]<\/p>\n","protected":false},"author":4,"featured_media":12277,"comment_status":"open","ping_status":"open","sticky":false,"template":"","format":"standard","meta":{"footnotes":""},"categories":[221,3006,3007,29],"tags":[1991,2059,2091],"class_list":["post-66363","post","type-post","status-publish","format-standard","has-post-thumbnail","hentry","category-cine-radio-theatre","category-musique-danse-humour","category-peinture-photo-sculpture","category-villeurbanne","tag-agenda","tag-manifestations","tag-villeurbanne"],"yoast_head":"<!-- This site is optimized with the Yoast SEO plugin v27.2 - https:\/\/yoast.com\/product\/yoast-seo-wordpress\/ -->\n<title>VILLEURBANNE | Les \u00e9v\u00e8nements au 24 f\u00e9vrier 2019 - News Est Lyonnais villeurbanne-les-evenements-prevus-sur-la-commune-jusquau-24-fevrier-2019<\/title>\n<meta name=\"description\" content=\"VILLEURBANNE | Les \u00e9v\u00e8nements au 24 f\u00e9vrier 2019\" \/>\n<meta name=\"robots\" content=\"index, follow, max-snippet:-1, max-image-preview:large, max-video-preview:-1\" \/>\n<link rel=\"canonical\" href=\"https:\/\/newsestlyonnais.fr\/site\/2019\/02\/12\/villeurbanne-les-evenements-au-24-fevrier-2019\/\" \/>\n<meta property=\"og:locale\" content=\"fr_FR\" \/>\n<meta property=\"og:type\" content=\"article\" \/>\n<meta property=\"og:title\" content=\"VILLEURBANNE | Les \u00e9v\u00e8nements au 24 f\u00e9vrier 2019 - News Est Lyonnais villeurbanne-les-evenements-prevus-sur-la-commune-jusquau-24-fevrier-2019\" \/>\n<meta property=\"og:description\" content=\"VILLEURBANNE | Les \u00e9v\u00e8nements au 24 f\u00e9vrier 2019\" \/>\n<meta property=\"og:url\" content=\"https:\/\/newsestlyonnais.fr\/site\/2019\/02\/12\/villeurbanne-les-evenements-au-24-fevrier-2019\/\" \/>\n<meta property=\"og:site_name\" content=\"News Est Lyonnais\" \/>\n<meta property=\"article:author\" content=\"https:\/\/www.facebook.com\/pascal.oberson.1?fref=ts\" \/>\n<meta property=\"article:published_time\" content=\"2019-02-12T05:24:34+00:00\" \/>\n<meta property=\"article:modified_time\" content=\"2020-11-09T15:23:11+00:00\" \/>\n<meta property=\"og:image\" content=\"https:\/\/i0.wp.com\/newsestlyonnais.fr\/site\/wp-content\/uploads\/2016\/09\/NEWSESTLYONNAIS-PANNEAUVILLEURBANNE.jpg?fit=1000%2C750&ssl=1\" \/>\n\t<meta property=\"og:image:width\" content=\"1000\" \/>\n\t<meta property=\"og:image:height\" content=\"750\" \/>\n\t<meta property=\"og:image:type\" content=\"image\/jpeg\" \/>\n<meta name=\"author\" content=\"R\u00e9dac. NEWS\" \/>\n<meta name=\"twitter:card\" content=\"summary_large_image\" \/>\n<meta name=\"twitter:label1\" content=\"\u00c9crit par\" \/>\n\t<meta name=\"twitter:data1\" content=\"R\u00e9dac. NEWS\" \/>\n\t<meta name=\"twitter:label2\" content=\"Dur\u00e9e de lecture estim\u00e9e\" \/>\n\t<meta name=\"twitter:data2\" content=\"2 minutes\" \/>\n<script type=\"application\/ld+json\" class=\"yoast-schema-graph\">{\"@context\":\"https:\/\/schema.org\",\"@graph\":[{\"@type\":\"Article\",\"@id\":\"https:\/\/newsestlyonnais.fr\/site\/2019\/02\/12\/villeurbanne-les-evenements-au-24-fevrier-2019\/#article\",\"isPartOf\":{\"@id\":\"https:\/\/newsestlyonnais.fr\/site\/2019\/02\/12\/villeurbanne-les-evenements-au-24-fevrier-2019\/\"},\"author\":{\"name\":\"R\u00e9dac. NEWS\",\"@id\":\"https:\/\/newsestlyonnais.fr\/site\/#\/schema\/person\/3230d5615f390bb808365d673001e887\"},\"headline\":\"VILLEURBANNE | Les \u00e9v\u00e8nements au 24 f\u00e9vrier 2019\",\"datePublished\":\"2019-02-12T05:24:34+00:00\",\"dateModified\":\"2020-11-09T15:23:11+00:00\",\"mainEntityOfPage\":{\"@id\":\"https:\/\/newsestlyonnais.fr\/site\/2019\/02\/12\/villeurbanne-les-evenements-au-24-fevrier-2019\/\"},\"wordCount\":339,\"commentCount\":0,\"publisher\":{\"@id\":\"https:\/\/newsestlyonnais.fr\/site\/#organization\"},\"image\":{\"@id\":\"https:\/\/newsestlyonnais.fr\/site\/2019\/02\/12\/villeurbanne-les-evenements-au-24-fevrier-2019\/#primaryimage\"},\"thumbnailUrl\":\"https:\/\/newsestlyonnais.fr\/site\/wp-content\/uploads\/2016\/09\/NEWSESTLYONNAIS-PANNEAUVILLEURBANNE.jpg\",\"keywords\":[\"AGENDA\",\"MANIFESTATIONS\",\"VILLEURBANNE\"],\"articleSection\":[\"Cin\u00e9 | Radio | Th\u00e9\u00e2tre\",\"Musique | Danse | Humour\",\"Peinture | Photo | Sculpture\",\"Villeurbanne\"],\"inLanguage\":\"fr-FR\",\"potentialAction\":[{\"@type\":\"CommentAction\",\"name\":\"Comment\",\"target\":[\"https:\/\/newsestlyonnais.fr\/site\/2019\/02\/12\/villeurbanne-les-evenements-au-24-fevrier-2019\/#respond\"]}]},{\"@type\":\"WebPage\",\"@id\":\"https:\/\/newsestlyonnais.fr\/site\/2019\/02\/12\/villeurbanne-les-evenements-au-24-fevrier-2019\/\",\"url\":\"https:\/\/newsestlyonnais.fr\/site\/2019\/02\/12\/villeurbanne-les-evenements-au-24-fevrier-2019\/\",\"name\":\"VILLEURBANNE | Les \u00e9v\u00e8nements au 24 f\u00e9vrier 2019 - News Est Lyonnais villeurbanne-les-evenements-prevus-sur-la-commune-jusquau-24-fevrier-2019\",\"isPartOf\":{\"@id\":\"https:\/\/newsestlyonnais.fr\/site\/#website\"},\"primaryImageOfPage\":{\"@id\":\"https:\/\/newsestlyonnais.fr\/site\/2019\/02\/12\/villeurbanne-les-evenements-au-24-fevrier-2019\/#primaryimage\"},\"image\":{\"@id\":\"https:\/\/newsestlyonnais.fr\/site\/2019\/02\/12\/villeurbanne-les-evenements-au-24-fevrier-2019\/#primaryimage\"},\"thumbnailUrl\":\"https:\/\/newsestlyonnais.fr\/site\/wp-content\/uploads\/2016\/09\/NEWSESTLYONNAIS-PANNEAUVILLEURBANNE.jpg\",\"datePublished\":\"2019-02-12T05:24:34+00:00\",\"dateModified\":\"2020-11-09T15:23:11+00:00\",\"description\":\"VILLEURBANNE | Les \u00e9v\u00e8nements au 24 f\u00e9vrier 2019\",\"breadcrumb\":{\"@id\":\"https:\/\/newsestlyonnais.fr\/site\/2019\/02\/12\/villeurbanne-les-evenements-au-24-fevrier-2019\/#breadcrumb\"},\"inLanguage\":\"fr-FR\",\"potentialAction\":[{\"@type\":\"ReadAction\",\"target\":[\"https:\/\/newsestlyonnais.fr\/site\/2019\/02\/12\/villeurbanne-les-evenements-au-24-fevrier-2019\/\"]}]},{\"@type\":\"ImageObject\",\"inLanguage\":\"fr-FR\",\"@id\":\"https:\/\/newsestlyonnais.fr\/site\/2019\/02\/12\/villeurbanne-les-evenements-au-24-fevrier-2019\/#primaryimage\",\"url\":\"https:\/\/newsestlyonnais.fr\/site\/wp-content\/uploads\/2016\/09\/NEWSESTLYONNAIS-PANNEAUVILLEURBANNE.jpg\",\"contentUrl\":\"https:\/\/newsestlyonnais.fr\/site\/wp-content\/uploads\/2016\/09\/NEWSESTLYONNAIS-PANNEAUVILLEURBANNE.jpg\",\"width\":1000,\"height\":750,\"caption\":\"newsestlyonnais-panneauvilleurbanne\"},{\"@type\":\"BreadcrumbList\",\"@id\":\"https:\/\/newsestlyonnais.fr\/site\/2019\/02\/12\/villeurbanne-les-evenements-au-24-fevrier-2019\/#breadcrumb\",\"itemListElement\":[{\"@type\":\"ListItem\",\"position\":1,\"name\":\"Accueil\",\"item\":\"https:\/\/newsestlyonnais.fr\/site\/\"},{\"@type\":\"ListItem\",\"position\":2,\"name\":\"VILLEURBANNE | Les \u00e9v\u00e8nements au 24 f\u00e9vrier 2019\"}]},{\"@type\":\"WebSite\",\"@id\":\"https:\/\/newsestlyonnais.fr\/site\/#website\",\"url\":\"https:\/\/newsestlyonnais.fr\/site\/\",\"name\":\"News Est Lyonnais\",\"description\":\"L&#039;actualit\u00e9 au plus pr\u00e8s\",\"publisher\":{\"@id\":\"https:\/\/newsestlyonnais.fr\/site\/#organization\"},\"potentialAction\":[{\"@type\":\"SearchAction\",\"target\":{\"@type\":\"EntryPoint\",\"urlTemplate\":\"https:\/\/newsestlyonnais.fr\/site\/?s={search_term_string}\"},\"query-input\":{\"@type\":\"PropertyValueSpecification\",\"valueRequired\":true,\"valueName\":\"search_term_string\"}}],\"inLanguage\":\"fr-FR\"},{\"@type\":\"Organization\",\"@id\":\"https:\/\/newsestlyonnais.fr\/site\/#organization\",\"name\":\"News EST LYONNAIS\",\"url\":\"https:\/\/newsestlyonnais.fr\/site\/\",\"logo\":{\"@type\":\"ImageObject\",\"inLanguage\":\"fr-FR\",\"@id\":\"https:\/\/newsestlyonnais.fr\/site\/#\/schema\/logo\/image\/\",\"url\":\"\",\"contentUrl\":\"\",\"caption\":\"News EST LYONNAIS\"},\"image\":{\"@id\":\"https:\/\/newsestlyonnais.fr\/site\/#\/schema\/logo\/image\/\"}},{\"@type\":\"Person\",\"@id\":\"https:\/\/newsestlyonnais.fr\/site\/#\/schema\/person\/3230d5615f390bb808365d673001e887\",\"name\":\"R\u00e9dac. NEWS\",\"sameAs\":[\"http:\/\/www.newsestlyonnais.fr\",\"https:\/\/www.facebook.com\/pascal.oberson.1?fref=ts\",\"https:\/\/fr.linkedin.com\/in\/pascal-oberson-b17045113\"],\"url\":\"https:\/\/newsestlyonnais.fr\/site\/author\/nel\/\"}]}<\/script>\n<!-- \/ Yoast SEO plugin. -->","yoast_head_json":{"title":"VILLEURBANNE | Les \u00e9v\u00e8nements au 24 f\u00e9vrier 2019 - News Est Lyonnais villeurbanne-les-evenements-prevus-sur-la-commune-jusquau-24-fevrier-2019","description":"VILLEURBANNE | Les \u00e9v\u00e8nements au 24 f\u00e9vrier 2019","robots":{"index":"index","follow":"follow","max-snippet":"max-snippet:-1","max-image-preview":"max-image-preview:large","max-video-preview":"max-video-preview:-1"},"canonical":"https:\/\/newsestlyonnais.fr\/site\/2019\/02\/12\/villeurbanne-les-evenements-au-24-fevrier-2019\/","og_locale":"fr_FR","og_type":"article","og_title":"VILLEURBANNE | Les \u00e9v\u00e8nements au 24 f\u00e9vrier 2019 - News Est Lyonnais villeurbanne-les-evenements-prevus-sur-la-commune-jusquau-24-fevrier-2019","og_description":"VILLEURBANNE | Les \u00e9v\u00e8nements au 24 f\u00e9vrier 2019","og_url":"https:\/\/newsestlyonnais.fr\/site\/2019\/02\/12\/villeurbanne-les-evenements-au-24-fevrier-2019\/","og_site_name":"News Est Lyonnais","article_author":"https:\/\/www.facebook.com\/pascal.oberson.1?fref=ts","article_published_time":"2019-02-12T05:24:34+00:00","article_modified_time":"2020-11-09T15:23:11+00:00","og_image":[{"width":1000,"height":750,"url":"https:\/\/i0.wp.com\/newsestlyonnais.fr\/site\/wp-content\/uploads\/2016\/09\/NEWSESTLYONNAIS-PANNEAUVILLEURBANNE.jpg?fit=1000%2C750&ssl=1","type":"image\/jpeg"}],"author":"R\u00e9dac. NEWS","twitter_card":"summary_large_image","twitter_misc":{"\u00c9crit par":"R\u00e9dac. NEWS","Dur\u00e9e de lecture estim\u00e9e":"2 minutes"},"schema":{"@context":"https:\/\/schema.org","@graph":[{"@type":"Article","@id":"https:\/\/newsestlyonnais.fr\/site\/2019\/02\/12\/villeurbanne-les-evenements-au-24-fevrier-2019\/#article","isPartOf":{"@id":"https:\/\/newsestlyonnais.fr\/site\/2019\/02\/12\/villeurbanne-les-evenements-au-24-fevrier-2019\/"},"author":{"name":"R\u00e9dac. NEWS","@id":"https:\/\/newsestlyonnais.fr\/site\/#\/schema\/person\/3230d5615f390bb808365d673001e887"},"headline":"VILLEURBANNE | Les \u00e9v\u00e8nements au 24 f\u00e9vrier 2019","datePublished":"2019-02-12T05:24:34+00:00","dateModified":"2020-11-09T15:23:11+00:00","mainEntityOfPage":{"@id":"https:\/\/newsestlyonnais.fr\/site\/2019\/02\/12\/villeurbanne-les-evenements-au-24-fevrier-2019\/"},"wordCount":339,"commentCount":0,"publisher":{"@id":"https:\/\/newsestlyonnais.fr\/site\/#organization"},"image":{"@id":"https:\/\/newsestlyonnais.fr\/site\/2019\/02\/12\/villeurbanne-les-evenements-au-24-fevrier-2019\/#primaryimage"},"thumbnailUrl":"https:\/\/newsestlyonnais.fr\/site\/wp-content\/uploads\/2016\/09\/NEWSESTLYONNAIS-PANNEAUVILLEURBANNE.jpg","keywords":["AGENDA","MANIFESTATIONS","VILLEURBANNE"],"articleSection":["Cin\u00e9 | Radio | Th\u00e9\u00e2tre","Musique | Danse | Humour","Peinture | Photo | Sculpture","Villeurbanne"],"inLanguage":"fr-FR","potentialAction":[{"@type":"CommentAction","name":"Comment","target":["https:\/\/newsestlyonnais.fr\/site\/2019\/02\/12\/villeurbanne-les-evenements-au-24-fevrier-2019\/#respond"]}]},{"@type":"WebPage","@id":"https:\/\/newsestlyonnais.fr\/site\/2019\/02\/12\/villeurbanne-les-evenements-au-24-fevrier-2019\/","url":"https:\/\/newsestlyonnais.fr\/site\/2019\/02\/12\/villeurbanne-les-evenements-au-24-fevrier-2019\/","name":"VILLEURBANNE | Les \u00e9v\u00e8nements au 24 f\u00e9vrier 2019 - News Est Lyonnais villeurbanne-les-evenements-prevus-sur-la-commune-jusquau-24-fevrier-2019","isPartOf":{"@id":"https:\/\/newsestlyonnais.fr\/site\/#website"},"primaryImageOfPage":{"@id":"https:\/\/newsestlyonnais.fr\/site\/2019\/02\/12\/villeurbanne-les-evenements-au-24-fevrier-2019\/#primaryimage"},"image":{"@id":"https:\/\/newsestlyonnais.fr\/site\/2019\/02\/12\/villeurbanne-les-evenements-au-24-fevrier-2019\/#primaryimage"},"thumbnailUrl":"https:\/\/newsestlyonnais.fr\/site\/wp-content\/uploads\/2016\/09\/NEWSESTLYONNAIS-PANNEAUVILLEURBANNE.jpg","datePublished":"2019-02-12T05:24:34+00:00","dateModified":"2020-11-09T15:23:11+00:00","description":"VILLEURBANNE | Les \u00e9v\u00e8nements au 24 f\u00e9vrier 2019","breadcrumb":{"@id":"https:\/\/newsestlyonnais.fr\/site\/2019\/02\/12\/villeurbanne-les-evenements-au-24-fevrier-2019\/#breadcrumb"},"inLanguage":"fr-FR","potentialAction":[{"@type":"ReadAction","target":["https:\/\/newsestlyonnais.fr\/site\/2019\/02\/12\/villeurbanne-les-evenements-au-24-fevrier-2019\/"]}]},{"@type":"ImageObject","inLanguage":"fr-FR","@id":"https:\/\/newsestlyonnais.fr\/site\/2019\/02\/12\/villeurbanne-les-evenements-au-24-fevrier-2019\/#primaryimage","url":"https:\/\/newsestlyonnais.fr\/site\/wp-content\/uploads\/2016\/09\/NEWSESTLYONNAIS-PANNEAUVILLEURBANNE.jpg","contentUrl":"https:\/\/newsestlyonnais.fr\/site\/wp-content\/uploads\/2016\/09\/NEWSESTLYONNAIS-PANNEAUVILLEURBANNE.jpg","width":1000,"height":750,"caption":"newsestlyonnais-panneauvilleurbanne"},{"@type":"BreadcrumbList","@id":"https:\/\/newsestlyonnais.fr\/site\/2019\/02\/12\/villeurbanne-les-evenements-au-24-fevrier-2019\/#breadcrumb","itemListElement":[{"@type":"ListItem","position":1,"name":"Accueil","item":"https:\/\/newsestlyonnais.fr\/site\/"},{"@type":"ListItem","position":2,"name":"VILLEURBANNE | Les \u00e9v\u00e8nements au 24 f\u00e9vrier 2019"}]},{"@type":"WebSite","@id":"https:\/\/newsestlyonnais.fr\/site\/#website","url":"https:\/\/newsestlyonnais.fr\/site\/","name":"News Est Lyonnais","description":"L&#039;actualit\u00e9 au plus pr\u00e8s","publisher":{"@id":"https:\/\/newsestlyonnais.fr\/site\/#organization"},"potentialAction":[{"@type":"SearchAction","target":{"@type":"EntryPoint","urlTemplate":"https:\/\/newsestlyonnais.fr\/site\/?s={search_term_string}"},"query-input":{"@type":"PropertyValueSpecification","valueRequired":true,"valueName":"search_term_string"}}],"inLanguage":"fr-FR"},{"@type":"Organization","@id":"https:\/\/newsestlyonnais.fr\/site\/#organization","name":"News EST LYONNAIS","url":"https:\/\/newsestlyonnais.fr\/site\/","logo":{"@type":"ImageObject","inLanguage":"fr-FR","@id":"https:\/\/newsestlyonnais.fr\/site\/#\/schema\/logo\/image\/","url":"","contentUrl":"","caption":"News EST LYONNAIS"},"image":{"@id":"https:\/\/newsestlyonnais.fr\/site\/#\/schema\/logo\/image\/"}},{"@type":"Person","@id":"https:\/\/newsestlyonnais.fr\/site\/#\/schema\/person\/3230d5615f390bb808365d673001e887","name":"R\u00e9dac. NEWS","sameAs":["http:\/\/www.newsestlyonnais.fr","https:\/\/www.facebook.com\/pascal.oberson.1?fref=ts","https:\/\/fr.linkedin.com\/in\/pascal-oberson-b17045113"],"url":"https:\/\/newsestlyonnais.fr\/site\/author\/nel\/"}]}},"_links":{"self":[{"href":"https:\/\/newsestlyonnais.fr\/site\/wp-json\/wp\/v2\/posts\/66363","targetHints":{"allow":["GET"]}}],"collection":[{"href":"https:\/\/newsestlyonnais.fr\/site\/wp-json\/wp\/v2\/posts"}],"about":[{"href":"https:\/\/newsestlyonnais.fr\/site\/wp-json\/wp\/v2\/types\/post"}],"author":[{"embeddable":true,"href":"https:\/\/newsestlyonnais.fr\/site\/wp-json\/wp\/v2\/users\/4"}],"replies":[{"embeddable":true,"href":"https:\/\/newsestlyonnais.fr\/site\/wp-json\/wp\/v2\/comments?post=66363"}],"version-history":[{"count":0,"href":"https:\/\/newsestlyonnais.fr\/site\/wp-json\/wp\/v2\/posts\/66363\/revisions"}],"wp:featuredmedia":[{"embeddable":true,"href":"https:\/\/newsestlyonnais.fr\/site\/wp-json\/wp\/v2\/media\/12277"}],"wp:attachment":[{"href":"https:\/\/newsestlyonnais.fr\/site\/wp-json\/wp\/v2\/media?parent=66363"}],"wp:term":[{"taxonomy":"category","embeddable":true,"href":"https:\/\/newsestlyonnais.fr\/site\/wp-json\/wp\/v2\/categories?post=66363"},{"taxonomy":"post_tag","embeddable":true,"href":"https:\/\/newsestlyonnais.fr\/site\/wp-json\/wp\/v2\/tags?post=66363"}],"curies":[{"name":"wp","href":"https:\/\/api.w.org\/{rel}","templated":true}]}}