{"id":66591,"date":"2019-02-14T06:21:46","date_gmt":"2019-02-14T05:21:46","guid":{"rendered":"http:\/\/newsestlyonnais.fr\/site\/?p=66591"},"modified":"2020-11-06T06:33:13","modified_gmt":"2020-11-06T05:33:13","slug":"est-lyonnais-tous-en-salle-avec-le-grac-du-16-fevrier-au-3-mars-2019","status":"publish","type":"post","link":"https:\/\/newsestlyonnais.fr\/site\/2019\/02\/14\/est-lyonnais-tous-en-salle-avec-le-grac-du-16-fevrier-au-3-mars-2019\/","title":{"rendered":"EST-LYONNAIS | \u00a0\u00bb TOUS EN SALLE \u00a0\u00bb avec le GRAC du 16 f\u00e9vrier au 3 mars 2019"},"content":{"rendered":"<p>Elle s&rsquo;adressera d&rsquo;abord aux enfants, en les invitant \u00e0 d\u00e9couvrir une s\u00e9lection de films d&rsquo;Art et Essai, mais \u00e9galement aux adolescents (\u00e0 partir de 14 ans) avec des s\u00e9ances organis\u00e9es par et pour eux en liaison avec le\u00a0<a href=\"http:\/\/reseaumediation.grac.asso.fr\/\" target=\"_blank\" rel=\"noopener noreferrer\"><strong>R\u00e9seau M\u00e9diation Cin\u00e9ma<\/strong><\/a>\u00a0et les salles participantes.<\/p>\n<p>Petits et grands pourront ainsi b\u00e9n\u00e9ficier d&rsquo;un programme vari\u00e9 de films tri\u00e9s sur le volet : avant-premi\u00e8res, actualit\u00e9s, et quelques films du patrimoine. Ils effectueront un v\u00e9ritable voyage, tant \u00e0 travers les films qu&rsquo;avec les nombreuses animations men\u00e9es autour de l&rsquo;univers du cin\u00e9ma.<\/p>\n<p class=\"event-subtitle dynamic-color\"><strong><span style=\"text-decoration: underline\">38 salles du r\u00e9seau GRAC participeront \u00e0 cette manifestation, parmi elles<\/span> :<\/strong><\/p>\n<ul>\n<li><strong>BRON<\/strong> : Les Aliz\u00e9s<\/li>\n<li><strong>CALUIRE : <\/strong>Le M\u00e9li\u00e8s &amp; Cin\u00e9-Caluire<strong><br \/>\n<\/strong><\/li>\n<li><strong>DECINES : <\/strong>Cin\u00e9-Toboggan <strong><br \/>\n<\/strong><\/li>\n<li><strong>LYON 3\u00b0 : <\/strong>Lumi\u00e8re Fourmi<\/li>\n<li><strong>LYON 6\u00b0 : <\/strong>Cin\u00e9ma Bellecombe <strong><br \/>\n<\/strong><\/li>\n<li><strong>MIONS : <\/strong>Cin\u00e9&rsquo;Mions <strong><br \/>\n<\/strong><\/li>\n<li><strong>RILLIEUX LA PAPE : <\/strong>Cin\u00e9-Rillieux<strong><br \/>\n<\/strong><\/li>\n<li><strong>SAINT PRIEST : <\/strong>Le Sc\u00e9nario <strong><br \/>\n<\/strong><\/li>\n<li><strong>VAULX EN VELIN<\/strong> : Les Amphis<\/li>\n<li><strong>VENISSIEUX : <\/strong>Cin\u00e9ma G\u00e9rard-Philippe<strong><br \/>\n<\/strong><\/li>\n<li><strong>VILLEURBANNE<\/strong> : Le Zola<\/li>\n<\/ul>\n<p><span style=\"text-decoration: underline\"><em><strong>NOTA<\/strong><\/em><\/span> : Le GRAC (Groupement R\u00e9gional d&rsquo;Actions Cin\u00e9matographiques) est un r\u00e9seau de salles de cin\u00e9ma dites <strong>\u00ab\u00a0de proximit\u00e9 et ind\u00e9pendantes\u00a0\u00bb<\/strong>, en raison de leur non appartenance \u00e0 un groupement national ou circuit de salles commerciales.<\/p>\n<p><strong>Pr\u00e8s de 130 \u00e9crans<\/strong> au total, <strong>73\u00a0salles<\/strong> permanentes et <strong>17 \u00e9crans mobiles<\/strong>, adh\u00e8rent au r\u00e9seau du GRA, cela repr\u00e9sente autour de 3 millions de spectateurs par an !<\/p>\n<ul>\n<li><em><strong>Plus d&rsquo;infos sur : <a href=\"http:\/\/www.tousensalle.fr\" target=\"_blank\" rel=\"noopener noreferrer\">http:\/\/www.tousensalle.fr<\/a><\/strong><\/em><\/li>\n<\/ul>\n<div id='gallery-1' class='gallery galleryid-66591 gallery-columns-3 gallery-size-thumbnail'><figure class='gallery-item'>\n\t\t\t<div class='gallery-icon portrait'>\n\t\t\t\t<a href='https:\/\/newsestlyonnais.fr\/site\/2019\/02\/14\/est-lyonnais-tous-en-salle-avec-le-grac-du-16-fevrier-au-3-mars-2019\/newsestlyonnais-tous-en-salle-2019\/'><img loading=\"lazy\" decoding=\"async\" width=\"150\" height=\"150\" src=\"https:\/\/newsestlyonnais.fr\/site\/wp-content\/uploads\/2019\/02\/NEWSESTLYONNAIS-TOUS-EN-SALLE-2019-150x150.jpeg\" class=\"attachment-thumbnail size-thumbnail\" alt=\"NEWSESTLYONNAIS TOUS EN SALLE 2019\" \/><\/a>\n\t\t\t<\/div><\/figure>\n\t\t<\/div>\n\n","protected":false},"excerpt":{"rendered":"<p>\u00a0\u00bb TOUS EN SALLE \u00a0\u00bb manifestation \u00e0 destination du public jeune et du jeune public dans les salles adh\u00e9rentes au GRAC, aura lieu pendant les vacances d&rsquo;hiver,\u00a0du 16 f\u00e9vrier au 3 mars\u00a02019.<\/p>\n","protected":false},"author":4,"featured_media":0,"comment_status":"open","ping_status":"open","sticky":false,"template":"","format":"standard","meta":{"footnotes":""},"categories":[19,1620,221,21,1625,1286,1623,1296,28,1298,29],"tags":[2323,2349,2350],"class_list":["post-66591","post","type-post","status-publish","format-standard","hentry","category-bron","category-caluire","category-cine-radio-theatre","category-decines-charpieu","category-lyon","category-mions","category-rillieux-la-pape","category-sain-priest","category-vaulx-en-velin","category-venissieux","category-villeurbanne","tag-cinema","tag-grac","tag-tous-en-salle"],"yoast_head":"<!-- This site is optimized with the Yoast SEO plugin v27.2 - https:\/\/yoast.com\/product\/yoast-seo-wordpress\/ -->\n<title>EST-LYONNAIS | &quot; TOUS EN SALLE &quot; avec le GRAC du 16 f\u00e9vrier au 3 mars 2019 - News Est Lyonnais est-lyonnais-tous-en-salle-avec-le-grac-du-16-fevrier-au-3-mars-2019<\/title>\n<meta name=\"description\" content=\"est-lyonnais-tous-en-salle-avec-le-grac-du-16-fevrier-au-3-mars-2019\" \/>\n<meta name=\"robots\" content=\"index, follow, max-snippet:-1, max-image-preview:large, max-video-preview:-1\" \/>\n<link rel=\"canonical\" href=\"https:\/\/newsestlyonnais.fr\/site\/2019\/02\/14\/est-lyonnais-tous-en-salle-avec-le-grac-du-16-fevrier-au-3-mars-2019\/\" \/>\n<meta property=\"og:locale\" content=\"fr_FR\" \/>\n<meta property=\"og:type\" content=\"article\" \/>\n<meta property=\"og:title\" content=\"EST-LYONNAIS | &quot; TOUS EN SALLE &quot; avec le GRAC du 16 f\u00e9vrier au 3 mars 2019 - News Est Lyonnais est-lyonnais-tous-en-salle-avec-le-grac-du-16-fevrier-au-3-mars-2019\" \/>\n<meta property=\"og:description\" content=\"est-lyonnais-tous-en-salle-avec-le-grac-du-16-fevrier-au-3-mars-2019\" \/>\n<meta property=\"og:url\" content=\"https:\/\/newsestlyonnais.fr\/site\/2019\/02\/14\/est-lyonnais-tous-en-salle-avec-le-grac-du-16-fevrier-au-3-mars-2019\/\" \/>\n<meta property=\"og:site_name\" content=\"News Est Lyonnais\" \/>\n<meta property=\"article:author\" content=\"https:\/\/www.facebook.com\/pascal.oberson.1?fref=ts\" \/>\n<meta property=\"article:published_time\" content=\"2019-02-14T05:21:46+00:00\" \/>\n<meta property=\"article:modified_time\" content=\"2020-11-06T05:33:13+00:00\" \/>\n<meta name=\"author\" content=\"R\u00e9dac. NEWS\" \/>\n<meta name=\"twitter:card\" content=\"summary_large_image\" \/>\n<meta name=\"twitter:label1\" content=\"\u00c9crit par\" \/>\n\t<meta name=\"twitter:data1\" content=\"R\u00e9dac. NEWS\" \/>\n\t<meta name=\"twitter:label2\" content=\"Dur\u00e9e de lecture estim\u00e9e\" \/>\n\t<meta name=\"twitter:data2\" content=\"1 minute\" \/>\n<script type=\"application\/ld+json\" class=\"yoast-schema-graph\">{\"@context\":\"https:\/\/schema.org\",\"@graph\":[{\"@type\":\"Article\",\"@id\":\"https:\/\/newsestlyonnais.fr\/site\/2019\/02\/14\/est-lyonnais-tous-en-salle-avec-le-grac-du-16-fevrier-au-3-mars-2019\/#article\",\"isPartOf\":{\"@id\":\"https:\/\/newsestlyonnais.fr\/site\/2019\/02\/14\/est-lyonnais-tous-en-salle-avec-le-grac-du-16-fevrier-au-3-mars-2019\/\"},\"author\":{\"name\":\"R\u00e9dac. NEWS\",\"@id\":\"https:\/\/newsestlyonnais.fr\/site\/#\/schema\/person\/3230d5615f390bb808365d673001e887\"},\"headline\":\"EST-LYONNAIS | \u00a0\u00bb TOUS EN SALLE \u00a0\u00bb avec le GRAC du 16 f\u00e9vrier au 3 mars 2019\",\"datePublished\":\"2019-02-14T05:21:46+00:00\",\"dateModified\":\"2020-11-06T05:33:13+00:00\",\"mainEntityOfPage\":{\"@id\":\"https:\/\/newsestlyonnais.fr\/site\/2019\/02\/14\/est-lyonnais-tous-en-salle-avec-le-grac-du-16-fevrier-au-3-mars-2019\/\"},\"wordCount\":254,\"commentCount\":0,\"publisher\":{\"@id\":\"https:\/\/newsestlyonnais.fr\/site\/#organization\"},\"keywords\":[\"CINEMA\",\"GRAC\",\"TOUS EN SALLE\"],\"articleSection\":[\"Bron\",\"Caluire\",\"Cin\u00e9 | Radio | Th\u00e9\u00e2tre\",\"D\u00e9cines-Charpieu\",\"Lyon\",\"Mions\",\"Rillieux-la-Pape\",\"Saint-Priest\",\"Vaulx-en-Velin\",\"V\u00e9nissieux\",\"Villeurbanne\"],\"inLanguage\":\"fr-FR\",\"potentialAction\":[{\"@type\":\"CommentAction\",\"name\":\"Comment\",\"target\":[\"https:\/\/newsestlyonnais.fr\/site\/2019\/02\/14\/est-lyonnais-tous-en-salle-avec-le-grac-du-16-fevrier-au-3-mars-2019\/#respond\"]}]},{\"@type\":\"WebPage\",\"@id\":\"https:\/\/newsestlyonnais.fr\/site\/2019\/02\/14\/est-lyonnais-tous-en-salle-avec-le-grac-du-16-fevrier-au-3-mars-2019\/\",\"url\":\"https:\/\/newsestlyonnais.fr\/site\/2019\/02\/14\/est-lyonnais-tous-en-salle-avec-le-grac-du-16-fevrier-au-3-mars-2019\/\",\"name\":\"EST-LYONNAIS | \\\" TOUS EN SALLE \\\" avec le GRAC du 16 f\u00e9vrier au 3 mars 2019 - News Est Lyonnais est-lyonnais-tous-en-salle-avec-le-grac-du-16-fevrier-au-3-mars-2019\",\"isPartOf\":{\"@id\":\"https:\/\/newsestlyonnais.fr\/site\/#website\"},\"datePublished\":\"2019-02-14T05:21:46+00:00\",\"dateModified\":\"2020-11-06T05:33:13+00:00\",\"description\":\"est-lyonnais-tous-en-salle-avec-le-grac-du-16-fevrier-au-3-mars-2019\",\"breadcrumb\":{\"@id\":\"https:\/\/newsestlyonnais.fr\/site\/2019\/02\/14\/est-lyonnais-tous-en-salle-avec-le-grac-du-16-fevrier-au-3-mars-2019\/#breadcrumb\"},\"inLanguage\":\"fr-FR\",\"potentialAction\":[{\"@type\":\"ReadAction\",\"target\":[\"https:\/\/newsestlyonnais.fr\/site\/2019\/02\/14\/est-lyonnais-tous-en-salle-avec-le-grac-du-16-fevrier-au-3-mars-2019\/\"]}]},{\"@type\":\"BreadcrumbList\",\"@id\":\"https:\/\/newsestlyonnais.fr\/site\/2019\/02\/14\/est-lyonnais-tous-en-salle-avec-le-grac-du-16-fevrier-au-3-mars-2019\/#breadcrumb\",\"itemListElement\":[{\"@type\":\"ListItem\",\"position\":1,\"name\":\"Accueil\",\"item\":\"https:\/\/newsestlyonnais.fr\/site\/\"},{\"@type\":\"ListItem\",\"position\":2,\"name\":\"EST-LYONNAIS | \u00a0\u00bb TOUS EN SALLE \u00a0\u00bb avec le GRAC du 16 f\u00e9vrier au 3 mars 2019\"}]},{\"@type\":\"WebSite\",\"@id\":\"https:\/\/newsestlyonnais.fr\/site\/#website\",\"url\":\"https:\/\/newsestlyonnais.fr\/site\/\",\"name\":\"News Est Lyonnais\",\"description\":\"L&#039;actualit\u00e9 au plus pr\u00e8s\",\"publisher\":{\"@id\":\"https:\/\/newsestlyonnais.fr\/site\/#organization\"},\"potentialAction\":[{\"@type\":\"SearchAction\",\"target\":{\"@type\":\"EntryPoint\",\"urlTemplate\":\"https:\/\/newsestlyonnais.fr\/site\/?s={search_term_string}\"},\"query-input\":{\"@type\":\"PropertyValueSpecification\",\"valueRequired\":true,\"valueName\":\"search_term_string\"}}],\"inLanguage\":\"fr-FR\"},{\"@type\":\"Organization\",\"@id\":\"https:\/\/newsestlyonnais.fr\/site\/#organization\",\"name\":\"News EST LYONNAIS\",\"url\":\"https:\/\/newsestlyonnais.fr\/site\/\",\"logo\":{\"@type\":\"ImageObject\",\"inLanguage\":\"fr-FR\",\"@id\":\"https:\/\/newsestlyonnais.fr\/site\/#\/schema\/logo\/image\/\",\"url\":\"\",\"contentUrl\":\"\",\"caption\":\"News EST LYONNAIS\"},\"image\":{\"@id\":\"https:\/\/newsestlyonnais.fr\/site\/#\/schema\/logo\/image\/\"}},{\"@type\":\"Person\",\"@id\":\"https:\/\/newsestlyonnais.fr\/site\/#\/schema\/person\/3230d5615f390bb808365d673001e887\",\"name\":\"R\u00e9dac. NEWS\",\"sameAs\":[\"http:\/\/www.newsestlyonnais.fr\",\"https:\/\/www.facebook.com\/pascal.oberson.1?fref=ts\",\"https:\/\/fr.linkedin.com\/in\/pascal-oberson-b17045113\"],\"url\":\"https:\/\/newsestlyonnais.fr\/site\/author\/nel\/\"}]}<\/script>\n<!-- \/ Yoast SEO plugin. -->","yoast_head_json":{"title":"EST-LYONNAIS | \" TOUS EN SALLE \" avec le GRAC du 16 f\u00e9vrier au 3 mars 2019 - News Est Lyonnais est-lyonnais-tous-en-salle-avec-le-grac-du-16-fevrier-au-3-mars-2019","description":"est-lyonnais-tous-en-salle-avec-le-grac-du-16-fevrier-au-3-mars-2019","robots":{"index":"index","follow":"follow","max-snippet":"max-snippet:-1","max-image-preview":"max-image-preview:large","max-video-preview":"max-video-preview:-1"},"canonical":"https:\/\/newsestlyonnais.fr\/site\/2019\/02\/14\/est-lyonnais-tous-en-salle-avec-le-grac-du-16-fevrier-au-3-mars-2019\/","og_locale":"fr_FR","og_type":"article","og_title":"EST-LYONNAIS | \" TOUS EN SALLE \" avec le GRAC du 16 f\u00e9vrier au 3 mars 2019 - News Est Lyonnais est-lyonnais-tous-en-salle-avec-le-grac-du-16-fevrier-au-3-mars-2019","og_description":"est-lyonnais-tous-en-salle-avec-le-grac-du-16-fevrier-au-3-mars-2019","og_url":"https:\/\/newsestlyonnais.fr\/site\/2019\/02\/14\/est-lyonnais-tous-en-salle-avec-le-grac-du-16-fevrier-au-3-mars-2019\/","og_site_name":"News Est Lyonnais","article_author":"https:\/\/www.facebook.com\/pascal.oberson.1?fref=ts","article_published_time":"2019-02-14T05:21:46+00:00","article_modified_time":"2020-11-06T05:33:13+00:00","author":"R\u00e9dac. NEWS","twitter_card":"summary_large_image","twitter_misc":{"\u00c9crit par":"R\u00e9dac. NEWS","Dur\u00e9e de lecture estim\u00e9e":"1 minute"},"schema":{"@context":"https:\/\/schema.org","@graph":[{"@type":"Article","@id":"https:\/\/newsestlyonnais.fr\/site\/2019\/02\/14\/est-lyonnais-tous-en-salle-avec-le-grac-du-16-fevrier-au-3-mars-2019\/#article","isPartOf":{"@id":"https:\/\/newsestlyonnais.fr\/site\/2019\/02\/14\/est-lyonnais-tous-en-salle-avec-le-grac-du-16-fevrier-au-3-mars-2019\/"},"author":{"name":"R\u00e9dac. NEWS","@id":"https:\/\/newsestlyonnais.fr\/site\/#\/schema\/person\/3230d5615f390bb808365d673001e887"},"headline":"EST-LYONNAIS | \u00a0\u00bb TOUS EN SALLE \u00a0\u00bb avec le GRAC du 16 f\u00e9vrier au 3 mars 2019","datePublished":"2019-02-14T05:21:46+00:00","dateModified":"2020-11-06T05:33:13+00:00","mainEntityOfPage":{"@id":"https:\/\/newsestlyonnais.fr\/site\/2019\/02\/14\/est-lyonnais-tous-en-salle-avec-le-grac-du-16-fevrier-au-3-mars-2019\/"},"wordCount":254,"commentCount":0,"publisher":{"@id":"https:\/\/newsestlyonnais.fr\/site\/#organization"},"keywords":["CINEMA","GRAC","TOUS EN SALLE"],"articleSection":["Bron","Caluire","Cin\u00e9 | Radio | Th\u00e9\u00e2tre","D\u00e9cines-Charpieu","Lyon","Mions","Rillieux-la-Pape","Saint-Priest","Vaulx-en-Velin","V\u00e9nissieux","Villeurbanne"],"inLanguage":"fr-FR","potentialAction":[{"@type":"CommentAction","name":"Comment","target":["https:\/\/newsestlyonnais.fr\/site\/2019\/02\/14\/est-lyonnais-tous-en-salle-avec-le-grac-du-16-fevrier-au-3-mars-2019\/#respond"]}]},{"@type":"WebPage","@id":"https:\/\/newsestlyonnais.fr\/site\/2019\/02\/14\/est-lyonnais-tous-en-salle-avec-le-grac-du-16-fevrier-au-3-mars-2019\/","url":"https:\/\/newsestlyonnais.fr\/site\/2019\/02\/14\/est-lyonnais-tous-en-salle-avec-le-grac-du-16-fevrier-au-3-mars-2019\/","name":"EST-LYONNAIS | \" TOUS EN SALLE \" avec le GRAC du 16 f\u00e9vrier au 3 mars 2019 - News Est Lyonnais est-lyonnais-tous-en-salle-avec-le-grac-du-16-fevrier-au-3-mars-2019","isPartOf":{"@id":"https:\/\/newsestlyonnais.fr\/site\/#website"},"datePublished":"2019-02-14T05:21:46+00:00","dateModified":"2020-11-06T05:33:13+00:00","description":"est-lyonnais-tous-en-salle-avec-le-grac-du-16-fevrier-au-3-mars-2019","breadcrumb":{"@id":"https:\/\/newsestlyonnais.fr\/site\/2019\/02\/14\/est-lyonnais-tous-en-salle-avec-le-grac-du-16-fevrier-au-3-mars-2019\/#breadcrumb"},"inLanguage":"fr-FR","potentialAction":[{"@type":"ReadAction","target":["https:\/\/newsestlyonnais.fr\/site\/2019\/02\/14\/est-lyonnais-tous-en-salle-avec-le-grac-du-16-fevrier-au-3-mars-2019\/"]}]},{"@type":"BreadcrumbList","@id":"https:\/\/newsestlyonnais.fr\/site\/2019\/02\/14\/est-lyonnais-tous-en-salle-avec-le-grac-du-16-fevrier-au-3-mars-2019\/#breadcrumb","itemListElement":[{"@type":"ListItem","position":1,"name":"Accueil","item":"https:\/\/newsestlyonnais.fr\/site\/"},{"@type":"ListItem","position":2,"name":"EST-LYONNAIS | \u00a0\u00bb TOUS EN SALLE \u00a0\u00bb avec le GRAC du 16 f\u00e9vrier au 3 mars 2019"}]},{"@type":"WebSite","@id":"https:\/\/newsestlyonnais.fr\/site\/#website","url":"https:\/\/newsestlyonnais.fr\/site\/","name":"News Est Lyonnais","description":"L&#039;actualit\u00e9 au plus pr\u00e8s","publisher":{"@id":"https:\/\/newsestlyonnais.fr\/site\/#organization"},"potentialAction":[{"@type":"SearchAction","target":{"@type":"EntryPoint","urlTemplate":"https:\/\/newsestlyonnais.fr\/site\/?s={search_term_string}"},"query-input":{"@type":"PropertyValueSpecification","valueRequired":true,"valueName":"search_term_string"}}],"inLanguage":"fr-FR"},{"@type":"Organization","@id":"https:\/\/newsestlyonnais.fr\/site\/#organization","name":"News EST LYONNAIS","url":"https:\/\/newsestlyonnais.fr\/site\/","logo":{"@type":"ImageObject","inLanguage":"fr-FR","@id":"https:\/\/newsestlyonnais.fr\/site\/#\/schema\/logo\/image\/","url":"","contentUrl":"","caption":"News EST LYONNAIS"},"image":{"@id":"https:\/\/newsestlyonnais.fr\/site\/#\/schema\/logo\/image\/"}},{"@type":"Person","@id":"https:\/\/newsestlyonnais.fr\/site\/#\/schema\/person\/3230d5615f390bb808365d673001e887","name":"R\u00e9dac. NEWS","sameAs":["http:\/\/www.newsestlyonnais.fr","https:\/\/www.facebook.com\/pascal.oberson.1?fref=ts","https:\/\/fr.linkedin.com\/in\/pascal-oberson-b17045113"],"url":"https:\/\/newsestlyonnais.fr\/site\/author\/nel\/"}]}},"_links":{"self":[{"href":"https:\/\/newsestlyonnais.fr\/site\/wp-json\/wp\/v2\/posts\/66591","targetHints":{"allow":["GET"]}}],"collection":[{"href":"https:\/\/newsestlyonnais.fr\/site\/wp-json\/wp\/v2\/posts"}],"about":[{"href":"https:\/\/newsestlyonnais.fr\/site\/wp-json\/wp\/v2\/types\/post"}],"author":[{"embeddable":true,"href":"https:\/\/newsestlyonnais.fr\/site\/wp-json\/wp\/v2\/users\/4"}],"replies":[{"embeddable":true,"href":"https:\/\/newsestlyonnais.fr\/site\/wp-json\/wp\/v2\/comments?post=66591"}],"version-history":[{"count":0,"href":"https:\/\/newsestlyonnais.fr\/site\/wp-json\/wp\/v2\/posts\/66591\/revisions"}],"wp:attachment":[{"href":"https:\/\/newsestlyonnais.fr\/site\/wp-json\/wp\/v2\/media?parent=66591"}],"wp:term":[{"taxonomy":"category","embeddable":true,"href":"https:\/\/newsestlyonnais.fr\/site\/wp-json\/wp\/v2\/categories?post=66591"},{"taxonomy":"post_tag","embeddable":true,"href":"https:\/\/newsestlyonnais.fr\/site\/wp-json\/wp\/v2\/tags?post=66591"}],"curies":[{"name":"wp","href":"https:\/\/api.w.org\/{rel}","templated":true}]}}