{"id":66613,"date":"2019-02-14T07:03:27","date_gmt":"2019-02-14T06:03:27","guid":{"rendered":"http:\/\/newsestlyonnais.fr\/site\/?p=66613"},"modified":"2020-11-12T09:48:58","modified_gmt":"2020-11-12T08:48:58","slug":"lyon-elections-europeennes-devenez-assesseur-dun-bureau-de-vote","status":"publish","type":"post","link":"https:\/\/newsestlyonnais.fr\/site\/2019\/02\/14\/lyon-elections-europeennes-devenez-assesseur-dun-bureau-de-vote\/","title":{"rendered":"LYON | Elections europ\u00e9ennes &lt; devenez assesseur d&#039;un bureau de vote"},"content":{"rendered":"<div class=\"field field--name-field-content field--type-entity-reference-revisions field--label-visually_hidden\">\n<div class=\"field__items\">\n<div class=\"field--item\">\n<div class=\"paragraph paragraph--type--text-block paragraph--view-mode--default\">\n<div class=\"field field--name-field-content field--type-text-long field--label-visually_hidden\">\n<div class=\"field--item\">\n<p><strong>Le 26 mai prochain auront lieu les \u00e9lections europ\u00e9ennes. <\/strong>En mars 2020, ce sera le tour des scrutins municipaux et m\u00e9tropolitains. Comme pour chaque commune fran\u00e7aise, la Ville de Lyon a obligation d\u2019organiser ces \u00e9lections sur son territoire et, pour ce faire, lance une campagne de recrutements d\u2019assesseurs.<\/p>\n<p>B\u00e9n\u00e9vole, cette fonction est un rouage essentiel dans l\u2019expression du suffrage universel et, donc, de la d\u00e9mocratie. Les assesseurs, ils sont en g\u00e9n\u00e9ral deux par bureau de vote, contr\u00f4lent et font signer les listes d\u2019\u00e9margement, apposent les timbres portant la date du scrutin sur les cartes \u00e9lectorales et peuvent, \u00e0 sa demande, suppl\u00e9er le pr\u00e9sident dans le contr\u00f4le d\u2019identit\u00e9 et la tenue de l\u2019urne. Ils sont \u00e9galement pr\u00e9sents lors du d\u00e9pouillement.<\/p>\n<p>___________________________________________________________________________________<\/p>\n<p><strong>Pour remplir cette fonction, il faut imp\u00e9rativement \u00eatre \u00e9lecteur \u00e0 Lyon. Si vous souhaitez devenir assesseur, il suffit de vous inscrire en ligne en utilisant le formulaire ci-dessous : <a href=\"https:\/\/www.lyon.fr\/form\/inscription-pour-les-assesseurs\" target=\"_blank\" rel=\"noopener noreferrer\">https:\/\/www.lyon.fr\/form\/inscription-pour-les-assesseurs<\/a><br \/>\n<\/strong><\/p>\n<ul>\n<li><strong>Date limite pour s&rsquo;inscrire : mardi 30 avril 2019.<br \/>\n<\/strong><\/li>\n<\/ul>\n<p><span style=\"text-decoration: underline\"><em><strong>NOTA<\/strong> <\/em><\/span>: La Ville de Lyon dispensera une formation \u00e0 tous les volontaires.<\/p>\n<p>&nbsp;<\/p>\n<\/div>\n<\/div>\n<\/div>\n<\/div>\n<\/div>\n<\/div>\n","protected":false},"excerpt":{"rendered":"<p>La Ville de Lyon lance une campagne de recrutements d&rsquo;assesseurs b\u00e9n\u00e9voles pour les \u00e9lections europ\u00e9ennes.<\/p>\n","protected":false},"author":4,"featured_media":8840,"comment_status":"open","ping_status":"open","sticky":false,"template":"","format":"standard","meta":{"footnotes":""},"categories":[3334,1625,309],"tags":[2354,2077,2353],"class_list":["post-66613","post","type-post","status-publish","format-standard","has-post-thumbnail","hentry","category-conseils-municipaux-elections-voeux","category-lyon","category-pratique","tag-elections","tag-lyon","tag-vote"],"yoast_head":"<!-- This site is optimized with the Yoast SEO plugin v27.2 - https:\/\/yoast.com\/product\/yoast-seo-wordpress\/ -->\n<title>LYON | Elections europ\u00e9ennes &lt; devenez assesseur d&#039;un bureau de vote - News Est Lyonnais lyon-devenez-assesseur-dans-lun-des-bureaux-de-vote-pour-les-elections-europeennes<\/title>\n<meta name=\"description\" content=\"LYON | Elections europ\u00e9ennes &lt; devenez assesseur d&#039;un bureau de vote\" \/>\n<meta name=\"robots\" content=\"index, follow, max-snippet:-1, max-image-preview:large, max-video-preview:-1\" \/>\n<link rel=\"canonical\" href=\"https:\/\/newsestlyonnais.fr\/site\/2019\/02\/14\/lyon-elections-europeennes-devenez-assesseur-dun-bureau-de-vote\/\" \/>\n<meta property=\"og:locale\" content=\"fr_FR\" \/>\n<meta property=\"og:type\" content=\"article\" \/>\n<meta property=\"og:title\" content=\"LYON | Elections europ\u00e9ennes &lt; devenez assesseur d&#039;un bureau de vote - News Est Lyonnais lyon-devenez-assesseur-dans-lun-des-bureaux-de-vote-pour-les-elections-europeennes\" \/>\n<meta property=\"og:description\" content=\"LYON | Elections europ\u00e9ennes &lt; devenez assesseur d&#039;un bureau de vote\" \/>\n<meta property=\"og:url\" content=\"https:\/\/newsestlyonnais.fr\/site\/2019\/02\/14\/lyon-elections-europeennes-devenez-assesseur-dun-bureau-de-vote\/\" \/>\n<meta property=\"og:site_name\" content=\"News Est Lyonnais\" \/>\n<meta property=\"article:author\" content=\"https:\/\/www.facebook.com\/pascal.oberson.1?fref=ts\" \/>\n<meta property=\"article:published_time\" content=\"2019-02-14T06:03:27+00:00\" \/>\n<meta property=\"article:modified_time\" content=\"2020-11-12T08:48:58+00:00\" \/>\n<meta property=\"og:image\" content=\"https:\/\/i1.wp.com\/newsestlyonnais.fr\/site\/wp-content\/uploads\/2016\/06\/NEWSESTLYONNAIS-LYON-PANNEAUP1100180.jpg?fit=1000%2C750&ssl=1\" \/>\n\t<meta property=\"og:image:width\" content=\"1000\" \/>\n\t<meta property=\"og:image:height\" content=\"750\" \/>\n\t<meta property=\"og:image:type\" content=\"image\/jpeg\" \/>\n<meta name=\"author\" content=\"R\u00e9dac. NEWS\" \/>\n<meta name=\"twitter:card\" content=\"summary_large_image\" \/>\n<meta name=\"twitter:label1\" content=\"\u00c9crit par\" \/>\n\t<meta name=\"twitter:data1\" content=\"R\u00e9dac. NEWS\" \/>\n\t<meta name=\"twitter:label2\" content=\"Dur\u00e9e de lecture estim\u00e9e\" \/>\n\t<meta name=\"twitter:data2\" content=\"1 minute\" \/>\n<script type=\"application\/ld+json\" class=\"yoast-schema-graph\">{\"@context\":\"https:\/\/schema.org\",\"@graph\":[{\"@type\":\"Article\",\"@id\":\"https:\/\/newsestlyonnais.fr\/site\/2019\/02\/14\/lyon-elections-europeennes-devenez-assesseur-dun-bureau-de-vote\/#article\",\"isPartOf\":{\"@id\":\"https:\/\/newsestlyonnais.fr\/site\/2019\/02\/14\/lyon-elections-europeennes-devenez-assesseur-dun-bureau-de-vote\/\"},\"author\":{\"name\":\"R\u00e9dac. NEWS\",\"@id\":\"https:\/\/newsestlyonnais.fr\/site\/#\/schema\/person\/3230d5615f390bb808365d673001e887\"},\"headline\":\"LYON | Elections europ\u00e9ennes &lt; devenez assesseur d&#039;un bureau de vote\",\"datePublished\":\"2019-02-14T06:03:27+00:00\",\"dateModified\":\"2020-11-12T08:48:58+00:00\",\"mainEntityOfPage\":{\"@id\":\"https:\/\/newsestlyonnais.fr\/site\/2019\/02\/14\/lyon-elections-europeennes-devenez-assesseur-dun-bureau-de-vote\/\"},\"wordCount\":201,\"commentCount\":0,\"publisher\":{\"@id\":\"https:\/\/newsestlyonnais.fr\/site\/#organization\"},\"image\":{\"@id\":\"https:\/\/newsestlyonnais.fr\/site\/2019\/02\/14\/lyon-elections-europeennes-devenez-assesseur-dun-bureau-de-vote\/#primaryimage\"},\"thumbnailUrl\":\"https:\/\/newsestlyonnais.fr\/site\/wp-content\/uploads\/2016\/06\/NEWSESTLYONNAIS-LYON-PANNEAUP1100180.jpg\",\"keywords\":[\"ELECTIONS\",\"LYON\",\"VOTE\"],\"articleSection\":[\"Conseils Municipaux | Elections | Voeux\",\"Lyon\",\"Pratique\"],\"inLanguage\":\"fr-FR\",\"potentialAction\":[{\"@type\":\"CommentAction\",\"name\":\"Comment\",\"target\":[\"https:\/\/newsestlyonnais.fr\/site\/2019\/02\/14\/lyon-elections-europeennes-devenez-assesseur-dun-bureau-de-vote\/#respond\"]}]},{\"@type\":\"WebPage\",\"@id\":\"https:\/\/newsestlyonnais.fr\/site\/2019\/02\/14\/lyon-elections-europeennes-devenez-assesseur-dun-bureau-de-vote\/\",\"url\":\"https:\/\/newsestlyonnais.fr\/site\/2019\/02\/14\/lyon-elections-europeennes-devenez-assesseur-dun-bureau-de-vote\/\",\"name\":\"LYON | Elections europ\u00e9ennes &lt; devenez assesseur d&#039;un bureau de vote - News Est Lyonnais lyon-devenez-assesseur-dans-lun-des-bureaux-de-vote-pour-les-elections-europeennes\",\"isPartOf\":{\"@id\":\"https:\/\/newsestlyonnais.fr\/site\/#website\"},\"primaryImageOfPage\":{\"@id\":\"https:\/\/newsestlyonnais.fr\/site\/2019\/02\/14\/lyon-elections-europeennes-devenez-assesseur-dun-bureau-de-vote\/#primaryimage\"},\"image\":{\"@id\":\"https:\/\/newsestlyonnais.fr\/site\/2019\/02\/14\/lyon-elections-europeennes-devenez-assesseur-dun-bureau-de-vote\/#primaryimage\"},\"thumbnailUrl\":\"https:\/\/newsestlyonnais.fr\/site\/wp-content\/uploads\/2016\/06\/NEWSESTLYONNAIS-LYON-PANNEAUP1100180.jpg\",\"datePublished\":\"2019-02-14T06:03:27+00:00\",\"dateModified\":\"2020-11-12T08:48:58+00:00\",\"description\":\"LYON | Elections europ\u00e9ennes &lt; devenez assesseur d&#039;un bureau de vote\",\"breadcrumb\":{\"@id\":\"https:\/\/newsestlyonnais.fr\/site\/2019\/02\/14\/lyon-elections-europeennes-devenez-assesseur-dun-bureau-de-vote\/#breadcrumb\"},\"inLanguage\":\"fr-FR\",\"potentialAction\":[{\"@type\":\"ReadAction\",\"target\":[\"https:\/\/newsestlyonnais.fr\/site\/2019\/02\/14\/lyon-elections-europeennes-devenez-assesseur-dun-bureau-de-vote\/\"]}]},{\"@type\":\"ImageObject\",\"inLanguage\":\"fr-FR\",\"@id\":\"https:\/\/newsestlyonnais.fr\/site\/2019\/02\/14\/lyon-elections-europeennes-devenez-assesseur-dun-bureau-de-vote\/#primaryimage\",\"url\":\"https:\/\/newsestlyonnais.fr\/site\/wp-content\/uploads\/2016\/06\/NEWSESTLYONNAIS-LYON-PANNEAUP1100180.jpg\",\"contentUrl\":\"https:\/\/newsestlyonnais.fr\/site\/wp-content\/uploads\/2016\/06\/NEWSESTLYONNAIS-LYON-PANNEAUP1100180.jpg\",\"width\":1000,\"height\":750,\"caption\":\"NEWSESTLYONNAIS - LYON PANNEAU\"},{\"@type\":\"BreadcrumbList\",\"@id\":\"https:\/\/newsestlyonnais.fr\/site\/2019\/02\/14\/lyon-elections-europeennes-devenez-assesseur-dun-bureau-de-vote\/#breadcrumb\",\"itemListElement\":[{\"@type\":\"ListItem\",\"position\":1,\"name\":\"Accueil\",\"item\":\"https:\/\/newsestlyonnais.fr\/site\/\"},{\"@type\":\"ListItem\",\"position\":2,\"name\":\"LYON | Elections europ\u00e9ennes &lt; devenez assesseur d&#039;un bureau de vote\"}]},{\"@type\":\"WebSite\",\"@id\":\"https:\/\/newsestlyonnais.fr\/site\/#website\",\"url\":\"https:\/\/newsestlyonnais.fr\/site\/\",\"name\":\"News Est Lyonnais\",\"description\":\"L&#039;actualit\u00e9 au plus pr\u00e8s\",\"publisher\":{\"@id\":\"https:\/\/newsestlyonnais.fr\/site\/#organization\"},\"potentialAction\":[{\"@type\":\"SearchAction\",\"target\":{\"@type\":\"EntryPoint\",\"urlTemplate\":\"https:\/\/newsestlyonnais.fr\/site\/?s={search_term_string}\"},\"query-input\":{\"@type\":\"PropertyValueSpecification\",\"valueRequired\":true,\"valueName\":\"search_term_string\"}}],\"inLanguage\":\"fr-FR\"},{\"@type\":\"Organization\",\"@id\":\"https:\/\/newsestlyonnais.fr\/site\/#organization\",\"name\":\"News EST LYONNAIS\",\"url\":\"https:\/\/newsestlyonnais.fr\/site\/\",\"logo\":{\"@type\":\"ImageObject\",\"inLanguage\":\"fr-FR\",\"@id\":\"https:\/\/newsestlyonnais.fr\/site\/#\/schema\/logo\/image\/\",\"url\":\"\",\"contentUrl\":\"\",\"caption\":\"News EST LYONNAIS\"},\"image\":{\"@id\":\"https:\/\/newsestlyonnais.fr\/site\/#\/schema\/logo\/image\/\"}},{\"@type\":\"Person\",\"@id\":\"https:\/\/newsestlyonnais.fr\/site\/#\/schema\/person\/3230d5615f390bb808365d673001e887\",\"name\":\"R\u00e9dac. NEWS\",\"sameAs\":[\"http:\/\/www.newsestlyonnais.fr\",\"https:\/\/www.facebook.com\/pascal.oberson.1?fref=ts\",\"https:\/\/fr.linkedin.com\/in\/pascal-oberson-b17045113\"],\"url\":\"https:\/\/newsestlyonnais.fr\/site\/author\/nel\/\"}]}<\/script>\n<!-- \/ Yoast SEO plugin. -->","yoast_head_json":{"title":"LYON | Elections europ\u00e9ennes &lt; devenez assesseur d&#039;un bureau de vote - News Est Lyonnais lyon-devenez-assesseur-dans-lun-des-bureaux-de-vote-pour-les-elections-europeennes","description":"LYON | Elections europ\u00e9ennes &lt; devenez assesseur d&#039;un bureau de vote","robots":{"index":"index","follow":"follow","max-snippet":"max-snippet:-1","max-image-preview":"max-image-preview:large","max-video-preview":"max-video-preview:-1"},"canonical":"https:\/\/newsestlyonnais.fr\/site\/2019\/02\/14\/lyon-elections-europeennes-devenez-assesseur-dun-bureau-de-vote\/","og_locale":"fr_FR","og_type":"article","og_title":"LYON | Elections europ\u00e9ennes &lt; devenez assesseur d&#039;un bureau de vote - News Est Lyonnais lyon-devenez-assesseur-dans-lun-des-bureaux-de-vote-pour-les-elections-europeennes","og_description":"LYON | Elections europ\u00e9ennes &lt; devenez assesseur d&#039;un bureau de vote","og_url":"https:\/\/newsestlyonnais.fr\/site\/2019\/02\/14\/lyon-elections-europeennes-devenez-assesseur-dun-bureau-de-vote\/","og_site_name":"News Est Lyonnais","article_author":"https:\/\/www.facebook.com\/pascal.oberson.1?fref=ts","article_published_time":"2019-02-14T06:03:27+00:00","article_modified_time":"2020-11-12T08:48:58+00:00","og_image":[{"width":1000,"height":750,"url":"https:\/\/i1.wp.com\/newsestlyonnais.fr\/site\/wp-content\/uploads\/2016\/06\/NEWSESTLYONNAIS-LYON-PANNEAUP1100180.jpg?fit=1000%2C750&ssl=1","type":"image\/jpeg"}],"author":"R\u00e9dac. NEWS","twitter_card":"summary_large_image","twitter_misc":{"\u00c9crit par":"R\u00e9dac. NEWS","Dur\u00e9e de lecture estim\u00e9e":"1 minute"},"schema":{"@context":"https:\/\/schema.org","@graph":[{"@type":"Article","@id":"https:\/\/newsestlyonnais.fr\/site\/2019\/02\/14\/lyon-elections-europeennes-devenez-assesseur-dun-bureau-de-vote\/#article","isPartOf":{"@id":"https:\/\/newsestlyonnais.fr\/site\/2019\/02\/14\/lyon-elections-europeennes-devenez-assesseur-dun-bureau-de-vote\/"},"author":{"name":"R\u00e9dac. NEWS","@id":"https:\/\/newsestlyonnais.fr\/site\/#\/schema\/person\/3230d5615f390bb808365d673001e887"},"headline":"LYON | Elections europ\u00e9ennes &lt; devenez assesseur d&#039;un bureau de vote","datePublished":"2019-02-14T06:03:27+00:00","dateModified":"2020-11-12T08:48:58+00:00","mainEntityOfPage":{"@id":"https:\/\/newsestlyonnais.fr\/site\/2019\/02\/14\/lyon-elections-europeennes-devenez-assesseur-dun-bureau-de-vote\/"},"wordCount":201,"commentCount":0,"publisher":{"@id":"https:\/\/newsestlyonnais.fr\/site\/#organization"},"image":{"@id":"https:\/\/newsestlyonnais.fr\/site\/2019\/02\/14\/lyon-elections-europeennes-devenez-assesseur-dun-bureau-de-vote\/#primaryimage"},"thumbnailUrl":"https:\/\/newsestlyonnais.fr\/site\/wp-content\/uploads\/2016\/06\/NEWSESTLYONNAIS-LYON-PANNEAUP1100180.jpg","keywords":["ELECTIONS","LYON","VOTE"],"articleSection":["Conseils Municipaux | Elections | Voeux","Lyon","Pratique"],"inLanguage":"fr-FR","potentialAction":[{"@type":"CommentAction","name":"Comment","target":["https:\/\/newsestlyonnais.fr\/site\/2019\/02\/14\/lyon-elections-europeennes-devenez-assesseur-dun-bureau-de-vote\/#respond"]}]},{"@type":"WebPage","@id":"https:\/\/newsestlyonnais.fr\/site\/2019\/02\/14\/lyon-elections-europeennes-devenez-assesseur-dun-bureau-de-vote\/","url":"https:\/\/newsestlyonnais.fr\/site\/2019\/02\/14\/lyon-elections-europeennes-devenez-assesseur-dun-bureau-de-vote\/","name":"LYON | Elections europ\u00e9ennes &lt; devenez assesseur d&#039;un bureau de vote - News Est Lyonnais lyon-devenez-assesseur-dans-lun-des-bureaux-de-vote-pour-les-elections-europeennes","isPartOf":{"@id":"https:\/\/newsestlyonnais.fr\/site\/#website"},"primaryImageOfPage":{"@id":"https:\/\/newsestlyonnais.fr\/site\/2019\/02\/14\/lyon-elections-europeennes-devenez-assesseur-dun-bureau-de-vote\/#primaryimage"},"image":{"@id":"https:\/\/newsestlyonnais.fr\/site\/2019\/02\/14\/lyon-elections-europeennes-devenez-assesseur-dun-bureau-de-vote\/#primaryimage"},"thumbnailUrl":"https:\/\/newsestlyonnais.fr\/site\/wp-content\/uploads\/2016\/06\/NEWSESTLYONNAIS-LYON-PANNEAUP1100180.jpg","datePublished":"2019-02-14T06:03:27+00:00","dateModified":"2020-11-12T08:48:58+00:00","description":"LYON | Elections europ\u00e9ennes &lt; devenez assesseur d&#039;un bureau de vote","breadcrumb":{"@id":"https:\/\/newsestlyonnais.fr\/site\/2019\/02\/14\/lyon-elections-europeennes-devenez-assesseur-dun-bureau-de-vote\/#breadcrumb"},"inLanguage":"fr-FR","potentialAction":[{"@type":"ReadAction","target":["https:\/\/newsestlyonnais.fr\/site\/2019\/02\/14\/lyon-elections-europeennes-devenez-assesseur-dun-bureau-de-vote\/"]}]},{"@type":"ImageObject","inLanguage":"fr-FR","@id":"https:\/\/newsestlyonnais.fr\/site\/2019\/02\/14\/lyon-elections-europeennes-devenez-assesseur-dun-bureau-de-vote\/#primaryimage","url":"https:\/\/newsestlyonnais.fr\/site\/wp-content\/uploads\/2016\/06\/NEWSESTLYONNAIS-LYON-PANNEAUP1100180.jpg","contentUrl":"https:\/\/newsestlyonnais.fr\/site\/wp-content\/uploads\/2016\/06\/NEWSESTLYONNAIS-LYON-PANNEAUP1100180.jpg","width":1000,"height":750,"caption":"NEWSESTLYONNAIS - LYON PANNEAU"},{"@type":"BreadcrumbList","@id":"https:\/\/newsestlyonnais.fr\/site\/2019\/02\/14\/lyon-elections-europeennes-devenez-assesseur-dun-bureau-de-vote\/#breadcrumb","itemListElement":[{"@type":"ListItem","position":1,"name":"Accueil","item":"https:\/\/newsestlyonnais.fr\/site\/"},{"@type":"ListItem","position":2,"name":"LYON | Elections europ\u00e9ennes &lt; devenez assesseur d&#039;un bureau de vote"}]},{"@type":"WebSite","@id":"https:\/\/newsestlyonnais.fr\/site\/#website","url":"https:\/\/newsestlyonnais.fr\/site\/","name":"News Est Lyonnais","description":"L&#039;actualit\u00e9 au plus pr\u00e8s","publisher":{"@id":"https:\/\/newsestlyonnais.fr\/site\/#organization"},"potentialAction":[{"@type":"SearchAction","target":{"@type":"EntryPoint","urlTemplate":"https:\/\/newsestlyonnais.fr\/site\/?s={search_term_string}"},"query-input":{"@type":"PropertyValueSpecification","valueRequired":true,"valueName":"search_term_string"}}],"inLanguage":"fr-FR"},{"@type":"Organization","@id":"https:\/\/newsestlyonnais.fr\/site\/#organization","name":"News EST LYONNAIS","url":"https:\/\/newsestlyonnais.fr\/site\/","logo":{"@type":"ImageObject","inLanguage":"fr-FR","@id":"https:\/\/newsestlyonnais.fr\/site\/#\/schema\/logo\/image\/","url":"","contentUrl":"","caption":"News EST LYONNAIS"},"image":{"@id":"https:\/\/newsestlyonnais.fr\/site\/#\/schema\/logo\/image\/"}},{"@type":"Person","@id":"https:\/\/newsestlyonnais.fr\/site\/#\/schema\/person\/3230d5615f390bb808365d673001e887","name":"R\u00e9dac. NEWS","sameAs":["http:\/\/www.newsestlyonnais.fr","https:\/\/www.facebook.com\/pascal.oberson.1?fref=ts","https:\/\/fr.linkedin.com\/in\/pascal-oberson-b17045113"],"url":"https:\/\/newsestlyonnais.fr\/site\/author\/nel\/"}]}},"_links":{"self":[{"href":"https:\/\/newsestlyonnais.fr\/site\/wp-json\/wp\/v2\/posts\/66613","targetHints":{"allow":["GET"]}}],"collection":[{"href":"https:\/\/newsestlyonnais.fr\/site\/wp-json\/wp\/v2\/posts"}],"about":[{"href":"https:\/\/newsestlyonnais.fr\/site\/wp-json\/wp\/v2\/types\/post"}],"author":[{"embeddable":true,"href":"https:\/\/newsestlyonnais.fr\/site\/wp-json\/wp\/v2\/users\/4"}],"replies":[{"embeddable":true,"href":"https:\/\/newsestlyonnais.fr\/site\/wp-json\/wp\/v2\/comments?post=66613"}],"version-history":[{"count":0,"href":"https:\/\/newsestlyonnais.fr\/site\/wp-json\/wp\/v2\/posts\/66613\/revisions"}],"wp:featuredmedia":[{"embeddable":true,"href":"https:\/\/newsestlyonnais.fr\/site\/wp-json\/wp\/v2\/media\/8840"}],"wp:attachment":[{"href":"https:\/\/newsestlyonnais.fr\/site\/wp-json\/wp\/v2\/media?parent=66613"}],"wp:term":[{"taxonomy":"category","embeddable":true,"href":"https:\/\/newsestlyonnais.fr\/site\/wp-json\/wp\/v2\/categories?post=66613"},{"taxonomy":"post_tag","embeddable":true,"href":"https:\/\/newsestlyonnais.fr\/site\/wp-json\/wp\/v2\/tags?post=66613"}],"curies":[{"name":"wp","href":"https:\/\/api.w.org\/{rel}","templated":true}]}}