{"id":66734,"date":"2019-02-15T12:39:35","date_gmt":"2019-02-15T11:39:35","guid":{"rendered":"http:\/\/newsestlyonnais.fr\/site\/?p=66734"},"modified":"2020-10-24T11:00:49","modified_gmt":"2020-10-24T10:00:49","slug":"bron-les-manifestations-prevues-sur-la-commune-jusqua-fin-fevrier-2019","status":"publish","type":"post","link":"https:\/\/newsestlyonnais.fr\/site\/2019\/02\/15\/bron-les-manifestations-prevues-sur-la-commune-jusqua-fin-fevrier-2019\/","title":{"rendered":"BRON | Les manifestations de f\u00e9vrier"},"content":{"rendered":"<h4>Plusieurs \u00e9v\u00e8nements et manifestations se d\u00e9rouleront sur la commune durant cette p\u00e9riode, \u00e0 savoir :<\/h4>\n<ul>\n<li><strong>Vendredi 15 f\u00e9vrier de 17 h \u00e0 19 h<\/strong> : <span style=\"text-decoration: underline;\">Caf\u00e9 R\u00e9paration<\/span>. Venez apprendre \u00e0 r\u00e9parer vos objets avec les b\u00e9n\u00e9voles de l\u2019Association R\u00e9ussir l\u2019Insertion \u00e0 Bron. (Maison de Quartier des Gen\u00eats).<\/li>\n<li><strong>Du Vendredi 15 au Dimanche 17 F\u00e9vrier<\/strong> : <span style=\"text-decoration: underline;\">12\u00b0 Meeting national de natation<\/span> organis\u00e9 par l\u2019EMS Bron Natation. (Centre nautique Andr\u00e9 Sousi).<\/li>\n<li><strong>Jusqu&rsquo;au 16 f\u00e9vrier<\/strong> : <span style=\"text-decoration: underline;\">Le cin\u00e9ma mythique fran\u00e7ais par le photographe Daniel Frasnay<\/span>. Exposition \u00e0 d\u00e9couvrir \u00e0 la M\u00e9diath\u00e8que, en marge du festival \u201cDr\u00f4le d\u2019endroit pour des rencontres\u201d avec une s\u00e9lection \u00e9mouvante de photos de Daniel Frasnay qui a longtemps fr\u00e9quent\u00e9 les plateaux de tournage fran\u00e7ais des ann\u00e9es 50-60. (Galerie de la m\u00e9diath\u00e8que Jean Pr\u00e9vost).<\/li>\n<li><strong>Du samedi 16 f\u00e9vrier au samedi 2 mars<\/strong> :<span style=\"text-decoration: underline;\"> C\u00e9l\u00e9BRON, c&rsquo;est parti ! <\/span>Venez participer \u00e0 la cr\u00e9ation de cet \u00e9v\u00e9nement, rendez-vous artistique et culturel connu pour ses spectacles de rue de qualit\u00e9. Au programme en f\u00e9vrier : <strong>un atelier th\u00e9\u00e2tre le 16 f\u00e9vrier<\/strong> et<strong> 3 ateliers spectacle<\/strong> vivant pendant les vacances du 25 f\u00e9vrier au 2 mars au centre social G\u00e9rard Philipe. Le tout avec une nouvelle compagnie : l&rsquo;Agence Monik L\u00e9Zart.<\/li>\n<li><strong>Du lundi 18 au mercredi 20 f\u00e9vrier<\/strong> : <span style=\"text-decoration: underline;\">Stage de th\u00e9\u00e2tre de 14 h \u00e0 17 h<\/span> : \u00e0 P\u00f4le Pik pour les 10-14 ans. (P\u00f4le en Sc\u00e8nes, 2 rue Paul Pic).<\/li>\n<li><strong>Du mardi 19 f\u00e9vrier au vendredi 22 f\u00e9vrier de 14 h \u00e0 16 h <\/strong><span style=\"text-decoration: underline;\">: Stage enfants\/ados.<\/span>\u00a0 \u00c0 partir de 8 ans. Le th\u00e8me ? Cr\u00e9e ta manette ! (Cyber-base).<strong><br \/>\n<\/strong><\/li>\n<li><strong>Jusqu&rsquo;au 22 f\u00e9vrier<\/strong> :\u00a0<span style=\"text-decoration: underline;\">Impressions libres <\/span>: d\u00e9couvrez le talent des peintres du Vinatier avec cette exposition. (la Ferme du Vinatier).<\/li>\n<li><strong>Du 26 f\u00e9vrier au 1\u00b0 mars<\/strong> : <span style=\"text-decoration: underline;\">F\u00eate du Livre de 14 h \u00e0 16 h <\/span>: atelier mapping sauvage. \u00c0 partir de 12 ans (ou \u00e0 partir de 6 ans accompagn\u00e9 d\u2019un adulte). (Cyber-base).<\/li>\n<\/ul>\n<hr \/>\n<h4><strong>L\u2019ACTU de la commune est \u00e0 retrouver sur : <a href=\"https:\/\/www.ville-bron.fr\" target=\"_blank\" rel=\"noopener noreferrer\">https:\/\/www.ville-bron.fr<\/a><\/strong><\/h4>\n<div id='gallery-1' class='gallery galleryid-66734 gallery-columns-3 gallery-size-thumbnail'><figure class='gallery-item'>\n\t\t\t<div class='gallery-icon portrait'>\n\t\t\t\t<a href='https:\/\/newsestlyonnais.fr\/site\/2019\/02\/05\/bron-les-manifestations-prevues-sur-la-commune-jusquau-17-fevrier-2019\/newsestlyonnais-meeting-bron-2\/'><img loading=\"lazy\" decoding=\"async\" width=\"150\" height=\"150\" src=\"https:\/\/newsestlyonnais.fr\/site\/wp-content\/uploads\/2019\/02\/NEWSESTLYONNAIS-MEETING-BRON-150x150.jpg\" class=\"attachment-thumbnail size-thumbnail\" alt=\"NEWSESTLYONNAIS MEETING BRON\" aria-describedby=\"gallery-1-65633\" \/><\/a>\n\t\t\t<\/div>\n\t\t\t\t<figcaption class='wp-caption-text gallery-caption' id='gallery-1-65633'>\n\t\t\t\tMEETING DE NATATION  \n\t\t\t\t<\/figcaption><\/figure>\n\t\t<\/div>\n\n","protected":false},"excerpt":{"rendered":"<p>Plusieurs \u00e9v\u00e8nements et manifestations se d\u00e9rouleront sur la commune durant cette p\u00e9riode, \u00e0 savoir : Vendredi 15 f\u00e9vrier de 17 h \u00e0 19 h : Caf\u00e9 R\u00e9paration. Venez apprendre \u00e0 r\u00e9parer vos objets avec les b\u00e9n\u00e9voles de l\u2019Association R\u00e9ussir l\u2019Insertion \u00e0 Bron. (Maison de Quartier des Gen\u00eats). Du Vendredi 15 au Dimanche 17 F\u00e9vrier : [&hellip;]<\/p>\n","protected":false},"author":4,"featured_media":10549,"comment_status":"open","ping_status":"open","sticky":false,"template":"","format":"standard","meta":{"footnotes":""},"categories":[19],"tags":[1991,2072,2059],"class_list":["post-66734","post","type-post","status-publish","format-standard","has-post-thumbnail","hentry","category-bron","tag-agenda","tag-bron","tag-manifestations"],"yoast_head":"<!-- This site is optimized with the Yoast SEO plugin v27.2 - https:\/\/yoast.com\/product\/yoast-seo-wordpress\/ -->\n<title>BRON | Les manifestations de f\u00e9vrier - News Est Lyonnais BRON : Les manifestations pr\u00e9vues sur la commune jusqu\u2019\u00e0 fin f\u00e9vrier 2019<\/title>\n<meta name=\"description\" content=\"BRON : Les manifestations pr\u00e9vues sur la commune jusqu\u2019\u00e0 fin f\u00e9vrier 2019\" \/>\n<meta name=\"robots\" content=\"index, follow, max-snippet:-1, max-image-preview:large, max-video-preview:-1\" \/>\n<link rel=\"canonical\" href=\"https:\/\/newsestlyonnais.fr\/site\/2019\/02\/15\/bron-les-manifestations-prevues-sur-la-commune-jusqua-fin-fevrier-2019\/\" \/>\n<meta property=\"og:locale\" content=\"fr_FR\" \/>\n<meta property=\"og:type\" content=\"article\" \/>\n<meta property=\"og:title\" content=\"BRON | Les manifestations de f\u00e9vrier - News Est Lyonnais BRON : Les manifestations pr\u00e9vues sur la commune jusqu\u2019\u00e0 fin f\u00e9vrier 2019\" \/>\n<meta property=\"og:description\" content=\"BRON : Les manifestations pr\u00e9vues sur la commune jusqu\u2019\u00e0 fin f\u00e9vrier 2019\" \/>\n<meta property=\"og:url\" content=\"https:\/\/newsestlyonnais.fr\/site\/2019\/02\/15\/bron-les-manifestations-prevues-sur-la-commune-jusqua-fin-fevrier-2019\/\" \/>\n<meta property=\"og:site_name\" content=\"News Est Lyonnais\" \/>\n<meta property=\"article:author\" content=\"https:\/\/www.facebook.com\/pascal.oberson.1?fref=ts\" \/>\n<meta property=\"article:published_time\" content=\"2019-02-15T11:39:35+00:00\" \/>\n<meta property=\"article:modified_time\" content=\"2020-10-24T10:00:49+00:00\" \/>\n<meta property=\"og:image\" content=\"https:\/\/i2.wp.com\/newsestlyonnais.fr\/site\/wp-content\/uploads\/2016\/07\/NEWSESTLYONNAIS-PANNEAUBRON.jpg?fit=1000%2C750&ssl=1\" \/>\n\t<meta property=\"og:image:width\" content=\"1000\" \/>\n\t<meta property=\"og:image:height\" content=\"750\" \/>\n\t<meta property=\"og:image:type\" content=\"image\/jpeg\" \/>\n<meta name=\"author\" content=\"R\u00e9dac. NEWS\" \/>\n<meta name=\"twitter:card\" content=\"summary_large_image\" \/>\n<meta name=\"twitter:label1\" content=\"\u00c9crit par\" \/>\n\t<meta name=\"twitter:data1\" content=\"R\u00e9dac. NEWS\" \/>\n\t<meta name=\"twitter:label2\" content=\"Dur\u00e9e de lecture estim\u00e9e\" \/>\n\t<meta name=\"twitter:data2\" content=\"2 minutes\" \/>\n<script type=\"application\/ld+json\" class=\"yoast-schema-graph\">{\"@context\":\"https:\/\/schema.org\",\"@graph\":[{\"@type\":\"Article\",\"@id\":\"https:\/\/newsestlyonnais.fr\/site\/2019\/02\/15\/bron-les-manifestations-prevues-sur-la-commune-jusqua-fin-fevrier-2019\/#article\",\"isPartOf\":{\"@id\":\"https:\/\/newsestlyonnais.fr\/site\/2019\/02\/15\/bron-les-manifestations-prevues-sur-la-commune-jusqua-fin-fevrier-2019\/\"},\"author\":{\"name\":\"R\u00e9dac. NEWS\",\"@id\":\"https:\/\/newsestlyonnais.fr\/site\/#\/schema\/person\/3230d5615f390bb808365d673001e887\"},\"headline\":\"BRON | Les manifestations de f\u00e9vrier\",\"datePublished\":\"2019-02-15T11:39:35+00:00\",\"dateModified\":\"2020-10-24T10:00:49+00:00\",\"mainEntityOfPage\":{\"@id\":\"https:\/\/newsestlyonnais.fr\/site\/2019\/02\/15\/bron-les-manifestations-prevues-sur-la-commune-jusqua-fin-fevrier-2019\/\"},\"wordCount\":335,\"commentCount\":0,\"publisher\":{\"@id\":\"https:\/\/newsestlyonnais.fr\/site\/#organization\"},\"image\":{\"@id\":\"https:\/\/newsestlyonnais.fr\/site\/2019\/02\/15\/bron-les-manifestations-prevues-sur-la-commune-jusqua-fin-fevrier-2019\/#primaryimage\"},\"thumbnailUrl\":\"https:\/\/newsestlyonnais.fr\/site\/wp-content\/uploads\/2016\/07\/NEWSESTLYONNAIS-PANNEAUBRON.jpg\",\"keywords\":[\"AGENDA\",\"BRON\",\"MANIFESTATIONS\"],\"articleSection\":[\"Bron\"],\"inLanguage\":\"fr-FR\",\"potentialAction\":[{\"@type\":\"CommentAction\",\"name\":\"Comment\",\"target\":[\"https:\/\/newsestlyonnais.fr\/site\/2019\/02\/15\/bron-les-manifestations-prevues-sur-la-commune-jusqua-fin-fevrier-2019\/#respond\"]}]},{\"@type\":\"WebPage\",\"@id\":\"https:\/\/newsestlyonnais.fr\/site\/2019\/02\/15\/bron-les-manifestations-prevues-sur-la-commune-jusqua-fin-fevrier-2019\/\",\"url\":\"https:\/\/newsestlyonnais.fr\/site\/2019\/02\/15\/bron-les-manifestations-prevues-sur-la-commune-jusqua-fin-fevrier-2019\/\",\"name\":\"BRON | Les manifestations de f\u00e9vrier - News Est Lyonnais BRON : Les manifestations pr\u00e9vues sur la commune jusqu\u2019\u00e0 fin f\u00e9vrier 2019\",\"isPartOf\":{\"@id\":\"https:\/\/newsestlyonnais.fr\/site\/#website\"},\"primaryImageOfPage\":{\"@id\":\"https:\/\/newsestlyonnais.fr\/site\/2019\/02\/15\/bron-les-manifestations-prevues-sur-la-commune-jusqua-fin-fevrier-2019\/#primaryimage\"},\"image\":{\"@id\":\"https:\/\/newsestlyonnais.fr\/site\/2019\/02\/15\/bron-les-manifestations-prevues-sur-la-commune-jusqua-fin-fevrier-2019\/#primaryimage\"},\"thumbnailUrl\":\"https:\/\/newsestlyonnais.fr\/site\/wp-content\/uploads\/2016\/07\/NEWSESTLYONNAIS-PANNEAUBRON.jpg\",\"datePublished\":\"2019-02-15T11:39:35+00:00\",\"dateModified\":\"2020-10-24T10:00:49+00:00\",\"description\":\"BRON : Les manifestations pr\u00e9vues sur la commune jusqu\u2019\u00e0 fin f\u00e9vrier 2019\",\"breadcrumb\":{\"@id\":\"https:\/\/newsestlyonnais.fr\/site\/2019\/02\/15\/bron-les-manifestations-prevues-sur-la-commune-jusqua-fin-fevrier-2019\/#breadcrumb\"},\"inLanguage\":\"fr-FR\",\"potentialAction\":[{\"@type\":\"ReadAction\",\"target\":[\"https:\/\/newsestlyonnais.fr\/site\/2019\/02\/15\/bron-les-manifestations-prevues-sur-la-commune-jusqua-fin-fevrier-2019\/\"]}]},{\"@type\":\"ImageObject\",\"inLanguage\":\"fr-FR\",\"@id\":\"https:\/\/newsestlyonnais.fr\/site\/2019\/02\/15\/bron-les-manifestations-prevues-sur-la-commune-jusqua-fin-fevrier-2019\/#primaryimage\",\"url\":\"https:\/\/newsestlyonnais.fr\/site\/wp-content\/uploads\/2016\/07\/NEWSESTLYONNAIS-PANNEAUBRON.jpg\",\"contentUrl\":\"https:\/\/newsestlyonnais.fr\/site\/wp-content\/uploads\/2016\/07\/NEWSESTLYONNAIS-PANNEAUBRON.jpg\",\"width\":1000,\"height\":750,\"caption\":\"NEWSESTLYONNAIS - PANNEAUBRON\"},{\"@type\":\"BreadcrumbList\",\"@id\":\"https:\/\/newsestlyonnais.fr\/site\/2019\/02\/15\/bron-les-manifestations-prevues-sur-la-commune-jusqua-fin-fevrier-2019\/#breadcrumb\",\"itemListElement\":[{\"@type\":\"ListItem\",\"position\":1,\"name\":\"Accueil\",\"item\":\"https:\/\/newsestlyonnais.fr\/site\/\"},{\"@type\":\"ListItem\",\"position\":2,\"name\":\"BRON | Les manifestations de f\u00e9vrier\"}]},{\"@type\":\"WebSite\",\"@id\":\"https:\/\/newsestlyonnais.fr\/site\/#website\",\"url\":\"https:\/\/newsestlyonnais.fr\/site\/\",\"name\":\"News Est Lyonnais\",\"description\":\"L&#039;actualit\u00e9 au plus pr\u00e8s\",\"publisher\":{\"@id\":\"https:\/\/newsestlyonnais.fr\/site\/#organization\"},\"potentialAction\":[{\"@type\":\"SearchAction\",\"target\":{\"@type\":\"EntryPoint\",\"urlTemplate\":\"https:\/\/newsestlyonnais.fr\/site\/?s={search_term_string}\"},\"query-input\":{\"@type\":\"PropertyValueSpecification\",\"valueRequired\":true,\"valueName\":\"search_term_string\"}}],\"inLanguage\":\"fr-FR\"},{\"@type\":\"Organization\",\"@id\":\"https:\/\/newsestlyonnais.fr\/site\/#organization\",\"name\":\"News EST LYONNAIS\",\"url\":\"https:\/\/newsestlyonnais.fr\/site\/\",\"logo\":{\"@type\":\"ImageObject\",\"inLanguage\":\"fr-FR\",\"@id\":\"https:\/\/newsestlyonnais.fr\/site\/#\/schema\/logo\/image\/\",\"url\":\"\",\"contentUrl\":\"\",\"caption\":\"News EST LYONNAIS\"},\"image\":{\"@id\":\"https:\/\/newsestlyonnais.fr\/site\/#\/schema\/logo\/image\/\"}},{\"@type\":\"Person\",\"@id\":\"https:\/\/newsestlyonnais.fr\/site\/#\/schema\/person\/3230d5615f390bb808365d673001e887\",\"name\":\"R\u00e9dac. NEWS\",\"sameAs\":[\"http:\/\/www.newsestlyonnais.fr\",\"https:\/\/www.facebook.com\/pascal.oberson.1?fref=ts\",\"https:\/\/fr.linkedin.com\/in\/pascal-oberson-b17045113\"],\"url\":\"https:\/\/newsestlyonnais.fr\/site\/author\/nel\/\"}]}<\/script>\n<!-- \/ Yoast SEO plugin. -->","yoast_head_json":{"title":"BRON | Les manifestations de f\u00e9vrier - News Est Lyonnais BRON : Les manifestations pr\u00e9vues sur la commune jusqu\u2019\u00e0 fin f\u00e9vrier 2019","description":"BRON : Les manifestations pr\u00e9vues sur la commune jusqu\u2019\u00e0 fin f\u00e9vrier 2019","robots":{"index":"index","follow":"follow","max-snippet":"max-snippet:-1","max-image-preview":"max-image-preview:large","max-video-preview":"max-video-preview:-1"},"canonical":"https:\/\/newsestlyonnais.fr\/site\/2019\/02\/15\/bron-les-manifestations-prevues-sur-la-commune-jusqua-fin-fevrier-2019\/","og_locale":"fr_FR","og_type":"article","og_title":"BRON | Les manifestations de f\u00e9vrier - News Est Lyonnais BRON : Les manifestations pr\u00e9vues sur la commune jusqu\u2019\u00e0 fin f\u00e9vrier 2019","og_description":"BRON : Les manifestations pr\u00e9vues sur la commune jusqu\u2019\u00e0 fin f\u00e9vrier 2019","og_url":"https:\/\/newsestlyonnais.fr\/site\/2019\/02\/15\/bron-les-manifestations-prevues-sur-la-commune-jusqua-fin-fevrier-2019\/","og_site_name":"News Est Lyonnais","article_author":"https:\/\/www.facebook.com\/pascal.oberson.1?fref=ts","article_published_time":"2019-02-15T11:39:35+00:00","article_modified_time":"2020-10-24T10:00:49+00:00","og_image":[{"width":1000,"height":750,"url":"https:\/\/i2.wp.com\/newsestlyonnais.fr\/site\/wp-content\/uploads\/2016\/07\/NEWSESTLYONNAIS-PANNEAUBRON.jpg?fit=1000%2C750&ssl=1","type":"image\/jpeg"}],"author":"R\u00e9dac. NEWS","twitter_card":"summary_large_image","twitter_misc":{"\u00c9crit par":"R\u00e9dac. NEWS","Dur\u00e9e de lecture estim\u00e9e":"2 minutes"},"schema":{"@context":"https:\/\/schema.org","@graph":[{"@type":"Article","@id":"https:\/\/newsestlyonnais.fr\/site\/2019\/02\/15\/bron-les-manifestations-prevues-sur-la-commune-jusqua-fin-fevrier-2019\/#article","isPartOf":{"@id":"https:\/\/newsestlyonnais.fr\/site\/2019\/02\/15\/bron-les-manifestations-prevues-sur-la-commune-jusqua-fin-fevrier-2019\/"},"author":{"name":"R\u00e9dac. NEWS","@id":"https:\/\/newsestlyonnais.fr\/site\/#\/schema\/person\/3230d5615f390bb808365d673001e887"},"headline":"BRON | Les manifestations de f\u00e9vrier","datePublished":"2019-02-15T11:39:35+00:00","dateModified":"2020-10-24T10:00:49+00:00","mainEntityOfPage":{"@id":"https:\/\/newsestlyonnais.fr\/site\/2019\/02\/15\/bron-les-manifestations-prevues-sur-la-commune-jusqua-fin-fevrier-2019\/"},"wordCount":335,"commentCount":0,"publisher":{"@id":"https:\/\/newsestlyonnais.fr\/site\/#organization"},"image":{"@id":"https:\/\/newsestlyonnais.fr\/site\/2019\/02\/15\/bron-les-manifestations-prevues-sur-la-commune-jusqua-fin-fevrier-2019\/#primaryimage"},"thumbnailUrl":"https:\/\/newsestlyonnais.fr\/site\/wp-content\/uploads\/2016\/07\/NEWSESTLYONNAIS-PANNEAUBRON.jpg","keywords":["AGENDA","BRON","MANIFESTATIONS"],"articleSection":["Bron"],"inLanguage":"fr-FR","potentialAction":[{"@type":"CommentAction","name":"Comment","target":["https:\/\/newsestlyonnais.fr\/site\/2019\/02\/15\/bron-les-manifestations-prevues-sur-la-commune-jusqua-fin-fevrier-2019\/#respond"]}]},{"@type":"WebPage","@id":"https:\/\/newsestlyonnais.fr\/site\/2019\/02\/15\/bron-les-manifestations-prevues-sur-la-commune-jusqua-fin-fevrier-2019\/","url":"https:\/\/newsestlyonnais.fr\/site\/2019\/02\/15\/bron-les-manifestations-prevues-sur-la-commune-jusqua-fin-fevrier-2019\/","name":"BRON | Les manifestations de f\u00e9vrier - News Est Lyonnais BRON : Les manifestations pr\u00e9vues sur la commune jusqu\u2019\u00e0 fin f\u00e9vrier 2019","isPartOf":{"@id":"https:\/\/newsestlyonnais.fr\/site\/#website"},"primaryImageOfPage":{"@id":"https:\/\/newsestlyonnais.fr\/site\/2019\/02\/15\/bron-les-manifestations-prevues-sur-la-commune-jusqua-fin-fevrier-2019\/#primaryimage"},"image":{"@id":"https:\/\/newsestlyonnais.fr\/site\/2019\/02\/15\/bron-les-manifestations-prevues-sur-la-commune-jusqua-fin-fevrier-2019\/#primaryimage"},"thumbnailUrl":"https:\/\/newsestlyonnais.fr\/site\/wp-content\/uploads\/2016\/07\/NEWSESTLYONNAIS-PANNEAUBRON.jpg","datePublished":"2019-02-15T11:39:35+00:00","dateModified":"2020-10-24T10:00:49+00:00","description":"BRON : Les manifestations pr\u00e9vues sur la commune jusqu\u2019\u00e0 fin f\u00e9vrier 2019","breadcrumb":{"@id":"https:\/\/newsestlyonnais.fr\/site\/2019\/02\/15\/bron-les-manifestations-prevues-sur-la-commune-jusqua-fin-fevrier-2019\/#breadcrumb"},"inLanguage":"fr-FR","potentialAction":[{"@type":"ReadAction","target":["https:\/\/newsestlyonnais.fr\/site\/2019\/02\/15\/bron-les-manifestations-prevues-sur-la-commune-jusqua-fin-fevrier-2019\/"]}]},{"@type":"ImageObject","inLanguage":"fr-FR","@id":"https:\/\/newsestlyonnais.fr\/site\/2019\/02\/15\/bron-les-manifestations-prevues-sur-la-commune-jusqua-fin-fevrier-2019\/#primaryimage","url":"https:\/\/newsestlyonnais.fr\/site\/wp-content\/uploads\/2016\/07\/NEWSESTLYONNAIS-PANNEAUBRON.jpg","contentUrl":"https:\/\/newsestlyonnais.fr\/site\/wp-content\/uploads\/2016\/07\/NEWSESTLYONNAIS-PANNEAUBRON.jpg","width":1000,"height":750,"caption":"NEWSESTLYONNAIS - PANNEAUBRON"},{"@type":"BreadcrumbList","@id":"https:\/\/newsestlyonnais.fr\/site\/2019\/02\/15\/bron-les-manifestations-prevues-sur-la-commune-jusqua-fin-fevrier-2019\/#breadcrumb","itemListElement":[{"@type":"ListItem","position":1,"name":"Accueil","item":"https:\/\/newsestlyonnais.fr\/site\/"},{"@type":"ListItem","position":2,"name":"BRON | Les manifestations de f\u00e9vrier"}]},{"@type":"WebSite","@id":"https:\/\/newsestlyonnais.fr\/site\/#website","url":"https:\/\/newsestlyonnais.fr\/site\/","name":"News Est Lyonnais","description":"L&#039;actualit\u00e9 au plus pr\u00e8s","publisher":{"@id":"https:\/\/newsestlyonnais.fr\/site\/#organization"},"potentialAction":[{"@type":"SearchAction","target":{"@type":"EntryPoint","urlTemplate":"https:\/\/newsestlyonnais.fr\/site\/?s={search_term_string}"},"query-input":{"@type":"PropertyValueSpecification","valueRequired":true,"valueName":"search_term_string"}}],"inLanguage":"fr-FR"},{"@type":"Organization","@id":"https:\/\/newsestlyonnais.fr\/site\/#organization","name":"News EST LYONNAIS","url":"https:\/\/newsestlyonnais.fr\/site\/","logo":{"@type":"ImageObject","inLanguage":"fr-FR","@id":"https:\/\/newsestlyonnais.fr\/site\/#\/schema\/logo\/image\/","url":"","contentUrl":"","caption":"News EST LYONNAIS"},"image":{"@id":"https:\/\/newsestlyonnais.fr\/site\/#\/schema\/logo\/image\/"}},{"@type":"Person","@id":"https:\/\/newsestlyonnais.fr\/site\/#\/schema\/person\/3230d5615f390bb808365d673001e887","name":"R\u00e9dac. NEWS","sameAs":["http:\/\/www.newsestlyonnais.fr","https:\/\/www.facebook.com\/pascal.oberson.1?fref=ts","https:\/\/fr.linkedin.com\/in\/pascal-oberson-b17045113"],"url":"https:\/\/newsestlyonnais.fr\/site\/author\/nel\/"}]}},"_links":{"self":[{"href":"https:\/\/newsestlyonnais.fr\/site\/wp-json\/wp\/v2\/posts\/66734","targetHints":{"allow":["GET"]}}],"collection":[{"href":"https:\/\/newsestlyonnais.fr\/site\/wp-json\/wp\/v2\/posts"}],"about":[{"href":"https:\/\/newsestlyonnais.fr\/site\/wp-json\/wp\/v2\/types\/post"}],"author":[{"embeddable":true,"href":"https:\/\/newsestlyonnais.fr\/site\/wp-json\/wp\/v2\/users\/4"}],"replies":[{"embeddable":true,"href":"https:\/\/newsestlyonnais.fr\/site\/wp-json\/wp\/v2\/comments?post=66734"}],"version-history":[{"count":0,"href":"https:\/\/newsestlyonnais.fr\/site\/wp-json\/wp\/v2\/posts\/66734\/revisions"}],"wp:featuredmedia":[{"embeddable":true,"href":"https:\/\/newsestlyonnais.fr\/site\/wp-json\/wp\/v2\/media\/10549"}],"wp:attachment":[{"href":"https:\/\/newsestlyonnais.fr\/site\/wp-json\/wp\/v2\/media?parent=66734"}],"wp:term":[{"taxonomy":"category","embeddable":true,"href":"https:\/\/newsestlyonnais.fr\/site\/wp-json\/wp\/v2\/categories?post=66734"},{"taxonomy":"post_tag","embeddable":true,"href":"https:\/\/newsestlyonnais.fr\/site\/wp-json\/wp\/v2\/tags?post=66734"}],"curies":[{"name":"wp","href":"https:\/\/api.w.org\/{rel}","templated":true}]}}