{"id":66833,"date":"2019-02-17T05:59:30","date_gmt":"2019-02-17T04:59:30","guid":{"rendered":"http:\/\/newsestlyonnais.fr\/site\/?p=66833"},"modified":"2020-11-07T20:47:58","modified_gmt":"2020-11-07T19:47:58","slug":"genas-la-reunion-publique-n-149-concernera-commercants-et-entreprises","status":"publish","type":"post","link":"https:\/\/newsestlyonnais.fr\/site\/2019\/02\/17\/genas-la-reunion-publique-n-149-concernera-commercants-et-entreprises\/","title":{"rendered":"GENAS | La r\u00e9union publique num\u00e9ro 149 concernera commer\u00e7ants et entreprises"},"content":{"rendered":"<div style=\"font-family: georgia,serif;color: #000000;font-size: 10pt\">\n<div><\/div>\n<h4>Daniel Val\u00e9ro ,maire de Genas a convi\u00e9 commer\u00e7ants &amp; chefs d&rsquo;entreprise de Genas \u00e0 la r\u00e9union publique N\u00b0 149 consacr\u00e9e \u00e0 la restitution des enqu\u00eates sur le commerce r\u00e9alis\u00e9es par la CCI et l&rsquo;Observatoire AID.<\/h4>\n<\/div>\n<div>Rencontre qui se tiendra <strong>le mardi 26 f\u00e9vrier 2019, \u00e0 19 heures, en salle des mariages <\/strong>(H\u00f4tel de Ville, entr\u00e9e par le parc de la Colandi\u00e8re).<\/div>\n<div><\/div>\n<div>&#8211; <em><strong>Retrouvez l&rsquo;ACTU de la commune sur : <a href=\"http:\/\/genas.fr\" target=\"_blank\" rel=\"noopener noreferrer\">http:\/\/genas.fr<\/a><\/strong><\/em><\/div>\n","protected":false},"excerpt":{"rendered":"<p>Daniel Val\u00e9ro ,maire de Genas a convi\u00e9 commer\u00e7ants &amp; chefs d&rsquo;entreprise de Genas \u00e0 la r\u00e9union publique N\u00b0 149 consacr\u00e9e \u00e0 la restitution des enqu\u00eates sur le commerce r\u00e9alis\u00e9es par la CCI et l&rsquo;Observatoire AID. Rencontre qui se tiendra le mardi 26 f\u00e9vrier 2019, \u00e0 19 heures, en salle des mariages (H\u00f4tel de Ville, entr\u00e9e [&hellip;]<\/p>\n","protected":false},"author":4,"featured_media":0,"comment_status":"open","ping_status":"open","sticky":false,"template":"","format":"standard","meta":{"footnotes":""},"categories":[2970,270,3334,1598],"tags":[],"class_list":["post-66833","post","type-post","status-publish","format-standard","hentry","category-artisans-commerces-economie","category-cte-de-communes-c-c-e-l","category-conseils-municipaux-elections-voeux","category-genas"],"yoast_head":"<!-- This site is optimized with the Yoast SEO plugin v27.2 - https:\/\/yoast.com\/product\/yoast-seo-wordpress\/ -->\n<title>GENAS | La r\u00e9union publique num\u00e9ro 149 concernera commer\u00e7ants et entreprises - News Est Lyonnais GENAS : La r\u00e9union publique N\u00b0 149 concernera commer\u00e7ants et entreprises<\/title>\n<meta name=\"description\" content=\"GENAS : La r\u00e9union publique N\u00b0 149 concernera commer\u00e7ants et entreprises\" \/>\n<meta name=\"robots\" content=\"index, follow, max-snippet:-1, max-image-preview:large, max-video-preview:-1\" \/>\n<link rel=\"canonical\" href=\"https:\/\/newsestlyonnais.fr\/site\/2019\/02\/17\/genas-la-reunion-publique-n-149-concernera-commercants-et-entreprises\/\" \/>\n<meta property=\"og:locale\" content=\"fr_FR\" \/>\n<meta property=\"og:type\" content=\"article\" \/>\n<meta property=\"og:title\" content=\"GENAS | La r\u00e9union publique num\u00e9ro 149 concernera commer\u00e7ants et entreprises - News Est Lyonnais GENAS : La r\u00e9union publique N\u00b0 149 concernera commer\u00e7ants et entreprises\" \/>\n<meta property=\"og:description\" content=\"GENAS : La r\u00e9union publique N\u00b0 149 concernera commer\u00e7ants et entreprises\" \/>\n<meta property=\"og:url\" content=\"https:\/\/newsestlyonnais.fr\/site\/2019\/02\/17\/genas-la-reunion-publique-n-149-concernera-commercants-et-entreprises\/\" \/>\n<meta property=\"og:site_name\" content=\"News Est Lyonnais\" \/>\n<meta property=\"article:author\" content=\"https:\/\/www.facebook.com\/pascal.oberson.1?fref=ts\" \/>\n<meta property=\"article:published_time\" content=\"2019-02-17T04:59:30+00:00\" \/>\n<meta property=\"article:modified_time\" content=\"2020-11-07T19:47:58+00:00\" \/>\n<meta name=\"author\" content=\"R\u00e9dac. NEWS\" \/>\n<meta name=\"twitter:card\" content=\"summary_large_image\" \/>\n<meta name=\"twitter:label1\" content=\"\u00c9crit par\" \/>\n\t<meta name=\"twitter:data1\" content=\"R\u00e9dac. NEWS\" \/>\n<script type=\"application\/ld+json\" class=\"yoast-schema-graph\">{\"@context\":\"https:\/\/schema.org\",\"@graph\":[{\"@type\":\"Article\",\"@id\":\"https:\/\/newsestlyonnais.fr\/site\/2019\/02\/17\/genas-la-reunion-publique-n-149-concernera-commercants-et-entreprises\/#article\",\"isPartOf\":{\"@id\":\"https:\/\/newsestlyonnais.fr\/site\/2019\/02\/17\/genas-la-reunion-publique-n-149-concernera-commercants-et-entreprises\/\"},\"author\":{\"name\":\"R\u00e9dac. NEWS\",\"@id\":\"https:\/\/newsestlyonnais.fr\/site\/#\/schema\/person\/3230d5615f390bb808365d673001e887\"},\"headline\":\"GENAS | La r\u00e9union publique num\u00e9ro 149 concernera commer\u00e7ants et entreprises\",\"datePublished\":\"2019-02-17T04:59:30+00:00\",\"dateModified\":\"2020-11-07T19:47:58+00:00\",\"mainEntityOfPage\":{\"@id\":\"https:\/\/newsestlyonnais.fr\/site\/2019\/02\/17\/genas-la-reunion-publique-n-149-concernera-commercants-et-entreprises\/\"},\"wordCount\":90,\"commentCount\":0,\"publisher\":{\"@id\":\"https:\/\/newsestlyonnais.fr\/site\/#organization\"},\"articleSection\":[\"Artisans | Commerces\",\"CCEL | Communes\",\"Conseils Municipaux | Elections | Voeux\",\"Genas\"],\"inLanguage\":\"fr-FR\",\"potentialAction\":[{\"@type\":\"CommentAction\",\"name\":\"Comment\",\"target\":[\"https:\/\/newsestlyonnais.fr\/site\/2019\/02\/17\/genas-la-reunion-publique-n-149-concernera-commercants-et-entreprises\/#respond\"]}]},{\"@type\":\"WebPage\",\"@id\":\"https:\/\/newsestlyonnais.fr\/site\/2019\/02\/17\/genas-la-reunion-publique-n-149-concernera-commercants-et-entreprises\/\",\"url\":\"https:\/\/newsestlyonnais.fr\/site\/2019\/02\/17\/genas-la-reunion-publique-n-149-concernera-commercants-et-entreprises\/\",\"name\":\"GENAS | La r\u00e9union publique num\u00e9ro 149 concernera commer\u00e7ants et entreprises - News Est Lyonnais GENAS : La r\u00e9union publique N\u00b0 149 concernera commer\u00e7ants et entreprises\",\"isPartOf\":{\"@id\":\"https:\/\/newsestlyonnais.fr\/site\/#website\"},\"datePublished\":\"2019-02-17T04:59:30+00:00\",\"dateModified\":\"2020-11-07T19:47:58+00:00\",\"description\":\"GENAS : La r\u00e9union publique N\u00b0 149 concernera commer\u00e7ants et entreprises\",\"breadcrumb\":{\"@id\":\"https:\/\/newsestlyonnais.fr\/site\/2019\/02\/17\/genas-la-reunion-publique-n-149-concernera-commercants-et-entreprises\/#breadcrumb\"},\"inLanguage\":\"fr-FR\",\"potentialAction\":[{\"@type\":\"ReadAction\",\"target\":[\"https:\/\/newsestlyonnais.fr\/site\/2019\/02\/17\/genas-la-reunion-publique-n-149-concernera-commercants-et-entreprises\/\"]}]},{\"@type\":\"BreadcrumbList\",\"@id\":\"https:\/\/newsestlyonnais.fr\/site\/2019\/02\/17\/genas-la-reunion-publique-n-149-concernera-commercants-et-entreprises\/#breadcrumb\",\"itemListElement\":[{\"@type\":\"ListItem\",\"position\":1,\"name\":\"Accueil\",\"item\":\"https:\/\/newsestlyonnais.fr\/site\/\"},{\"@type\":\"ListItem\",\"position\":2,\"name\":\"GENAS | La r\u00e9union publique num\u00e9ro 149 concernera commer\u00e7ants et entreprises\"}]},{\"@type\":\"WebSite\",\"@id\":\"https:\/\/newsestlyonnais.fr\/site\/#website\",\"url\":\"https:\/\/newsestlyonnais.fr\/site\/\",\"name\":\"News Est Lyonnais\",\"description\":\"L&#039;actualit\u00e9 au plus pr\u00e8s\",\"publisher\":{\"@id\":\"https:\/\/newsestlyonnais.fr\/site\/#organization\"},\"potentialAction\":[{\"@type\":\"SearchAction\",\"target\":{\"@type\":\"EntryPoint\",\"urlTemplate\":\"https:\/\/newsestlyonnais.fr\/site\/?s={search_term_string}\"},\"query-input\":{\"@type\":\"PropertyValueSpecification\",\"valueRequired\":true,\"valueName\":\"search_term_string\"}}],\"inLanguage\":\"fr-FR\"},{\"@type\":\"Organization\",\"@id\":\"https:\/\/newsestlyonnais.fr\/site\/#organization\",\"name\":\"News EST LYONNAIS\",\"url\":\"https:\/\/newsestlyonnais.fr\/site\/\",\"logo\":{\"@type\":\"ImageObject\",\"inLanguage\":\"fr-FR\",\"@id\":\"https:\/\/newsestlyonnais.fr\/site\/#\/schema\/logo\/image\/\",\"url\":\"\",\"contentUrl\":\"\",\"caption\":\"News EST LYONNAIS\"},\"image\":{\"@id\":\"https:\/\/newsestlyonnais.fr\/site\/#\/schema\/logo\/image\/\"}},{\"@type\":\"Person\",\"@id\":\"https:\/\/newsestlyonnais.fr\/site\/#\/schema\/person\/3230d5615f390bb808365d673001e887\",\"name\":\"R\u00e9dac. NEWS\",\"sameAs\":[\"http:\/\/www.newsestlyonnais.fr\",\"https:\/\/www.facebook.com\/pascal.oberson.1?fref=ts\",\"https:\/\/fr.linkedin.com\/in\/pascal-oberson-b17045113\"],\"url\":\"https:\/\/newsestlyonnais.fr\/site\/author\/nel\/\"}]}<\/script>\n<!-- \/ Yoast SEO plugin. -->","yoast_head_json":{"title":"GENAS | La r\u00e9union publique num\u00e9ro 149 concernera commer\u00e7ants et entreprises - News Est Lyonnais GENAS : La r\u00e9union publique N\u00b0 149 concernera commer\u00e7ants et entreprises","description":"GENAS : La r\u00e9union publique N\u00b0 149 concernera commer\u00e7ants et entreprises","robots":{"index":"index","follow":"follow","max-snippet":"max-snippet:-1","max-image-preview":"max-image-preview:large","max-video-preview":"max-video-preview:-1"},"canonical":"https:\/\/newsestlyonnais.fr\/site\/2019\/02\/17\/genas-la-reunion-publique-n-149-concernera-commercants-et-entreprises\/","og_locale":"fr_FR","og_type":"article","og_title":"GENAS | La r\u00e9union publique num\u00e9ro 149 concernera commer\u00e7ants et entreprises - News Est Lyonnais GENAS : La r\u00e9union publique N\u00b0 149 concernera commer\u00e7ants et entreprises","og_description":"GENAS : La r\u00e9union publique N\u00b0 149 concernera commer\u00e7ants et entreprises","og_url":"https:\/\/newsestlyonnais.fr\/site\/2019\/02\/17\/genas-la-reunion-publique-n-149-concernera-commercants-et-entreprises\/","og_site_name":"News Est Lyonnais","article_author":"https:\/\/www.facebook.com\/pascal.oberson.1?fref=ts","article_published_time":"2019-02-17T04:59:30+00:00","article_modified_time":"2020-11-07T19:47:58+00:00","author":"R\u00e9dac. NEWS","twitter_card":"summary_large_image","twitter_misc":{"\u00c9crit par":"R\u00e9dac. NEWS"},"schema":{"@context":"https:\/\/schema.org","@graph":[{"@type":"Article","@id":"https:\/\/newsestlyonnais.fr\/site\/2019\/02\/17\/genas-la-reunion-publique-n-149-concernera-commercants-et-entreprises\/#article","isPartOf":{"@id":"https:\/\/newsestlyonnais.fr\/site\/2019\/02\/17\/genas-la-reunion-publique-n-149-concernera-commercants-et-entreprises\/"},"author":{"name":"R\u00e9dac. NEWS","@id":"https:\/\/newsestlyonnais.fr\/site\/#\/schema\/person\/3230d5615f390bb808365d673001e887"},"headline":"GENAS | La r\u00e9union publique num\u00e9ro 149 concernera commer\u00e7ants et entreprises","datePublished":"2019-02-17T04:59:30+00:00","dateModified":"2020-11-07T19:47:58+00:00","mainEntityOfPage":{"@id":"https:\/\/newsestlyonnais.fr\/site\/2019\/02\/17\/genas-la-reunion-publique-n-149-concernera-commercants-et-entreprises\/"},"wordCount":90,"commentCount":0,"publisher":{"@id":"https:\/\/newsestlyonnais.fr\/site\/#organization"},"articleSection":["Artisans | Commerces","CCEL | Communes","Conseils Municipaux | Elections | Voeux","Genas"],"inLanguage":"fr-FR","potentialAction":[{"@type":"CommentAction","name":"Comment","target":["https:\/\/newsestlyonnais.fr\/site\/2019\/02\/17\/genas-la-reunion-publique-n-149-concernera-commercants-et-entreprises\/#respond"]}]},{"@type":"WebPage","@id":"https:\/\/newsestlyonnais.fr\/site\/2019\/02\/17\/genas-la-reunion-publique-n-149-concernera-commercants-et-entreprises\/","url":"https:\/\/newsestlyonnais.fr\/site\/2019\/02\/17\/genas-la-reunion-publique-n-149-concernera-commercants-et-entreprises\/","name":"GENAS | La r\u00e9union publique num\u00e9ro 149 concernera commer\u00e7ants et entreprises - News Est Lyonnais GENAS : La r\u00e9union publique N\u00b0 149 concernera commer\u00e7ants et entreprises","isPartOf":{"@id":"https:\/\/newsestlyonnais.fr\/site\/#website"},"datePublished":"2019-02-17T04:59:30+00:00","dateModified":"2020-11-07T19:47:58+00:00","description":"GENAS : La r\u00e9union publique N\u00b0 149 concernera commer\u00e7ants et entreprises","breadcrumb":{"@id":"https:\/\/newsestlyonnais.fr\/site\/2019\/02\/17\/genas-la-reunion-publique-n-149-concernera-commercants-et-entreprises\/#breadcrumb"},"inLanguage":"fr-FR","potentialAction":[{"@type":"ReadAction","target":["https:\/\/newsestlyonnais.fr\/site\/2019\/02\/17\/genas-la-reunion-publique-n-149-concernera-commercants-et-entreprises\/"]}]},{"@type":"BreadcrumbList","@id":"https:\/\/newsestlyonnais.fr\/site\/2019\/02\/17\/genas-la-reunion-publique-n-149-concernera-commercants-et-entreprises\/#breadcrumb","itemListElement":[{"@type":"ListItem","position":1,"name":"Accueil","item":"https:\/\/newsestlyonnais.fr\/site\/"},{"@type":"ListItem","position":2,"name":"GENAS | La r\u00e9union publique num\u00e9ro 149 concernera commer\u00e7ants et entreprises"}]},{"@type":"WebSite","@id":"https:\/\/newsestlyonnais.fr\/site\/#website","url":"https:\/\/newsestlyonnais.fr\/site\/","name":"News Est Lyonnais","description":"L&#039;actualit\u00e9 au plus pr\u00e8s","publisher":{"@id":"https:\/\/newsestlyonnais.fr\/site\/#organization"},"potentialAction":[{"@type":"SearchAction","target":{"@type":"EntryPoint","urlTemplate":"https:\/\/newsestlyonnais.fr\/site\/?s={search_term_string}"},"query-input":{"@type":"PropertyValueSpecification","valueRequired":true,"valueName":"search_term_string"}}],"inLanguage":"fr-FR"},{"@type":"Organization","@id":"https:\/\/newsestlyonnais.fr\/site\/#organization","name":"News EST LYONNAIS","url":"https:\/\/newsestlyonnais.fr\/site\/","logo":{"@type":"ImageObject","inLanguage":"fr-FR","@id":"https:\/\/newsestlyonnais.fr\/site\/#\/schema\/logo\/image\/","url":"","contentUrl":"","caption":"News EST LYONNAIS"},"image":{"@id":"https:\/\/newsestlyonnais.fr\/site\/#\/schema\/logo\/image\/"}},{"@type":"Person","@id":"https:\/\/newsestlyonnais.fr\/site\/#\/schema\/person\/3230d5615f390bb808365d673001e887","name":"R\u00e9dac. NEWS","sameAs":["http:\/\/www.newsestlyonnais.fr","https:\/\/www.facebook.com\/pascal.oberson.1?fref=ts","https:\/\/fr.linkedin.com\/in\/pascal-oberson-b17045113"],"url":"https:\/\/newsestlyonnais.fr\/site\/author\/nel\/"}]}},"_links":{"self":[{"href":"https:\/\/newsestlyonnais.fr\/site\/wp-json\/wp\/v2\/posts\/66833","targetHints":{"allow":["GET"]}}],"collection":[{"href":"https:\/\/newsestlyonnais.fr\/site\/wp-json\/wp\/v2\/posts"}],"about":[{"href":"https:\/\/newsestlyonnais.fr\/site\/wp-json\/wp\/v2\/types\/post"}],"author":[{"embeddable":true,"href":"https:\/\/newsestlyonnais.fr\/site\/wp-json\/wp\/v2\/users\/4"}],"replies":[{"embeddable":true,"href":"https:\/\/newsestlyonnais.fr\/site\/wp-json\/wp\/v2\/comments?post=66833"}],"version-history":[{"count":0,"href":"https:\/\/newsestlyonnais.fr\/site\/wp-json\/wp\/v2\/posts\/66833\/revisions"}],"wp:attachment":[{"href":"https:\/\/newsestlyonnais.fr\/site\/wp-json\/wp\/v2\/media?parent=66833"}],"wp:term":[{"taxonomy":"category","embeddable":true,"href":"https:\/\/newsestlyonnais.fr\/site\/wp-json\/wp\/v2\/categories?post=66833"},{"taxonomy":"post_tag","embeddable":true,"href":"https:\/\/newsestlyonnais.fr\/site\/wp-json\/wp\/v2\/tags?post=66833"}],"curies":[{"name":"wp","href":"https:\/\/api.w.org\/{rel}","templated":true}]}}