{"id":66837,"date":"2019-02-16T15:14:59","date_gmt":"2019-02-16T14:14:59","guid":{"rendered":"http:\/\/newsestlyonnais.fr\/site\/?p=66837"},"modified":"2020-11-07T20:48:18","modified_gmt":"2020-11-07T19:48:18","slug":"genas-fermeture-exceptionnelle-de-la-ludotheque","status":"publish","type":"post","link":"https:\/\/newsestlyonnais.fr\/site\/2019\/02\/16\/genas-fermeture-exceptionnelle-de-la-ludotheque\/","title":{"rendered":"GENAS | Fermeture exceptionnelle de la Ludoth\u00e8que"},"content":{"rendered":"<h4>La Ludoth\u00e8que sera exceptionnellement ferm\u00e9e du mercredi apr\u00e8s-midi 20 f\u00e9vrier au samedi 23 f\u00e9vrier 2019.<\/h4>\n<p>Ludo-m\u00e9diath\u00e8que le Jardin des imaginaires. Place G\u00e9n\u00e9ral de Gaulle. T\u00e9l : 04 72 47 11 24<br \/>\nContact : mediatheque@ville-genas.fr<\/p>\n<p>Plus d&rsquo;infos sur : <a href=\"http:\/\/www.mediatheque-genas.fr\" target=\"_blank\" rel=\"noopener noreferrer\">http:\/\/www.mediatheque-genas.fr<\/a><\/p>\n","protected":false},"excerpt":{"rendered":"<p>La Ludoth\u00e8que sera exceptionnellement ferm\u00e9e du mercredi apr\u00e8s-midi 20 f\u00e9vrier au samedi 23 f\u00e9vrier 2019. Ludo-m\u00e9diath\u00e8que le Jardin des imaginaires. Place G\u00e9n\u00e9ral de Gaulle. T\u00e9l : 04 72 47 11 24 Contact : mediatheque@ville-genas.fr Plus d&rsquo;infos sur : http:\/\/www.mediatheque-genas.fr<\/p>\n","protected":false},"author":4,"featured_media":0,"comment_status":"open","ping_status":"open","sticky":false,"template":"","format":"standard","meta":{"footnotes":""},"categories":[3003,270,1598,309],"tags":[2005,2097,2096],"class_list":["post-66837","post","type-post","status-publish","format-standard","hentry","category-bibliotheque-mediatheque-mjc","category-cte-de-communes-c-c-e-l","category-genas","category-pratique","tag-genas","tag-ludotheque","tag-mediatheque"],"yoast_head":"<!-- This site is optimized with the Yoast SEO plugin v27.2 - https:\/\/yoast.com\/product\/yoast-seo-wordpress\/ -->\n<title>GENAS | Fermeture exceptionnelle de la Ludoth\u00e8que - News Est Lyonnais GENAS : Fermeture exceptionnelle de la Ludoth\u00e8que<\/title>\n<meta name=\"description\" content=\"GENAS : Fermeture exceptionnelle de la Ludoth\u00e8que\" \/>\n<meta name=\"robots\" content=\"index, follow, max-snippet:-1, max-image-preview:large, max-video-preview:-1\" \/>\n<link rel=\"canonical\" href=\"https:\/\/newsestlyonnais.fr\/site\/2019\/02\/16\/genas-fermeture-exceptionnelle-de-la-ludotheque\/\" \/>\n<meta property=\"og:locale\" content=\"fr_FR\" \/>\n<meta property=\"og:type\" content=\"article\" \/>\n<meta property=\"og:title\" content=\"GENAS | Fermeture exceptionnelle de la Ludoth\u00e8que - News Est Lyonnais GENAS : Fermeture exceptionnelle de la Ludoth\u00e8que\" \/>\n<meta property=\"og:description\" content=\"GENAS : Fermeture exceptionnelle de la Ludoth\u00e8que\" \/>\n<meta property=\"og:url\" content=\"https:\/\/newsestlyonnais.fr\/site\/2019\/02\/16\/genas-fermeture-exceptionnelle-de-la-ludotheque\/\" \/>\n<meta property=\"og:site_name\" content=\"News Est Lyonnais\" \/>\n<meta property=\"article:author\" content=\"https:\/\/www.facebook.com\/pascal.oberson.1?fref=ts\" \/>\n<meta property=\"article:published_time\" content=\"2019-02-16T14:14:59+00:00\" \/>\n<meta property=\"article:modified_time\" content=\"2020-11-07T19:48:18+00:00\" \/>\n<meta name=\"author\" content=\"R\u00e9dac. NEWS\" \/>\n<meta name=\"twitter:card\" content=\"summary_large_image\" \/>\n<meta name=\"twitter:label1\" content=\"\u00c9crit par\" \/>\n\t<meta name=\"twitter:data1\" content=\"R\u00e9dac. NEWS\" \/>\n<script type=\"application\/ld+json\" class=\"yoast-schema-graph\">{\"@context\":\"https:\/\/schema.org\",\"@graph\":[{\"@type\":\"Article\",\"@id\":\"https:\/\/newsestlyonnais.fr\/site\/2019\/02\/16\/genas-fermeture-exceptionnelle-de-la-ludotheque\/#article\",\"isPartOf\":{\"@id\":\"https:\/\/newsestlyonnais.fr\/site\/2019\/02\/16\/genas-fermeture-exceptionnelle-de-la-ludotheque\/\"},\"author\":{\"name\":\"R\u00e9dac. NEWS\",\"@id\":\"https:\/\/newsestlyonnais.fr\/site\/#\/schema\/person\/3230d5615f390bb808365d673001e887\"},\"headline\":\"GENAS | Fermeture exceptionnelle de la Ludoth\u00e8que\",\"datePublished\":\"2019-02-16T14:14:59+00:00\",\"dateModified\":\"2020-11-07T19:48:18+00:00\",\"mainEntityOfPage\":{\"@id\":\"https:\/\/newsestlyonnais.fr\/site\/2019\/02\/16\/genas-fermeture-exceptionnelle-de-la-ludotheque\/\"},\"wordCount\":51,\"commentCount\":0,\"publisher\":{\"@id\":\"https:\/\/newsestlyonnais.fr\/site\/#organization\"},\"keywords\":[\"GENAS\",\"LUDOTHEQUE\",\"MEDIATHEQUE\"],\"articleSection\":[\"Biblioth\u00e8que | M\u00e9diath\u00e8que | MJC\",\"CCEL | Communes\",\"Genas\",\"Pratique\"],\"inLanguage\":\"fr-FR\",\"potentialAction\":[{\"@type\":\"CommentAction\",\"name\":\"Comment\",\"target\":[\"https:\/\/newsestlyonnais.fr\/site\/2019\/02\/16\/genas-fermeture-exceptionnelle-de-la-ludotheque\/#respond\"]}]},{\"@type\":\"WebPage\",\"@id\":\"https:\/\/newsestlyonnais.fr\/site\/2019\/02\/16\/genas-fermeture-exceptionnelle-de-la-ludotheque\/\",\"url\":\"https:\/\/newsestlyonnais.fr\/site\/2019\/02\/16\/genas-fermeture-exceptionnelle-de-la-ludotheque\/\",\"name\":\"GENAS | Fermeture exceptionnelle de la Ludoth\u00e8que - News Est Lyonnais GENAS : Fermeture exceptionnelle de la Ludoth\u00e8que\",\"isPartOf\":{\"@id\":\"https:\/\/newsestlyonnais.fr\/site\/#website\"},\"datePublished\":\"2019-02-16T14:14:59+00:00\",\"dateModified\":\"2020-11-07T19:48:18+00:00\",\"description\":\"GENAS : Fermeture exceptionnelle de la Ludoth\u00e8que\",\"breadcrumb\":{\"@id\":\"https:\/\/newsestlyonnais.fr\/site\/2019\/02\/16\/genas-fermeture-exceptionnelle-de-la-ludotheque\/#breadcrumb\"},\"inLanguage\":\"fr-FR\",\"potentialAction\":[{\"@type\":\"ReadAction\",\"target\":[\"https:\/\/newsestlyonnais.fr\/site\/2019\/02\/16\/genas-fermeture-exceptionnelle-de-la-ludotheque\/\"]}]},{\"@type\":\"BreadcrumbList\",\"@id\":\"https:\/\/newsestlyonnais.fr\/site\/2019\/02\/16\/genas-fermeture-exceptionnelle-de-la-ludotheque\/#breadcrumb\",\"itemListElement\":[{\"@type\":\"ListItem\",\"position\":1,\"name\":\"Accueil\",\"item\":\"https:\/\/newsestlyonnais.fr\/site\/\"},{\"@type\":\"ListItem\",\"position\":2,\"name\":\"GENAS | Fermeture exceptionnelle de la Ludoth\u00e8que\"}]},{\"@type\":\"WebSite\",\"@id\":\"https:\/\/newsestlyonnais.fr\/site\/#website\",\"url\":\"https:\/\/newsestlyonnais.fr\/site\/\",\"name\":\"News Est Lyonnais\",\"description\":\"L&#039;actualit\u00e9 au plus pr\u00e8s\",\"publisher\":{\"@id\":\"https:\/\/newsestlyonnais.fr\/site\/#organization\"},\"potentialAction\":[{\"@type\":\"SearchAction\",\"target\":{\"@type\":\"EntryPoint\",\"urlTemplate\":\"https:\/\/newsestlyonnais.fr\/site\/?s={search_term_string}\"},\"query-input\":{\"@type\":\"PropertyValueSpecification\",\"valueRequired\":true,\"valueName\":\"search_term_string\"}}],\"inLanguage\":\"fr-FR\"},{\"@type\":\"Organization\",\"@id\":\"https:\/\/newsestlyonnais.fr\/site\/#organization\",\"name\":\"News EST LYONNAIS\",\"url\":\"https:\/\/newsestlyonnais.fr\/site\/\",\"logo\":{\"@type\":\"ImageObject\",\"inLanguage\":\"fr-FR\",\"@id\":\"https:\/\/newsestlyonnais.fr\/site\/#\/schema\/logo\/image\/\",\"url\":\"\",\"contentUrl\":\"\",\"caption\":\"News EST LYONNAIS\"},\"image\":{\"@id\":\"https:\/\/newsestlyonnais.fr\/site\/#\/schema\/logo\/image\/\"}},{\"@type\":\"Person\",\"@id\":\"https:\/\/newsestlyonnais.fr\/site\/#\/schema\/person\/3230d5615f390bb808365d673001e887\",\"name\":\"R\u00e9dac. NEWS\",\"sameAs\":[\"http:\/\/www.newsestlyonnais.fr\",\"https:\/\/www.facebook.com\/pascal.oberson.1?fref=ts\",\"https:\/\/fr.linkedin.com\/in\/pascal-oberson-b17045113\"],\"url\":\"https:\/\/newsestlyonnais.fr\/site\/author\/nel\/\"}]}<\/script>\n<!-- \/ Yoast SEO plugin. -->","yoast_head_json":{"title":"GENAS | Fermeture exceptionnelle de la Ludoth\u00e8que - News Est Lyonnais GENAS : Fermeture exceptionnelle de la Ludoth\u00e8que","description":"GENAS : Fermeture exceptionnelle de la Ludoth\u00e8que","robots":{"index":"index","follow":"follow","max-snippet":"max-snippet:-1","max-image-preview":"max-image-preview:large","max-video-preview":"max-video-preview:-1"},"canonical":"https:\/\/newsestlyonnais.fr\/site\/2019\/02\/16\/genas-fermeture-exceptionnelle-de-la-ludotheque\/","og_locale":"fr_FR","og_type":"article","og_title":"GENAS | Fermeture exceptionnelle de la Ludoth\u00e8que - News Est Lyonnais GENAS : Fermeture exceptionnelle de la Ludoth\u00e8que","og_description":"GENAS : Fermeture exceptionnelle de la Ludoth\u00e8que","og_url":"https:\/\/newsestlyonnais.fr\/site\/2019\/02\/16\/genas-fermeture-exceptionnelle-de-la-ludotheque\/","og_site_name":"News Est Lyonnais","article_author":"https:\/\/www.facebook.com\/pascal.oberson.1?fref=ts","article_published_time":"2019-02-16T14:14:59+00:00","article_modified_time":"2020-11-07T19:48:18+00:00","author":"R\u00e9dac. NEWS","twitter_card":"summary_large_image","twitter_misc":{"\u00c9crit par":"R\u00e9dac. NEWS"},"schema":{"@context":"https:\/\/schema.org","@graph":[{"@type":"Article","@id":"https:\/\/newsestlyonnais.fr\/site\/2019\/02\/16\/genas-fermeture-exceptionnelle-de-la-ludotheque\/#article","isPartOf":{"@id":"https:\/\/newsestlyonnais.fr\/site\/2019\/02\/16\/genas-fermeture-exceptionnelle-de-la-ludotheque\/"},"author":{"name":"R\u00e9dac. NEWS","@id":"https:\/\/newsestlyonnais.fr\/site\/#\/schema\/person\/3230d5615f390bb808365d673001e887"},"headline":"GENAS | Fermeture exceptionnelle de la Ludoth\u00e8que","datePublished":"2019-02-16T14:14:59+00:00","dateModified":"2020-11-07T19:48:18+00:00","mainEntityOfPage":{"@id":"https:\/\/newsestlyonnais.fr\/site\/2019\/02\/16\/genas-fermeture-exceptionnelle-de-la-ludotheque\/"},"wordCount":51,"commentCount":0,"publisher":{"@id":"https:\/\/newsestlyonnais.fr\/site\/#organization"},"keywords":["GENAS","LUDOTHEQUE","MEDIATHEQUE"],"articleSection":["Biblioth\u00e8que | M\u00e9diath\u00e8que | MJC","CCEL | Communes","Genas","Pratique"],"inLanguage":"fr-FR","potentialAction":[{"@type":"CommentAction","name":"Comment","target":["https:\/\/newsestlyonnais.fr\/site\/2019\/02\/16\/genas-fermeture-exceptionnelle-de-la-ludotheque\/#respond"]}]},{"@type":"WebPage","@id":"https:\/\/newsestlyonnais.fr\/site\/2019\/02\/16\/genas-fermeture-exceptionnelle-de-la-ludotheque\/","url":"https:\/\/newsestlyonnais.fr\/site\/2019\/02\/16\/genas-fermeture-exceptionnelle-de-la-ludotheque\/","name":"GENAS | Fermeture exceptionnelle de la Ludoth\u00e8que - News Est Lyonnais GENAS : Fermeture exceptionnelle de la Ludoth\u00e8que","isPartOf":{"@id":"https:\/\/newsestlyonnais.fr\/site\/#website"},"datePublished":"2019-02-16T14:14:59+00:00","dateModified":"2020-11-07T19:48:18+00:00","description":"GENAS : Fermeture exceptionnelle de la Ludoth\u00e8que","breadcrumb":{"@id":"https:\/\/newsestlyonnais.fr\/site\/2019\/02\/16\/genas-fermeture-exceptionnelle-de-la-ludotheque\/#breadcrumb"},"inLanguage":"fr-FR","potentialAction":[{"@type":"ReadAction","target":["https:\/\/newsestlyonnais.fr\/site\/2019\/02\/16\/genas-fermeture-exceptionnelle-de-la-ludotheque\/"]}]},{"@type":"BreadcrumbList","@id":"https:\/\/newsestlyonnais.fr\/site\/2019\/02\/16\/genas-fermeture-exceptionnelle-de-la-ludotheque\/#breadcrumb","itemListElement":[{"@type":"ListItem","position":1,"name":"Accueil","item":"https:\/\/newsestlyonnais.fr\/site\/"},{"@type":"ListItem","position":2,"name":"GENAS | Fermeture exceptionnelle de la Ludoth\u00e8que"}]},{"@type":"WebSite","@id":"https:\/\/newsestlyonnais.fr\/site\/#website","url":"https:\/\/newsestlyonnais.fr\/site\/","name":"News Est Lyonnais","description":"L&#039;actualit\u00e9 au plus pr\u00e8s","publisher":{"@id":"https:\/\/newsestlyonnais.fr\/site\/#organization"},"potentialAction":[{"@type":"SearchAction","target":{"@type":"EntryPoint","urlTemplate":"https:\/\/newsestlyonnais.fr\/site\/?s={search_term_string}"},"query-input":{"@type":"PropertyValueSpecification","valueRequired":true,"valueName":"search_term_string"}}],"inLanguage":"fr-FR"},{"@type":"Organization","@id":"https:\/\/newsestlyonnais.fr\/site\/#organization","name":"News EST LYONNAIS","url":"https:\/\/newsestlyonnais.fr\/site\/","logo":{"@type":"ImageObject","inLanguage":"fr-FR","@id":"https:\/\/newsestlyonnais.fr\/site\/#\/schema\/logo\/image\/","url":"","contentUrl":"","caption":"News EST LYONNAIS"},"image":{"@id":"https:\/\/newsestlyonnais.fr\/site\/#\/schema\/logo\/image\/"}},{"@type":"Person","@id":"https:\/\/newsestlyonnais.fr\/site\/#\/schema\/person\/3230d5615f390bb808365d673001e887","name":"R\u00e9dac. NEWS","sameAs":["http:\/\/www.newsestlyonnais.fr","https:\/\/www.facebook.com\/pascal.oberson.1?fref=ts","https:\/\/fr.linkedin.com\/in\/pascal-oberson-b17045113"],"url":"https:\/\/newsestlyonnais.fr\/site\/author\/nel\/"}]}},"_links":{"self":[{"href":"https:\/\/newsestlyonnais.fr\/site\/wp-json\/wp\/v2\/posts\/66837","targetHints":{"allow":["GET"]}}],"collection":[{"href":"https:\/\/newsestlyonnais.fr\/site\/wp-json\/wp\/v2\/posts"}],"about":[{"href":"https:\/\/newsestlyonnais.fr\/site\/wp-json\/wp\/v2\/types\/post"}],"author":[{"embeddable":true,"href":"https:\/\/newsestlyonnais.fr\/site\/wp-json\/wp\/v2\/users\/4"}],"replies":[{"embeddable":true,"href":"https:\/\/newsestlyonnais.fr\/site\/wp-json\/wp\/v2\/comments?post=66837"}],"version-history":[{"count":0,"href":"https:\/\/newsestlyonnais.fr\/site\/wp-json\/wp\/v2\/posts\/66837\/revisions"}],"wp:attachment":[{"href":"https:\/\/newsestlyonnais.fr\/site\/wp-json\/wp\/v2\/media?parent=66837"}],"wp:term":[{"taxonomy":"category","embeddable":true,"href":"https:\/\/newsestlyonnais.fr\/site\/wp-json\/wp\/v2\/categories?post=66837"},{"taxonomy":"post_tag","embeddable":true,"href":"https:\/\/newsestlyonnais.fr\/site\/wp-json\/wp\/v2\/tags?post=66837"}],"curies":[{"name":"wp","href":"https:\/\/api.w.org\/{rel}","templated":true}]}}