{"id":67015,"date":"2019-02-22T11:34:38","date_gmt":"2019-02-22T10:34:38","guid":{"rendered":"http:\/\/newsestlyonnais.fr\/site\/?p=67015"},"modified":"2023-03-01T18:20:47","modified_gmt":"2023-03-01T17:20:47","slug":"vaulx-en-velin-1-journee-de-letrange-ce-dimanche-au-cirque-imagine","status":"publish","type":"post","link":"https:\/\/newsestlyonnais.fr\/site\/2019\/02\/22\/vaulx-en-velin-1-journee-de-letrange-ce-dimanche-au-cirque-imagine\/","title":{"rendered":"VAULX-EN-VELIN | 1\u00b0 Journ\u00e9e de l&rsquo;\u00c9trange ce dimanche au Cirque Imagine"},"content":{"rendered":"<p>Sont notamment pr\u00e9vus pour cet \u00e9v\u00e8nement organis\u00e9 par Marelle Productions :<\/p>\n<ul>\n<li><strong>Igor &amp; Grichka Bogdanoff<\/strong> (<span style=\"text-decoration: underline\">PHOTO A LA UNE<\/span>), les c\u00e9l\u00e8bres fr\u00e8res ambassadeurs de l&rsquo;\u00c9trange.<\/li>\n<li><strong>St\u00e9phane Allix<\/strong>, journaliste et \u00e9crivain engag\u00e9.<\/li>\n<li><strong>Cyrille Arnaud<\/strong>, l&rsquo;hypnotiseur que tout le monde adore !<\/li>\n<li><strong>Johanne Razanamahay, <\/strong>m\u00e9dium, chamane et psychoth\u00e9rapeute.<\/li>\n<li><strong>Tal Schaller, <\/strong>pionnier de la m\u00e9decine alternative.<\/li>\n<li><strong>Sylvie Dethiollaz, <\/strong>sp\u00e9cialiste des NDE.<\/li>\n<\/ul>\n<p><span style=\"text-decoration: underline\">\u00ab\u00a0Le chamanisme, vers plus de paix et de bien-\u00eatre ?\u00a0\u00bb, \u00ab\u00a0Sommes-nous seuls dans l&rsquo;univers ?\u00a0\u00bb. <\/span>\u00ab\u00a0<span style=\"text-decoration: underline\">Que savons-nous sur la r\u00e9incarnation<\/span> ?\u00a0\u00bb.. <span style=\"text-decoration: underline\">VOUS SAUREZ TOUT !<\/span><\/p>\n<p>________________________________________________________________________________<\/p>\n<ul>\n<li><span style=\"text-decoration: underline\"><strong>Au programme<\/strong><\/span> : conf\u00e9rences, interactions avec les experts et cerise sur le g\u00e2teau, un spectacle d&rsquo;hypnose en fin de journ\u00e9e ! L&rsquo;occasion d&rsquo;apprendre sur notre univers tout en s&rsquo;amusant&#8230;<\/li>\n<li><span style=\"text-decoration: underline\"><em><strong>Tarifs<\/strong><\/em><\/span> :<br \/>\n&#8211; <strong>Pass VIP<\/strong> (127 \u20ac) : Envie d&rsquo;un moment privil\u00e9gi\u00e9 avec les intervenants ?Ce forfait comprend l&rsquo;acc\u00e8s aux meilleures places du chapiteau, le repas du midi en pr\u00e9sence des experts et le d\u00eener du soir avant le spectacle !<br \/>\n&#8211; <strong>Tarif Normal <\/strong>(67 \u20ac) : acc\u00e8s aux conf\u00e9rences et au spectacle.<br \/>\n&#8211; <strong>TARIF R\u00e9duit <\/strong>(47 \u20ac) : acc\u00e8s aux conf\u00e9rences et au spectacle (valable pour les \u00e9tudiants et pour les enfants de moins de 12 ans, sauf VIP).<\/li>\n<\/ul>\n<p>________________________________________________________________________________<\/p>\n<p><strong>Journ\u00e9e de l&rsquo;Etrange \/ Dimanche 24 F\u00e9vrier 2019 de 9 h \u00e0 23 h au Cirque Imagine, 5 avenue des Canuts (Carr\u00e9 de Soie) \u00e0 Vaulx en Velin. <span style=\"text-decoration: underline\">Contact<\/span> : <span class=\"evo_card_organizer_contact\">contact@marelleproductions.com<\/span><br \/>\n<\/strong><\/p>\n<ul>\n<li><em><strong>Plus d&rsquo;infos sur : <a href=\"https:\/\/www.la-jde.com\/\" target=\"_blank\" rel=\"noopener noreferrer\">https:\/\/www.la-jde.com<\/a><\/strong><\/em><\/li>\n<\/ul>\n<p>________________________________________________________________________________<\/p>\n<div id='gallery-1' class='gallery galleryid-67015 gallery-columns-3 gallery-size-thumbnail'><figure class='gallery-item'>\n\t\t\t<div class='gallery-icon landscape'>\n\t\t\t\t<a href='https:\/\/newsestlyonnais.fr\/site\/newsestlyonnais-journee-etrange\/'><img loading=\"lazy\" decoding=\"async\" width=\"150\" height=\"150\" src=\"https:\/\/newsestlyonnais.fr\/site\/wp-content\/uploads\/2019\/02\/NEWSESTLYONNAIS-JOURNEE-ETRANGE-150x150.png\" class=\"attachment-thumbnail size-thumbnail\" alt=\"NEWSESTLYONNAIS JOURNEE ETRANGE\" aria-describedby=\"gallery-1-67014\" srcset=\"https:\/\/newsestlyonnais.fr\/site\/wp-content\/uploads\/2019\/02\/NEWSESTLYONNAIS-JOURNEE-ETRANGE-150x150.png 150w, https:\/\/newsestlyonnais.fr\/site\/wp-content\/uploads\/2019\/02\/NEWSESTLYONNAIS-JOURNEE-ETRANGE-300x300.png 300w, https:\/\/newsestlyonnais.fr\/site\/wp-content\/uploads\/2019\/02\/NEWSESTLYONNAIS-JOURNEE-ETRANGE.png 400w\" sizes=\"auto, (max-width: 150px) 100vw, 150px\" \/><\/a>\n\t\t\t<\/div>\n\t\t\t\t<figcaption class='wp-caption-text gallery-caption' id='gallery-1-67014'>\n\t\t\t\tL&rsquo;affiche de l&rsquo;\u00e9v\u00e8nement \n\t\t\t\t<\/figcaption><\/figure><figure class='gallery-item'>\n\t\t\t<div class='gallery-icon landscape'>\n\t\t\t\t<a href='https:\/\/newsestlyonnais.fr\/site\/2019\/02\/22\/vaulx-en-velin-1-journee-de-letrange-ce-dimanche-au-cirque-imagine\/newsestlyonnais-cyrille-arnaud\/'><img loading=\"lazy\" decoding=\"async\" width=\"150\" height=\"150\" src=\"https:\/\/newsestlyonnais.fr\/site\/wp-content\/uploads\/2019\/02\/NEWSESTLYONNAIS-Cyrille-Arnaud-150x150.jpg\" class=\"attachment-thumbnail size-thumbnail\" alt=\"NEWSESTLYONNAIS Cyrille Arnaud\" aria-describedby=\"gallery-1-67024\" \/><\/a>\n\t\t\t<\/div>\n\t\t\t\t<figcaption class='wp-caption-text gallery-caption' id='gallery-1-67024'>\n\t\t\t\tL&rsquo; hypnotiseur Cyrille Arnaud sera pr\u00e9sent\n\t\t\t\t<\/figcaption><\/figure><figure class='gallery-item'>\n\t\t\t<div class='gallery-icon landscape'>\n\t\t\t\t<a href='https:\/\/newsestlyonnais.fr\/site\/2019\/02\/22\/vaulx-en-velin-1-journee-de-letrange-ce-dimanche-au-cirque-imagine\/newsestlyonanis-freres-bogdanov-02\/'><img loading=\"lazy\" decoding=\"async\" width=\"150\" height=\"150\" src=\"https:\/\/newsestlyonnais.fr\/site\/wp-content\/uploads\/2019\/02\/NEWSESTLYONANIS-FRERES-BOGDANOV-02-150x150.png\" class=\"attachment-thumbnail size-thumbnail\" alt=\"NEWSESTLYONANIS FRERES BOGDANOV 02\" aria-describedby=\"gallery-1-67028\" \/><\/a>\n\t\t\t<\/div>\n\t\t\t\t<figcaption class='wp-caption-text gallery-caption' id='gallery-1-67028'>\n\t\t\t\tLes c\u00e9l\u00e8bres Fr\u00e8res Bogdanov \n\t\t\t\t<\/figcaption><\/figure>\n\t\t<\/div>\n\n","protected":false},"excerpt":{"rendered":"<p>Cette toute premi\u00e8re \u00e9dition aura lieu dans le cadre f\u00e9\u00e9rique du Cirque Imagine et annonce une incroyable programmation.<\/p>\n","protected":false},"author":4,"featured_media":67018,"comment_status":"open","ping_status":"open","sticky":false,"template":"","format":"standard","meta":{"footnotes":""},"categories":[28],"tags":[2375,2374,2373,2006],"class_list":["post-67015","post","type-post","status-publish","format-standard","has-post-thumbnail","hentry","category-vaulx-en-velin","tag-cirque-imagine","tag-etrange","tag-freres-bogdanov","tag-vaulx-en-velin"],"yoast_head":"<!-- This site is optimized with the Yoast SEO plugin v27.2 - https:\/\/yoast.com\/product\/yoast-seo-wordpress\/ -->\n<title>VAULX-EN-VELIN | 1\u00b0 Journ\u00e9e de l&#039;\u00c9trange ce dimanche au Cirque Imagine - News Est Lyonnais VAULX EN VELIN : 1\u00b0 Journ\u00e9e de l&#039;\u00c9trange, dimanche 24 F\u00e9vrier au Cirque Imagine<\/title>\n<meta name=\"description\" content=\"VAULX-EN-VELIN | 1\u00b0 Journ\u00e9e de l&#039;\u00c9trange ce dimanche au Cirque Imagine\" \/>\n<meta name=\"robots\" content=\"index, follow, max-snippet:-1, max-image-preview:large, max-video-preview:-1\" \/>\n<link rel=\"canonical\" href=\"https:\/\/newsestlyonnais.fr\/site\/2019\/02\/22\/vaulx-en-velin-1-journee-de-letrange-ce-dimanche-au-cirque-imagine\/\" \/>\n<meta property=\"og:locale\" content=\"fr_FR\" \/>\n<meta property=\"og:type\" content=\"article\" \/>\n<meta property=\"og:title\" content=\"VAULX-EN-VELIN | 1\u00b0 Journ\u00e9e de l&#039;\u00c9trange ce dimanche au Cirque Imagine - News Est Lyonnais VAULX EN VELIN : 1\u00b0 Journ\u00e9e de l&#039;\u00c9trange, dimanche 24 F\u00e9vrier au Cirque Imagine\" \/>\n<meta property=\"og:description\" content=\"VAULX-EN-VELIN | 1\u00b0 Journ\u00e9e de l&#039;\u00c9trange ce dimanche au Cirque Imagine\" \/>\n<meta property=\"og:url\" content=\"https:\/\/newsestlyonnais.fr\/site\/2019\/02\/22\/vaulx-en-velin-1-journee-de-letrange-ce-dimanche-au-cirque-imagine\/\" \/>\n<meta property=\"og:site_name\" content=\"News Est Lyonnais\" \/>\n<meta property=\"article:author\" content=\"https:\/\/www.facebook.com\/pascal.oberson.1?fref=ts\" \/>\n<meta property=\"article:published_time\" content=\"2019-02-22T10:34:38+00:00\" \/>\n<meta property=\"article:modified_time\" content=\"2023-03-01T17:20:47+00:00\" \/>\n<meta property=\"og:image\" content=\"https:\/\/newsestlyonnais.fr\/site\/wp-content\/uploads\/2019\/02\/NEWSESTLYONANIS-FRERES-BOGDANOV-01.jpg\" \/>\n\t<meta property=\"og:image:width\" content=\"734\" \/>\n\t<meta property=\"og:image:height\" content=\"587\" \/>\n\t<meta property=\"og:image:type\" content=\"image\/jpeg\" \/>\n<meta name=\"author\" content=\"R\u00e9dac. NEWS\" \/>\n<meta name=\"twitter:card\" content=\"summary_large_image\" \/>\n<meta name=\"twitter:label1\" content=\"\u00c9crit par\" \/>\n\t<meta name=\"twitter:data1\" content=\"R\u00e9dac. NEWS\" \/>\n\t<meta name=\"twitter:label2\" content=\"Dur\u00e9e de lecture estim\u00e9e\" \/>\n\t<meta name=\"twitter:data2\" content=\"1 minute\" \/>\n<script type=\"application\/ld+json\" class=\"yoast-schema-graph\">{\"@context\":\"https:\/\/schema.org\",\"@graph\":[{\"@type\":\"Article\",\"@id\":\"https:\/\/newsestlyonnais.fr\/site\/2019\/02\/22\/vaulx-en-velin-1-journee-de-letrange-ce-dimanche-au-cirque-imagine\/#article\",\"isPartOf\":{\"@id\":\"https:\/\/newsestlyonnais.fr\/site\/2019\/02\/22\/vaulx-en-velin-1-journee-de-letrange-ce-dimanche-au-cirque-imagine\/\"},\"author\":{\"name\":\"R\u00e9dac. NEWS\",\"@id\":\"https:\/\/newsestlyonnais.fr\/site\/#\/schema\/person\/3230d5615f390bb808365d673001e887\"},\"headline\":\"VAULX-EN-VELIN | 1\u00b0 Journ\u00e9e de l&rsquo;\u00c9trange ce dimanche au Cirque Imagine\",\"datePublished\":\"2019-02-22T10:34:38+00:00\",\"dateModified\":\"2023-03-01T17:20:47+00:00\",\"mainEntityOfPage\":{\"@id\":\"https:\/\/newsestlyonnais.fr\/site\/2019\/02\/22\/vaulx-en-velin-1-journee-de-letrange-ce-dimanche-au-cirque-imagine\/\"},\"wordCount\":255,\"commentCount\":0,\"publisher\":{\"@id\":\"https:\/\/newsestlyonnais.fr\/site\/#organization\"},\"image\":{\"@id\":\"https:\/\/newsestlyonnais.fr\/site\/2019\/02\/22\/vaulx-en-velin-1-journee-de-letrange-ce-dimanche-au-cirque-imagine\/#primaryimage\"},\"thumbnailUrl\":\"https:\/\/newsestlyonnais.fr\/site\/wp-content\/uploads\/2019\/02\/NEWSESTLYONANIS-FRERES-BOGDANOV-01.jpg\",\"keywords\":[\"CIRQUE IMAGINE\",\"ETRANGE\",\"fr\u00e8res BOGDANOV\",\"VAULX EN VELIN\"],\"articleSection\":[\"Vaulx-en-Velin\"],\"inLanguage\":\"fr-FR\",\"potentialAction\":[{\"@type\":\"CommentAction\",\"name\":\"Comment\",\"target\":[\"https:\/\/newsestlyonnais.fr\/site\/2019\/02\/22\/vaulx-en-velin-1-journee-de-letrange-ce-dimanche-au-cirque-imagine\/#respond\"]}]},{\"@type\":\"WebPage\",\"@id\":\"https:\/\/newsestlyonnais.fr\/site\/2019\/02\/22\/vaulx-en-velin-1-journee-de-letrange-ce-dimanche-au-cirque-imagine\/\",\"url\":\"https:\/\/newsestlyonnais.fr\/site\/2019\/02\/22\/vaulx-en-velin-1-journee-de-letrange-ce-dimanche-au-cirque-imagine\/\",\"name\":\"VAULX-EN-VELIN | 1\u00b0 Journ\u00e9e de l'\u00c9trange ce dimanche au Cirque Imagine - News Est Lyonnais VAULX EN VELIN : 1\u00b0 Journ\u00e9e de l'\u00c9trange, dimanche 24 F\u00e9vrier au Cirque Imagine\",\"isPartOf\":{\"@id\":\"https:\/\/newsestlyonnais.fr\/site\/#website\"},\"primaryImageOfPage\":{\"@id\":\"https:\/\/newsestlyonnais.fr\/site\/2019\/02\/22\/vaulx-en-velin-1-journee-de-letrange-ce-dimanche-au-cirque-imagine\/#primaryimage\"},\"image\":{\"@id\":\"https:\/\/newsestlyonnais.fr\/site\/2019\/02\/22\/vaulx-en-velin-1-journee-de-letrange-ce-dimanche-au-cirque-imagine\/#primaryimage\"},\"thumbnailUrl\":\"https:\/\/newsestlyonnais.fr\/site\/wp-content\/uploads\/2019\/02\/NEWSESTLYONANIS-FRERES-BOGDANOV-01.jpg\",\"datePublished\":\"2019-02-22T10:34:38+00:00\",\"dateModified\":\"2023-03-01T17:20:47+00:00\",\"description\":\"VAULX-EN-VELIN | 1\u00b0 Journ\u00e9e de l'\u00c9trange ce dimanche au Cirque Imagine\",\"breadcrumb\":{\"@id\":\"https:\/\/newsestlyonnais.fr\/site\/2019\/02\/22\/vaulx-en-velin-1-journee-de-letrange-ce-dimanche-au-cirque-imagine\/#breadcrumb\"},\"inLanguage\":\"fr-FR\",\"potentialAction\":[{\"@type\":\"ReadAction\",\"target\":[\"https:\/\/newsestlyonnais.fr\/site\/2019\/02\/22\/vaulx-en-velin-1-journee-de-letrange-ce-dimanche-au-cirque-imagine\/\"]}]},{\"@type\":\"ImageObject\",\"inLanguage\":\"fr-FR\",\"@id\":\"https:\/\/newsestlyonnais.fr\/site\/2019\/02\/22\/vaulx-en-velin-1-journee-de-letrange-ce-dimanche-au-cirque-imagine\/#primaryimage\",\"url\":\"https:\/\/newsestlyonnais.fr\/site\/wp-content\/uploads\/2019\/02\/NEWSESTLYONANIS-FRERES-BOGDANOV-01.jpg\",\"contentUrl\":\"https:\/\/newsestlyonnais.fr\/site\/wp-content\/uploads\/2019\/02\/NEWSESTLYONANIS-FRERES-BOGDANOV-01.jpg\",\"width\":734,\"height\":587,\"caption\":\"NEWSESTLYONANIS FRERES BOGDANOV 01\"},{\"@type\":\"BreadcrumbList\",\"@id\":\"https:\/\/newsestlyonnais.fr\/site\/2019\/02\/22\/vaulx-en-velin-1-journee-de-letrange-ce-dimanche-au-cirque-imagine\/#breadcrumb\",\"itemListElement\":[{\"@type\":\"ListItem\",\"position\":1,\"name\":\"Accueil\",\"item\":\"https:\/\/newsestlyonnais.fr\/site\/\"},{\"@type\":\"ListItem\",\"position\":2,\"name\":\"VAULX-EN-VELIN | 1\u00b0 Journ\u00e9e de l&rsquo;\u00c9trange ce dimanche au Cirque Imagine\"}]},{\"@type\":\"WebSite\",\"@id\":\"https:\/\/newsestlyonnais.fr\/site\/#website\",\"url\":\"https:\/\/newsestlyonnais.fr\/site\/\",\"name\":\"News Est Lyonnais\",\"description\":\"L&#039;actualit\u00e9 au plus pr\u00e8s\",\"publisher\":{\"@id\":\"https:\/\/newsestlyonnais.fr\/site\/#organization\"},\"potentialAction\":[{\"@type\":\"SearchAction\",\"target\":{\"@type\":\"EntryPoint\",\"urlTemplate\":\"https:\/\/newsestlyonnais.fr\/site\/?s={search_term_string}\"},\"query-input\":{\"@type\":\"PropertyValueSpecification\",\"valueRequired\":true,\"valueName\":\"search_term_string\"}}],\"inLanguage\":\"fr-FR\"},{\"@type\":\"Organization\",\"@id\":\"https:\/\/newsestlyonnais.fr\/site\/#organization\",\"name\":\"News EST LYONNAIS\",\"url\":\"https:\/\/newsestlyonnais.fr\/site\/\",\"logo\":{\"@type\":\"ImageObject\",\"inLanguage\":\"fr-FR\",\"@id\":\"https:\/\/newsestlyonnais.fr\/site\/#\/schema\/logo\/image\/\",\"url\":\"\",\"contentUrl\":\"\",\"caption\":\"News EST LYONNAIS\"},\"image\":{\"@id\":\"https:\/\/newsestlyonnais.fr\/site\/#\/schema\/logo\/image\/\"}},{\"@type\":\"Person\",\"@id\":\"https:\/\/newsestlyonnais.fr\/site\/#\/schema\/person\/3230d5615f390bb808365d673001e887\",\"name\":\"R\u00e9dac. NEWS\",\"sameAs\":[\"http:\/\/www.newsestlyonnais.fr\",\"https:\/\/www.facebook.com\/pascal.oberson.1?fref=ts\",\"https:\/\/fr.linkedin.com\/in\/pascal-oberson-b17045113\"],\"url\":\"https:\/\/newsestlyonnais.fr\/site\/author\/nel\/\"}]}<\/script>\n<!-- \/ Yoast SEO plugin. -->","yoast_head_json":{"title":"VAULX-EN-VELIN | 1\u00b0 Journ\u00e9e de l'\u00c9trange ce dimanche au Cirque Imagine - News Est Lyonnais VAULX EN VELIN : 1\u00b0 Journ\u00e9e de l'\u00c9trange, dimanche 24 F\u00e9vrier au Cirque Imagine","description":"VAULX-EN-VELIN | 1\u00b0 Journ\u00e9e de l'\u00c9trange ce dimanche au Cirque Imagine","robots":{"index":"index","follow":"follow","max-snippet":"max-snippet:-1","max-image-preview":"max-image-preview:large","max-video-preview":"max-video-preview:-1"},"canonical":"https:\/\/newsestlyonnais.fr\/site\/2019\/02\/22\/vaulx-en-velin-1-journee-de-letrange-ce-dimanche-au-cirque-imagine\/","og_locale":"fr_FR","og_type":"article","og_title":"VAULX-EN-VELIN | 1\u00b0 Journ\u00e9e de l'\u00c9trange ce dimanche au Cirque Imagine - News Est Lyonnais VAULX EN VELIN : 1\u00b0 Journ\u00e9e de l'\u00c9trange, dimanche 24 F\u00e9vrier au Cirque Imagine","og_description":"VAULX-EN-VELIN | 1\u00b0 Journ\u00e9e de l'\u00c9trange ce dimanche au Cirque Imagine","og_url":"https:\/\/newsestlyonnais.fr\/site\/2019\/02\/22\/vaulx-en-velin-1-journee-de-letrange-ce-dimanche-au-cirque-imagine\/","og_site_name":"News Est Lyonnais","article_author":"https:\/\/www.facebook.com\/pascal.oberson.1?fref=ts","article_published_time":"2019-02-22T10:34:38+00:00","article_modified_time":"2023-03-01T17:20:47+00:00","og_image":[{"width":734,"height":587,"url":"https:\/\/newsestlyonnais.fr\/site\/wp-content\/uploads\/2019\/02\/NEWSESTLYONANIS-FRERES-BOGDANOV-01.jpg","type":"image\/jpeg"}],"author":"R\u00e9dac. NEWS","twitter_card":"summary_large_image","twitter_misc":{"\u00c9crit par":"R\u00e9dac. NEWS","Dur\u00e9e de lecture estim\u00e9e":"1 minute"},"schema":{"@context":"https:\/\/schema.org","@graph":[{"@type":"Article","@id":"https:\/\/newsestlyonnais.fr\/site\/2019\/02\/22\/vaulx-en-velin-1-journee-de-letrange-ce-dimanche-au-cirque-imagine\/#article","isPartOf":{"@id":"https:\/\/newsestlyonnais.fr\/site\/2019\/02\/22\/vaulx-en-velin-1-journee-de-letrange-ce-dimanche-au-cirque-imagine\/"},"author":{"name":"R\u00e9dac. NEWS","@id":"https:\/\/newsestlyonnais.fr\/site\/#\/schema\/person\/3230d5615f390bb808365d673001e887"},"headline":"VAULX-EN-VELIN | 1\u00b0 Journ\u00e9e de l&rsquo;\u00c9trange ce dimanche au Cirque Imagine","datePublished":"2019-02-22T10:34:38+00:00","dateModified":"2023-03-01T17:20:47+00:00","mainEntityOfPage":{"@id":"https:\/\/newsestlyonnais.fr\/site\/2019\/02\/22\/vaulx-en-velin-1-journee-de-letrange-ce-dimanche-au-cirque-imagine\/"},"wordCount":255,"commentCount":0,"publisher":{"@id":"https:\/\/newsestlyonnais.fr\/site\/#organization"},"image":{"@id":"https:\/\/newsestlyonnais.fr\/site\/2019\/02\/22\/vaulx-en-velin-1-journee-de-letrange-ce-dimanche-au-cirque-imagine\/#primaryimage"},"thumbnailUrl":"https:\/\/newsestlyonnais.fr\/site\/wp-content\/uploads\/2019\/02\/NEWSESTLYONANIS-FRERES-BOGDANOV-01.jpg","keywords":["CIRQUE IMAGINE","ETRANGE","fr\u00e8res BOGDANOV","VAULX EN VELIN"],"articleSection":["Vaulx-en-Velin"],"inLanguage":"fr-FR","potentialAction":[{"@type":"CommentAction","name":"Comment","target":["https:\/\/newsestlyonnais.fr\/site\/2019\/02\/22\/vaulx-en-velin-1-journee-de-letrange-ce-dimanche-au-cirque-imagine\/#respond"]}]},{"@type":"WebPage","@id":"https:\/\/newsestlyonnais.fr\/site\/2019\/02\/22\/vaulx-en-velin-1-journee-de-letrange-ce-dimanche-au-cirque-imagine\/","url":"https:\/\/newsestlyonnais.fr\/site\/2019\/02\/22\/vaulx-en-velin-1-journee-de-letrange-ce-dimanche-au-cirque-imagine\/","name":"VAULX-EN-VELIN | 1\u00b0 Journ\u00e9e de l'\u00c9trange ce dimanche au Cirque Imagine - News Est Lyonnais VAULX EN VELIN : 1\u00b0 Journ\u00e9e de l'\u00c9trange, dimanche 24 F\u00e9vrier au Cirque Imagine","isPartOf":{"@id":"https:\/\/newsestlyonnais.fr\/site\/#website"},"primaryImageOfPage":{"@id":"https:\/\/newsestlyonnais.fr\/site\/2019\/02\/22\/vaulx-en-velin-1-journee-de-letrange-ce-dimanche-au-cirque-imagine\/#primaryimage"},"image":{"@id":"https:\/\/newsestlyonnais.fr\/site\/2019\/02\/22\/vaulx-en-velin-1-journee-de-letrange-ce-dimanche-au-cirque-imagine\/#primaryimage"},"thumbnailUrl":"https:\/\/newsestlyonnais.fr\/site\/wp-content\/uploads\/2019\/02\/NEWSESTLYONANIS-FRERES-BOGDANOV-01.jpg","datePublished":"2019-02-22T10:34:38+00:00","dateModified":"2023-03-01T17:20:47+00:00","description":"VAULX-EN-VELIN | 1\u00b0 Journ\u00e9e de l'\u00c9trange ce dimanche au Cirque Imagine","breadcrumb":{"@id":"https:\/\/newsestlyonnais.fr\/site\/2019\/02\/22\/vaulx-en-velin-1-journee-de-letrange-ce-dimanche-au-cirque-imagine\/#breadcrumb"},"inLanguage":"fr-FR","potentialAction":[{"@type":"ReadAction","target":["https:\/\/newsestlyonnais.fr\/site\/2019\/02\/22\/vaulx-en-velin-1-journee-de-letrange-ce-dimanche-au-cirque-imagine\/"]}]},{"@type":"ImageObject","inLanguage":"fr-FR","@id":"https:\/\/newsestlyonnais.fr\/site\/2019\/02\/22\/vaulx-en-velin-1-journee-de-letrange-ce-dimanche-au-cirque-imagine\/#primaryimage","url":"https:\/\/newsestlyonnais.fr\/site\/wp-content\/uploads\/2019\/02\/NEWSESTLYONANIS-FRERES-BOGDANOV-01.jpg","contentUrl":"https:\/\/newsestlyonnais.fr\/site\/wp-content\/uploads\/2019\/02\/NEWSESTLYONANIS-FRERES-BOGDANOV-01.jpg","width":734,"height":587,"caption":"NEWSESTLYONANIS FRERES BOGDANOV 01"},{"@type":"BreadcrumbList","@id":"https:\/\/newsestlyonnais.fr\/site\/2019\/02\/22\/vaulx-en-velin-1-journee-de-letrange-ce-dimanche-au-cirque-imagine\/#breadcrumb","itemListElement":[{"@type":"ListItem","position":1,"name":"Accueil","item":"https:\/\/newsestlyonnais.fr\/site\/"},{"@type":"ListItem","position":2,"name":"VAULX-EN-VELIN | 1\u00b0 Journ\u00e9e de l&rsquo;\u00c9trange ce dimanche au Cirque Imagine"}]},{"@type":"WebSite","@id":"https:\/\/newsestlyonnais.fr\/site\/#website","url":"https:\/\/newsestlyonnais.fr\/site\/","name":"News Est Lyonnais","description":"L&#039;actualit\u00e9 au plus pr\u00e8s","publisher":{"@id":"https:\/\/newsestlyonnais.fr\/site\/#organization"},"potentialAction":[{"@type":"SearchAction","target":{"@type":"EntryPoint","urlTemplate":"https:\/\/newsestlyonnais.fr\/site\/?s={search_term_string}"},"query-input":{"@type":"PropertyValueSpecification","valueRequired":true,"valueName":"search_term_string"}}],"inLanguage":"fr-FR"},{"@type":"Organization","@id":"https:\/\/newsestlyonnais.fr\/site\/#organization","name":"News EST LYONNAIS","url":"https:\/\/newsestlyonnais.fr\/site\/","logo":{"@type":"ImageObject","inLanguage":"fr-FR","@id":"https:\/\/newsestlyonnais.fr\/site\/#\/schema\/logo\/image\/","url":"","contentUrl":"","caption":"News EST LYONNAIS"},"image":{"@id":"https:\/\/newsestlyonnais.fr\/site\/#\/schema\/logo\/image\/"}},{"@type":"Person","@id":"https:\/\/newsestlyonnais.fr\/site\/#\/schema\/person\/3230d5615f390bb808365d673001e887","name":"R\u00e9dac. NEWS","sameAs":["http:\/\/www.newsestlyonnais.fr","https:\/\/www.facebook.com\/pascal.oberson.1?fref=ts","https:\/\/fr.linkedin.com\/in\/pascal-oberson-b17045113"],"url":"https:\/\/newsestlyonnais.fr\/site\/author\/nel\/"}]}},"_links":{"self":[{"href":"https:\/\/newsestlyonnais.fr\/site\/wp-json\/wp\/v2\/posts\/67015","targetHints":{"allow":["GET"]}}],"collection":[{"href":"https:\/\/newsestlyonnais.fr\/site\/wp-json\/wp\/v2\/posts"}],"about":[{"href":"https:\/\/newsestlyonnais.fr\/site\/wp-json\/wp\/v2\/types\/post"}],"author":[{"embeddable":true,"href":"https:\/\/newsestlyonnais.fr\/site\/wp-json\/wp\/v2\/users\/4"}],"replies":[{"embeddable":true,"href":"https:\/\/newsestlyonnais.fr\/site\/wp-json\/wp\/v2\/comments?post=67015"}],"version-history":[{"count":0,"href":"https:\/\/newsestlyonnais.fr\/site\/wp-json\/wp\/v2\/posts\/67015\/revisions"}],"wp:featuredmedia":[{"embeddable":true,"href":"https:\/\/newsestlyonnais.fr\/site\/wp-json\/wp\/v2\/media\/67018"}],"wp:attachment":[{"href":"https:\/\/newsestlyonnais.fr\/site\/wp-json\/wp\/v2\/media?parent=67015"}],"wp:term":[{"taxonomy":"category","embeddable":true,"href":"https:\/\/newsestlyonnais.fr\/site\/wp-json\/wp\/v2\/categories?post=67015"},{"taxonomy":"post_tag","embeddable":true,"href":"https:\/\/newsestlyonnais.fr\/site\/wp-json\/wp\/v2\/tags?post=67015"}],"curies":[{"name":"wp","href":"https:\/\/api.w.org\/{rel}","templated":true}]}}