{"id":67292,"date":"2019-02-22T12:09:41","date_gmt":"2019-02-22T11:09:41","guid":{"rendered":"http:\/\/newsestlyonnais.fr\/site\/?p=67292"},"modified":"2020-10-30T10:09:30","modified_gmt":"2020-10-30T09:09:30","slug":"villeurbanne-les-evenements-sur-la-commune-jusquau-11-mars-2019","status":"publish","type":"post","link":"https:\/\/newsestlyonnais.fr\/site\/2019\/02\/22\/villeurbanne-les-evenements-sur-la-commune-jusquau-11-mars-2019\/","title":{"rendered":"VILLEURBANNE | Les \u00e9v\u00e8nements sur la commune jusqu\u2019au 11 mars 2019"},"content":{"rendered":"<h4>Plusieurs \u00e9v\u00e8nements et manifestations se d\u00e9rouleront sur la commune villeurbannaise durant cette p\u00e9riode, \u00e0 savoir :<\/h4>\n<ul>\n<li>\n<div><strong>Dimanche 24<\/strong> <strong>f\u00e9vrier de 11 h 30 \u00e0 18 h : <\/strong>\u00ab <span style=\"text-decoration: underline\">F\u00eate du T\u00eat 2019<\/span> \u00bb, Nouvel An Vietnamien (ann\u00e9e du cochon). Organis\u00e9e par l\u2019Union G\u00e9n\u00e9rale des Vietnamiens du Rh\u00f4ne. (UGVR). Exposition artistique et village de la gastronomie du Vietnam. Spectacle : musique, chants, danses, th\u00e9\u00e2tre. Tombola. (Centre culturel et de la vie associative, 234 cours Emile-Zola).<\/div>\n<\/li>\n<li>\n<div><strong>Lundi 25 F\u00e9vrier \u00e0 18 h<\/strong> : <span style=\"text-decoration: underline\">Conseil de municipalit\u00e9<\/span>.<\/div>\n<\/li>\n<li>\n<div><strong>Jeudi 28 F\u00e9vrier <\/strong>: <span style=\"text-decoration: underline\">C\u00e9r\u00e9monie \u00e0 la m\u00e9moire des familles Rubin et Ast<\/span>, victimes des pers\u00e9cutions nazies <strong>&amp; \u00e0<\/strong><\/div>\n<div><strong>18 h 30<\/strong> : D\u00e9voilement d\u2019une plaque \u00e0 la m\u00e9moire des familles Rubin et Ast. (112 rue Anatole-France) <strong>&amp; \u00e0 19 h<\/strong> : Prises de parole &amp; Vin d\u2019honneur. (dans les salons de l\u2019h\u00f4tel de ville de Villeurbanne, 2\u00b0 \u00e9tage).<\/div>\n<\/li>\n<li>\n<div><strong>Vendredi 1\u00b0 Mars<\/strong> <strong>\u00e0 20 h<\/strong> : <span style=\"text-decoration: underline\">Championnat de France de basket<\/span> : ASVEL \/ LE PORTEL. (Astroballe).<\/div>\n<\/li>\n<li>\n<div><strong>Samedi 2 mars \u00e0 partir de 9 h 30<\/strong> : <span style=\"text-decoration: underline\">Assembl\u00e9e g\u00e9n\u00e9rale de l\u2019UMAC<\/span> section de Villeurbanne. (Restaurant \u00ab<\/div>\n<div>La Bonne Fourchette\u00bb &#8211; 84 rue d\u2019Alsace) <strong>&amp; \u00e0 20 h<\/strong> : <span style=\"text-decoration: underline\">Match Asvel Villeurbanne Basket F\u00e9minin<\/span> : ASVEL VBF \/ PAU ORTHEZ. (Salle R. de Barros \u2013 251-253 cours Emile-Zola).<\/div>\n<\/li>\n<li>\n<div><strong>Dimanche 3 mars<\/strong> : <span style=\"text-decoration: underline\">C\u00e9r\u00e9monies comm\u00e9moratives du 76\u00b0 Anniversaire de la Rafle du 1\u00b0 mars 1943<\/span>. <strong>\u00e0 10 h 30<\/strong> : Messe c\u00e9l\u00e9br\u00e9e par le p\u00e8re Etienne Guibert en l\u2019\u00e9glise de la Nativit\u00e9 (place Grandcl\u00e9ment), <strong>\u00e0 11 h 40<\/strong> : Rassemblement et d\u00e9p\u00f4t de gerbes devant la plaque comm\u00e9morative. (angle de la rue du 1\u00b0 mars 1943 et du cours Tolsto\u00ee). <strong>\u00e0 11 h 50<\/strong> : D\u00e9p\u00f4t de gerbes devant la plaque comm\u00e9morative plac\u00e9e sur l\u2019ex-caf\u00e9 Jacob o\u00f9 furent rassembl\u00e9es les victimes de la rafle. (angle rue L\u00e9on-Blum et boulevard Eug\u00e8ne-R\u00e9guillon). <strong>\u00e0 12 h<\/strong> : C\u00e9r\u00e9monie du Souvenir, d\u00e9p\u00f4t de gerbes et allocution. (devant le monument des D\u00e9port\u00e9s \u2013 4 rue L\u00e9on-Blum). <strong>\u00e0 12 h 30<\/strong>: Vin d\u2019honneur. (Maison Berty-Albrecht \u2013 14 place Grandcl\u00e9ment) &amp; \u00e0 partir de 14 h : Loto organis\u00e9 par l\u2019association \u00abVilleurbanne Twirling\u00bb. (Centre culturel et de la vie associative \u2013 234 cours Emile-Zola).<\/div>\n<\/li>\n<li>\n<div><strong>Lundi 4 Mars \u00e0 18 h<\/strong> : <span style=\"text-decoration: underline\">Conseil de municipalit\u00e9<\/span>.<\/div>\n<\/li>\n<li>\n<div>\n<div>\n<div><strong>Mardi 5 Mars \u00e0 20 h 30<\/strong> :\u00a0 <span style=\"text-decoration: underline\">Match de Quart de Finale de Coupe d\u2019Europe de basket<\/span> : ASVEL \/ ANDORRE. (Astroballe).<\/div>\n<\/div>\n<\/div>\n<\/li>\n<li>\n<div>\n<div>\n<div><strong>Jeudi 6 Mars \u00e0 partir de 18 h<\/strong> : <span style=\"text-decoration: underline\">Vernissage de l\u2019exposition<\/span> &#8211; 50\u00b0 Salon des Artistes Villeurbannais. (Centre culturel et de la vie associative \u2013 234 cours Emile-Zola).<\/div>\n<\/div>\n<\/div>\n<\/li>\n<li>\n<div><strong>Dimanche 10 Mars \u00e0 partir de 14 h<\/strong> : <span style=\"text-decoration: underline\">Spectacle de vari\u00e9t\u00e9s<\/span> organis\u00e9 par l\u2019association \u00ab La Chanson Villeurbannaise \u00bb. (Centre culturel et de la vie associative \u2013 234 cours Emile-Zola).<\/div>\n<\/li>\n<li>\n<div>\n<div>\n<div>\n<div><strong>Lundi 11 Mars \u00e0 18 h<\/strong> : <span style=\"text-decoration: underline\">Conseil de municipalit\u00e9.<\/span><\/div>\n<\/div>\n<\/div>\n<\/div>\n<\/li>\n<\/ul>\n<p><strong>Retrouvez l\u2019ACTU de la commune sur : <a href=\"http:\/\/www.villeurbanne.fr\" target=\"_blank\" rel=\"noopener noreferrer\">http:\/\/www.villeurbanne.fr<\/a><\/strong><\/p>\n","protected":false},"excerpt":{"rendered":"<p>Plusieurs \u00e9v\u00e8nements et manifestations se d\u00e9rouleront sur la commune villeurbannaise durant cette p\u00e9riode, \u00e0 savoir : Dimanche 24 f\u00e9vrier de 11 h 30 \u00e0 18 h : \u00ab F\u00eate du T\u00eat 2019 \u00bb, Nouvel An Vietnamien (ann\u00e9e du cochon). Organis\u00e9e par l\u2019Union G\u00e9n\u00e9rale des Vietnamiens du Rh\u00f4ne. (UGVR). Exposition artistique et village de la gastronomie [&hellip;]<\/p>\n","protected":false},"author":4,"featured_media":12277,"comment_status":"open","ping_status":"open","sticky":false,"template":"","format":"standard","meta":{"footnotes":""},"categories":[29],"tags":[1991,2059,2091],"class_list":["post-67292","post","type-post","status-publish","format-standard","has-post-thumbnail","hentry","category-villeurbanne","tag-agenda","tag-manifestations","tag-villeurbanne"],"yoast_head":"<!-- This site is optimized with the Yoast SEO plugin v27.2 - https:\/\/yoast.com\/product\/yoast-seo-wordpress\/ -->\n<title>VILLEURBANNE | Les \u00e9v\u00e8nements sur la commune jusqu\u2019au 11 mars 2019 - News Est Lyonnais VILLEURBANNE : Les \u00e9v\u00e8nements pr\u00e9vus sur la commune jusqu\u2019au 11 mars 2019<\/title>\n<meta name=\"description\" content=\"VILLEURBANNE : Les \u00e9v\u00e8nements pr\u00e9vus sur la commune jusqu\u2019au 11 mars 2019\" \/>\n<meta name=\"robots\" content=\"index, follow, max-snippet:-1, max-image-preview:large, max-video-preview:-1\" \/>\n<link rel=\"canonical\" href=\"https:\/\/newsestlyonnais.fr\/site\/2019\/02\/22\/villeurbanne-les-evenements-sur-la-commune-jusquau-11-mars-2019\/\" \/>\n<meta property=\"og:locale\" content=\"fr_FR\" \/>\n<meta property=\"og:type\" content=\"article\" \/>\n<meta property=\"og:title\" content=\"VILLEURBANNE | Les \u00e9v\u00e8nements sur la commune jusqu\u2019au 11 mars 2019 - News Est Lyonnais VILLEURBANNE : Les \u00e9v\u00e8nements pr\u00e9vus sur la commune jusqu\u2019au 11 mars 2019\" \/>\n<meta property=\"og:description\" content=\"VILLEURBANNE : Les \u00e9v\u00e8nements pr\u00e9vus sur la commune jusqu\u2019au 11 mars 2019\" \/>\n<meta property=\"og:url\" content=\"https:\/\/newsestlyonnais.fr\/site\/2019\/02\/22\/villeurbanne-les-evenements-sur-la-commune-jusquau-11-mars-2019\/\" \/>\n<meta property=\"og:site_name\" content=\"News Est Lyonnais\" \/>\n<meta property=\"article:author\" content=\"https:\/\/www.facebook.com\/pascal.oberson.1?fref=ts\" \/>\n<meta property=\"article:published_time\" content=\"2019-02-22T11:09:41+00:00\" \/>\n<meta property=\"article:modified_time\" content=\"2020-10-30T09:09:30+00:00\" \/>\n<meta property=\"og:image\" content=\"https:\/\/i0.wp.com\/newsestlyonnais.fr\/site\/wp-content\/uploads\/2016\/09\/NEWSESTLYONNAIS-PANNEAUVILLEURBANNE.jpg?fit=1000%2C750&ssl=1\" \/>\n\t<meta property=\"og:image:width\" content=\"1000\" \/>\n\t<meta property=\"og:image:height\" content=\"750\" \/>\n\t<meta property=\"og:image:type\" content=\"image\/jpeg\" \/>\n<meta name=\"author\" content=\"R\u00e9dac. NEWS\" \/>\n<meta name=\"twitter:card\" content=\"summary_large_image\" \/>\n<meta name=\"twitter:label1\" content=\"\u00c9crit par\" \/>\n\t<meta name=\"twitter:data1\" content=\"R\u00e9dac. NEWS\" \/>\n\t<meta name=\"twitter:label2\" content=\"Dur\u00e9e de lecture estim\u00e9e\" \/>\n\t<meta name=\"twitter:data2\" content=\"2 minutes\" \/>\n<script type=\"application\/ld+json\" class=\"yoast-schema-graph\">{\"@context\":\"https:\/\/schema.org\",\"@graph\":[{\"@type\":\"Article\",\"@id\":\"https:\/\/newsestlyonnais.fr\/site\/2019\/02\/22\/villeurbanne-les-evenements-sur-la-commune-jusquau-11-mars-2019\/#article\",\"isPartOf\":{\"@id\":\"https:\/\/newsestlyonnais.fr\/site\/2019\/02\/22\/villeurbanne-les-evenements-sur-la-commune-jusquau-11-mars-2019\/\"},\"author\":{\"name\":\"R\u00e9dac. NEWS\",\"@id\":\"https:\/\/newsestlyonnais.fr\/site\/#\/schema\/person\/3230d5615f390bb808365d673001e887\"},\"headline\":\"VILLEURBANNE | Les \u00e9v\u00e8nements sur la commune jusqu\u2019au 11 mars 2019\",\"datePublished\":\"2019-02-22T11:09:41+00:00\",\"dateModified\":\"2020-10-30T09:09:30+00:00\",\"mainEntityOfPage\":{\"@id\":\"https:\/\/newsestlyonnais.fr\/site\/2019\/02\/22\/villeurbanne-les-evenements-sur-la-commune-jusquau-11-mars-2019\/\"},\"wordCount\":437,\"commentCount\":0,\"publisher\":{\"@id\":\"https:\/\/newsestlyonnais.fr\/site\/#organization\"},\"image\":{\"@id\":\"https:\/\/newsestlyonnais.fr\/site\/2019\/02\/22\/villeurbanne-les-evenements-sur-la-commune-jusquau-11-mars-2019\/#primaryimage\"},\"thumbnailUrl\":\"https:\/\/newsestlyonnais.fr\/site\/wp-content\/uploads\/2016\/09\/NEWSESTLYONNAIS-PANNEAUVILLEURBANNE.jpg\",\"keywords\":[\"AGENDA\",\"MANIFESTATIONS\",\"VILLEURBANNE\"],\"articleSection\":[\"Villeurbanne\"],\"inLanguage\":\"fr-FR\",\"potentialAction\":[{\"@type\":\"CommentAction\",\"name\":\"Comment\",\"target\":[\"https:\/\/newsestlyonnais.fr\/site\/2019\/02\/22\/villeurbanne-les-evenements-sur-la-commune-jusquau-11-mars-2019\/#respond\"]}]},{\"@type\":\"WebPage\",\"@id\":\"https:\/\/newsestlyonnais.fr\/site\/2019\/02\/22\/villeurbanne-les-evenements-sur-la-commune-jusquau-11-mars-2019\/\",\"url\":\"https:\/\/newsestlyonnais.fr\/site\/2019\/02\/22\/villeurbanne-les-evenements-sur-la-commune-jusquau-11-mars-2019\/\",\"name\":\"VILLEURBANNE | Les \u00e9v\u00e8nements sur la commune jusqu\u2019au 11 mars 2019 - News Est Lyonnais VILLEURBANNE : Les \u00e9v\u00e8nements pr\u00e9vus sur la commune jusqu\u2019au 11 mars 2019\",\"isPartOf\":{\"@id\":\"https:\/\/newsestlyonnais.fr\/site\/#website\"},\"primaryImageOfPage\":{\"@id\":\"https:\/\/newsestlyonnais.fr\/site\/2019\/02\/22\/villeurbanne-les-evenements-sur-la-commune-jusquau-11-mars-2019\/#primaryimage\"},\"image\":{\"@id\":\"https:\/\/newsestlyonnais.fr\/site\/2019\/02\/22\/villeurbanne-les-evenements-sur-la-commune-jusquau-11-mars-2019\/#primaryimage\"},\"thumbnailUrl\":\"https:\/\/newsestlyonnais.fr\/site\/wp-content\/uploads\/2016\/09\/NEWSESTLYONNAIS-PANNEAUVILLEURBANNE.jpg\",\"datePublished\":\"2019-02-22T11:09:41+00:00\",\"dateModified\":\"2020-10-30T09:09:30+00:00\",\"description\":\"VILLEURBANNE : Les \u00e9v\u00e8nements pr\u00e9vus sur la commune jusqu\u2019au 11 mars 2019\",\"breadcrumb\":{\"@id\":\"https:\/\/newsestlyonnais.fr\/site\/2019\/02\/22\/villeurbanne-les-evenements-sur-la-commune-jusquau-11-mars-2019\/#breadcrumb\"},\"inLanguage\":\"fr-FR\",\"potentialAction\":[{\"@type\":\"ReadAction\",\"target\":[\"https:\/\/newsestlyonnais.fr\/site\/2019\/02\/22\/villeurbanne-les-evenements-sur-la-commune-jusquau-11-mars-2019\/\"]}]},{\"@type\":\"ImageObject\",\"inLanguage\":\"fr-FR\",\"@id\":\"https:\/\/newsestlyonnais.fr\/site\/2019\/02\/22\/villeurbanne-les-evenements-sur-la-commune-jusquau-11-mars-2019\/#primaryimage\",\"url\":\"https:\/\/newsestlyonnais.fr\/site\/wp-content\/uploads\/2016\/09\/NEWSESTLYONNAIS-PANNEAUVILLEURBANNE.jpg\",\"contentUrl\":\"https:\/\/newsestlyonnais.fr\/site\/wp-content\/uploads\/2016\/09\/NEWSESTLYONNAIS-PANNEAUVILLEURBANNE.jpg\",\"width\":1000,\"height\":750,\"caption\":\"newsestlyonnais-panneauvilleurbanne\"},{\"@type\":\"BreadcrumbList\",\"@id\":\"https:\/\/newsestlyonnais.fr\/site\/2019\/02\/22\/villeurbanne-les-evenements-sur-la-commune-jusquau-11-mars-2019\/#breadcrumb\",\"itemListElement\":[{\"@type\":\"ListItem\",\"position\":1,\"name\":\"Accueil\",\"item\":\"https:\/\/newsestlyonnais.fr\/site\/\"},{\"@type\":\"ListItem\",\"position\":2,\"name\":\"VILLEURBANNE | Les \u00e9v\u00e8nements sur la commune jusqu\u2019au 11 mars 2019\"}]},{\"@type\":\"WebSite\",\"@id\":\"https:\/\/newsestlyonnais.fr\/site\/#website\",\"url\":\"https:\/\/newsestlyonnais.fr\/site\/\",\"name\":\"News Est Lyonnais\",\"description\":\"L&#039;actualit\u00e9 au plus pr\u00e8s\",\"publisher\":{\"@id\":\"https:\/\/newsestlyonnais.fr\/site\/#organization\"},\"potentialAction\":[{\"@type\":\"SearchAction\",\"target\":{\"@type\":\"EntryPoint\",\"urlTemplate\":\"https:\/\/newsestlyonnais.fr\/site\/?s={search_term_string}\"},\"query-input\":{\"@type\":\"PropertyValueSpecification\",\"valueRequired\":true,\"valueName\":\"search_term_string\"}}],\"inLanguage\":\"fr-FR\"},{\"@type\":\"Organization\",\"@id\":\"https:\/\/newsestlyonnais.fr\/site\/#organization\",\"name\":\"News EST LYONNAIS\",\"url\":\"https:\/\/newsestlyonnais.fr\/site\/\",\"logo\":{\"@type\":\"ImageObject\",\"inLanguage\":\"fr-FR\",\"@id\":\"https:\/\/newsestlyonnais.fr\/site\/#\/schema\/logo\/image\/\",\"url\":\"\",\"contentUrl\":\"\",\"caption\":\"News EST LYONNAIS\"},\"image\":{\"@id\":\"https:\/\/newsestlyonnais.fr\/site\/#\/schema\/logo\/image\/\"}},{\"@type\":\"Person\",\"@id\":\"https:\/\/newsestlyonnais.fr\/site\/#\/schema\/person\/3230d5615f390bb808365d673001e887\",\"name\":\"R\u00e9dac. NEWS\",\"sameAs\":[\"http:\/\/www.newsestlyonnais.fr\",\"https:\/\/www.facebook.com\/pascal.oberson.1?fref=ts\",\"https:\/\/fr.linkedin.com\/in\/pascal-oberson-b17045113\"],\"url\":\"https:\/\/newsestlyonnais.fr\/site\/author\/nel\/\"}]}<\/script>\n<!-- \/ Yoast SEO plugin. -->","yoast_head_json":{"title":"VILLEURBANNE | Les \u00e9v\u00e8nements sur la commune jusqu\u2019au 11 mars 2019 - News Est Lyonnais VILLEURBANNE : Les \u00e9v\u00e8nements pr\u00e9vus sur la commune jusqu\u2019au 11 mars 2019","description":"VILLEURBANNE : Les \u00e9v\u00e8nements pr\u00e9vus sur la commune jusqu\u2019au 11 mars 2019","robots":{"index":"index","follow":"follow","max-snippet":"max-snippet:-1","max-image-preview":"max-image-preview:large","max-video-preview":"max-video-preview:-1"},"canonical":"https:\/\/newsestlyonnais.fr\/site\/2019\/02\/22\/villeurbanne-les-evenements-sur-la-commune-jusquau-11-mars-2019\/","og_locale":"fr_FR","og_type":"article","og_title":"VILLEURBANNE | Les \u00e9v\u00e8nements sur la commune jusqu\u2019au 11 mars 2019 - News Est Lyonnais VILLEURBANNE : Les \u00e9v\u00e8nements pr\u00e9vus sur la commune jusqu\u2019au 11 mars 2019","og_description":"VILLEURBANNE : Les \u00e9v\u00e8nements pr\u00e9vus sur la commune jusqu\u2019au 11 mars 2019","og_url":"https:\/\/newsestlyonnais.fr\/site\/2019\/02\/22\/villeurbanne-les-evenements-sur-la-commune-jusquau-11-mars-2019\/","og_site_name":"News Est Lyonnais","article_author":"https:\/\/www.facebook.com\/pascal.oberson.1?fref=ts","article_published_time":"2019-02-22T11:09:41+00:00","article_modified_time":"2020-10-30T09:09:30+00:00","og_image":[{"width":1000,"height":750,"url":"https:\/\/i0.wp.com\/newsestlyonnais.fr\/site\/wp-content\/uploads\/2016\/09\/NEWSESTLYONNAIS-PANNEAUVILLEURBANNE.jpg?fit=1000%2C750&ssl=1","type":"image\/jpeg"}],"author":"R\u00e9dac. NEWS","twitter_card":"summary_large_image","twitter_misc":{"\u00c9crit par":"R\u00e9dac. NEWS","Dur\u00e9e de lecture estim\u00e9e":"2 minutes"},"schema":{"@context":"https:\/\/schema.org","@graph":[{"@type":"Article","@id":"https:\/\/newsestlyonnais.fr\/site\/2019\/02\/22\/villeurbanne-les-evenements-sur-la-commune-jusquau-11-mars-2019\/#article","isPartOf":{"@id":"https:\/\/newsestlyonnais.fr\/site\/2019\/02\/22\/villeurbanne-les-evenements-sur-la-commune-jusquau-11-mars-2019\/"},"author":{"name":"R\u00e9dac. NEWS","@id":"https:\/\/newsestlyonnais.fr\/site\/#\/schema\/person\/3230d5615f390bb808365d673001e887"},"headline":"VILLEURBANNE | Les \u00e9v\u00e8nements sur la commune jusqu\u2019au 11 mars 2019","datePublished":"2019-02-22T11:09:41+00:00","dateModified":"2020-10-30T09:09:30+00:00","mainEntityOfPage":{"@id":"https:\/\/newsestlyonnais.fr\/site\/2019\/02\/22\/villeurbanne-les-evenements-sur-la-commune-jusquau-11-mars-2019\/"},"wordCount":437,"commentCount":0,"publisher":{"@id":"https:\/\/newsestlyonnais.fr\/site\/#organization"},"image":{"@id":"https:\/\/newsestlyonnais.fr\/site\/2019\/02\/22\/villeurbanne-les-evenements-sur-la-commune-jusquau-11-mars-2019\/#primaryimage"},"thumbnailUrl":"https:\/\/newsestlyonnais.fr\/site\/wp-content\/uploads\/2016\/09\/NEWSESTLYONNAIS-PANNEAUVILLEURBANNE.jpg","keywords":["AGENDA","MANIFESTATIONS","VILLEURBANNE"],"articleSection":["Villeurbanne"],"inLanguage":"fr-FR","potentialAction":[{"@type":"CommentAction","name":"Comment","target":["https:\/\/newsestlyonnais.fr\/site\/2019\/02\/22\/villeurbanne-les-evenements-sur-la-commune-jusquau-11-mars-2019\/#respond"]}]},{"@type":"WebPage","@id":"https:\/\/newsestlyonnais.fr\/site\/2019\/02\/22\/villeurbanne-les-evenements-sur-la-commune-jusquau-11-mars-2019\/","url":"https:\/\/newsestlyonnais.fr\/site\/2019\/02\/22\/villeurbanne-les-evenements-sur-la-commune-jusquau-11-mars-2019\/","name":"VILLEURBANNE | Les \u00e9v\u00e8nements sur la commune jusqu\u2019au 11 mars 2019 - News Est Lyonnais VILLEURBANNE : Les \u00e9v\u00e8nements pr\u00e9vus sur la commune jusqu\u2019au 11 mars 2019","isPartOf":{"@id":"https:\/\/newsestlyonnais.fr\/site\/#website"},"primaryImageOfPage":{"@id":"https:\/\/newsestlyonnais.fr\/site\/2019\/02\/22\/villeurbanne-les-evenements-sur-la-commune-jusquau-11-mars-2019\/#primaryimage"},"image":{"@id":"https:\/\/newsestlyonnais.fr\/site\/2019\/02\/22\/villeurbanne-les-evenements-sur-la-commune-jusquau-11-mars-2019\/#primaryimage"},"thumbnailUrl":"https:\/\/newsestlyonnais.fr\/site\/wp-content\/uploads\/2016\/09\/NEWSESTLYONNAIS-PANNEAUVILLEURBANNE.jpg","datePublished":"2019-02-22T11:09:41+00:00","dateModified":"2020-10-30T09:09:30+00:00","description":"VILLEURBANNE : Les \u00e9v\u00e8nements pr\u00e9vus sur la commune jusqu\u2019au 11 mars 2019","breadcrumb":{"@id":"https:\/\/newsestlyonnais.fr\/site\/2019\/02\/22\/villeurbanne-les-evenements-sur-la-commune-jusquau-11-mars-2019\/#breadcrumb"},"inLanguage":"fr-FR","potentialAction":[{"@type":"ReadAction","target":["https:\/\/newsestlyonnais.fr\/site\/2019\/02\/22\/villeurbanne-les-evenements-sur-la-commune-jusquau-11-mars-2019\/"]}]},{"@type":"ImageObject","inLanguage":"fr-FR","@id":"https:\/\/newsestlyonnais.fr\/site\/2019\/02\/22\/villeurbanne-les-evenements-sur-la-commune-jusquau-11-mars-2019\/#primaryimage","url":"https:\/\/newsestlyonnais.fr\/site\/wp-content\/uploads\/2016\/09\/NEWSESTLYONNAIS-PANNEAUVILLEURBANNE.jpg","contentUrl":"https:\/\/newsestlyonnais.fr\/site\/wp-content\/uploads\/2016\/09\/NEWSESTLYONNAIS-PANNEAUVILLEURBANNE.jpg","width":1000,"height":750,"caption":"newsestlyonnais-panneauvilleurbanne"},{"@type":"BreadcrumbList","@id":"https:\/\/newsestlyonnais.fr\/site\/2019\/02\/22\/villeurbanne-les-evenements-sur-la-commune-jusquau-11-mars-2019\/#breadcrumb","itemListElement":[{"@type":"ListItem","position":1,"name":"Accueil","item":"https:\/\/newsestlyonnais.fr\/site\/"},{"@type":"ListItem","position":2,"name":"VILLEURBANNE | Les \u00e9v\u00e8nements sur la commune jusqu\u2019au 11 mars 2019"}]},{"@type":"WebSite","@id":"https:\/\/newsestlyonnais.fr\/site\/#website","url":"https:\/\/newsestlyonnais.fr\/site\/","name":"News Est Lyonnais","description":"L&#039;actualit\u00e9 au plus pr\u00e8s","publisher":{"@id":"https:\/\/newsestlyonnais.fr\/site\/#organization"},"potentialAction":[{"@type":"SearchAction","target":{"@type":"EntryPoint","urlTemplate":"https:\/\/newsestlyonnais.fr\/site\/?s={search_term_string}"},"query-input":{"@type":"PropertyValueSpecification","valueRequired":true,"valueName":"search_term_string"}}],"inLanguage":"fr-FR"},{"@type":"Organization","@id":"https:\/\/newsestlyonnais.fr\/site\/#organization","name":"News EST LYONNAIS","url":"https:\/\/newsestlyonnais.fr\/site\/","logo":{"@type":"ImageObject","inLanguage":"fr-FR","@id":"https:\/\/newsestlyonnais.fr\/site\/#\/schema\/logo\/image\/","url":"","contentUrl":"","caption":"News EST LYONNAIS"},"image":{"@id":"https:\/\/newsestlyonnais.fr\/site\/#\/schema\/logo\/image\/"}},{"@type":"Person","@id":"https:\/\/newsestlyonnais.fr\/site\/#\/schema\/person\/3230d5615f390bb808365d673001e887","name":"R\u00e9dac. NEWS","sameAs":["http:\/\/www.newsestlyonnais.fr","https:\/\/www.facebook.com\/pascal.oberson.1?fref=ts","https:\/\/fr.linkedin.com\/in\/pascal-oberson-b17045113"],"url":"https:\/\/newsestlyonnais.fr\/site\/author\/nel\/"}]}},"_links":{"self":[{"href":"https:\/\/newsestlyonnais.fr\/site\/wp-json\/wp\/v2\/posts\/67292","targetHints":{"allow":["GET"]}}],"collection":[{"href":"https:\/\/newsestlyonnais.fr\/site\/wp-json\/wp\/v2\/posts"}],"about":[{"href":"https:\/\/newsestlyonnais.fr\/site\/wp-json\/wp\/v2\/types\/post"}],"author":[{"embeddable":true,"href":"https:\/\/newsestlyonnais.fr\/site\/wp-json\/wp\/v2\/users\/4"}],"replies":[{"embeddable":true,"href":"https:\/\/newsestlyonnais.fr\/site\/wp-json\/wp\/v2\/comments?post=67292"}],"version-history":[{"count":0,"href":"https:\/\/newsestlyonnais.fr\/site\/wp-json\/wp\/v2\/posts\/67292\/revisions"}],"wp:featuredmedia":[{"embeddable":true,"href":"https:\/\/newsestlyonnais.fr\/site\/wp-json\/wp\/v2\/media\/12277"}],"wp:attachment":[{"href":"https:\/\/newsestlyonnais.fr\/site\/wp-json\/wp\/v2\/media?parent=67292"}],"wp:term":[{"taxonomy":"category","embeddable":true,"href":"https:\/\/newsestlyonnais.fr\/site\/wp-json\/wp\/v2\/categories?post=67292"},{"taxonomy":"post_tag","embeddable":true,"href":"https:\/\/newsestlyonnais.fr\/site\/wp-json\/wp\/v2\/tags?post=67292"}],"curies":[{"name":"wp","href":"https:\/\/api.w.org\/{rel}","templated":true}]}}