{"id":67343,"date":"2019-02-24T08:17:00","date_gmt":"2019-02-24T07:17:00","guid":{"rendered":"http:\/\/newsestlyonnais.fr\/site\/?p=67343"},"modified":"2020-11-02T17:32:14","modified_gmt":"2020-11-02T16:32:14","slug":"vaulx-en-velin-championnat-de-france-interpoles-masculins-de-hand-du-5-au-10-mars-2019","status":"publish","type":"post","link":"https:\/\/newsestlyonnais.fr\/site\/2019\/02\/24\/vaulx-en-velin-championnat-de-france-interpoles-masculins-de-hand-du-5-au-10-mars-2019\/","title":{"rendered":"VAULX-EN-VELIN | Championnat de France Interp\u00f4les Masculins de Hand"},"content":{"rendered":"<h4>Durant cette p\u00e9riode, 14 p\u00f4les espoirs fran\u00e7ais et 2 \u00e9quipes (Belgique &amp; Qu\u00e9bec) seront pr\u00e9sents sur 4 sites de la commune vaudaise.<\/h4>\n<p>De jeunes joueurs n\u00e9s en 2001, 2002 &amp; 2003 qui \u00e9volueront au Palais des Sports et dans les gymnases Rousseau, Blondin et de l&rsquo;ENTPE.<\/p>\n<div class=\"vc-column-hover-5c6fdbc8ca72e columns six\">\n<div class=\"wpb_wrapper\">\n<div class=\"wpb_text_column wpb_content_element \">\n<div class=\"wpb_wrapper\">\n<p class=\"p1\"><strong>Composition des groupes :<\/strong><\/p>\n<ul>\n<li class=\"p1\"><strong>1 : <\/strong><strong>Auvergne Rh\u00f4ne Alpes<\/strong> \/\u00a0Belgique\/\u00a0Normandie \/\u00a0Provence Alpes C\u00f4te d\u2019Azur<\/li>\n<li class=\"p1\"><strong>2 : <\/strong>Grand Est \/ Ile-de-France \/ Pays de la Loire \/ Qu\u00e9bec<\/li>\n<li><strong>3 : <\/strong>Antilles \/ Bourgogne Franche-Comt\u00e9 \/ Bretagne \/ Occitanie<\/li>\n<li><strong>4 : <\/strong>Centre Val de Loire \/ Hauts-de-France \/ Nouvelle Aquitaine \/ R\u00e9union<\/li>\n<\/ul>\n<p>Finale le dimanche 10 Mars \u00e0 12 heures.<\/p>\n<p><em><strong>Plus d&rsquo;infos sur : <a href=\"http:\/\/aura-handball.fr\/evenements\/interpoles-masculins-2019\" target=\"_blank\" rel=\"noopener noreferrer\">http:\/\/aura-handball.fr\/evenements\/interpoles-masculins-2019<\/a><\/strong><\/em><\/p>\n<\/div>\n<\/div>\n<\/div>\n<\/div>\n<div id='gallery-1' class='gallery galleryid-67343 gallery-columns-3 gallery-size-thumbnail'><figure class='gallery-item'>\n\t\t\t<div class='gallery-icon portrait'>\n\t\t\t\t<a href='https:\/\/newsestlyonnais.fr\/site\/2019\/02\/24\/vaulx-en-velin-championnat-de-france-interpoles-masculins-de-hand-du-5-au-10-mars-2019\/newsestlyonnais-interpoles-2019\/'><img loading=\"lazy\" decoding=\"async\" width=\"150\" height=\"150\" src=\"https:\/\/newsestlyonnais.fr\/site\/wp-content\/uploads\/2019\/02\/NEWSESTLYONNAIS-INTERPOLES-2019-150x150.jpg\" class=\"attachment-thumbnail size-thumbnail\" alt=\"NEWSESTLYONNAIS - INTERPOLES 2019\" \/><\/a>\n\t\t\t<\/div><\/figure>\n\t\t<\/div>\n\n","protected":false},"excerpt":{"rendered":"<p>Durant cette p\u00e9riode, 14 p\u00f4les espoirs fran\u00e7ais et 2 \u00e9quipes (Belgique &amp; Qu\u00e9bec) seront pr\u00e9sents sur 4 sites de la commune vaudaise. De jeunes joueurs n\u00e9s en 2001, 2002 &amp; 2003 qui \u00e9volueront au Palais des Sports et dans les gymnases Rousseau, Blondin et de l&rsquo;ENTPE. Composition des groupes : 1 : Auvergne Rh\u00f4ne Alpes [&hellip;]<\/p>\n","protected":false},"author":4,"featured_media":0,"comment_status":"open","ping_status":"open","sticky":false,"template":"","format":"standard","meta":{"footnotes":""},"categories":[2975,1358,28],"tags":[2215,2398,2006],"class_list":["post-67343","post","type-post","status-publish","format-standard","hentry","category-basket-hand-volley-sports","category-hand","category-vaulx-en-velin","tag-handball","tag-interpoles","tag-vaulx-en-velin"],"yoast_head":"<!-- This site is optimized with the Yoast SEO plugin v27.2 - https:\/\/yoast.com\/product\/yoast-seo-wordpress\/ -->\n<title>VAULX-EN-VELIN | Championnat de France Interp\u00f4les Masculins de Hand - News Est Lyonnais VAULX EN VELIN : Championnat de France Interp\u00f4les Masculins de Hand du 5 au 10 mars 2019<\/title>\n<meta name=\"description\" content=\"VAULX EN VELIN : Championnat de France Interp\u00f4les Masculins de Hand du 5 au 10 mars 2019\" \/>\n<meta name=\"robots\" content=\"index, follow, max-snippet:-1, max-image-preview:large, max-video-preview:-1\" \/>\n<link rel=\"canonical\" href=\"https:\/\/newsestlyonnais.fr\/site\/2019\/02\/24\/vaulx-en-velin-championnat-de-france-interpoles-masculins-de-hand-du-5-au-10-mars-2019\/\" \/>\n<meta property=\"og:locale\" content=\"fr_FR\" \/>\n<meta property=\"og:type\" content=\"article\" \/>\n<meta property=\"og:title\" content=\"VAULX-EN-VELIN | Championnat de France Interp\u00f4les Masculins de Hand - News Est Lyonnais VAULX EN VELIN : Championnat de France Interp\u00f4les Masculins de Hand du 5 au 10 mars 2019\" \/>\n<meta property=\"og:description\" content=\"VAULX EN VELIN : Championnat de France Interp\u00f4les Masculins de Hand du 5 au 10 mars 2019\" \/>\n<meta property=\"og:url\" content=\"https:\/\/newsestlyonnais.fr\/site\/2019\/02\/24\/vaulx-en-velin-championnat-de-france-interpoles-masculins-de-hand-du-5-au-10-mars-2019\/\" \/>\n<meta property=\"og:site_name\" content=\"News Est Lyonnais\" \/>\n<meta property=\"article:author\" content=\"https:\/\/www.facebook.com\/pascal.oberson.1?fref=ts\" \/>\n<meta property=\"article:published_time\" content=\"2019-02-24T07:17:00+00:00\" \/>\n<meta property=\"article:modified_time\" content=\"2020-11-02T16:32:14+00:00\" \/>\n<meta name=\"author\" content=\"R\u00e9dac. NEWS\" \/>\n<meta name=\"twitter:card\" content=\"summary_large_image\" \/>\n<meta name=\"twitter:label1\" content=\"\u00c9crit par\" \/>\n\t<meta name=\"twitter:data1\" content=\"R\u00e9dac. NEWS\" \/>\n\t<meta name=\"twitter:label2\" content=\"Dur\u00e9e de lecture estim\u00e9e\" \/>\n\t<meta name=\"twitter:data2\" content=\"1 minute\" \/>\n<script type=\"application\/ld+json\" class=\"yoast-schema-graph\">{\"@context\":\"https:\/\/schema.org\",\"@graph\":[{\"@type\":\"Article\",\"@id\":\"https:\/\/newsestlyonnais.fr\/site\/2019\/02\/24\/vaulx-en-velin-championnat-de-france-interpoles-masculins-de-hand-du-5-au-10-mars-2019\/#article\",\"isPartOf\":{\"@id\":\"https:\/\/newsestlyonnais.fr\/site\/2019\/02\/24\/vaulx-en-velin-championnat-de-france-interpoles-masculins-de-hand-du-5-au-10-mars-2019\/\"},\"author\":{\"name\":\"R\u00e9dac. NEWS\",\"@id\":\"https:\/\/newsestlyonnais.fr\/site\/#\/schema\/person\/3230d5615f390bb808365d673001e887\"},\"headline\":\"VAULX-EN-VELIN | Championnat de France Interp\u00f4les Masculins de Hand\",\"datePublished\":\"2019-02-24T07:17:00+00:00\",\"dateModified\":\"2020-11-02T16:32:14+00:00\",\"mainEntityOfPage\":{\"@id\":\"https:\/\/newsestlyonnais.fr\/site\/2019\/02\/24\/vaulx-en-velin-championnat-de-france-interpoles-masculins-de-hand-du-5-au-10-mars-2019\/\"},\"wordCount\":112,\"commentCount\":0,\"publisher\":{\"@id\":\"https:\/\/newsestlyonnais.fr\/site\/#organization\"},\"keywords\":[\"HANDBALL\",\"interpoles\",\"VAULX EN VELIN\"],\"articleSection\":[\"Basket | Hand | Volley\",\"Hand\",\"Vaulx-en-Velin\"],\"inLanguage\":\"fr-FR\",\"potentialAction\":[{\"@type\":\"CommentAction\",\"name\":\"Comment\",\"target\":[\"https:\/\/newsestlyonnais.fr\/site\/2019\/02\/24\/vaulx-en-velin-championnat-de-france-interpoles-masculins-de-hand-du-5-au-10-mars-2019\/#respond\"]}]},{\"@type\":\"WebPage\",\"@id\":\"https:\/\/newsestlyonnais.fr\/site\/2019\/02\/24\/vaulx-en-velin-championnat-de-france-interpoles-masculins-de-hand-du-5-au-10-mars-2019\/\",\"url\":\"https:\/\/newsestlyonnais.fr\/site\/2019\/02\/24\/vaulx-en-velin-championnat-de-france-interpoles-masculins-de-hand-du-5-au-10-mars-2019\/\",\"name\":\"VAULX-EN-VELIN | Championnat de France Interp\u00f4les Masculins de Hand - News Est Lyonnais VAULX EN VELIN : Championnat de France Interp\u00f4les Masculins de Hand du 5 au 10 mars 2019\",\"isPartOf\":{\"@id\":\"https:\/\/newsestlyonnais.fr\/site\/#website\"},\"datePublished\":\"2019-02-24T07:17:00+00:00\",\"dateModified\":\"2020-11-02T16:32:14+00:00\",\"description\":\"VAULX EN VELIN : Championnat de France Interp\u00f4les Masculins de Hand du 5 au 10 mars 2019\",\"breadcrumb\":{\"@id\":\"https:\/\/newsestlyonnais.fr\/site\/2019\/02\/24\/vaulx-en-velin-championnat-de-france-interpoles-masculins-de-hand-du-5-au-10-mars-2019\/#breadcrumb\"},\"inLanguage\":\"fr-FR\",\"potentialAction\":[{\"@type\":\"ReadAction\",\"target\":[\"https:\/\/newsestlyonnais.fr\/site\/2019\/02\/24\/vaulx-en-velin-championnat-de-france-interpoles-masculins-de-hand-du-5-au-10-mars-2019\/\"]}]},{\"@type\":\"BreadcrumbList\",\"@id\":\"https:\/\/newsestlyonnais.fr\/site\/2019\/02\/24\/vaulx-en-velin-championnat-de-france-interpoles-masculins-de-hand-du-5-au-10-mars-2019\/#breadcrumb\",\"itemListElement\":[{\"@type\":\"ListItem\",\"position\":1,\"name\":\"Accueil\",\"item\":\"https:\/\/newsestlyonnais.fr\/site\/\"},{\"@type\":\"ListItem\",\"position\":2,\"name\":\"VAULX-EN-VELIN | Championnat de France Interp\u00f4les Masculins de Hand\"}]},{\"@type\":\"WebSite\",\"@id\":\"https:\/\/newsestlyonnais.fr\/site\/#website\",\"url\":\"https:\/\/newsestlyonnais.fr\/site\/\",\"name\":\"News Est Lyonnais\",\"description\":\"L&#039;actualit\u00e9 au plus pr\u00e8s\",\"publisher\":{\"@id\":\"https:\/\/newsestlyonnais.fr\/site\/#organization\"},\"potentialAction\":[{\"@type\":\"SearchAction\",\"target\":{\"@type\":\"EntryPoint\",\"urlTemplate\":\"https:\/\/newsestlyonnais.fr\/site\/?s={search_term_string}\"},\"query-input\":{\"@type\":\"PropertyValueSpecification\",\"valueRequired\":true,\"valueName\":\"search_term_string\"}}],\"inLanguage\":\"fr-FR\"},{\"@type\":\"Organization\",\"@id\":\"https:\/\/newsestlyonnais.fr\/site\/#organization\",\"name\":\"News EST LYONNAIS\",\"url\":\"https:\/\/newsestlyonnais.fr\/site\/\",\"logo\":{\"@type\":\"ImageObject\",\"inLanguage\":\"fr-FR\",\"@id\":\"https:\/\/newsestlyonnais.fr\/site\/#\/schema\/logo\/image\/\",\"url\":\"\",\"contentUrl\":\"\",\"caption\":\"News EST LYONNAIS\"},\"image\":{\"@id\":\"https:\/\/newsestlyonnais.fr\/site\/#\/schema\/logo\/image\/\"}},{\"@type\":\"Person\",\"@id\":\"https:\/\/newsestlyonnais.fr\/site\/#\/schema\/person\/3230d5615f390bb808365d673001e887\",\"name\":\"R\u00e9dac. NEWS\",\"sameAs\":[\"http:\/\/www.newsestlyonnais.fr\",\"https:\/\/www.facebook.com\/pascal.oberson.1?fref=ts\",\"https:\/\/fr.linkedin.com\/in\/pascal-oberson-b17045113\"],\"url\":\"https:\/\/newsestlyonnais.fr\/site\/author\/nel\/\"}]}<\/script>\n<!-- \/ Yoast SEO plugin. -->","yoast_head_json":{"title":"VAULX-EN-VELIN | Championnat de France Interp\u00f4les Masculins de Hand - News Est Lyonnais VAULX EN VELIN : Championnat de France Interp\u00f4les Masculins de Hand du 5 au 10 mars 2019","description":"VAULX EN VELIN : Championnat de France Interp\u00f4les Masculins de Hand du 5 au 10 mars 2019","robots":{"index":"index","follow":"follow","max-snippet":"max-snippet:-1","max-image-preview":"max-image-preview:large","max-video-preview":"max-video-preview:-1"},"canonical":"https:\/\/newsestlyonnais.fr\/site\/2019\/02\/24\/vaulx-en-velin-championnat-de-france-interpoles-masculins-de-hand-du-5-au-10-mars-2019\/","og_locale":"fr_FR","og_type":"article","og_title":"VAULX-EN-VELIN | Championnat de France Interp\u00f4les Masculins de Hand - News Est Lyonnais VAULX EN VELIN : Championnat de France Interp\u00f4les Masculins de Hand du 5 au 10 mars 2019","og_description":"VAULX EN VELIN : Championnat de France Interp\u00f4les Masculins de Hand du 5 au 10 mars 2019","og_url":"https:\/\/newsestlyonnais.fr\/site\/2019\/02\/24\/vaulx-en-velin-championnat-de-france-interpoles-masculins-de-hand-du-5-au-10-mars-2019\/","og_site_name":"News Est Lyonnais","article_author":"https:\/\/www.facebook.com\/pascal.oberson.1?fref=ts","article_published_time":"2019-02-24T07:17:00+00:00","article_modified_time":"2020-11-02T16:32:14+00:00","author":"R\u00e9dac. NEWS","twitter_card":"summary_large_image","twitter_misc":{"\u00c9crit par":"R\u00e9dac. NEWS","Dur\u00e9e de lecture estim\u00e9e":"1 minute"},"schema":{"@context":"https:\/\/schema.org","@graph":[{"@type":"Article","@id":"https:\/\/newsestlyonnais.fr\/site\/2019\/02\/24\/vaulx-en-velin-championnat-de-france-interpoles-masculins-de-hand-du-5-au-10-mars-2019\/#article","isPartOf":{"@id":"https:\/\/newsestlyonnais.fr\/site\/2019\/02\/24\/vaulx-en-velin-championnat-de-france-interpoles-masculins-de-hand-du-5-au-10-mars-2019\/"},"author":{"name":"R\u00e9dac. NEWS","@id":"https:\/\/newsestlyonnais.fr\/site\/#\/schema\/person\/3230d5615f390bb808365d673001e887"},"headline":"VAULX-EN-VELIN | Championnat de France Interp\u00f4les Masculins de Hand","datePublished":"2019-02-24T07:17:00+00:00","dateModified":"2020-11-02T16:32:14+00:00","mainEntityOfPage":{"@id":"https:\/\/newsestlyonnais.fr\/site\/2019\/02\/24\/vaulx-en-velin-championnat-de-france-interpoles-masculins-de-hand-du-5-au-10-mars-2019\/"},"wordCount":112,"commentCount":0,"publisher":{"@id":"https:\/\/newsestlyonnais.fr\/site\/#organization"},"keywords":["HANDBALL","interpoles","VAULX EN VELIN"],"articleSection":["Basket | Hand | Volley","Hand","Vaulx-en-Velin"],"inLanguage":"fr-FR","potentialAction":[{"@type":"CommentAction","name":"Comment","target":["https:\/\/newsestlyonnais.fr\/site\/2019\/02\/24\/vaulx-en-velin-championnat-de-france-interpoles-masculins-de-hand-du-5-au-10-mars-2019\/#respond"]}]},{"@type":"WebPage","@id":"https:\/\/newsestlyonnais.fr\/site\/2019\/02\/24\/vaulx-en-velin-championnat-de-france-interpoles-masculins-de-hand-du-5-au-10-mars-2019\/","url":"https:\/\/newsestlyonnais.fr\/site\/2019\/02\/24\/vaulx-en-velin-championnat-de-france-interpoles-masculins-de-hand-du-5-au-10-mars-2019\/","name":"VAULX-EN-VELIN | Championnat de France Interp\u00f4les Masculins de Hand - News Est Lyonnais VAULX EN VELIN : Championnat de France Interp\u00f4les Masculins de Hand du 5 au 10 mars 2019","isPartOf":{"@id":"https:\/\/newsestlyonnais.fr\/site\/#website"},"datePublished":"2019-02-24T07:17:00+00:00","dateModified":"2020-11-02T16:32:14+00:00","description":"VAULX EN VELIN : Championnat de France Interp\u00f4les Masculins de Hand du 5 au 10 mars 2019","breadcrumb":{"@id":"https:\/\/newsestlyonnais.fr\/site\/2019\/02\/24\/vaulx-en-velin-championnat-de-france-interpoles-masculins-de-hand-du-5-au-10-mars-2019\/#breadcrumb"},"inLanguage":"fr-FR","potentialAction":[{"@type":"ReadAction","target":["https:\/\/newsestlyonnais.fr\/site\/2019\/02\/24\/vaulx-en-velin-championnat-de-france-interpoles-masculins-de-hand-du-5-au-10-mars-2019\/"]}]},{"@type":"BreadcrumbList","@id":"https:\/\/newsestlyonnais.fr\/site\/2019\/02\/24\/vaulx-en-velin-championnat-de-france-interpoles-masculins-de-hand-du-5-au-10-mars-2019\/#breadcrumb","itemListElement":[{"@type":"ListItem","position":1,"name":"Accueil","item":"https:\/\/newsestlyonnais.fr\/site\/"},{"@type":"ListItem","position":2,"name":"VAULX-EN-VELIN | Championnat de France Interp\u00f4les Masculins de Hand"}]},{"@type":"WebSite","@id":"https:\/\/newsestlyonnais.fr\/site\/#website","url":"https:\/\/newsestlyonnais.fr\/site\/","name":"News Est Lyonnais","description":"L&#039;actualit\u00e9 au plus pr\u00e8s","publisher":{"@id":"https:\/\/newsestlyonnais.fr\/site\/#organization"},"potentialAction":[{"@type":"SearchAction","target":{"@type":"EntryPoint","urlTemplate":"https:\/\/newsestlyonnais.fr\/site\/?s={search_term_string}"},"query-input":{"@type":"PropertyValueSpecification","valueRequired":true,"valueName":"search_term_string"}}],"inLanguage":"fr-FR"},{"@type":"Organization","@id":"https:\/\/newsestlyonnais.fr\/site\/#organization","name":"News EST LYONNAIS","url":"https:\/\/newsestlyonnais.fr\/site\/","logo":{"@type":"ImageObject","inLanguage":"fr-FR","@id":"https:\/\/newsestlyonnais.fr\/site\/#\/schema\/logo\/image\/","url":"","contentUrl":"","caption":"News EST LYONNAIS"},"image":{"@id":"https:\/\/newsestlyonnais.fr\/site\/#\/schema\/logo\/image\/"}},{"@type":"Person","@id":"https:\/\/newsestlyonnais.fr\/site\/#\/schema\/person\/3230d5615f390bb808365d673001e887","name":"R\u00e9dac. NEWS","sameAs":["http:\/\/www.newsestlyonnais.fr","https:\/\/www.facebook.com\/pascal.oberson.1?fref=ts","https:\/\/fr.linkedin.com\/in\/pascal-oberson-b17045113"],"url":"https:\/\/newsestlyonnais.fr\/site\/author\/nel\/"}]}},"_links":{"self":[{"href":"https:\/\/newsestlyonnais.fr\/site\/wp-json\/wp\/v2\/posts\/67343","targetHints":{"allow":["GET"]}}],"collection":[{"href":"https:\/\/newsestlyonnais.fr\/site\/wp-json\/wp\/v2\/posts"}],"about":[{"href":"https:\/\/newsestlyonnais.fr\/site\/wp-json\/wp\/v2\/types\/post"}],"author":[{"embeddable":true,"href":"https:\/\/newsestlyonnais.fr\/site\/wp-json\/wp\/v2\/users\/4"}],"replies":[{"embeddable":true,"href":"https:\/\/newsestlyonnais.fr\/site\/wp-json\/wp\/v2\/comments?post=67343"}],"version-history":[{"count":0,"href":"https:\/\/newsestlyonnais.fr\/site\/wp-json\/wp\/v2\/posts\/67343\/revisions"}],"wp:attachment":[{"href":"https:\/\/newsestlyonnais.fr\/site\/wp-json\/wp\/v2\/media?parent=67343"}],"wp:term":[{"taxonomy":"category","embeddable":true,"href":"https:\/\/newsestlyonnais.fr\/site\/wp-json\/wp\/v2\/categories?post=67343"},{"taxonomy":"post_tag","embeddable":true,"href":"https:\/\/newsestlyonnais.fr\/site\/wp-json\/wp\/v2\/tags?post=67343"}],"curies":[{"name":"wp","href":"https:\/\/api.w.org\/{rel}","templated":true}]}}