{"id":67682,"date":"2019-02-27T16:27:49","date_gmt":"2019-02-27T15:27:49","guid":{"rendered":"http:\/\/newsestlyonnais.fr\/site\/?p=67682"},"modified":"2020-11-07T20:45:46","modified_gmt":"2020-11-07T19:45:46","slug":"genas-animation-skateboard-pour-les-11-17-ans","status":"publish","type":"post","link":"https:\/\/newsestlyonnais.fr\/site\/2019\/02\/27\/genas-animation-skateboard-pour-les-11-17-ans\/","title":{"rendered":"GENAS | Animation skateboard pour les 11\/17 ans"},"content":{"rendered":"\n<h4 class=\"wp-block-heading\">A partir du mercredi 6 mars et jusqu&rsquo;au mercredi 3 juillet 2019, une animation skateboard sera propos\u00e9e par le secteur jeunesse.  <\/h4>\n\n\n\n<p>Encadr\u00e9e par un professionnel, elle aura lieu de 13 heures 30 \u00e0 15 heures, <strong>hors vacances scolaires <\/strong>au Skatepark de Genas. Seront concern\u00e9s, les enfants de 10 ans et demi \u00e0 17 ans, qu&rsquo;ils soient d\u00e9butants ou initi\u00e9s. <\/p>\n\n\n\n<ul class=\"wp-block-list\"><li>Skateboard et mat\u00e9riel de s\u00e9curit\u00e9 fourni.<\/li><li>Il reste des places !  <\/li><\/ul>\n\n\n\n<p><strong>Renseignements et inscriptions en mairie de Genas : Contact: 06 21 60 22 93 <br>Secteur Jeunesse &#8211;  DPEL :  T\u00e9l : 04.72.47.11.28 jeunesse@ville-genas.fr <\/strong><\/p>\n\n\n\n<p><\/p>\n","protected":false},"excerpt":{"rendered":"<p>A partir du mercredi 6 mars et jusqu&rsquo;au mercredi 3 juillet 2019, une animation skateboard sera propos\u00e9e par le secteur jeunesse. Encadr\u00e9e par un professionnel, elle aura lieu de 13 heures 30 \u00e0 15 heures, hors vacances scolaires au Skatepark de Genas. Seront concern\u00e9s, les enfants de 10 ans et demi \u00e0 17 ans, qu&rsquo;ils [&hellip;]<\/p>\n","protected":false},"author":4,"featured_media":0,"comment_status":"open","ping_status":"open","sticky":false,"template":"","format":"standard","meta":{"footnotes":""},"categories":[270,171,1598],"tags":[2005,2037,2408],"class_list":["post-67682","post","type-post","status-publish","format-standard","hentry","category-cte-de-communes-c-c-e-l","category-enfance-jeunesse","category-genas","tag-genas","tag-jeunesse","tag-skateboard"],"yoast_head":"<!-- This site is optimized with the Yoast SEO plugin v27.2 - https:\/\/yoast.com\/product\/yoast-seo-wordpress\/ -->\n<title>GENAS | Animation skateboard pour les 11\/17 ans - News Est Lyonnais genas-animation-skateboard-pour-les-11-17-ans<\/title>\n<meta name=\"description\" content=\"genas-animation-skateboard-pour-les-11-17-ans\" \/>\n<meta name=\"robots\" content=\"index, follow, max-snippet:-1, max-image-preview:large, max-video-preview:-1\" \/>\n<link rel=\"canonical\" href=\"https:\/\/newsestlyonnais.fr\/site\/2019\/02\/27\/genas-animation-skateboard-pour-les-11-17-ans\/\" \/>\n<meta property=\"og:locale\" content=\"fr_FR\" \/>\n<meta property=\"og:type\" content=\"article\" \/>\n<meta property=\"og:title\" content=\"GENAS | Animation skateboard pour les 11\/17 ans - News Est Lyonnais genas-animation-skateboard-pour-les-11-17-ans\" \/>\n<meta property=\"og:description\" content=\"genas-animation-skateboard-pour-les-11-17-ans\" \/>\n<meta property=\"og:url\" content=\"https:\/\/newsestlyonnais.fr\/site\/2019\/02\/27\/genas-animation-skateboard-pour-les-11-17-ans\/\" \/>\n<meta property=\"og:site_name\" content=\"News Est Lyonnais\" \/>\n<meta property=\"article:author\" content=\"https:\/\/www.facebook.com\/pascal.oberson.1?fref=ts\" \/>\n<meta property=\"article:published_time\" content=\"2019-02-27T15:27:49+00:00\" \/>\n<meta property=\"article:modified_time\" content=\"2020-11-07T19:45:46+00:00\" \/>\n<meta name=\"author\" content=\"R\u00e9dac. NEWS\" \/>\n<meta name=\"twitter:card\" content=\"summary_large_image\" \/>\n<meta name=\"twitter:label1\" content=\"\u00c9crit par\" \/>\n\t<meta name=\"twitter:data1\" content=\"R\u00e9dac. NEWS\" \/>\n<script type=\"application\/ld+json\" class=\"yoast-schema-graph\">{\"@context\":\"https:\/\/schema.org\",\"@graph\":[{\"@type\":\"Article\",\"@id\":\"https:\/\/newsestlyonnais.fr\/site\/2019\/02\/27\/genas-animation-skateboard-pour-les-11-17-ans\/#article\",\"isPartOf\":{\"@id\":\"https:\/\/newsestlyonnais.fr\/site\/2019\/02\/27\/genas-animation-skateboard-pour-les-11-17-ans\/\"},\"author\":{\"name\":\"R\u00e9dac. NEWS\",\"@id\":\"https:\/\/newsestlyonnais.fr\/site\/#\/schema\/person\/3230d5615f390bb808365d673001e887\"},\"headline\":\"GENAS | Animation skateboard pour les 11\/17 ans\",\"datePublished\":\"2019-02-27T15:27:49+00:00\",\"dateModified\":\"2020-11-07T19:45:46+00:00\",\"mainEntityOfPage\":{\"@id\":\"https:\/\/newsestlyonnais.fr\/site\/2019\/02\/27\/genas-animation-skateboard-pour-les-11-17-ans\/\"},\"wordCount\":91,\"commentCount\":0,\"publisher\":{\"@id\":\"https:\/\/newsestlyonnais.fr\/site\/#organization\"},\"keywords\":[\"GENAS\",\"JEUNESSE\",\"SKATEBOARD\"],\"articleSection\":[\"CCEL | Communes\",\"Enfance | Jeunesse\",\"Genas\"],\"inLanguage\":\"fr-FR\",\"potentialAction\":[{\"@type\":\"CommentAction\",\"name\":\"Comment\",\"target\":[\"https:\/\/newsestlyonnais.fr\/site\/2019\/02\/27\/genas-animation-skateboard-pour-les-11-17-ans\/#respond\"]}]},{\"@type\":\"WebPage\",\"@id\":\"https:\/\/newsestlyonnais.fr\/site\/2019\/02\/27\/genas-animation-skateboard-pour-les-11-17-ans\/\",\"url\":\"https:\/\/newsestlyonnais.fr\/site\/2019\/02\/27\/genas-animation-skateboard-pour-les-11-17-ans\/\",\"name\":\"GENAS | Animation skateboard pour les 11\/17 ans - News Est Lyonnais genas-animation-skateboard-pour-les-11-17-ans\",\"isPartOf\":{\"@id\":\"https:\/\/newsestlyonnais.fr\/site\/#website\"},\"datePublished\":\"2019-02-27T15:27:49+00:00\",\"dateModified\":\"2020-11-07T19:45:46+00:00\",\"description\":\"genas-animation-skateboard-pour-les-11-17-ans\",\"breadcrumb\":{\"@id\":\"https:\/\/newsestlyonnais.fr\/site\/2019\/02\/27\/genas-animation-skateboard-pour-les-11-17-ans\/#breadcrumb\"},\"inLanguage\":\"fr-FR\",\"potentialAction\":[{\"@type\":\"ReadAction\",\"target\":[\"https:\/\/newsestlyonnais.fr\/site\/2019\/02\/27\/genas-animation-skateboard-pour-les-11-17-ans\/\"]}]},{\"@type\":\"BreadcrumbList\",\"@id\":\"https:\/\/newsestlyonnais.fr\/site\/2019\/02\/27\/genas-animation-skateboard-pour-les-11-17-ans\/#breadcrumb\",\"itemListElement\":[{\"@type\":\"ListItem\",\"position\":1,\"name\":\"Accueil\",\"item\":\"https:\/\/newsestlyonnais.fr\/site\/\"},{\"@type\":\"ListItem\",\"position\":2,\"name\":\"GENAS | Animation skateboard pour les 11\/17 ans\"}]},{\"@type\":\"WebSite\",\"@id\":\"https:\/\/newsestlyonnais.fr\/site\/#website\",\"url\":\"https:\/\/newsestlyonnais.fr\/site\/\",\"name\":\"News Est Lyonnais\",\"description\":\"L&#039;actualit\u00e9 au plus pr\u00e8s\",\"publisher\":{\"@id\":\"https:\/\/newsestlyonnais.fr\/site\/#organization\"},\"potentialAction\":[{\"@type\":\"SearchAction\",\"target\":{\"@type\":\"EntryPoint\",\"urlTemplate\":\"https:\/\/newsestlyonnais.fr\/site\/?s={search_term_string}\"},\"query-input\":{\"@type\":\"PropertyValueSpecification\",\"valueRequired\":true,\"valueName\":\"search_term_string\"}}],\"inLanguage\":\"fr-FR\"},{\"@type\":\"Organization\",\"@id\":\"https:\/\/newsestlyonnais.fr\/site\/#organization\",\"name\":\"News EST LYONNAIS\",\"url\":\"https:\/\/newsestlyonnais.fr\/site\/\",\"logo\":{\"@type\":\"ImageObject\",\"inLanguage\":\"fr-FR\",\"@id\":\"https:\/\/newsestlyonnais.fr\/site\/#\/schema\/logo\/image\/\",\"url\":\"\",\"contentUrl\":\"\",\"caption\":\"News EST LYONNAIS\"},\"image\":{\"@id\":\"https:\/\/newsestlyonnais.fr\/site\/#\/schema\/logo\/image\/\"}},{\"@type\":\"Person\",\"@id\":\"https:\/\/newsestlyonnais.fr\/site\/#\/schema\/person\/3230d5615f390bb808365d673001e887\",\"name\":\"R\u00e9dac. NEWS\",\"sameAs\":[\"http:\/\/www.newsestlyonnais.fr\",\"https:\/\/www.facebook.com\/pascal.oberson.1?fref=ts\",\"https:\/\/fr.linkedin.com\/in\/pascal-oberson-b17045113\"],\"url\":\"https:\/\/newsestlyonnais.fr\/site\/author\/nel\/\"}]}<\/script>\n<!-- \/ Yoast SEO plugin. -->","yoast_head_json":{"title":"GENAS | Animation skateboard pour les 11\/17 ans - News Est Lyonnais genas-animation-skateboard-pour-les-11-17-ans","description":"genas-animation-skateboard-pour-les-11-17-ans","robots":{"index":"index","follow":"follow","max-snippet":"max-snippet:-1","max-image-preview":"max-image-preview:large","max-video-preview":"max-video-preview:-1"},"canonical":"https:\/\/newsestlyonnais.fr\/site\/2019\/02\/27\/genas-animation-skateboard-pour-les-11-17-ans\/","og_locale":"fr_FR","og_type":"article","og_title":"GENAS | Animation skateboard pour les 11\/17 ans - News Est Lyonnais genas-animation-skateboard-pour-les-11-17-ans","og_description":"genas-animation-skateboard-pour-les-11-17-ans","og_url":"https:\/\/newsestlyonnais.fr\/site\/2019\/02\/27\/genas-animation-skateboard-pour-les-11-17-ans\/","og_site_name":"News Est Lyonnais","article_author":"https:\/\/www.facebook.com\/pascal.oberson.1?fref=ts","article_published_time":"2019-02-27T15:27:49+00:00","article_modified_time":"2020-11-07T19:45:46+00:00","author":"R\u00e9dac. NEWS","twitter_card":"summary_large_image","twitter_misc":{"\u00c9crit par":"R\u00e9dac. NEWS"},"schema":{"@context":"https:\/\/schema.org","@graph":[{"@type":"Article","@id":"https:\/\/newsestlyonnais.fr\/site\/2019\/02\/27\/genas-animation-skateboard-pour-les-11-17-ans\/#article","isPartOf":{"@id":"https:\/\/newsestlyonnais.fr\/site\/2019\/02\/27\/genas-animation-skateboard-pour-les-11-17-ans\/"},"author":{"name":"R\u00e9dac. NEWS","@id":"https:\/\/newsestlyonnais.fr\/site\/#\/schema\/person\/3230d5615f390bb808365d673001e887"},"headline":"GENAS | Animation skateboard pour les 11\/17 ans","datePublished":"2019-02-27T15:27:49+00:00","dateModified":"2020-11-07T19:45:46+00:00","mainEntityOfPage":{"@id":"https:\/\/newsestlyonnais.fr\/site\/2019\/02\/27\/genas-animation-skateboard-pour-les-11-17-ans\/"},"wordCount":91,"commentCount":0,"publisher":{"@id":"https:\/\/newsestlyonnais.fr\/site\/#organization"},"keywords":["GENAS","JEUNESSE","SKATEBOARD"],"articleSection":["CCEL | Communes","Enfance | Jeunesse","Genas"],"inLanguage":"fr-FR","potentialAction":[{"@type":"CommentAction","name":"Comment","target":["https:\/\/newsestlyonnais.fr\/site\/2019\/02\/27\/genas-animation-skateboard-pour-les-11-17-ans\/#respond"]}]},{"@type":"WebPage","@id":"https:\/\/newsestlyonnais.fr\/site\/2019\/02\/27\/genas-animation-skateboard-pour-les-11-17-ans\/","url":"https:\/\/newsestlyonnais.fr\/site\/2019\/02\/27\/genas-animation-skateboard-pour-les-11-17-ans\/","name":"GENAS | Animation skateboard pour les 11\/17 ans - News Est Lyonnais genas-animation-skateboard-pour-les-11-17-ans","isPartOf":{"@id":"https:\/\/newsestlyonnais.fr\/site\/#website"},"datePublished":"2019-02-27T15:27:49+00:00","dateModified":"2020-11-07T19:45:46+00:00","description":"genas-animation-skateboard-pour-les-11-17-ans","breadcrumb":{"@id":"https:\/\/newsestlyonnais.fr\/site\/2019\/02\/27\/genas-animation-skateboard-pour-les-11-17-ans\/#breadcrumb"},"inLanguage":"fr-FR","potentialAction":[{"@type":"ReadAction","target":["https:\/\/newsestlyonnais.fr\/site\/2019\/02\/27\/genas-animation-skateboard-pour-les-11-17-ans\/"]}]},{"@type":"BreadcrumbList","@id":"https:\/\/newsestlyonnais.fr\/site\/2019\/02\/27\/genas-animation-skateboard-pour-les-11-17-ans\/#breadcrumb","itemListElement":[{"@type":"ListItem","position":1,"name":"Accueil","item":"https:\/\/newsestlyonnais.fr\/site\/"},{"@type":"ListItem","position":2,"name":"GENAS | Animation skateboard pour les 11\/17 ans"}]},{"@type":"WebSite","@id":"https:\/\/newsestlyonnais.fr\/site\/#website","url":"https:\/\/newsestlyonnais.fr\/site\/","name":"News Est Lyonnais","description":"L&#039;actualit\u00e9 au plus pr\u00e8s","publisher":{"@id":"https:\/\/newsestlyonnais.fr\/site\/#organization"},"potentialAction":[{"@type":"SearchAction","target":{"@type":"EntryPoint","urlTemplate":"https:\/\/newsestlyonnais.fr\/site\/?s={search_term_string}"},"query-input":{"@type":"PropertyValueSpecification","valueRequired":true,"valueName":"search_term_string"}}],"inLanguage":"fr-FR"},{"@type":"Organization","@id":"https:\/\/newsestlyonnais.fr\/site\/#organization","name":"News EST LYONNAIS","url":"https:\/\/newsestlyonnais.fr\/site\/","logo":{"@type":"ImageObject","inLanguage":"fr-FR","@id":"https:\/\/newsestlyonnais.fr\/site\/#\/schema\/logo\/image\/","url":"","contentUrl":"","caption":"News EST LYONNAIS"},"image":{"@id":"https:\/\/newsestlyonnais.fr\/site\/#\/schema\/logo\/image\/"}},{"@type":"Person","@id":"https:\/\/newsestlyonnais.fr\/site\/#\/schema\/person\/3230d5615f390bb808365d673001e887","name":"R\u00e9dac. NEWS","sameAs":["http:\/\/www.newsestlyonnais.fr","https:\/\/www.facebook.com\/pascal.oberson.1?fref=ts","https:\/\/fr.linkedin.com\/in\/pascal-oberson-b17045113"],"url":"https:\/\/newsestlyonnais.fr\/site\/author\/nel\/"}]}},"_links":{"self":[{"href":"https:\/\/newsestlyonnais.fr\/site\/wp-json\/wp\/v2\/posts\/67682","targetHints":{"allow":["GET"]}}],"collection":[{"href":"https:\/\/newsestlyonnais.fr\/site\/wp-json\/wp\/v2\/posts"}],"about":[{"href":"https:\/\/newsestlyonnais.fr\/site\/wp-json\/wp\/v2\/types\/post"}],"author":[{"embeddable":true,"href":"https:\/\/newsestlyonnais.fr\/site\/wp-json\/wp\/v2\/users\/4"}],"replies":[{"embeddable":true,"href":"https:\/\/newsestlyonnais.fr\/site\/wp-json\/wp\/v2\/comments?post=67682"}],"version-history":[{"count":0,"href":"https:\/\/newsestlyonnais.fr\/site\/wp-json\/wp\/v2\/posts\/67682\/revisions"}],"wp:attachment":[{"href":"https:\/\/newsestlyonnais.fr\/site\/wp-json\/wp\/v2\/media?parent=67682"}],"wp:term":[{"taxonomy":"category","embeddable":true,"href":"https:\/\/newsestlyonnais.fr\/site\/wp-json\/wp\/v2\/categories?post=67682"},{"taxonomy":"post_tag","embeddable":true,"href":"https:\/\/newsestlyonnais.fr\/site\/wp-json\/wp\/v2\/tags?post=67682"}],"curies":[{"name":"wp","href":"https:\/\/api.w.org\/{rel}","templated":true}]}}