{"id":67739,"date":"2019-02-28T12:29:08","date_gmt":"2019-02-28T11:29:08","guid":{"rendered":"http:\/\/newsestlyonnais.fr\/site\/?p=67739"},"modified":"2020-11-02T06:00:07","modified_gmt":"2020-11-02T05:00:07","slug":"bron-on-peut-encore-sinscrire-pour-courir-dimanche-les-10-km","status":"publish","type":"post","link":"https:\/\/newsestlyonnais.fr\/site\/2019\/02\/28\/bron-on-peut-encore-sinscrire-pour-courir-dimanche-les-10-km\/","title":{"rendered":"BRON | On peut encore s&rsquo;inscrire pour courir dimanche les 10 km"},"content":{"rendered":"\n<h4 class=\"wp-block-heading\">Le club de l&rsquo;ASUL Bron, pr\u00e9sid\u00e9 par Sylvain Meyer,  attend pr\u00e8s de 250 coureurs, dimanche matin pour les 10 kilom\u00e8tres de Bron. <\/h4>\n\n\n\n<p>Cette course p\u00e9destre, avec arriv\u00e9es sur la superbe piste du stade Pierre Duboeuf devrait connaitre un beau succ\u00e8s sportif et populaire. Le club a en effet enregistr\u00e9 \u00e0 ce jour 200 inscriptions, soit au del\u00e0 de l&rsquo;esp\u00e9rance des organisateurs, \u00e0 3 jours de l&rsquo;\u00e9preuve.  <\/p>\n\n\n\n<p>Une \u00e9dition 2019 au cours de laquelle le parcours des courses sur 4 &amp; 10 kilom\u00e8tres est inchang\u00e9. Par contre plusieurs nouveaut\u00e9s sont \u00e0 signaler :<\/p>\n\n\n\n<ul class=\"wp-block-list\"><li><strong>des animations athl\u00e9tiques <\/strong>sur le stade pour les enfants de 4 \u00e0 10 ans pendant que les parents courent, (1 euro par enfant sera demand\u00e9 et revers\u00e9 \u00e0 l&rsquo;association Dam&rsquo;s).<\/li><li><strong>un relais \u00e0 3<\/strong> (2 km, 4 &amp; 4 km) au lieu de 4 auparavant. Le passage du relais se fera sur le  stade. <\/li><\/ul>\n\n\n\n<p><em><strong>Inscriptions encore possibles <\/strong><\/em>:<\/p>\n\n\n\n<ul class=\"wp-block-list\"><li><strong>jusqu&rsquo;\u00e0 ce soir sur internet<\/strong> : <a href=\"https:\/\/www.terrederunners.com\/inscriptions-aux-courses\/10-km-de-bron-2019\/\">https:\/\/www.terrederunners.com\/inscriptions-aux-courses\/10-km-de-bron-2019\/<\/a> <\/li><li><strong>pour les retardataires<\/strong> : directement sur place (stade Pierre Duboeuf ), le samedi apr\u00e8s-midi 2 Mars (14 h \u00e0 17 h) ou dimanche matin (8 h \u00e0 9 h).  <\/li><\/ul>\n\n\n\n<p><strong>D\u00e9parts communs des 3 courses \u00e0 9 H 30<\/strong> rue Jean Bouin, devant le stade Pierre Duboeuf.  <\/p>\n\n\n\n<p><strong>Plus d&rsquo;infos sur <\/strong>: <a href=\"http:\/\/asubron.athle.com\/asp.net\/espaces.html\/html.aspx?id=39711\">http:\/\/asubron.athle.com\/asp.net\/espaces.html\/html.aspx?id=39711<\/a><\/p>\n\n\n\n<p><\/p>\n","protected":false},"excerpt":{"rendered":"<p>Le club de l&rsquo;ASUL Bron, pr\u00e9sid\u00e9 par Sylvain Meyer, attend pr\u00e8s de 250 coureurs, dimanche matin pour les 10 kilom\u00e8tres de Bron. Cette course p\u00e9destre, avec arriv\u00e9es sur la superbe piste du stade Pierre Duboeuf devrait connaitre un beau succ\u00e8s sportif et populaire. Le club a en effet enregistr\u00e9 \u00e0 ce jour 200 inscriptions, soit [&hellip;]<\/p>\n","protected":false},"author":4,"featured_media":63281,"comment_status":"open","ping_status":"open","sticky":false,"template":"","format":"standard","meta":{"footnotes":""},"categories":[2968,19,4],"tags":[2072,2283],"class_list":["post-67739","post","type-post","status-publish","format-standard","has-post-thumbnail","hentry","category-athle-course-pied-marche","category-bron","category-evenements-divers","tag-bron","tag-course-pedestre"],"yoast_head":"<!-- This site is optimized with the Yoast SEO plugin v27.2 - https:\/\/yoast.com\/product\/yoast-seo-wordpress\/ -->\n<title>BRON | On peut encore s&#039;inscrire pour courir dimanche les 10 km - News Est Lyonnais BRON : On peut encore s&#039;inscrire pour courir dimanche aux 10 km de Bron !<\/title>\n<meta name=\"description\" content=\"BRON : On peut encore s&#039;inscrire pour courir dimanche aux 10 km de Bron !\" \/>\n<meta name=\"robots\" content=\"index, follow, max-snippet:-1, max-image-preview:large, max-video-preview:-1\" \/>\n<link rel=\"canonical\" href=\"https:\/\/newsestlyonnais.fr\/site\/2019\/02\/28\/bron-on-peut-encore-sinscrire-pour-courir-dimanche-les-10-km\/\" \/>\n<meta property=\"og:locale\" content=\"fr_FR\" \/>\n<meta property=\"og:type\" content=\"article\" \/>\n<meta property=\"og:title\" content=\"BRON | On peut encore s&#039;inscrire pour courir dimanche les 10 km - News Est Lyonnais BRON : On peut encore s&#039;inscrire pour courir dimanche aux 10 km de Bron !\" \/>\n<meta property=\"og:description\" content=\"BRON : On peut encore s&#039;inscrire pour courir dimanche aux 10 km de Bron !\" \/>\n<meta property=\"og:url\" content=\"https:\/\/newsestlyonnais.fr\/site\/2019\/02\/28\/bron-on-peut-encore-sinscrire-pour-courir-dimanche-les-10-km\/\" \/>\n<meta property=\"og:site_name\" content=\"News Est Lyonnais\" \/>\n<meta property=\"article:author\" content=\"https:\/\/www.facebook.com\/pascal.oberson.1?fref=ts\" \/>\n<meta property=\"article:published_time\" content=\"2019-02-28T11:29:08+00:00\" \/>\n<meta property=\"article:modified_time\" content=\"2020-11-02T05:00:07+00:00\" \/>\n<meta property=\"og:image\" content=\"https:\/\/i1.wp.com\/newsestlyonnais.fr\/site\/wp-content\/uploads\/2018\/12\/NEWSESTLYONNAIS-10-KM-BRON-2019.jpg?fit=832%2C960&ssl=1\" \/>\n\t<meta property=\"og:image:width\" content=\"832\" \/>\n\t<meta property=\"og:image:height\" content=\"960\" \/>\n\t<meta property=\"og:image:type\" content=\"image\/jpeg\" \/>\n<meta name=\"author\" content=\"R\u00e9dac. NEWS\" \/>\n<meta name=\"twitter:card\" content=\"summary_large_image\" \/>\n<meta name=\"twitter:label1\" content=\"\u00c9crit par\" \/>\n\t<meta name=\"twitter:data1\" content=\"R\u00e9dac. NEWS\" \/>\n\t<meta name=\"twitter:label2\" content=\"Dur\u00e9e de lecture estim\u00e9e\" \/>\n\t<meta name=\"twitter:data2\" content=\"1 minute\" \/>\n<script type=\"application\/ld+json\" class=\"yoast-schema-graph\">{\"@context\":\"https:\/\/schema.org\",\"@graph\":[{\"@type\":\"Article\",\"@id\":\"https:\/\/newsestlyonnais.fr\/site\/2019\/02\/28\/bron-on-peut-encore-sinscrire-pour-courir-dimanche-les-10-km\/#article\",\"isPartOf\":{\"@id\":\"https:\/\/newsestlyonnais.fr\/site\/2019\/02\/28\/bron-on-peut-encore-sinscrire-pour-courir-dimanche-les-10-km\/\"},\"author\":{\"name\":\"R\u00e9dac. NEWS\",\"@id\":\"https:\/\/newsestlyonnais.fr\/site\/#\/schema\/person\/3230d5615f390bb808365d673001e887\"},\"headline\":\"BRON | On peut encore s&rsquo;inscrire pour courir dimanche les 10 km\",\"datePublished\":\"2019-02-28T11:29:08+00:00\",\"dateModified\":\"2020-11-02T05:00:07+00:00\",\"mainEntityOfPage\":{\"@id\":\"https:\/\/newsestlyonnais.fr\/site\/2019\/02\/28\/bron-on-peut-encore-sinscrire-pour-courir-dimanche-les-10-km\/\"},\"wordCount\":214,\"commentCount\":0,\"publisher\":{\"@id\":\"https:\/\/newsestlyonnais.fr\/site\/#organization\"},\"image\":{\"@id\":\"https:\/\/newsestlyonnais.fr\/site\/2019\/02\/28\/bron-on-peut-encore-sinscrire-pour-courir-dimanche-les-10-km\/#primaryimage\"},\"thumbnailUrl\":\"https:\/\/newsestlyonnais.fr\/site\/wp-content\/uploads\/2018\/12\/NEWSESTLYONNAIS-10-KM-BRON-2019.jpg\",\"keywords\":[\"BRON\",\"course p\u00e9destre\"],\"articleSection\":[\"Athl\u00e9 | Course pied | Marche\",\"Bron\",\"Ev\u00e8nements divers\"],\"inLanguage\":\"fr-FR\",\"potentialAction\":[{\"@type\":\"CommentAction\",\"name\":\"Comment\",\"target\":[\"https:\/\/newsestlyonnais.fr\/site\/2019\/02\/28\/bron-on-peut-encore-sinscrire-pour-courir-dimanche-les-10-km\/#respond\"]}]},{\"@type\":\"WebPage\",\"@id\":\"https:\/\/newsestlyonnais.fr\/site\/2019\/02\/28\/bron-on-peut-encore-sinscrire-pour-courir-dimanche-les-10-km\/\",\"url\":\"https:\/\/newsestlyonnais.fr\/site\/2019\/02\/28\/bron-on-peut-encore-sinscrire-pour-courir-dimanche-les-10-km\/\",\"name\":\"BRON | On peut encore s'inscrire pour courir dimanche les 10 km - News Est Lyonnais BRON : On peut encore s'inscrire pour courir dimanche aux 10 km de Bron !\",\"isPartOf\":{\"@id\":\"https:\/\/newsestlyonnais.fr\/site\/#website\"},\"primaryImageOfPage\":{\"@id\":\"https:\/\/newsestlyonnais.fr\/site\/2019\/02\/28\/bron-on-peut-encore-sinscrire-pour-courir-dimanche-les-10-km\/#primaryimage\"},\"image\":{\"@id\":\"https:\/\/newsestlyonnais.fr\/site\/2019\/02\/28\/bron-on-peut-encore-sinscrire-pour-courir-dimanche-les-10-km\/#primaryimage\"},\"thumbnailUrl\":\"https:\/\/newsestlyonnais.fr\/site\/wp-content\/uploads\/2018\/12\/NEWSESTLYONNAIS-10-KM-BRON-2019.jpg\",\"datePublished\":\"2019-02-28T11:29:08+00:00\",\"dateModified\":\"2020-11-02T05:00:07+00:00\",\"description\":\"BRON : On peut encore s'inscrire pour courir dimanche aux 10 km de Bron !\",\"breadcrumb\":{\"@id\":\"https:\/\/newsestlyonnais.fr\/site\/2019\/02\/28\/bron-on-peut-encore-sinscrire-pour-courir-dimanche-les-10-km\/#breadcrumb\"},\"inLanguage\":\"fr-FR\",\"potentialAction\":[{\"@type\":\"ReadAction\",\"target\":[\"https:\/\/newsestlyonnais.fr\/site\/2019\/02\/28\/bron-on-peut-encore-sinscrire-pour-courir-dimanche-les-10-km\/\"]}]},{\"@type\":\"ImageObject\",\"inLanguage\":\"fr-FR\",\"@id\":\"https:\/\/newsestlyonnais.fr\/site\/2019\/02\/28\/bron-on-peut-encore-sinscrire-pour-courir-dimanche-les-10-km\/#primaryimage\",\"url\":\"https:\/\/newsestlyonnais.fr\/site\/wp-content\/uploads\/2018\/12\/NEWSESTLYONNAIS-10-KM-BRON-2019.jpg\",\"contentUrl\":\"https:\/\/newsestlyonnais.fr\/site\/wp-content\/uploads\/2018\/12\/NEWSESTLYONNAIS-10-KM-BRON-2019.jpg\",\"width\":832,\"height\":960,\"caption\":\"Les 10 kms de Bron\"},{\"@type\":\"BreadcrumbList\",\"@id\":\"https:\/\/newsestlyonnais.fr\/site\/2019\/02\/28\/bron-on-peut-encore-sinscrire-pour-courir-dimanche-les-10-km\/#breadcrumb\",\"itemListElement\":[{\"@type\":\"ListItem\",\"position\":1,\"name\":\"Accueil\",\"item\":\"https:\/\/newsestlyonnais.fr\/site\/\"},{\"@type\":\"ListItem\",\"position\":2,\"name\":\"BRON | On peut encore s&rsquo;inscrire pour courir dimanche les 10 km\"}]},{\"@type\":\"WebSite\",\"@id\":\"https:\/\/newsestlyonnais.fr\/site\/#website\",\"url\":\"https:\/\/newsestlyonnais.fr\/site\/\",\"name\":\"News Est Lyonnais\",\"description\":\"L&#039;actualit\u00e9 au plus pr\u00e8s\",\"publisher\":{\"@id\":\"https:\/\/newsestlyonnais.fr\/site\/#organization\"},\"potentialAction\":[{\"@type\":\"SearchAction\",\"target\":{\"@type\":\"EntryPoint\",\"urlTemplate\":\"https:\/\/newsestlyonnais.fr\/site\/?s={search_term_string}\"},\"query-input\":{\"@type\":\"PropertyValueSpecification\",\"valueRequired\":true,\"valueName\":\"search_term_string\"}}],\"inLanguage\":\"fr-FR\"},{\"@type\":\"Organization\",\"@id\":\"https:\/\/newsestlyonnais.fr\/site\/#organization\",\"name\":\"News EST LYONNAIS\",\"url\":\"https:\/\/newsestlyonnais.fr\/site\/\",\"logo\":{\"@type\":\"ImageObject\",\"inLanguage\":\"fr-FR\",\"@id\":\"https:\/\/newsestlyonnais.fr\/site\/#\/schema\/logo\/image\/\",\"url\":\"\",\"contentUrl\":\"\",\"caption\":\"News EST LYONNAIS\"},\"image\":{\"@id\":\"https:\/\/newsestlyonnais.fr\/site\/#\/schema\/logo\/image\/\"}},{\"@type\":\"Person\",\"@id\":\"https:\/\/newsestlyonnais.fr\/site\/#\/schema\/person\/3230d5615f390bb808365d673001e887\",\"name\":\"R\u00e9dac. NEWS\",\"sameAs\":[\"http:\/\/www.newsestlyonnais.fr\",\"https:\/\/www.facebook.com\/pascal.oberson.1?fref=ts\",\"https:\/\/fr.linkedin.com\/in\/pascal-oberson-b17045113\"],\"url\":\"https:\/\/newsestlyonnais.fr\/site\/author\/nel\/\"}]}<\/script>\n<!-- \/ Yoast SEO plugin. -->","yoast_head_json":{"title":"BRON | On peut encore s'inscrire pour courir dimanche les 10 km - News Est Lyonnais BRON : On peut encore s'inscrire pour courir dimanche aux 10 km de Bron !","description":"BRON : On peut encore s'inscrire pour courir dimanche aux 10 km de Bron !","robots":{"index":"index","follow":"follow","max-snippet":"max-snippet:-1","max-image-preview":"max-image-preview:large","max-video-preview":"max-video-preview:-1"},"canonical":"https:\/\/newsestlyonnais.fr\/site\/2019\/02\/28\/bron-on-peut-encore-sinscrire-pour-courir-dimanche-les-10-km\/","og_locale":"fr_FR","og_type":"article","og_title":"BRON | On peut encore s'inscrire pour courir dimanche les 10 km - News Est Lyonnais BRON : On peut encore s'inscrire pour courir dimanche aux 10 km de Bron !","og_description":"BRON : On peut encore s'inscrire pour courir dimanche aux 10 km de Bron !","og_url":"https:\/\/newsestlyonnais.fr\/site\/2019\/02\/28\/bron-on-peut-encore-sinscrire-pour-courir-dimanche-les-10-km\/","og_site_name":"News Est Lyonnais","article_author":"https:\/\/www.facebook.com\/pascal.oberson.1?fref=ts","article_published_time":"2019-02-28T11:29:08+00:00","article_modified_time":"2020-11-02T05:00:07+00:00","og_image":[{"width":832,"height":960,"url":"https:\/\/i1.wp.com\/newsestlyonnais.fr\/site\/wp-content\/uploads\/2018\/12\/NEWSESTLYONNAIS-10-KM-BRON-2019.jpg?fit=832%2C960&ssl=1","type":"image\/jpeg"}],"author":"R\u00e9dac. NEWS","twitter_card":"summary_large_image","twitter_misc":{"\u00c9crit par":"R\u00e9dac. NEWS","Dur\u00e9e de lecture estim\u00e9e":"1 minute"},"schema":{"@context":"https:\/\/schema.org","@graph":[{"@type":"Article","@id":"https:\/\/newsestlyonnais.fr\/site\/2019\/02\/28\/bron-on-peut-encore-sinscrire-pour-courir-dimanche-les-10-km\/#article","isPartOf":{"@id":"https:\/\/newsestlyonnais.fr\/site\/2019\/02\/28\/bron-on-peut-encore-sinscrire-pour-courir-dimanche-les-10-km\/"},"author":{"name":"R\u00e9dac. NEWS","@id":"https:\/\/newsestlyonnais.fr\/site\/#\/schema\/person\/3230d5615f390bb808365d673001e887"},"headline":"BRON | On peut encore s&rsquo;inscrire pour courir dimanche les 10 km","datePublished":"2019-02-28T11:29:08+00:00","dateModified":"2020-11-02T05:00:07+00:00","mainEntityOfPage":{"@id":"https:\/\/newsestlyonnais.fr\/site\/2019\/02\/28\/bron-on-peut-encore-sinscrire-pour-courir-dimanche-les-10-km\/"},"wordCount":214,"commentCount":0,"publisher":{"@id":"https:\/\/newsestlyonnais.fr\/site\/#organization"},"image":{"@id":"https:\/\/newsestlyonnais.fr\/site\/2019\/02\/28\/bron-on-peut-encore-sinscrire-pour-courir-dimanche-les-10-km\/#primaryimage"},"thumbnailUrl":"https:\/\/newsestlyonnais.fr\/site\/wp-content\/uploads\/2018\/12\/NEWSESTLYONNAIS-10-KM-BRON-2019.jpg","keywords":["BRON","course p\u00e9destre"],"articleSection":["Athl\u00e9 | Course pied | Marche","Bron","Ev\u00e8nements divers"],"inLanguage":"fr-FR","potentialAction":[{"@type":"CommentAction","name":"Comment","target":["https:\/\/newsestlyonnais.fr\/site\/2019\/02\/28\/bron-on-peut-encore-sinscrire-pour-courir-dimanche-les-10-km\/#respond"]}]},{"@type":"WebPage","@id":"https:\/\/newsestlyonnais.fr\/site\/2019\/02\/28\/bron-on-peut-encore-sinscrire-pour-courir-dimanche-les-10-km\/","url":"https:\/\/newsestlyonnais.fr\/site\/2019\/02\/28\/bron-on-peut-encore-sinscrire-pour-courir-dimanche-les-10-km\/","name":"BRON | On peut encore s'inscrire pour courir dimanche les 10 km - News Est Lyonnais BRON : On peut encore s'inscrire pour courir dimanche aux 10 km de Bron !","isPartOf":{"@id":"https:\/\/newsestlyonnais.fr\/site\/#website"},"primaryImageOfPage":{"@id":"https:\/\/newsestlyonnais.fr\/site\/2019\/02\/28\/bron-on-peut-encore-sinscrire-pour-courir-dimanche-les-10-km\/#primaryimage"},"image":{"@id":"https:\/\/newsestlyonnais.fr\/site\/2019\/02\/28\/bron-on-peut-encore-sinscrire-pour-courir-dimanche-les-10-km\/#primaryimage"},"thumbnailUrl":"https:\/\/newsestlyonnais.fr\/site\/wp-content\/uploads\/2018\/12\/NEWSESTLYONNAIS-10-KM-BRON-2019.jpg","datePublished":"2019-02-28T11:29:08+00:00","dateModified":"2020-11-02T05:00:07+00:00","description":"BRON : On peut encore s'inscrire pour courir dimanche aux 10 km de Bron !","breadcrumb":{"@id":"https:\/\/newsestlyonnais.fr\/site\/2019\/02\/28\/bron-on-peut-encore-sinscrire-pour-courir-dimanche-les-10-km\/#breadcrumb"},"inLanguage":"fr-FR","potentialAction":[{"@type":"ReadAction","target":["https:\/\/newsestlyonnais.fr\/site\/2019\/02\/28\/bron-on-peut-encore-sinscrire-pour-courir-dimanche-les-10-km\/"]}]},{"@type":"ImageObject","inLanguage":"fr-FR","@id":"https:\/\/newsestlyonnais.fr\/site\/2019\/02\/28\/bron-on-peut-encore-sinscrire-pour-courir-dimanche-les-10-km\/#primaryimage","url":"https:\/\/newsestlyonnais.fr\/site\/wp-content\/uploads\/2018\/12\/NEWSESTLYONNAIS-10-KM-BRON-2019.jpg","contentUrl":"https:\/\/newsestlyonnais.fr\/site\/wp-content\/uploads\/2018\/12\/NEWSESTLYONNAIS-10-KM-BRON-2019.jpg","width":832,"height":960,"caption":"Les 10 kms de Bron"},{"@type":"BreadcrumbList","@id":"https:\/\/newsestlyonnais.fr\/site\/2019\/02\/28\/bron-on-peut-encore-sinscrire-pour-courir-dimanche-les-10-km\/#breadcrumb","itemListElement":[{"@type":"ListItem","position":1,"name":"Accueil","item":"https:\/\/newsestlyonnais.fr\/site\/"},{"@type":"ListItem","position":2,"name":"BRON | On peut encore s&rsquo;inscrire pour courir dimanche les 10 km"}]},{"@type":"WebSite","@id":"https:\/\/newsestlyonnais.fr\/site\/#website","url":"https:\/\/newsestlyonnais.fr\/site\/","name":"News Est Lyonnais","description":"L&#039;actualit\u00e9 au plus pr\u00e8s","publisher":{"@id":"https:\/\/newsestlyonnais.fr\/site\/#organization"},"potentialAction":[{"@type":"SearchAction","target":{"@type":"EntryPoint","urlTemplate":"https:\/\/newsestlyonnais.fr\/site\/?s={search_term_string}"},"query-input":{"@type":"PropertyValueSpecification","valueRequired":true,"valueName":"search_term_string"}}],"inLanguage":"fr-FR"},{"@type":"Organization","@id":"https:\/\/newsestlyonnais.fr\/site\/#organization","name":"News EST LYONNAIS","url":"https:\/\/newsestlyonnais.fr\/site\/","logo":{"@type":"ImageObject","inLanguage":"fr-FR","@id":"https:\/\/newsestlyonnais.fr\/site\/#\/schema\/logo\/image\/","url":"","contentUrl":"","caption":"News EST LYONNAIS"},"image":{"@id":"https:\/\/newsestlyonnais.fr\/site\/#\/schema\/logo\/image\/"}},{"@type":"Person","@id":"https:\/\/newsestlyonnais.fr\/site\/#\/schema\/person\/3230d5615f390bb808365d673001e887","name":"R\u00e9dac. NEWS","sameAs":["http:\/\/www.newsestlyonnais.fr","https:\/\/www.facebook.com\/pascal.oberson.1?fref=ts","https:\/\/fr.linkedin.com\/in\/pascal-oberson-b17045113"],"url":"https:\/\/newsestlyonnais.fr\/site\/author\/nel\/"}]}},"_links":{"self":[{"href":"https:\/\/newsestlyonnais.fr\/site\/wp-json\/wp\/v2\/posts\/67739","targetHints":{"allow":["GET"]}}],"collection":[{"href":"https:\/\/newsestlyonnais.fr\/site\/wp-json\/wp\/v2\/posts"}],"about":[{"href":"https:\/\/newsestlyonnais.fr\/site\/wp-json\/wp\/v2\/types\/post"}],"author":[{"embeddable":true,"href":"https:\/\/newsestlyonnais.fr\/site\/wp-json\/wp\/v2\/users\/4"}],"replies":[{"embeddable":true,"href":"https:\/\/newsestlyonnais.fr\/site\/wp-json\/wp\/v2\/comments?post=67739"}],"version-history":[{"count":0,"href":"https:\/\/newsestlyonnais.fr\/site\/wp-json\/wp\/v2\/posts\/67739\/revisions"}],"wp:featuredmedia":[{"embeddable":true,"href":"https:\/\/newsestlyonnais.fr\/site\/wp-json\/wp\/v2\/media\/63281"}],"wp:attachment":[{"href":"https:\/\/newsestlyonnais.fr\/site\/wp-json\/wp\/v2\/media?parent=67739"}],"wp:term":[{"taxonomy":"category","embeddable":true,"href":"https:\/\/newsestlyonnais.fr\/site\/wp-json\/wp\/v2\/categories?post=67739"},{"taxonomy":"post_tag","embeddable":true,"href":"https:\/\/newsestlyonnais.fr\/site\/wp-json\/wp\/v2\/tags?post=67739"}],"curies":[{"name":"wp","href":"https:\/\/api.w.org\/{rel}","templated":true}]}}