{"id":68323,"date":"2019-03-08T08:27:46","date_gmt":"2019-03-08T07:27:46","guid":{"rendered":"http:\/\/newsestlyonnais.fr\/site\/?p=68323"},"modified":"2020-11-01T18:57:23","modified_gmt":"2020-11-01T17:57:23","slug":"venissieux-9-edition-de-la-marche-nordique","status":"publish","type":"post","link":"https:\/\/newsestlyonnais.fr\/site\/2019\/03\/08\/venissieux-9-edition-de-la-marche-nordique\/","title":{"rendered":"VENISSIEUX | 9\u00b0 Edition de la Marche Nordique"},"content":{"rendered":"\r\n<h4 class=\"wp-block-heading\">Apr\u00e8s le succ\u00e8s des 8 premi\u00e8res \u00e9ditions, l&rsquo;AFA Feyzin-V\u00e9nissieux et la ville de V\u00e9nissieux, avec le concours de la Ville de Feyzin et l\u2019OMS de V\u00e9nissieux organisent leur manifestation \u00ab marche nordique \u00bb.<\/h4>\r\n\r\n\r\n\r\n<p>Elle se d\u00e9roulera le dimanche 31 mars sur le Plateau des Grandes Terres (espace nature sur Feyzin et V\u00e9nissieux). Avec un d\u00e9part au gymnase Alain Colas \u00e0 V\u00e9nissieux.<\/p>\r\n\r\n\r\n\r\n<p><strong>3\u00a0 parcours sont propos\u00e9s<\/strong> : <strong>12 km chronom\u00e9tr\u00e9<\/strong>, <strong>10 km loisir<\/strong> (parcours passant par le Fort de Feyzin) et <strong>6 km d\u00e9couverte<\/strong>, encadr\u00e9 par des entra\u00eeneurs f\u00e9d\u00e9raux marche nordique.<\/p>\r\n<p>______________________________________________________________________________________________<\/p>\r\n\r\n\r\n\r\n<p>Le programme :<\/p>\r\n\r\n\r\n\r\n<ul class=\"wp-block-list\">\r\n<li>D\u00e8s 7 h 45 : Inscriptions.<\/li>\r\n<li>9 h : circuit 12 km chronom\u00e9tr\u00e9.<\/li>\r\n<li>9 h 15 : circuit 10 km loisir.<\/li>\r\n<li>10 h : circuit 6 km d\u00e9couverte<\/li>\r\n<li><strong>NOTA<\/strong> : <br \/>\u2013 Buffet \u00e0 l&rsquo;arriv\u00e9e.<br \/>\u2013 Pr\u00eat de b\u00e2tons sur pr\u00e9sentation de la carte d\u2019identit\u00e9\/d&rsquo;un ch\u00e8que de caution.<\/li>\r\n<li><strong>Lieu de d\u00e9part <\/strong>: Gymnase Alain Colas, avenue Jean Moulin \u00e0 V\u00e9nissieux.<\/li>\r\n<li><strong>Tarif<\/strong> : 8 euros avant le 30 mars et 10 euros le jour m\u00eame.<\/li>\r\n<li><strong>Contact<\/strong> : Jean-Louis Perrin <a href=\"mailto:afafeyzin@free.fr\" target=\"_blank\" rel=\"noreferrer noopener\">afafeyzin@free.fr <\/a> T\u00e9l : 04 78 70 81 08<\/li>\r\n<\/ul>\r\n<p>_______________________________________________________________________________________________<\/p>\r\n\r\n\r\n\r\n<p><strong><em>Plus d&rsquo;infos sur <\/em><\/strong>: <a href=\"http:\/\/afafeyzin.free.fr\/Marche_Nordique\/Flyer_MN-310319.pdf\">http:\/\/afafeyzin.free.fr\/Marche_Nordique\/Flyer_MN-310319.pdf<\/a><\/p>\r\n\r\n\r\n\r\n<figure class=\"wp-block-image\"><img loading=\"lazy\" decoding=\"async\" width=\"2338\" height=\"1700\" class=\"wp-image-68329\" src=\"https:\/\/i0.wp.com\/newsestlyonnais.fr\/site\/medias\/2019\/03\/NEWSESTLYONNAIS-MARCHE-NORDIQUE-VX-2019-1.jpg?fit=960%2C698&amp;ssl=1\" alt=\"\" srcset=\"https:\/\/newsestlyonnais.fr\/site\/wp-content\/uploads\/2019\/03\/NEWSESTLYONNAIS-MARCHE-NORDIQUE-VX-2019-1.jpg 2338w, https:\/\/newsestlyonnais.fr\/site\/wp-content\/uploads\/2019\/03\/NEWSESTLYONNAIS-MARCHE-NORDIQUE-VX-2019-1-400x291.jpg 400w, https:\/\/newsestlyonnais.fr\/site\/wp-content\/uploads\/2019\/03\/NEWSESTLYONNAIS-MARCHE-NORDIQUE-VX-2019-1-768x558.jpg 768w, https:\/\/newsestlyonnais.fr\/site\/wp-content\/uploads\/2019\/03\/NEWSESTLYONNAIS-MARCHE-NORDIQUE-VX-2019-1-1000x727.jpg 1000w, https:\/\/newsestlyonnais.fr\/site\/wp-content\/uploads\/2019\/03\/NEWSESTLYONNAIS-MARCHE-NORDIQUE-VX-2019-1-600x436.jpg 600w\" sizes=\"auto, (max-width: 2338px) 100vw, 2338px\" \/><\/figure>\r\n","protected":false},"excerpt":{"rendered":"<p>Apr\u00e8s le succ\u00e8s des 8 premi\u00e8res \u00e9ditions, l&rsquo;AFA Feyzin-V\u00e9nissieux et la ville de V\u00e9nissieux, avec le concours de la Ville de Feyzin et l\u2019OMS de V\u00e9nissieux organisent leur manifestation \u00ab marche nordique \u00bb. Elle se d\u00e9roulera le dimanche 31 mars sur le Plateau des Grandes Terres (espace nature sur Feyzin et V\u00e9nissieux). Avec un d\u00e9part [&hellip;]<\/p>\n","protected":false},"author":4,"featured_media":0,"comment_status":"open","ping_status":"open","sticky":false,"template":"","format":"standard","meta":{"footnotes":""},"categories":[2968,1287,1298],"tags":[2427,2067],"class_list":["post-68323","post","type-post","status-publish","format-standard","hentry","category-athle-course-pied-marche","category-corbas-feyzin","category-venissieux","tag-marche-nordique","tag-venissieux"],"yoast_head":"<!-- This site is optimized with the Yoast SEO plugin v27.2 - https:\/\/yoast.com\/product\/yoast-seo-wordpress\/ -->\n<title>VENISSIEUX | 9\u00b0 Edition de la Marche Nordique - News Est Lyonnais venissieux-9-edition-de-la-marche-nordique<\/title>\n<meta name=\"description\" content=\"venissieux-9-edition-de-la-marche-nordique\" \/>\n<meta name=\"robots\" content=\"index, follow, max-snippet:-1, max-image-preview:large, max-video-preview:-1\" \/>\n<link rel=\"canonical\" href=\"https:\/\/newsestlyonnais.fr\/site\/2019\/03\/08\/venissieux-9-edition-de-la-marche-nordique\/\" \/>\n<meta property=\"og:locale\" content=\"fr_FR\" \/>\n<meta property=\"og:type\" content=\"article\" \/>\n<meta property=\"og:title\" content=\"VENISSIEUX | 9\u00b0 Edition de la Marche Nordique - News Est Lyonnais venissieux-9-edition-de-la-marche-nordique\" \/>\n<meta property=\"og:description\" content=\"venissieux-9-edition-de-la-marche-nordique\" \/>\n<meta property=\"og:url\" content=\"https:\/\/newsestlyonnais.fr\/site\/2019\/03\/08\/venissieux-9-edition-de-la-marche-nordique\/\" \/>\n<meta property=\"og:site_name\" content=\"News Est Lyonnais\" \/>\n<meta property=\"article:author\" content=\"https:\/\/www.facebook.com\/pascal.oberson.1?fref=ts\" \/>\n<meta property=\"article:published_time\" content=\"2019-03-08T07:27:46+00:00\" \/>\n<meta property=\"article:modified_time\" content=\"2020-11-01T17:57:23+00:00\" \/>\n<meta property=\"og:image\" content=\"https:\/\/i0.wp.com\/newsestlyonnais.fr\/site\/medias\/2019\/03\/NEWSESTLYONNAIS-MARCHE-NORDIQUE-VX-2019-1.jpg?fit=960%2C698&amp;ssl=1\" \/>\n<meta name=\"author\" content=\"R\u00e9dac. NEWS\" \/>\n<meta name=\"twitter:card\" content=\"summary_large_image\" \/>\n<meta name=\"twitter:label1\" content=\"\u00c9crit par\" \/>\n\t<meta name=\"twitter:data1\" content=\"R\u00e9dac. NEWS\" \/>\n\t<meta name=\"twitter:label2\" content=\"Dur\u00e9e de lecture estim\u00e9e\" \/>\n\t<meta name=\"twitter:data2\" content=\"1 minute\" \/>\n<script type=\"application\/ld+json\" class=\"yoast-schema-graph\">{\"@context\":\"https:\/\/schema.org\",\"@graph\":[{\"@type\":\"Article\",\"@id\":\"https:\/\/newsestlyonnais.fr\/site\/2019\/03\/08\/venissieux-9-edition-de-la-marche-nordique\/#article\",\"isPartOf\":{\"@id\":\"https:\/\/newsestlyonnais.fr\/site\/2019\/03\/08\/venissieux-9-edition-de-la-marche-nordique\/\"},\"author\":{\"name\":\"R\u00e9dac. NEWS\",\"@id\":\"https:\/\/newsestlyonnais.fr\/site\/#\/schema\/person\/3230d5615f390bb808365d673001e887\"},\"headline\":\"VENISSIEUX | 9\u00b0 Edition de la Marche Nordique\",\"datePublished\":\"2019-03-08T07:27:46+00:00\",\"dateModified\":\"2020-11-01T17:57:23+00:00\",\"mainEntityOfPage\":{\"@id\":\"https:\/\/newsestlyonnais.fr\/site\/2019\/03\/08\/venissieux-9-edition-de-la-marche-nordique\/\"},\"wordCount\":192,\"commentCount\":0,\"publisher\":{\"@id\":\"https:\/\/newsestlyonnais.fr\/site\/#organization\"},\"image\":{\"@id\":\"https:\/\/newsestlyonnais.fr\/site\/2019\/03\/08\/venissieux-9-edition-de-la-marche-nordique\/#primaryimage\"},\"thumbnailUrl\":\"https:\/\/i0.wp.com\/newsestlyonnais.fr\/site\/medias\/2019\/03\/NEWSESTLYONNAIS-MARCHE-NORDIQUE-VX-2019-1.jpg?fit=960%2C698&amp;ssl=1\",\"keywords\":[\"MARCHE NORDIQUE\",\"VENISSIEUX\"],\"articleSection\":[\"Athl\u00e9 | Course pied | Marche\",\"Corbas | Feyzin\",\"V\u00e9nissieux\"],\"inLanguage\":\"fr-FR\",\"potentialAction\":[{\"@type\":\"CommentAction\",\"name\":\"Comment\",\"target\":[\"https:\/\/newsestlyonnais.fr\/site\/2019\/03\/08\/venissieux-9-edition-de-la-marche-nordique\/#respond\"]}]},{\"@type\":\"WebPage\",\"@id\":\"https:\/\/newsestlyonnais.fr\/site\/2019\/03\/08\/venissieux-9-edition-de-la-marche-nordique\/\",\"url\":\"https:\/\/newsestlyonnais.fr\/site\/2019\/03\/08\/venissieux-9-edition-de-la-marche-nordique\/\",\"name\":\"VENISSIEUX | 9\u00b0 Edition de la Marche Nordique - News Est Lyonnais venissieux-9-edition-de-la-marche-nordique\",\"isPartOf\":{\"@id\":\"https:\/\/newsestlyonnais.fr\/site\/#website\"},\"primaryImageOfPage\":{\"@id\":\"https:\/\/newsestlyonnais.fr\/site\/2019\/03\/08\/venissieux-9-edition-de-la-marche-nordique\/#primaryimage\"},\"image\":{\"@id\":\"https:\/\/newsestlyonnais.fr\/site\/2019\/03\/08\/venissieux-9-edition-de-la-marche-nordique\/#primaryimage\"},\"thumbnailUrl\":\"https:\/\/i0.wp.com\/newsestlyonnais.fr\/site\/medias\/2019\/03\/NEWSESTLYONNAIS-MARCHE-NORDIQUE-VX-2019-1.jpg?fit=960%2C698&amp;ssl=1\",\"datePublished\":\"2019-03-08T07:27:46+00:00\",\"dateModified\":\"2020-11-01T17:57:23+00:00\",\"description\":\"venissieux-9-edition-de-la-marche-nordique\",\"breadcrumb\":{\"@id\":\"https:\/\/newsestlyonnais.fr\/site\/2019\/03\/08\/venissieux-9-edition-de-la-marche-nordique\/#breadcrumb\"},\"inLanguage\":\"fr-FR\",\"potentialAction\":[{\"@type\":\"ReadAction\",\"target\":[\"https:\/\/newsestlyonnais.fr\/site\/2019\/03\/08\/venissieux-9-edition-de-la-marche-nordique\/\"]}]},{\"@type\":\"ImageObject\",\"inLanguage\":\"fr-FR\",\"@id\":\"https:\/\/newsestlyonnais.fr\/site\/2019\/03\/08\/venissieux-9-edition-de-la-marche-nordique\/#primaryimage\",\"url\":\"https:\/\/i0.wp.com\/newsestlyonnais.fr\/site\/medias\/2019\/03\/NEWSESTLYONNAIS-MARCHE-NORDIQUE-VX-2019-1.jpg?fit=960%2C698&amp;ssl=1\",\"contentUrl\":\"https:\/\/i0.wp.com\/newsestlyonnais.fr\/site\/medias\/2019\/03\/NEWSESTLYONNAIS-MARCHE-NORDIQUE-VX-2019-1.jpg?fit=960%2C698&amp;ssl=1\"},{\"@type\":\"BreadcrumbList\",\"@id\":\"https:\/\/newsestlyonnais.fr\/site\/2019\/03\/08\/venissieux-9-edition-de-la-marche-nordique\/#breadcrumb\",\"itemListElement\":[{\"@type\":\"ListItem\",\"position\":1,\"name\":\"Accueil\",\"item\":\"https:\/\/newsestlyonnais.fr\/site\/\"},{\"@type\":\"ListItem\",\"position\":2,\"name\":\"VENISSIEUX | 9\u00b0 Edition de la Marche Nordique\"}]},{\"@type\":\"WebSite\",\"@id\":\"https:\/\/newsestlyonnais.fr\/site\/#website\",\"url\":\"https:\/\/newsestlyonnais.fr\/site\/\",\"name\":\"News Est Lyonnais\",\"description\":\"L&#039;actualit\u00e9 au plus pr\u00e8s\",\"publisher\":{\"@id\":\"https:\/\/newsestlyonnais.fr\/site\/#organization\"},\"potentialAction\":[{\"@type\":\"SearchAction\",\"target\":{\"@type\":\"EntryPoint\",\"urlTemplate\":\"https:\/\/newsestlyonnais.fr\/site\/?s={search_term_string}\"},\"query-input\":{\"@type\":\"PropertyValueSpecification\",\"valueRequired\":true,\"valueName\":\"search_term_string\"}}],\"inLanguage\":\"fr-FR\"},{\"@type\":\"Organization\",\"@id\":\"https:\/\/newsestlyonnais.fr\/site\/#organization\",\"name\":\"News EST LYONNAIS\",\"url\":\"https:\/\/newsestlyonnais.fr\/site\/\",\"logo\":{\"@type\":\"ImageObject\",\"inLanguage\":\"fr-FR\",\"@id\":\"https:\/\/newsestlyonnais.fr\/site\/#\/schema\/logo\/image\/\",\"url\":\"\",\"contentUrl\":\"\",\"caption\":\"News EST LYONNAIS\"},\"image\":{\"@id\":\"https:\/\/newsestlyonnais.fr\/site\/#\/schema\/logo\/image\/\"}},{\"@type\":\"Person\",\"@id\":\"https:\/\/newsestlyonnais.fr\/site\/#\/schema\/person\/3230d5615f390bb808365d673001e887\",\"name\":\"R\u00e9dac. NEWS\",\"sameAs\":[\"http:\/\/www.newsestlyonnais.fr\",\"https:\/\/www.facebook.com\/pascal.oberson.1?fref=ts\",\"https:\/\/fr.linkedin.com\/in\/pascal-oberson-b17045113\"],\"url\":\"https:\/\/newsestlyonnais.fr\/site\/author\/nel\/\"}]}<\/script>\n<!-- \/ Yoast SEO plugin. -->","yoast_head_json":{"title":"VENISSIEUX | 9\u00b0 Edition de la Marche Nordique - News Est Lyonnais venissieux-9-edition-de-la-marche-nordique","description":"venissieux-9-edition-de-la-marche-nordique","robots":{"index":"index","follow":"follow","max-snippet":"max-snippet:-1","max-image-preview":"max-image-preview:large","max-video-preview":"max-video-preview:-1"},"canonical":"https:\/\/newsestlyonnais.fr\/site\/2019\/03\/08\/venissieux-9-edition-de-la-marche-nordique\/","og_locale":"fr_FR","og_type":"article","og_title":"VENISSIEUX | 9\u00b0 Edition de la Marche Nordique - News Est Lyonnais venissieux-9-edition-de-la-marche-nordique","og_description":"venissieux-9-edition-de-la-marche-nordique","og_url":"https:\/\/newsestlyonnais.fr\/site\/2019\/03\/08\/venissieux-9-edition-de-la-marche-nordique\/","og_site_name":"News Est Lyonnais","article_author":"https:\/\/www.facebook.com\/pascal.oberson.1?fref=ts","article_published_time":"2019-03-08T07:27:46+00:00","article_modified_time":"2020-11-01T17:57:23+00:00","og_image":[{"url":"https:\/\/i0.wp.com\/newsestlyonnais.fr\/site\/medias\/2019\/03\/NEWSESTLYONNAIS-MARCHE-NORDIQUE-VX-2019-1.jpg?fit=960%2C698&amp;ssl=1","type":"","width":"","height":""}],"author":"R\u00e9dac. NEWS","twitter_card":"summary_large_image","twitter_misc":{"\u00c9crit par":"R\u00e9dac. NEWS","Dur\u00e9e de lecture estim\u00e9e":"1 minute"},"schema":{"@context":"https:\/\/schema.org","@graph":[{"@type":"Article","@id":"https:\/\/newsestlyonnais.fr\/site\/2019\/03\/08\/venissieux-9-edition-de-la-marche-nordique\/#article","isPartOf":{"@id":"https:\/\/newsestlyonnais.fr\/site\/2019\/03\/08\/venissieux-9-edition-de-la-marche-nordique\/"},"author":{"name":"R\u00e9dac. NEWS","@id":"https:\/\/newsestlyonnais.fr\/site\/#\/schema\/person\/3230d5615f390bb808365d673001e887"},"headline":"VENISSIEUX | 9\u00b0 Edition de la Marche Nordique","datePublished":"2019-03-08T07:27:46+00:00","dateModified":"2020-11-01T17:57:23+00:00","mainEntityOfPage":{"@id":"https:\/\/newsestlyonnais.fr\/site\/2019\/03\/08\/venissieux-9-edition-de-la-marche-nordique\/"},"wordCount":192,"commentCount":0,"publisher":{"@id":"https:\/\/newsestlyonnais.fr\/site\/#organization"},"image":{"@id":"https:\/\/newsestlyonnais.fr\/site\/2019\/03\/08\/venissieux-9-edition-de-la-marche-nordique\/#primaryimage"},"thumbnailUrl":"https:\/\/i0.wp.com\/newsestlyonnais.fr\/site\/medias\/2019\/03\/NEWSESTLYONNAIS-MARCHE-NORDIQUE-VX-2019-1.jpg?fit=960%2C698&amp;ssl=1","keywords":["MARCHE NORDIQUE","VENISSIEUX"],"articleSection":["Athl\u00e9 | Course pied | Marche","Corbas | Feyzin","V\u00e9nissieux"],"inLanguage":"fr-FR","potentialAction":[{"@type":"CommentAction","name":"Comment","target":["https:\/\/newsestlyonnais.fr\/site\/2019\/03\/08\/venissieux-9-edition-de-la-marche-nordique\/#respond"]}]},{"@type":"WebPage","@id":"https:\/\/newsestlyonnais.fr\/site\/2019\/03\/08\/venissieux-9-edition-de-la-marche-nordique\/","url":"https:\/\/newsestlyonnais.fr\/site\/2019\/03\/08\/venissieux-9-edition-de-la-marche-nordique\/","name":"VENISSIEUX | 9\u00b0 Edition de la Marche Nordique - News Est Lyonnais venissieux-9-edition-de-la-marche-nordique","isPartOf":{"@id":"https:\/\/newsestlyonnais.fr\/site\/#website"},"primaryImageOfPage":{"@id":"https:\/\/newsestlyonnais.fr\/site\/2019\/03\/08\/venissieux-9-edition-de-la-marche-nordique\/#primaryimage"},"image":{"@id":"https:\/\/newsestlyonnais.fr\/site\/2019\/03\/08\/venissieux-9-edition-de-la-marche-nordique\/#primaryimage"},"thumbnailUrl":"https:\/\/i0.wp.com\/newsestlyonnais.fr\/site\/medias\/2019\/03\/NEWSESTLYONNAIS-MARCHE-NORDIQUE-VX-2019-1.jpg?fit=960%2C698&amp;ssl=1","datePublished":"2019-03-08T07:27:46+00:00","dateModified":"2020-11-01T17:57:23+00:00","description":"venissieux-9-edition-de-la-marche-nordique","breadcrumb":{"@id":"https:\/\/newsestlyonnais.fr\/site\/2019\/03\/08\/venissieux-9-edition-de-la-marche-nordique\/#breadcrumb"},"inLanguage":"fr-FR","potentialAction":[{"@type":"ReadAction","target":["https:\/\/newsestlyonnais.fr\/site\/2019\/03\/08\/venissieux-9-edition-de-la-marche-nordique\/"]}]},{"@type":"ImageObject","inLanguage":"fr-FR","@id":"https:\/\/newsestlyonnais.fr\/site\/2019\/03\/08\/venissieux-9-edition-de-la-marche-nordique\/#primaryimage","url":"https:\/\/i0.wp.com\/newsestlyonnais.fr\/site\/medias\/2019\/03\/NEWSESTLYONNAIS-MARCHE-NORDIQUE-VX-2019-1.jpg?fit=960%2C698&amp;ssl=1","contentUrl":"https:\/\/i0.wp.com\/newsestlyonnais.fr\/site\/medias\/2019\/03\/NEWSESTLYONNAIS-MARCHE-NORDIQUE-VX-2019-1.jpg?fit=960%2C698&amp;ssl=1"},{"@type":"BreadcrumbList","@id":"https:\/\/newsestlyonnais.fr\/site\/2019\/03\/08\/venissieux-9-edition-de-la-marche-nordique\/#breadcrumb","itemListElement":[{"@type":"ListItem","position":1,"name":"Accueil","item":"https:\/\/newsestlyonnais.fr\/site\/"},{"@type":"ListItem","position":2,"name":"VENISSIEUX | 9\u00b0 Edition de la Marche Nordique"}]},{"@type":"WebSite","@id":"https:\/\/newsestlyonnais.fr\/site\/#website","url":"https:\/\/newsestlyonnais.fr\/site\/","name":"News Est Lyonnais","description":"L&#039;actualit\u00e9 au plus pr\u00e8s","publisher":{"@id":"https:\/\/newsestlyonnais.fr\/site\/#organization"},"potentialAction":[{"@type":"SearchAction","target":{"@type":"EntryPoint","urlTemplate":"https:\/\/newsestlyonnais.fr\/site\/?s={search_term_string}"},"query-input":{"@type":"PropertyValueSpecification","valueRequired":true,"valueName":"search_term_string"}}],"inLanguage":"fr-FR"},{"@type":"Organization","@id":"https:\/\/newsestlyonnais.fr\/site\/#organization","name":"News EST LYONNAIS","url":"https:\/\/newsestlyonnais.fr\/site\/","logo":{"@type":"ImageObject","inLanguage":"fr-FR","@id":"https:\/\/newsestlyonnais.fr\/site\/#\/schema\/logo\/image\/","url":"","contentUrl":"","caption":"News EST LYONNAIS"},"image":{"@id":"https:\/\/newsestlyonnais.fr\/site\/#\/schema\/logo\/image\/"}},{"@type":"Person","@id":"https:\/\/newsestlyonnais.fr\/site\/#\/schema\/person\/3230d5615f390bb808365d673001e887","name":"R\u00e9dac. NEWS","sameAs":["http:\/\/www.newsestlyonnais.fr","https:\/\/www.facebook.com\/pascal.oberson.1?fref=ts","https:\/\/fr.linkedin.com\/in\/pascal-oberson-b17045113"],"url":"https:\/\/newsestlyonnais.fr\/site\/author\/nel\/"}]}},"_links":{"self":[{"href":"https:\/\/newsestlyonnais.fr\/site\/wp-json\/wp\/v2\/posts\/68323","targetHints":{"allow":["GET"]}}],"collection":[{"href":"https:\/\/newsestlyonnais.fr\/site\/wp-json\/wp\/v2\/posts"}],"about":[{"href":"https:\/\/newsestlyonnais.fr\/site\/wp-json\/wp\/v2\/types\/post"}],"author":[{"embeddable":true,"href":"https:\/\/newsestlyonnais.fr\/site\/wp-json\/wp\/v2\/users\/4"}],"replies":[{"embeddable":true,"href":"https:\/\/newsestlyonnais.fr\/site\/wp-json\/wp\/v2\/comments?post=68323"}],"version-history":[{"count":0,"href":"https:\/\/newsestlyonnais.fr\/site\/wp-json\/wp\/v2\/posts\/68323\/revisions"}],"wp:attachment":[{"href":"https:\/\/newsestlyonnais.fr\/site\/wp-json\/wp\/v2\/media?parent=68323"}],"wp:term":[{"taxonomy":"category","embeddable":true,"href":"https:\/\/newsestlyonnais.fr\/site\/wp-json\/wp\/v2\/categories?post=68323"},{"taxonomy":"post_tag","embeddable":true,"href":"https:\/\/newsestlyonnais.fr\/site\/wp-json\/wp\/v2\/tags?post=68323"}],"curies":[{"name":"wp","href":"https:\/\/api.w.org\/{rel}","templated":true}]}}