{"id":68535,"date":"2019-03-11T06:15:27","date_gmt":"2019-03-11T05:15:27","guid":{"rendered":"http:\/\/newsestlyonnais.fr\/site\/?p=68535"},"modified":"2020-11-06T06:11:03","modified_gmt":"2020-11-06T05:11:03","slug":"decines-meyzieu-un-kayak-run-avec-le-c-k-d-m","status":"publish","type":"post","link":"https:\/\/newsestlyonnais.fr\/site\/2019\/03\/11\/decines-meyzieu-un-kayak-run-avec-le-c-k-d-m\/","title":{"rendered":"DECINES-MEYZIEU | Un Kayak Run avec le C.K.D.M."},"content":{"rendered":"\r\n\r\n\r\n<p>Le 22 juin 2019, le club organisera en effet, <strong>un biathlon alliant course \u00e0 pied et kayak<\/strong>. Avec un parcours 100 % vert :<\/p>\r\n\r\n\r\n\r\n<ul class=\"wp-block-list\">\r\n<li><strong>5 kilom\u00e8tres de course \u00e0 pied<\/strong> au d\u00e9part du club de kayak, course sur l\u2019anneau bleu.<\/li>\r\n<li>Embarcation en kayak au niveau du pont d\u2019Herbens.<\/li>\r\n<li>Puis <strong>3 kilom\u00e8tres de kayak<\/strong> sur le canal de Jonage jusqu\u2019au club de kayak, lieu d\u2019arriv\u00e9e.<\/li>\r\n<\/ul>\r\n\r\n\r\n\r\n<p>Tout cela sans rencontrer une seule voiture, que demandez de plus ? Lors de ce biathlon, <strong>3 courses seront propos\u00e9es<\/strong>, <strong>un challenge entreprise<\/strong>, <strong>une course -18 ans<\/strong> et <strong>une course adulte<\/strong>.<\/p>\r\n\r\n\r\n\r\n<p>Une date \u00e0 retenir pour partager un agr\u00e9able moment et venir profiter du soleil au bord et sur le Grand Large !<\/p>\r\n<p>_____________________________________________________________________________<\/p>\r\n\r\n\r\n\r\n<ul class=\"wp-block-list\">\r\n<li><strong><em>Inscriptions possibles sur : <\/em><\/strong><a href=\"https:\/\/www.facebook.com\/clubCKDM\/\" target=\"_blank\" rel=\"noreferrer noopener\" aria-label=\" (opens in a new tab)\"><strong><em>https:\/\/www.facebook.com\/clubCKDM\/<\/em><\/strong><\/a><\/li>\r\n<\/ul>\r\n\r\n\r\n\r\n<div class=\"wp-block-image\">\r\n<figure class=\"aligncenter\"><img loading=\"lazy\" decoding=\"async\" width=\"595\" height=\"842\" class=\"wp-image-68540\" src=\"https:\/\/i1.wp.com\/newsestlyonnais.fr\/site\/medias\/2019\/03\/NEWSESTLYONNAIS-KAYAK-RUN-CKDM-1.jpg?fit=530%2C750&amp;ssl=1\" alt=\"\" srcset=\"https:\/\/newsestlyonnais.fr\/site\/wp-content\/uploads\/2019\/03\/NEWSESTLYONNAIS-KAYAK-RUN-CKDM-1.jpg 595w, https:\/\/newsestlyonnais.fr\/site\/wp-content\/uploads\/2019\/03\/NEWSESTLYONNAIS-KAYAK-RUN-CKDM-1-212x300.jpg 212w, https:\/\/newsestlyonnais.fr\/site\/wp-content\/uploads\/2019\/03\/NEWSESTLYONNAIS-KAYAK-RUN-CKDM-1-530x750.jpg 530w\" sizes=\"auto, (max-width: 595px) 100vw, 595px\" \/><\/figure>\r\n<\/div>\r\n","protected":false},"excerpt":{"rendered":"<p>Cette ann\u00e9e, le club de Cano\u00eb Kayak de D\u00e9cines-Meyzieu (CKDM) va innover en proposant une \u00e9preuve originale.<\/p>\n","protected":false},"author":4,"featured_media":68537,"comment_status":"open","ping_status":"open","sticky":false,"template":"","format":"standard","meta":{"footnotes":""},"categories":[2973,21,171,1348,24],"tags":[1996,2430],"class_list":["post-68535","post","type-post","status-publish","format-standard","has-post-thumbnail","hentry","category-aviron-kayak-voile-sports","category-decines-charpieu","category-enfance-jeunesse","category-kayak","category-meyzieu","tag-chassieu","tag-petite-enfance"],"yoast_head":"<!-- This site is optimized with the Yoast SEO plugin v27.2 - https:\/\/yoast.com\/product\/yoast-seo-wordpress\/ -->\n<title>DECINES-MEYZIEU | Un Kayak Run avec le C.K.D.M. - News Est Lyonnais<\/title>\n<meta name=\"description\" content=\"decines-meyzieu-un-kayak-run-avec-le-c-k-d-m\" \/>\n<meta name=\"robots\" content=\"index, follow, max-snippet:-1, max-image-preview:large, max-video-preview:-1\" \/>\n<link rel=\"canonical\" href=\"https:\/\/newsestlyonnais.fr\/site\/2019\/03\/11\/decines-meyzieu-un-kayak-run-avec-le-c-k-d-m\/\" \/>\n<meta property=\"og:locale\" content=\"fr_FR\" \/>\n<meta property=\"og:type\" content=\"article\" \/>\n<meta property=\"og:title\" content=\"DECINES-MEYZIEU | Un Kayak Run avec le C.K.D.M. - News Est Lyonnais\" \/>\n<meta property=\"og:description\" content=\"decines-meyzieu-un-kayak-run-avec-le-c-k-d-m\" \/>\n<meta property=\"og:url\" content=\"https:\/\/newsestlyonnais.fr\/site\/2019\/03\/11\/decines-meyzieu-un-kayak-run-avec-le-c-k-d-m\/\" \/>\n<meta property=\"og:site_name\" content=\"News Est Lyonnais\" \/>\n<meta property=\"article:author\" content=\"https:\/\/www.facebook.com\/pascal.oberson.1?fref=ts\" \/>\n<meta property=\"article:published_time\" content=\"2019-03-11T05:15:27+00:00\" \/>\n<meta property=\"article:modified_time\" content=\"2020-11-06T05:11:03+00:00\" \/>\n<meta property=\"og:image\" content=\"https:\/\/i2.wp.com\/newsestlyonnais.fr\/site\/wp-content\/uploads\/2019\/03\/NEWSESTLYONNAIS-KAYAK-RUN-CKDM.jpg?fit=595%2C842&ssl=1\" \/>\n\t<meta property=\"og:image:width\" content=\"595\" \/>\n\t<meta property=\"og:image:height\" content=\"842\" \/>\n\t<meta property=\"og:image:type\" content=\"image\/jpeg\" \/>\n<meta name=\"author\" content=\"R\u00e9dac. NEWS\" \/>\n<meta name=\"twitter:card\" content=\"summary_large_image\" \/>\n<meta name=\"twitter:label1\" content=\"\u00c9crit par\" \/>\n\t<meta name=\"twitter:data1\" content=\"R\u00e9dac. NEWS\" \/>\n\t<meta name=\"twitter:label2\" content=\"Dur\u00e9e de lecture estim\u00e9e\" \/>\n\t<meta name=\"twitter:data2\" content=\"1 minute\" \/>\n<script type=\"application\/ld+json\" class=\"yoast-schema-graph\">{\"@context\":\"https:\/\/schema.org\",\"@graph\":[{\"@type\":\"Article\",\"@id\":\"https:\/\/newsestlyonnais.fr\/site\/2019\/03\/11\/decines-meyzieu-un-kayak-run-avec-le-c-k-d-m\/#article\",\"isPartOf\":{\"@id\":\"https:\/\/newsestlyonnais.fr\/site\/2019\/03\/11\/decines-meyzieu-un-kayak-run-avec-le-c-k-d-m\/\"},\"author\":{\"name\":\"R\u00e9dac. NEWS\",\"@id\":\"https:\/\/newsestlyonnais.fr\/site\/#\/schema\/person\/3230d5615f390bb808365d673001e887\"},\"headline\":\"DECINES-MEYZIEU | Un Kayak Run avec le C.K.D.M.\",\"datePublished\":\"2019-03-11T05:15:27+00:00\",\"dateModified\":\"2020-11-06T05:11:03+00:00\",\"mainEntityOfPage\":{\"@id\":\"https:\/\/newsestlyonnais.fr\/site\/2019\/03\/11\/decines-meyzieu-un-kayak-run-avec-le-c-k-d-m\/\"},\"wordCount\":132,\"commentCount\":0,\"publisher\":{\"@id\":\"https:\/\/newsestlyonnais.fr\/site\/#organization\"},\"image\":{\"@id\":\"https:\/\/newsestlyonnais.fr\/site\/2019\/03\/11\/decines-meyzieu-un-kayak-run-avec-le-c-k-d-m\/#primaryimage\"},\"thumbnailUrl\":\"https:\/\/newsestlyonnais.fr\/site\/wp-content\/uploads\/2019\/03\/NEWSESTLYONNAIS-KAYAK-RUN-CKDM.jpg\",\"keywords\":[\"Chassieu\",\"PETITE ENFANCE\"],\"articleSection\":[\"Aviron | Kayak | Voile\",\"D\u00e9cines-Charpieu\",\"Enfance | Jeunesse\",\"Kayak\",\"Meyzieu\"],\"inLanguage\":\"fr-FR\",\"potentialAction\":[{\"@type\":\"CommentAction\",\"name\":\"Comment\",\"target\":[\"https:\/\/newsestlyonnais.fr\/site\/2019\/03\/11\/decines-meyzieu-un-kayak-run-avec-le-c-k-d-m\/#respond\"]}]},{\"@type\":\"WebPage\",\"@id\":\"https:\/\/newsestlyonnais.fr\/site\/2019\/03\/11\/decines-meyzieu-un-kayak-run-avec-le-c-k-d-m\/\",\"url\":\"https:\/\/newsestlyonnais.fr\/site\/2019\/03\/11\/decines-meyzieu-un-kayak-run-avec-le-c-k-d-m\/\",\"name\":\"DECINES-MEYZIEU | Un Kayak Run avec le C.K.D.M. - News Est Lyonnais\",\"isPartOf\":{\"@id\":\"https:\/\/newsestlyonnais.fr\/site\/#website\"},\"primaryImageOfPage\":{\"@id\":\"https:\/\/newsestlyonnais.fr\/site\/2019\/03\/11\/decines-meyzieu-un-kayak-run-avec-le-c-k-d-m\/#primaryimage\"},\"image\":{\"@id\":\"https:\/\/newsestlyonnais.fr\/site\/2019\/03\/11\/decines-meyzieu-un-kayak-run-avec-le-c-k-d-m\/#primaryimage\"},\"thumbnailUrl\":\"https:\/\/newsestlyonnais.fr\/site\/wp-content\/uploads\/2019\/03\/NEWSESTLYONNAIS-KAYAK-RUN-CKDM.jpg\",\"datePublished\":\"2019-03-11T05:15:27+00:00\",\"dateModified\":\"2020-11-06T05:11:03+00:00\",\"description\":\"decines-meyzieu-un-kayak-run-avec-le-c-k-d-m\",\"breadcrumb\":{\"@id\":\"https:\/\/newsestlyonnais.fr\/site\/2019\/03\/11\/decines-meyzieu-un-kayak-run-avec-le-c-k-d-m\/#breadcrumb\"},\"inLanguage\":\"fr-FR\",\"potentialAction\":[{\"@type\":\"ReadAction\",\"target\":[\"https:\/\/newsestlyonnais.fr\/site\/2019\/03\/11\/decines-meyzieu-un-kayak-run-avec-le-c-k-d-m\/\"]}]},{\"@type\":\"ImageObject\",\"inLanguage\":\"fr-FR\",\"@id\":\"https:\/\/newsestlyonnais.fr\/site\/2019\/03\/11\/decines-meyzieu-un-kayak-run-avec-le-c-k-d-m\/#primaryimage\",\"url\":\"https:\/\/newsestlyonnais.fr\/site\/wp-content\/uploads\/2019\/03\/NEWSESTLYONNAIS-KAYAK-RUN-CKDM.jpg\",\"contentUrl\":\"https:\/\/newsestlyonnais.fr\/site\/wp-content\/uploads\/2019\/03\/NEWSESTLYONNAIS-KAYAK-RUN-CKDM.jpg\",\"width\":595,\"height\":842,\"caption\":\"NEWSESTLYONNAIS KAYAK RUN CKDM\"},{\"@type\":\"BreadcrumbList\",\"@id\":\"https:\/\/newsestlyonnais.fr\/site\/2019\/03\/11\/decines-meyzieu-un-kayak-run-avec-le-c-k-d-m\/#breadcrumb\",\"itemListElement\":[{\"@type\":\"ListItem\",\"position\":1,\"name\":\"Accueil\",\"item\":\"https:\/\/newsestlyonnais.fr\/site\/\"},{\"@type\":\"ListItem\",\"position\":2,\"name\":\"DECINES-MEYZIEU | Un Kayak Run avec le C.K.D.M.\"}]},{\"@type\":\"WebSite\",\"@id\":\"https:\/\/newsestlyonnais.fr\/site\/#website\",\"url\":\"https:\/\/newsestlyonnais.fr\/site\/\",\"name\":\"News Est Lyonnais\",\"description\":\"L&#039;actualit\u00e9 au plus pr\u00e8s\",\"publisher\":{\"@id\":\"https:\/\/newsestlyonnais.fr\/site\/#organization\"},\"potentialAction\":[{\"@type\":\"SearchAction\",\"target\":{\"@type\":\"EntryPoint\",\"urlTemplate\":\"https:\/\/newsestlyonnais.fr\/site\/?s={search_term_string}\"},\"query-input\":{\"@type\":\"PropertyValueSpecification\",\"valueRequired\":true,\"valueName\":\"search_term_string\"}}],\"inLanguage\":\"fr-FR\"},{\"@type\":\"Organization\",\"@id\":\"https:\/\/newsestlyonnais.fr\/site\/#organization\",\"name\":\"News EST LYONNAIS\",\"url\":\"https:\/\/newsestlyonnais.fr\/site\/\",\"logo\":{\"@type\":\"ImageObject\",\"inLanguage\":\"fr-FR\",\"@id\":\"https:\/\/newsestlyonnais.fr\/site\/#\/schema\/logo\/image\/\",\"url\":\"\",\"contentUrl\":\"\",\"caption\":\"News EST LYONNAIS\"},\"image\":{\"@id\":\"https:\/\/newsestlyonnais.fr\/site\/#\/schema\/logo\/image\/\"}},{\"@type\":\"Person\",\"@id\":\"https:\/\/newsestlyonnais.fr\/site\/#\/schema\/person\/3230d5615f390bb808365d673001e887\",\"name\":\"R\u00e9dac. NEWS\",\"sameAs\":[\"http:\/\/www.newsestlyonnais.fr\",\"https:\/\/www.facebook.com\/pascal.oberson.1?fref=ts\",\"https:\/\/fr.linkedin.com\/in\/pascal-oberson-b17045113\"],\"url\":\"https:\/\/newsestlyonnais.fr\/site\/author\/nel\/\"}]}<\/script>\n<!-- \/ Yoast SEO plugin. -->","yoast_head_json":{"title":"DECINES-MEYZIEU | Un Kayak Run avec le C.K.D.M. - News Est Lyonnais","description":"decines-meyzieu-un-kayak-run-avec-le-c-k-d-m","robots":{"index":"index","follow":"follow","max-snippet":"max-snippet:-1","max-image-preview":"max-image-preview:large","max-video-preview":"max-video-preview:-1"},"canonical":"https:\/\/newsestlyonnais.fr\/site\/2019\/03\/11\/decines-meyzieu-un-kayak-run-avec-le-c-k-d-m\/","og_locale":"fr_FR","og_type":"article","og_title":"DECINES-MEYZIEU | Un Kayak Run avec le C.K.D.M. - News Est Lyonnais","og_description":"decines-meyzieu-un-kayak-run-avec-le-c-k-d-m","og_url":"https:\/\/newsestlyonnais.fr\/site\/2019\/03\/11\/decines-meyzieu-un-kayak-run-avec-le-c-k-d-m\/","og_site_name":"News Est Lyonnais","article_author":"https:\/\/www.facebook.com\/pascal.oberson.1?fref=ts","article_published_time":"2019-03-11T05:15:27+00:00","article_modified_time":"2020-11-06T05:11:03+00:00","og_image":[{"width":595,"height":842,"url":"https:\/\/i2.wp.com\/newsestlyonnais.fr\/site\/wp-content\/uploads\/2019\/03\/NEWSESTLYONNAIS-KAYAK-RUN-CKDM.jpg?fit=595%2C842&ssl=1","type":"image\/jpeg"}],"author":"R\u00e9dac. NEWS","twitter_card":"summary_large_image","twitter_misc":{"\u00c9crit par":"R\u00e9dac. NEWS","Dur\u00e9e de lecture estim\u00e9e":"1 minute"},"schema":{"@context":"https:\/\/schema.org","@graph":[{"@type":"Article","@id":"https:\/\/newsestlyonnais.fr\/site\/2019\/03\/11\/decines-meyzieu-un-kayak-run-avec-le-c-k-d-m\/#article","isPartOf":{"@id":"https:\/\/newsestlyonnais.fr\/site\/2019\/03\/11\/decines-meyzieu-un-kayak-run-avec-le-c-k-d-m\/"},"author":{"name":"R\u00e9dac. NEWS","@id":"https:\/\/newsestlyonnais.fr\/site\/#\/schema\/person\/3230d5615f390bb808365d673001e887"},"headline":"DECINES-MEYZIEU | Un Kayak Run avec le C.K.D.M.","datePublished":"2019-03-11T05:15:27+00:00","dateModified":"2020-11-06T05:11:03+00:00","mainEntityOfPage":{"@id":"https:\/\/newsestlyonnais.fr\/site\/2019\/03\/11\/decines-meyzieu-un-kayak-run-avec-le-c-k-d-m\/"},"wordCount":132,"commentCount":0,"publisher":{"@id":"https:\/\/newsestlyonnais.fr\/site\/#organization"},"image":{"@id":"https:\/\/newsestlyonnais.fr\/site\/2019\/03\/11\/decines-meyzieu-un-kayak-run-avec-le-c-k-d-m\/#primaryimage"},"thumbnailUrl":"https:\/\/newsestlyonnais.fr\/site\/wp-content\/uploads\/2019\/03\/NEWSESTLYONNAIS-KAYAK-RUN-CKDM.jpg","keywords":["Chassieu","PETITE ENFANCE"],"articleSection":["Aviron | Kayak | Voile","D\u00e9cines-Charpieu","Enfance | Jeunesse","Kayak","Meyzieu"],"inLanguage":"fr-FR","potentialAction":[{"@type":"CommentAction","name":"Comment","target":["https:\/\/newsestlyonnais.fr\/site\/2019\/03\/11\/decines-meyzieu-un-kayak-run-avec-le-c-k-d-m\/#respond"]}]},{"@type":"WebPage","@id":"https:\/\/newsestlyonnais.fr\/site\/2019\/03\/11\/decines-meyzieu-un-kayak-run-avec-le-c-k-d-m\/","url":"https:\/\/newsestlyonnais.fr\/site\/2019\/03\/11\/decines-meyzieu-un-kayak-run-avec-le-c-k-d-m\/","name":"DECINES-MEYZIEU | Un Kayak Run avec le C.K.D.M. - News Est Lyonnais","isPartOf":{"@id":"https:\/\/newsestlyonnais.fr\/site\/#website"},"primaryImageOfPage":{"@id":"https:\/\/newsestlyonnais.fr\/site\/2019\/03\/11\/decines-meyzieu-un-kayak-run-avec-le-c-k-d-m\/#primaryimage"},"image":{"@id":"https:\/\/newsestlyonnais.fr\/site\/2019\/03\/11\/decines-meyzieu-un-kayak-run-avec-le-c-k-d-m\/#primaryimage"},"thumbnailUrl":"https:\/\/newsestlyonnais.fr\/site\/wp-content\/uploads\/2019\/03\/NEWSESTLYONNAIS-KAYAK-RUN-CKDM.jpg","datePublished":"2019-03-11T05:15:27+00:00","dateModified":"2020-11-06T05:11:03+00:00","description":"decines-meyzieu-un-kayak-run-avec-le-c-k-d-m","breadcrumb":{"@id":"https:\/\/newsestlyonnais.fr\/site\/2019\/03\/11\/decines-meyzieu-un-kayak-run-avec-le-c-k-d-m\/#breadcrumb"},"inLanguage":"fr-FR","potentialAction":[{"@type":"ReadAction","target":["https:\/\/newsestlyonnais.fr\/site\/2019\/03\/11\/decines-meyzieu-un-kayak-run-avec-le-c-k-d-m\/"]}]},{"@type":"ImageObject","inLanguage":"fr-FR","@id":"https:\/\/newsestlyonnais.fr\/site\/2019\/03\/11\/decines-meyzieu-un-kayak-run-avec-le-c-k-d-m\/#primaryimage","url":"https:\/\/newsestlyonnais.fr\/site\/wp-content\/uploads\/2019\/03\/NEWSESTLYONNAIS-KAYAK-RUN-CKDM.jpg","contentUrl":"https:\/\/newsestlyonnais.fr\/site\/wp-content\/uploads\/2019\/03\/NEWSESTLYONNAIS-KAYAK-RUN-CKDM.jpg","width":595,"height":842,"caption":"NEWSESTLYONNAIS KAYAK RUN CKDM"},{"@type":"BreadcrumbList","@id":"https:\/\/newsestlyonnais.fr\/site\/2019\/03\/11\/decines-meyzieu-un-kayak-run-avec-le-c-k-d-m\/#breadcrumb","itemListElement":[{"@type":"ListItem","position":1,"name":"Accueil","item":"https:\/\/newsestlyonnais.fr\/site\/"},{"@type":"ListItem","position":2,"name":"DECINES-MEYZIEU | Un Kayak Run avec le C.K.D.M."}]},{"@type":"WebSite","@id":"https:\/\/newsestlyonnais.fr\/site\/#website","url":"https:\/\/newsestlyonnais.fr\/site\/","name":"News Est Lyonnais","description":"L&#039;actualit\u00e9 au plus pr\u00e8s","publisher":{"@id":"https:\/\/newsestlyonnais.fr\/site\/#organization"},"potentialAction":[{"@type":"SearchAction","target":{"@type":"EntryPoint","urlTemplate":"https:\/\/newsestlyonnais.fr\/site\/?s={search_term_string}"},"query-input":{"@type":"PropertyValueSpecification","valueRequired":true,"valueName":"search_term_string"}}],"inLanguage":"fr-FR"},{"@type":"Organization","@id":"https:\/\/newsestlyonnais.fr\/site\/#organization","name":"News EST LYONNAIS","url":"https:\/\/newsestlyonnais.fr\/site\/","logo":{"@type":"ImageObject","inLanguage":"fr-FR","@id":"https:\/\/newsestlyonnais.fr\/site\/#\/schema\/logo\/image\/","url":"","contentUrl":"","caption":"News EST LYONNAIS"},"image":{"@id":"https:\/\/newsestlyonnais.fr\/site\/#\/schema\/logo\/image\/"}},{"@type":"Person","@id":"https:\/\/newsestlyonnais.fr\/site\/#\/schema\/person\/3230d5615f390bb808365d673001e887","name":"R\u00e9dac. NEWS","sameAs":["http:\/\/www.newsestlyonnais.fr","https:\/\/www.facebook.com\/pascal.oberson.1?fref=ts","https:\/\/fr.linkedin.com\/in\/pascal-oberson-b17045113"],"url":"https:\/\/newsestlyonnais.fr\/site\/author\/nel\/"}]}},"_links":{"self":[{"href":"https:\/\/newsestlyonnais.fr\/site\/wp-json\/wp\/v2\/posts\/68535","targetHints":{"allow":["GET"]}}],"collection":[{"href":"https:\/\/newsestlyonnais.fr\/site\/wp-json\/wp\/v2\/posts"}],"about":[{"href":"https:\/\/newsestlyonnais.fr\/site\/wp-json\/wp\/v2\/types\/post"}],"author":[{"embeddable":true,"href":"https:\/\/newsestlyonnais.fr\/site\/wp-json\/wp\/v2\/users\/4"}],"replies":[{"embeddable":true,"href":"https:\/\/newsestlyonnais.fr\/site\/wp-json\/wp\/v2\/comments?post=68535"}],"version-history":[{"count":0,"href":"https:\/\/newsestlyonnais.fr\/site\/wp-json\/wp\/v2\/posts\/68535\/revisions"}],"wp:featuredmedia":[{"embeddable":true,"href":"https:\/\/newsestlyonnais.fr\/site\/wp-json\/wp\/v2\/media\/68537"}],"wp:attachment":[{"href":"https:\/\/newsestlyonnais.fr\/site\/wp-json\/wp\/v2\/media?parent=68535"}],"wp:term":[{"taxonomy":"category","embeddable":true,"href":"https:\/\/newsestlyonnais.fr\/site\/wp-json\/wp\/v2\/categories?post=68535"},{"taxonomy":"post_tag","embeddable":true,"href":"https:\/\/newsestlyonnais.fr\/site\/wp-json\/wp\/v2\/tags?post=68535"}],"curies":[{"name":"wp","href":"https:\/\/api.w.org\/{rel}","templated":true}]}}