{"id":69144,"date":"2019-03-19T11:51:00","date_gmt":"2019-03-19T10:51:00","guid":{"rendered":"http:\/\/newsestlyonnais.fr\/site\/?p=69144"},"modified":"2020-11-17T14:49:58","modified_gmt":"2020-11-17T13:49:58","slug":"judo-club-de-lest-lyonnais-de-belles-perfs-realisees","status":"publish","type":"post","link":"https:\/\/newsestlyonnais.fr\/site\/2019\/03\/19\/judo-club-de-lest-lyonnais-de-belles-perfs-realisees\/","title":{"rendered":"Judo Club de l&rsquo;Est Lyonnais | De belles perfs r\u00e9alis\u00e9es"},"content":{"rendered":"\n<h4 class=\"wp-block-heading\">Les bons r\u00e9sultats s&rsquo;enchainent en ce mois de mars, au sein du J.C.E.L. tant au niveau r\u00e9gional que national. <\/h4>\n\n\n\n<ul class=\"wp-block-list\"><li>Dimanche 10 mars dernier, lors de la <strong>Coupe AURA Minimes<\/strong>, <strong>Laurette Boudet<\/strong> a d\u00e9croch\u00e9 une superbe 2\u00b0 place en -36 kg et empoch\u00e9 la qualification pour la Coupe de France qui aura lieu le samedi 30 mars \u00e0 Villebon-sur-Yvette (Essonne). A noter \u00e9galement, les belles 7\u00b0 places de <strong>Baptiste Monnie<\/strong>r &amp; 9\u00b0 de <strong>Quentin Albares<\/strong>. <\/li><li>D&rsquo;autre part, nouvelle belle performance <strong>d&rsquo; Hugo<\/strong> lors de la <strong>Coupe du Jeune Arbitre de la ligue AURA<\/strong>. Il termine \u00e0 la 2\u00b0place sur une trentaine de jeunes arbitres \u00e9valu\u00e9s et d\u00e9croche ainsi sa qualification pour officier lors de la prochaine Coupe de France Minimes \u00e0 Villebons\/Yvette. <\/li><li>Enfin tr\u00e8s belle performance in\u00e9dite pour le club r\u00e9alis\u00e9e samedi dernier, en Essonne lors du <strong>Championnat de France 2\u00b0 division<\/strong>. Une comp\u00e9tition en seniors par \u00e9quipes, phase qualificative au championnat de France 1\u00b0 division pour le podium de ces championnats. Une \u00e9quipe seniors compos\u00e9e de :<\/li><li>&#8211; 66 KG : <strong>Maxime Francois<\/strong><\/li><li>&#8211; 73 KG : <strong>Thomas Mosio<\/strong> (AL Gr\u00e9sivaudan) &amp; <strong>Malvin Elio<\/strong><\/li><li> -81 KG : <strong>Mathieu Pocard<\/strong> &amp; <strong>Guillaume Millot<\/strong><\/li><li>&#8211; 90 KG : <strong>Brice Albenque<\/strong> (JC Feyzin)<\/li><li>+ 90 KG : <strong>Nicolas Bernard   <\/strong><\/li><\/ul>\n\n\n\n<p> La formation du J.C.E.L. se classe 5\u00b0 de ces championnats de France, apr\u00e8s un tr\u00e8s bon parcours de la part d&rsquo;une \u00e9quipe qui, combat apr\u00e8s combat, est rest\u00e9 tr\u00e8s soud\u00e9e et a propos\u00e9 des combats avec beaucoup d&rsquo;engagement.<\/p>\n\n\n\n<p><strong>Cette performance reste une premi\u00e8re pour le club<\/strong> qui r\u00e9alise un Block Final sur un championnat national seniors par \u00e9quipes. M\u00eame si la qualification se joue \u00e0 rien, cette journ\u00e9e va rester dans la t\u00eate de ces athl\u00e8tes qui leur permettra de grandir d\u2019un point de vue individuel mais \u00e9galement collectif avec beaucoup d\u2019engagement et la volont\u00e9 de se battre pour le club et les co\u00e9quipiers.<\/p>\n\n\n\n<p><strong><em>Les r\u00e9sultats :<\/em><\/strong><\/p>\n\n\n\n<ul class=\"wp-block-list\"><li><strong>1\u00b0 Tour<\/strong> (d\u00e9faite 5\/0 contre Nice Judo, futur finaliste).<\/li><li><strong>1\u00b0 Tour de rep\u00eachages<\/strong> (nul contre l&rsquo; ACBB 2\/2 mais victoire au nombre de points).<\/li><li><strong>2\u00b0 Tour<\/strong> (victoire contre le JC Suresnes 3\/0).<\/li><li><strong>3\u00b0 Tour<\/strong> (victoire contre le CSM Clamart 3\/0).<\/li><li><strong>Match pour la 3\u00b0 place<\/strong> : (d\u00e9faite contre le JS Vitrolles 3\/2).<\/li><\/ul>\n\n\n\n<p>L&rsquo;\u00e9quipe tient \u00e0 remercier Thomas et Brice (comp\u00e9titeurs ext\u00e9rieurs du club) qui sont venus renforcer l&rsquo;\u00e9quipe ainsi que Valentin Morel pour son coaching.  <\/p>\n\n\n\n<ul class=\"wp-block-list\"><li><strong><em>Retrouvez l&rsquo;ACTU du club sur : <\/em><\/strong><a href=\"https:\/\/jceljudo.sportsregions.fr\/\"><strong><em>https:\/\/jceljudo.sportsregions.fr\/<\/em><\/strong><\/a><\/li><\/ul>\n\n\n\n<div class=\"wp-block-jetpack-slideshow aligncenter\" data-effect=\"slide\"><div class=\"wp-block-jetpack-slideshow_container swiper-container\"><ul class=\"wp-block-jetpack-slideshow_swiper-wrappper swiper-wrapper\"><li class=\"wp-block-jetpack-slideshow_slide swiper-slide\"><figure><img loading=\"lazy\" decoding=\"async\" width=\"326\" height=\"462\" alt=\"\" class=\"wp-block-jetpack-slideshow_image wp-image-69217\" data-id=\"69217\" src=\"https:\/\/newsestlyonnais.fr\/site\/medias\/2019\/03\/NEWSESTLYONANIS-JCEL-01.jpg\" srcset=\"https:\/\/newsestlyonnais.fr\/site\/wp-content\/uploads\/2019\/03\/NEWSESTLYONANIS-JCEL-01.jpg 326w, https:\/\/newsestlyonnais.fr\/site\/wp-content\/uploads\/2019\/03\/NEWSESTLYONANIS-JCEL-01-212x300.jpg 212w\" sizes=\"auto, (max-width: 326px) 100vw, 326px\" \/><figcaption class=\"wp-block-jetpack-slideshow_caption gallery-caption\">Laurette Boudet (2\u00b0) sur le podium<\/figcaption><\/figure><\/li><li class=\"wp-block-jetpack-slideshow_slide swiper-slide\"><figure><img loading=\"lazy\" decoding=\"async\" width=\"300\" height=\"190\" alt=\"\" class=\"wp-block-jetpack-slideshow_image wp-image-69218\" data-id=\"69218\" src=\"https:\/\/newsestlyonnais.fr\/site\/medias\/2019\/03\/NEWSESTLYONANIS-JCEL-HUGO.png\" srcset=\"https:\/\/newsestlyonnais.fr\/site\/wp-content\/uploads\/2019\/03\/NEWSESTLYONANIS-JCEL-HUGO.png 300w, https:\/\/newsestlyonnais.fr\/site\/wp-content\/uploads\/2019\/03\/NEWSESTLYONANIS-JCEL-HUGO-171x108.png 171w\" sizes=\"auto, (max-width: 300px) 100vw, 300px\" \/><figcaption class=\"wp-block-jetpack-slideshow_caption gallery-caption\">Hugo, jeune arbitre du club<\/figcaption><\/figure><\/li><\/ul><a class=\"wp-block-jetpack-slideshow_button-prev swiper-button-prev swiper-button-white\" role=\"button\"><\/a><a class=\"wp-block-jetpack-slideshow_button-next swiper-button-next swiper-button-white\" role=\"button\"><\/a><a aria-label=\"Pause Slideshow\" class=\"wp-block-jetpack-slideshow_button-pause\" role=\"button\"><\/a><div class=\"wp-block-jetpack-slideshow_pagination swiper-pagination swiper-pagination-white\"><\/div><\/div><\/div>\n","protected":false},"excerpt":{"rendered":"<p>Les bons r\u00e9sultats s&rsquo;enchainent en ce mois de mars, au sein du J.C.E.L. tant au niveau r\u00e9gional que national. <\/p>\n","protected":false},"author":4,"featured_media":69216,"comment_status":"open","ping_status":"open","sticky":false,"template":"","format":"standard","meta":{"footnotes":""},"categories":[164,1303,1352,2994,24,29],"tags":[],"class_list":["post-69144","post","type-post","status-publish","format-standard","has-post-thumbnail","hentry","category-isere","category-jonage","category-judo","category-judo-karate-taekwondo-sports","category-meyzieu","category-villeurbanne"],"yoast_head":"<!-- This site is optimized with the Yoast SEO plugin v27.2 - https:\/\/yoast.com\/product\/yoast-seo-wordpress\/ -->\n<title>Judo Club de l&#039;Est Lyonnais | De belles perfs r\u00e9alis\u00e9es - News Est Lyonnais<\/title>\n<meta name=\"description\" content=\"De belles perfs ont \u00e9t\u00e9 r\u00e9alis\u00e9es au sein du Judo Club de l&#039;Est Lyonnais en ce mois de mars 2019 au niveau r\u00e9gional et national.\" \/>\n<meta name=\"robots\" content=\"index, follow, max-snippet:-1, max-image-preview:large, max-video-preview:-1\" \/>\n<link rel=\"canonical\" href=\"https:\/\/newsestlyonnais.fr\/site\/2019\/03\/19\/judo-club-de-lest-lyonnais-de-belles-perfs-realisees\/\" \/>\n<meta property=\"og:locale\" content=\"fr_FR\" \/>\n<meta property=\"og:type\" content=\"article\" \/>\n<meta property=\"og:title\" content=\"Judo Club de l&#039;Est Lyonnais | De belles perfs r\u00e9alis\u00e9es - News Est Lyonnais\" \/>\n<meta property=\"og:description\" content=\"De belles perfs ont \u00e9t\u00e9 r\u00e9alis\u00e9es au sein du Judo Club de l&#039;Est Lyonnais en ce mois de mars 2019 au niveau r\u00e9gional et national.\" \/>\n<meta property=\"og:url\" content=\"https:\/\/newsestlyonnais.fr\/site\/2019\/03\/19\/judo-club-de-lest-lyonnais-de-belles-perfs-realisees\/\" \/>\n<meta property=\"og:site_name\" content=\"News Est Lyonnais\" \/>\n<meta property=\"article:author\" content=\"https:\/\/www.facebook.com\/pascal.oberson.1?fref=ts\" \/>\n<meta property=\"article:published_time\" content=\"2019-03-19T10:51:00+00:00\" \/>\n<meta property=\"article:modified_time\" content=\"2020-11-17T13:49:58+00:00\" \/>\n<meta property=\"og:image\" content=\"https:\/\/i2.wp.com\/newsestlyonnais.fr\/site\/wp-content\/uploads\/2019\/03\/NEWSESTLYONANIS-JCEL-Mars.jpg?fit=502%2C421&ssl=1\" \/>\n\t<meta property=\"og:image:width\" content=\"502\" \/>\n\t<meta property=\"og:image:height\" content=\"421\" \/>\n\t<meta property=\"og:image:type\" content=\"image\/jpeg\" \/>\n<meta name=\"author\" content=\"R\u00e9dac. NEWS\" \/>\n<meta name=\"twitter:card\" content=\"summary_large_image\" \/>\n<meta name=\"twitter:label1\" content=\"\u00c9crit par\" \/>\n\t<meta name=\"twitter:data1\" content=\"R\u00e9dac. NEWS\" \/>\n\t<meta name=\"twitter:label2\" content=\"Dur\u00e9e de lecture estim\u00e9e\" \/>\n\t<meta name=\"twitter:data2\" content=\"2 minutes\" \/>\n<script type=\"application\/ld+json\" class=\"yoast-schema-graph\">{\"@context\":\"https:\/\/schema.org\",\"@graph\":[{\"@type\":\"Article\",\"@id\":\"https:\/\/newsestlyonnais.fr\/site\/2019\/03\/19\/judo-club-de-lest-lyonnais-de-belles-perfs-realisees\/#article\",\"isPartOf\":{\"@id\":\"https:\/\/newsestlyonnais.fr\/site\/2019\/03\/19\/judo-club-de-lest-lyonnais-de-belles-perfs-realisees\/\"},\"author\":{\"name\":\"R\u00e9dac. NEWS\",\"@id\":\"https:\/\/newsestlyonnais.fr\/site\/#\/schema\/person\/3230d5615f390bb808365d673001e887\"},\"headline\":\"Judo Club de l&rsquo;Est Lyonnais | De belles perfs r\u00e9alis\u00e9es\",\"datePublished\":\"2019-03-19T10:51:00+00:00\",\"dateModified\":\"2020-11-17T13:49:58+00:00\",\"mainEntityOfPage\":{\"@id\":\"https:\/\/newsestlyonnais.fr\/site\/2019\/03\/19\/judo-club-de-lest-lyonnais-de-belles-perfs-realisees\/\"},\"wordCount\":429,\"commentCount\":0,\"publisher\":{\"@id\":\"https:\/\/newsestlyonnais.fr\/site\/#organization\"},\"image\":{\"@id\":\"https:\/\/newsestlyonnais.fr\/site\/2019\/03\/19\/judo-club-de-lest-lyonnais-de-belles-perfs-realisees\/#primaryimage\"},\"thumbnailUrl\":\"https:\/\/newsestlyonnais.fr\/site\/wp-content\/uploads\/2019\/03\/NEWSESTLYONANIS-JCEL-Mars.jpg\",\"articleSection\":[\"Is\u00e8re (38)\",\"Jonage\",\"Judo\",\"Judo| Karat\u00e9| Taekwondo\",\"Meyzieu\",\"Villeurbanne\"],\"inLanguage\":\"fr-FR\",\"potentialAction\":[{\"@type\":\"CommentAction\",\"name\":\"Comment\",\"target\":[\"https:\/\/newsestlyonnais.fr\/site\/2019\/03\/19\/judo-club-de-lest-lyonnais-de-belles-perfs-realisees\/#respond\"]}]},{\"@type\":\"WebPage\",\"@id\":\"https:\/\/newsestlyonnais.fr\/site\/2019\/03\/19\/judo-club-de-lest-lyonnais-de-belles-perfs-realisees\/\",\"url\":\"https:\/\/newsestlyonnais.fr\/site\/2019\/03\/19\/judo-club-de-lest-lyonnais-de-belles-perfs-realisees\/\",\"name\":\"Judo Club de l'Est Lyonnais | De belles perfs r\u00e9alis\u00e9es - News Est Lyonnais\",\"isPartOf\":{\"@id\":\"https:\/\/newsestlyonnais.fr\/site\/#website\"},\"primaryImageOfPage\":{\"@id\":\"https:\/\/newsestlyonnais.fr\/site\/2019\/03\/19\/judo-club-de-lest-lyonnais-de-belles-perfs-realisees\/#primaryimage\"},\"image\":{\"@id\":\"https:\/\/newsestlyonnais.fr\/site\/2019\/03\/19\/judo-club-de-lest-lyonnais-de-belles-perfs-realisees\/#primaryimage\"},\"thumbnailUrl\":\"https:\/\/newsestlyonnais.fr\/site\/wp-content\/uploads\/2019\/03\/NEWSESTLYONANIS-JCEL-Mars.jpg\",\"datePublished\":\"2019-03-19T10:51:00+00:00\",\"dateModified\":\"2020-11-17T13:49:58+00:00\",\"description\":\"De belles perfs ont \u00e9t\u00e9 r\u00e9alis\u00e9es au sein du Judo Club de l'Est Lyonnais en ce mois de mars 2019 au niveau r\u00e9gional et national.\",\"breadcrumb\":{\"@id\":\"https:\/\/newsestlyonnais.fr\/site\/2019\/03\/19\/judo-club-de-lest-lyonnais-de-belles-perfs-realisees\/#breadcrumb\"},\"inLanguage\":\"fr-FR\",\"potentialAction\":[{\"@type\":\"ReadAction\",\"target\":[\"https:\/\/newsestlyonnais.fr\/site\/2019\/03\/19\/judo-club-de-lest-lyonnais-de-belles-perfs-realisees\/\"]}]},{\"@type\":\"ImageObject\",\"inLanguage\":\"fr-FR\",\"@id\":\"https:\/\/newsestlyonnais.fr\/site\/2019\/03\/19\/judo-club-de-lest-lyonnais-de-belles-perfs-realisees\/#primaryimage\",\"url\":\"https:\/\/newsestlyonnais.fr\/site\/wp-content\/uploads\/2019\/03\/NEWSESTLYONANIS-JCEL-Mars.jpg\",\"contentUrl\":\"https:\/\/newsestlyonnais.fr\/site\/wp-content\/uploads\/2019\/03\/NEWSESTLYONANIS-JCEL-Mars.jpg\",\"width\":502,\"height\":421,\"caption\":\"NEWSESTLYONNAIS JCEL Mars\"},{\"@type\":\"BreadcrumbList\",\"@id\":\"https:\/\/newsestlyonnais.fr\/site\/2019\/03\/19\/judo-club-de-lest-lyonnais-de-belles-perfs-realisees\/#breadcrumb\",\"itemListElement\":[{\"@type\":\"ListItem\",\"position\":1,\"name\":\"Accueil\",\"item\":\"https:\/\/newsestlyonnais.fr\/site\/\"},{\"@type\":\"ListItem\",\"position\":2,\"name\":\"Judo Club de l&rsquo;Est Lyonnais | De belles perfs r\u00e9alis\u00e9es\"}]},{\"@type\":\"WebSite\",\"@id\":\"https:\/\/newsestlyonnais.fr\/site\/#website\",\"url\":\"https:\/\/newsestlyonnais.fr\/site\/\",\"name\":\"News Est Lyonnais\",\"description\":\"L&#039;actualit\u00e9 au plus pr\u00e8s\",\"publisher\":{\"@id\":\"https:\/\/newsestlyonnais.fr\/site\/#organization\"},\"potentialAction\":[{\"@type\":\"SearchAction\",\"target\":{\"@type\":\"EntryPoint\",\"urlTemplate\":\"https:\/\/newsestlyonnais.fr\/site\/?s={search_term_string}\"},\"query-input\":{\"@type\":\"PropertyValueSpecification\",\"valueRequired\":true,\"valueName\":\"search_term_string\"}}],\"inLanguage\":\"fr-FR\"},{\"@type\":\"Organization\",\"@id\":\"https:\/\/newsestlyonnais.fr\/site\/#organization\",\"name\":\"News EST LYONNAIS\",\"url\":\"https:\/\/newsestlyonnais.fr\/site\/\",\"logo\":{\"@type\":\"ImageObject\",\"inLanguage\":\"fr-FR\",\"@id\":\"https:\/\/newsestlyonnais.fr\/site\/#\/schema\/logo\/image\/\",\"url\":\"\",\"contentUrl\":\"\",\"caption\":\"News EST LYONNAIS\"},\"image\":{\"@id\":\"https:\/\/newsestlyonnais.fr\/site\/#\/schema\/logo\/image\/\"}},{\"@type\":\"Person\",\"@id\":\"https:\/\/newsestlyonnais.fr\/site\/#\/schema\/person\/3230d5615f390bb808365d673001e887\",\"name\":\"R\u00e9dac. NEWS\",\"sameAs\":[\"http:\/\/www.newsestlyonnais.fr\",\"https:\/\/www.facebook.com\/pascal.oberson.1?fref=ts\",\"https:\/\/fr.linkedin.com\/in\/pascal-oberson-b17045113\"],\"url\":\"https:\/\/newsestlyonnais.fr\/site\/author\/nel\/\"}]}<\/script>\n<!-- \/ Yoast SEO plugin. -->","yoast_head_json":{"title":"Judo Club de l'Est Lyonnais | De belles perfs r\u00e9alis\u00e9es - News Est Lyonnais","description":"De belles perfs ont \u00e9t\u00e9 r\u00e9alis\u00e9es au sein du Judo Club de l'Est Lyonnais en ce mois de mars 2019 au niveau r\u00e9gional et national.","robots":{"index":"index","follow":"follow","max-snippet":"max-snippet:-1","max-image-preview":"max-image-preview:large","max-video-preview":"max-video-preview:-1"},"canonical":"https:\/\/newsestlyonnais.fr\/site\/2019\/03\/19\/judo-club-de-lest-lyonnais-de-belles-perfs-realisees\/","og_locale":"fr_FR","og_type":"article","og_title":"Judo Club de l'Est Lyonnais | De belles perfs r\u00e9alis\u00e9es - News Est Lyonnais","og_description":"De belles perfs ont \u00e9t\u00e9 r\u00e9alis\u00e9es au sein du Judo Club de l'Est Lyonnais en ce mois de mars 2019 au niveau r\u00e9gional et national.","og_url":"https:\/\/newsestlyonnais.fr\/site\/2019\/03\/19\/judo-club-de-lest-lyonnais-de-belles-perfs-realisees\/","og_site_name":"News Est Lyonnais","article_author":"https:\/\/www.facebook.com\/pascal.oberson.1?fref=ts","article_published_time":"2019-03-19T10:51:00+00:00","article_modified_time":"2020-11-17T13:49:58+00:00","og_image":[{"width":502,"height":421,"url":"https:\/\/i2.wp.com\/newsestlyonnais.fr\/site\/wp-content\/uploads\/2019\/03\/NEWSESTLYONANIS-JCEL-Mars.jpg?fit=502%2C421&ssl=1","type":"image\/jpeg"}],"author":"R\u00e9dac. NEWS","twitter_card":"summary_large_image","twitter_misc":{"\u00c9crit par":"R\u00e9dac. NEWS","Dur\u00e9e de lecture estim\u00e9e":"2 minutes"},"schema":{"@context":"https:\/\/schema.org","@graph":[{"@type":"Article","@id":"https:\/\/newsestlyonnais.fr\/site\/2019\/03\/19\/judo-club-de-lest-lyonnais-de-belles-perfs-realisees\/#article","isPartOf":{"@id":"https:\/\/newsestlyonnais.fr\/site\/2019\/03\/19\/judo-club-de-lest-lyonnais-de-belles-perfs-realisees\/"},"author":{"name":"R\u00e9dac. NEWS","@id":"https:\/\/newsestlyonnais.fr\/site\/#\/schema\/person\/3230d5615f390bb808365d673001e887"},"headline":"Judo Club de l&rsquo;Est Lyonnais | De belles perfs r\u00e9alis\u00e9es","datePublished":"2019-03-19T10:51:00+00:00","dateModified":"2020-11-17T13:49:58+00:00","mainEntityOfPage":{"@id":"https:\/\/newsestlyonnais.fr\/site\/2019\/03\/19\/judo-club-de-lest-lyonnais-de-belles-perfs-realisees\/"},"wordCount":429,"commentCount":0,"publisher":{"@id":"https:\/\/newsestlyonnais.fr\/site\/#organization"},"image":{"@id":"https:\/\/newsestlyonnais.fr\/site\/2019\/03\/19\/judo-club-de-lest-lyonnais-de-belles-perfs-realisees\/#primaryimage"},"thumbnailUrl":"https:\/\/newsestlyonnais.fr\/site\/wp-content\/uploads\/2019\/03\/NEWSESTLYONANIS-JCEL-Mars.jpg","articleSection":["Is\u00e8re (38)","Jonage","Judo","Judo| Karat\u00e9| Taekwondo","Meyzieu","Villeurbanne"],"inLanguage":"fr-FR","potentialAction":[{"@type":"CommentAction","name":"Comment","target":["https:\/\/newsestlyonnais.fr\/site\/2019\/03\/19\/judo-club-de-lest-lyonnais-de-belles-perfs-realisees\/#respond"]}]},{"@type":"WebPage","@id":"https:\/\/newsestlyonnais.fr\/site\/2019\/03\/19\/judo-club-de-lest-lyonnais-de-belles-perfs-realisees\/","url":"https:\/\/newsestlyonnais.fr\/site\/2019\/03\/19\/judo-club-de-lest-lyonnais-de-belles-perfs-realisees\/","name":"Judo Club de l'Est Lyonnais | De belles perfs r\u00e9alis\u00e9es - News Est Lyonnais","isPartOf":{"@id":"https:\/\/newsestlyonnais.fr\/site\/#website"},"primaryImageOfPage":{"@id":"https:\/\/newsestlyonnais.fr\/site\/2019\/03\/19\/judo-club-de-lest-lyonnais-de-belles-perfs-realisees\/#primaryimage"},"image":{"@id":"https:\/\/newsestlyonnais.fr\/site\/2019\/03\/19\/judo-club-de-lest-lyonnais-de-belles-perfs-realisees\/#primaryimage"},"thumbnailUrl":"https:\/\/newsestlyonnais.fr\/site\/wp-content\/uploads\/2019\/03\/NEWSESTLYONANIS-JCEL-Mars.jpg","datePublished":"2019-03-19T10:51:00+00:00","dateModified":"2020-11-17T13:49:58+00:00","description":"De belles perfs ont \u00e9t\u00e9 r\u00e9alis\u00e9es au sein du Judo Club de l'Est Lyonnais en ce mois de mars 2019 au niveau r\u00e9gional et national.","breadcrumb":{"@id":"https:\/\/newsestlyonnais.fr\/site\/2019\/03\/19\/judo-club-de-lest-lyonnais-de-belles-perfs-realisees\/#breadcrumb"},"inLanguage":"fr-FR","potentialAction":[{"@type":"ReadAction","target":["https:\/\/newsestlyonnais.fr\/site\/2019\/03\/19\/judo-club-de-lest-lyonnais-de-belles-perfs-realisees\/"]}]},{"@type":"ImageObject","inLanguage":"fr-FR","@id":"https:\/\/newsestlyonnais.fr\/site\/2019\/03\/19\/judo-club-de-lest-lyonnais-de-belles-perfs-realisees\/#primaryimage","url":"https:\/\/newsestlyonnais.fr\/site\/wp-content\/uploads\/2019\/03\/NEWSESTLYONANIS-JCEL-Mars.jpg","contentUrl":"https:\/\/newsestlyonnais.fr\/site\/wp-content\/uploads\/2019\/03\/NEWSESTLYONANIS-JCEL-Mars.jpg","width":502,"height":421,"caption":"NEWSESTLYONNAIS JCEL Mars"},{"@type":"BreadcrumbList","@id":"https:\/\/newsestlyonnais.fr\/site\/2019\/03\/19\/judo-club-de-lest-lyonnais-de-belles-perfs-realisees\/#breadcrumb","itemListElement":[{"@type":"ListItem","position":1,"name":"Accueil","item":"https:\/\/newsestlyonnais.fr\/site\/"},{"@type":"ListItem","position":2,"name":"Judo Club de l&rsquo;Est Lyonnais | De belles perfs r\u00e9alis\u00e9es"}]},{"@type":"WebSite","@id":"https:\/\/newsestlyonnais.fr\/site\/#website","url":"https:\/\/newsestlyonnais.fr\/site\/","name":"News Est Lyonnais","description":"L&#039;actualit\u00e9 au plus pr\u00e8s","publisher":{"@id":"https:\/\/newsestlyonnais.fr\/site\/#organization"},"potentialAction":[{"@type":"SearchAction","target":{"@type":"EntryPoint","urlTemplate":"https:\/\/newsestlyonnais.fr\/site\/?s={search_term_string}"},"query-input":{"@type":"PropertyValueSpecification","valueRequired":true,"valueName":"search_term_string"}}],"inLanguage":"fr-FR"},{"@type":"Organization","@id":"https:\/\/newsestlyonnais.fr\/site\/#organization","name":"News EST LYONNAIS","url":"https:\/\/newsestlyonnais.fr\/site\/","logo":{"@type":"ImageObject","inLanguage":"fr-FR","@id":"https:\/\/newsestlyonnais.fr\/site\/#\/schema\/logo\/image\/","url":"","contentUrl":"","caption":"News EST LYONNAIS"},"image":{"@id":"https:\/\/newsestlyonnais.fr\/site\/#\/schema\/logo\/image\/"}},{"@type":"Person","@id":"https:\/\/newsestlyonnais.fr\/site\/#\/schema\/person\/3230d5615f390bb808365d673001e887","name":"R\u00e9dac. NEWS","sameAs":["http:\/\/www.newsestlyonnais.fr","https:\/\/www.facebook.com\/pascal.oberson.1?fref=ts","https:\/\/fr.linkedin.com\/in\/pascal-oberson-b17045113"],"url":"https:\/\/newsestlyonnais.fr\/site\/author\/nel\/"}]}},"_links":{"self":[{"href":"https:\/\/newsestlyonnais.fr\/site\/wp-json\/wp\/v2\/posts\/69144","targetHints":{"allow":["GET"]}}],"collection":[{"href":"https:\/\/newsestlyonnais.fr\/site\/wp-json\/wp\/v2\/posts"}],"about":[{"href":"https:\/\/newsestlyonnais.fr\/site\/wp-json\/wp\/v2\/types\/post"}],"author":[{"embeddable":true,"href":"https:\/\/newsestlyonnais.fr\/site\/wp-json\/wp\/v2\/users\/4"}],"replies":[{"embeddable":true,"href":"https:\/\/newsestlyonnais.fr\/site\/wp-json\/wp\/v2\/comments?post=69144"}],"version-history":[{"count":0,"href":"https:\/\/newsestlyonnais.fr\/site\/wp-json\/wp\/v2\/posts\/69144\/revisions"}],"wp:featuredmedia":[{"embeddable":true,"href":"https:\/\/newsestlyonnais.fr\/site\/wp-json\/wp\/v2\/media\/69216"}],"wp:attachment":[{"href":"https:\/\/newsestlyonnais.fr\/site\/wp-json\/wp\/v2\/media?parent=69144"}],"wp:term":[{"taxonomy":"category","embeddable":true,"href":"https:\/\/newsestlyonnais.fr\/site\/wp-json\/wp\/v2\/categories?post=69144"},{"taxonomy":"post_tag","embeddable":true,"href":"https:\/\/newsestlyonnais.fr\/site\/wp-json\/wp\/v2\/tags?post=69144"}],"curies":[{"name":"wp","href":"https:\/\/api.w.org\/{rel}","templated":true}]}}