{"id":69228,"date":"2019-03-19T16:02:27","date_gmt":"2019-03-19T15:02:27","guid":{"rendered":"http:\/\/newsestlyonnais.fr\/site\/?p=69228"},"modified":"2020-11-01T14:53:20","modified_gmt":"2020-11-01T13:53:20","slug":"saint-bonnet-saint-laurent-de-mure-forte-participation-a-la-27-randonnee-des-muriers","status":"publish","type":"post","link":"https:\/\/newsestlyonnais.fr\/site\/2019\/03\/19\/saint-bonnet-saint-laurent-de-mure-forte-participation-a-la-27-randonnee-des-muriers\/","title":{"rendered":"ST-BONNET \/ ST-LAURENT-DE-MURE | Forte participation \u00e0 la 27\u00b0 randonn\u00e9e des Muriers"},"content":{"rendered":"\n<h4 class=\"wp-block-heading\">Satisfaction pour la vingtaine de b\u00e9n\u00e9voles de l\u2019\u00c9toile Cycliste Muroise, organisatrice de cette manifestation cyclo et p\u00e9destre qui a connu samedi dernier un beau succ\u00e8s populaire.<\/h4>\n\n\n\n<ul class=\"wp-block-list\"><li><strong>241 cyclos<\/strong> ont en effet \u00e9t\u00e9 enregistr\u00e9s sur les <strong>3 parcours<\/strong> programm\u00e9s (54 sur les 60 kms, 81 sur les 86 kms &amp; 106 sur la plus longue distance de 115 kms). Les clubs les plus repr\u00e9sent\u00e9s (Jonage 21, Mions 20 et Manissieux 19) mais \u00e9taient \u00e9galement pr\u00e9sents Genas, Chassieu, St Martin en Haut, Irigny &amp; Feyzin. \u00ab\u00a0On a propos\u00e9 les m\u00eames parcours qu&rsquo;en 2018 et qui ont \u00e9t\u00e9 bien appr\u00e9ci\u00e9s, en particulier de jolies bosses dans des coins o\u00f9 l&rsquo;on ne va pas souvent ! \u00a0\u00bb confiait <strong>Fran\u00e7ois Mazars, pr\u00e9sident de l&rsquo;ECM<\/strong> .<\/li><li>La <strong>6\u00b0 Randonn\u00e9e p\u00e9destre<\/strong>, organis\u00e9e en parall\u00e8le, a d&rsquo;autre part rassembl\u00e9 <strong>60 personnes<\/strong> sur les 2 distances \u00e0 marcher (10 &amp; 20 kms). Des parcours qui ont aussi \u00e9t\u00e9 emprunt\u00e9s en VTT par les jeunes de l&rsquo;\u00e9cole du club et par des coureurs \u00e0 pied de la Foul\u00e9e Muroise, en pleine pr\u00e9paration pour certains, de marathons. <\/li><\/ul>\n\n\n\n<p><strong><em>Retrouvez l&rsquo;ACTU du club sur : <\/em><\/strong><a href=\"https:\/\/www.ecmuroise.fr\"><strong><em>https:\/\/www.ecmuroise.fr<\/em><\/strong><\/a><br><\/p>\n\n\n\n<div class=\"wp-block-jetpack-slideshow aligncenter\" data-effect=\"slide\"><div class=\"wp-block-jetpack-slideshow_container swiper-container\"><ul class=\"wp-block-jetpack-slideshow_swiper-wrappper swiper-wrapper\"><li class=\"wp-block-jetpack-slideshow_slide swiper-slide\"><figure><img loading=\"lazy\" decoding=\"async\" width=\"2048\" height=\"1536\" alt=\"NEWSESTLYONNAIS RANDO MURIERS 03\" class=\"wp-block-jetpack-slideshow_image wp-image-69257\" data-id=\"69257\" src=\"https:\/\/newsestlyonnais.fr\/site\/medias\/2019\/03\/NEWSESTLYONNAIS-RANDO-MURIERS-03-4.jpg\" srcset=\"https:\/\/newsestlyonnais.fr\/site\/wp-content\/uploads\/2019\/03\/NEWSESTLYONNAIS-RANDO-MURIERS-03-4.jpg 2048w, https:\/\/newsestlyonnais.fr\/site\/wp-content\/uploads\/2019\/03\/NEWSESTLYONNAIS-RANDO-MURIERS-03-4-400x300.jpg 400w, https:\/\/newsestlyonnais.fr\/site\/wp-content\/uploads\/2019\/03\/NEWSESTLYONNAIS-RANDO-MURIERS-03-4-768x576.jpg 768w, https:\/\/newsestlyonnais.fr\/site\/wp-content\/uploads\/2019\/03\/NEWSESTLYONNAIS-RANDO-MURIERS-03-4-1000x750.jpg 1000w, https:\/\/newsestlyonnais.fr\/site\/wp-content\/uploads\/2019\/03\/NEWSESTLYONNAIS-RANDO-MURIERS-03-4-600x450.jpg 600w, https:\/\/newsestlyonnais.fr\/site\/wp-content\/uploads\/2019\/03\/NEWSESTLYONNAIS-RANDO-MURIERS-03-4-100x75.jpg 100w\" sizes=\"auto, (max-width: 2048px) 100vw, 2048px\" \/><figcaption class=\"wp-block-jetpack-slideshow_caption gallery-caption\">La Foul\u00e9e Muroise venue en nombre !<\/figcaption><\/figure><\/li><li class=\"wp-block-jetpack-slideshow_slide swiper-slide\"><figure><img loading=\"lazy\" decoding=\"async\" width=\"500\" height=\"375\" alt=\"NEWSESTLYONNAIS RANDO MURIERS 04\" class=\"wp-block-jetpack-slideshow_image wp-image-69256\" data-id=\"69256\" src=\"https:\/\/newsestlyonnais.fr\/site\/medias\/2019\/03\/NEWSESTLYONNAIS-RANDO-MURIERS-04-2.jpg\" srcset=\"https:\/\/newsestlyonnais.fr\/site\/wp-content\/uploads\/2019\/03\/NEWSESTLYONNAIS-RANDO-MURIERS-04-2.jpg 500w, https:\/\/newsestlyonnais.fr\/site\/wp-content\/uploads\/2019\/03\/NEWSESTLYONNAIS-RANDO-MURIERS-04-2-400x300.jpg 400w, https:\/\/newsestlyonnais.fr\/site\/wp-content\/uploads\/2019\/03\/NEWSESTLYONNAIS-RANDO-MURIERS-04-2-100x75.jpg 100w\" sizes=\"auto, (max-width: 500px) 100vw, 500px\" \/><figcaption class=\"wp-block-jetpack-slideshow_caption gallery-caption\">Une remise de troph\u00e9e par les organisateurs<\/figcaption><\/figure><\/li><li class=\"wp-block-jetpack-slideshow_slide swiper-slide\"><figure><img loading=\"lazy\" decoding=\"async\" width=\"500\" height=\"375\" alt=\"\" class=\"wp-block-jetpack-slideshow_image wp-image-69242\" data-id=\"69242\" src=\"https:\/\/newsestlyonnais.fr\/site\/medias\/2019\/03\/NEWSESTLYONNAIS-RANDO-MURIERS-01.jpg\" srcset=\"https:\/\/newsestlyonnais.fr\/site\/wp-content\/uploads\/2019\/03\/NEWSESTLYONNAIS-RANDO-MURIERS-01.jpg 500w, https:\/\/newsestlyonnais.fr\/site\/wp-content\/uploads\/2019\/03\/NEWSESTLYONNAIS-RANDO-MURIERS-01-400x300.jpg 400w, https:\/\/newsestlyonnais.fr\/site\/wp-content\/uploads\/2019\/03\/NEWSESTLYONNAIS-RANDO-MURIERS-01-100x75.jpg 100w\" sizes=\"auto, (max-width: 500px) 100vw, 500px\" \/><figcaption class=\"wp-block-jetpack-slideshow_caption gallery-caption\">Un repas en toute convivialit\u00e9<\/figcaption><\/figure><\/li><\/ul><a class=\"wp-block-jetpack-slideshow_button-prev swiper-button-prev swiper-button-white\" role=\"button\"><\/a><a class=\"wp-block-jetpack-slideshow_button-next swiper-button-next swiper-button-white\" role=\"button\"><\/a><a aria-label=\"Pause Slideshow\" class=\"wp-block-jetpack-slideshow_button-pause\" role=\"button\"><\/a><div class=\"wp-block-jetpack-slideshow_pagination swiper-pagination swiper-pagination-white\"><\/div><\/div><\/div>\n","protected":false},"excerpt":{"rendered":"<p>Satisfaction pour la vingtaine de b\u00e9n\u00e9voles de l\u2019\u00c9toile Cycliste Muroise, organisatrice de cette manifestation cyclo et p\u00e9destre qui a connu samedi dernier un beau succ\u00e8s populaire. 241 cyclos ont en effet \u00e9t\u00e9 enregistr\u00e9s sur les 3 parcours programm\u00e9s (54 sur les 60 kms, 81 sur les 86 kms &amp; 106 sur la plus longue distance [&hellip;]<\/p>\n","protected":false},"author":4,"featured_media":69243,"comment_status":"open","ping_status":"open","sticky":false,"template":"","format":"standard","meta":{"footnotes":""},"categories":[2968,270,2969,1282],"tags":[2466,2465,2167,2346],"class_list":["post-69228","post","type-post","status-publish","format-standard","has-post-thumbnail","hentry","category-athle-course-pied-marche","category-cte-de-communes-c-c-e-l","category-cyclisme-cyclo-vtt","category-st-bonnet-st-laurent-de-mure","tag-etoile-cycliste-muroise","tag-randonnee-des-muriers","tag-saint-bonnet-de-mure","tag-saint-laurent-de-mure"],"yoast_head":"<!-- This site is optimized with the Yoast SEO plugin v27.2 - https:\/\/yoast.com\/product\/yoast-seo-wordpress\/ -->\n<title>ST-BONNET \/ ST-LAURENT-DE-MURE | Forte participation \u00e0 la 27\u00b0 randonn\u00e9e des Muriers - News Est Lyonnais<\/title>\n<meta name=\"description\" content=\"Forte participation \u00e0 la 27\u00b0 randonn\u00e9e des Muriers, qui a connu samedi dernier un beau succ\u00e8s populaire avec plus de 300 participants, cyclos et marcheurs.\" \/>\n<meta name=\"robots\" content=\"index, follow, max-snippet:-1, max-image-preview:large, max-video-preview:-1\" \/>\n<link rel=\"canonical\" href=\"https:\/\/newsestlyonnais.fr\/site\/2019\/03\/19\/saint-bonnet-saint-laurent-de-mure-forte-participation-a-la-27-randonnee-des-muriers\/\" \/>\n<meta property=\"og:locale\" content=\"fr_FR\" \/>\n<meta property=\"og:type\" content=\"article\" \/>\n<meta property=\"og:title\" content=\"ST-BONNET \/ ST-LAURENT-DE-MURE | Forte participation \u00e0 la 27\u00b0 randonn\u00e9e des Muriers - News Est Lyonnais\" \/>\n<meta property=\"og:description\" content=\"Forte participation \u00e0 la 27\u00b0 randonn\u00e9e des Muriers, qui a connu samedi dernier un beau succ\u00e8s populaire avec plus de 300 participants, cyclos et marcheurs.\" \/>\n<meta property=\"og:url\" content=\"https:\/\/newsestlyonnais.fr\/site\/2019\/03\/19\/saint-bonnet-saint-laurent-de-mure-forte-participation-a-la-27-randonnee-des-muriers\/\" \/>\n<meta property=\"og:site_name\" content=\"News Est Lyonnais\" \/>\n<meta property=\"article:author\" content=\"https:\/\/www.facebook.com\/pascal.oberson.1?fref=ts\" \/>\n<meta property=\"article:published_time\" content=\"2019-03-19T15:02:27+00:00\" \/>\n<meta property=\"article:modified_time\" content=\"2020-11-01T13:53:20+00:00\" \/>\n<meta property=\"og:image\" content=\"https:\/\/i0.wp.com\/newsestlyonnais.fr\/site\/wp-content\/uploads\/2019\/03\/NEWSESTLYONNAIS-RANDO-MURIERS-02.jpg?fit=2048%2C1536&ssl=1\" \/>\n\t<meta property=\"og:image:width\" content=\"2048\" \/>\n\t<meta property=\"og:image:height\" content=\"1536\" \/>\n\t<meta property=\"og:image:type\" content=\"image\/jpeg\" \/>\n<meta name=\"author\" content=\"R\u00e9dac. NEWS\" \/>\n<meta name=\"twitter:card\" content=\"summary_large_image\" \/>\n<meta name=\"twitter:label1\" content=\"\u00c9crit par\" \/>\n\t<meta name=\"twitter:data1\" content=\"R\u00e9dac. NEWS\" \/>\n\t<meta name=\"twitter:label2\" content=\"Dur\u00e9e de lecture estim\u00e9e\" \/>\n\t<meta name=\"twitter:data2\" content=\"1 minute\" \/>\n<script type=\"application\/ld+json\" class=\"yoast-schema-graph\">{\"@context\":\"https:\/\/schema.org\",\"@graph\":[{\"@type\":\"Article\",\"@id\":\"https:\/\/newsestlyonnais.fr\/site\/2019\/03\/19\/saint-bonnet-saint-laurent-de-mure-forte-participation-a-la-27-randonnee-des-muriers\/#article\",\"isPartOf\":{\"@id\":\"https:\/\/newsestlyonnais.fr\/site\/2019\/03\/19\/saint-bonnet-saint-laurent-de-mure-forte-participation-a-la-27-randonnee-des-muriers\/\"},\"author\":{\"name\":\"R\u00e9dac. NEWS\",\"@id\":\"https:\/\/newsestlyonnais.fr\/site\/#\/schema\/person\/3230d5615f390bb808365d673001e887\"},\"headline\":\"ST-BONNET \/ ST-LAURENT-DE-MURE | Forte participation \u00e0 la 27\u00b0 randonn\u00e9e des Muriers\",\"datePublished\":\"2019-03-19T15:02:27+00:00\",\"dateModified\":\"2020-11-01T13:53:20+00:00\",\"mainEntityOfPage\":{\"@id\":\"https:\/\/newsestlyonnais.fr\/site\/2019\/03\/19\/saint-bonnet-saint-laurent-de-mure-forte-participation-a-la-27-randonnee-des-muriers\/\"},\"wordCount\":220,\"commentCount\":0,\"publisher\":{\"@id\":\"https:\/\/newsestlyonnais.fr\/site\/#organization\"},\"image\":{\"@id\":\"https:\/\/newsestlyonnais.fr\/site\/2019\/03\/19\/saint-bonnet-saint-laurent-de-mure-forte-participation-a-la-27-randonnee-des-muriers\/#primaryimage\"},\"thumbnailUrl\":\"https:\/\/newsestlyonnais.fr\/site\/wp-content\/uploads\/2019\/03\/NEWSESTLYONNAIS-RANDO-MURIERS-02.jpg\",\"keywords\":[\"ETOILE CYCLISTE MUROISE\",\"RANDONNEE DES MURIERS\",\"SAINT BONNET DE MURE\",\"SAINT LAURENT DE MURE\"],\"articleSection\":[\"Athl\u00e9 | Course pied | Marche\",\"CCEL | Communes\",\"Cyclisme | Cyclo | Vtt\",\"St Bonnet | St Laurent de Mure\"],\"inLanguage\":\"fr-FR\",\"potentialAction\":[{\"@type\":\"CommentAction\",\"name\":\"Comment\",\"target\":[\"https:\/\/newsestlyonnais.fr\/site\/2019\/03\/19\/saint-bonnet-saint-laurent-de-mure-forte-participation-a-la-27-randonnee-des-muriers\/#respond\"]}]},{\"@type\":\"WebPage\",\"@id\":\"https:\/\/newsestlyonnais.fr\/site\/2019\/03\/19\/saint-bonnet-saint-laurent-de-mure-forte-participation-a-la-27-randonnee-des-muriers\/\",\"url\":\"https:\/\/newsestlyonnais.fr\/site\/2019\/03\/19\/saint-bonnet-saint-laurent-de-mure-forte-participation-a-la-27-randonnee-des-muriers\/\",\"name\":\"ST-BONNET \/ ST-LAURENT-DE-MURE | Forte participation \u00e0 la 27\u00b0 randonn\u00e9e des Muriers - News Est Lyonnais\",\"isPartOf\":{\"@id\":\"https:\/\/newsestlyonnais.fr\/site\/#website\"},\"primaryImageOfPage\":{\"@id\":\"https:\/\/newsestlyonnais.fr\/site\/2019\/03\/19\/saint-bonnet-saint-laurent-de-mure-forte-participation-a-la-27-randonnee-des-muriers\/#primaryimage\"},\"image\":{\"@id\":\"https:\/\/newsestlyonnais.fr\/site\/2019\/03\/19\/saint-bonnet-saint-laurent-de-mure-forte-participation-a-la-27-randonnee-des-muriers\/#primaryimage\"},\"thumbnailUrl\":\"https:\/\/newsestlyonnais.fr\/site\/wp-content\/uploads\/2019\/03\/NEWSESTLYONNAIS-RANDO-MURIERS-02.jpg\",\"datePublished\":\"2019-03-19T15:02:27+00:00\",\"dateModified\":\"2020-11-01T13:53:20+00:00\",\"description\":\"Forte participation \u00e0 la 27\u00b0 randonn\u00e9e des Muriers, qui a connu samedi dernier un beau succ\u00e8s populaire avec plus de 300 participants, cyclos et marcheurs.\",\"breadcrumb\":{\"@id\":\"https:\/\/newsestlyonnais.fr\/site\/2019\/03\/19\/saint-bonnet-saint-laurent-de-mure-forte-participation-a-la-27-randonnee-des-muriers\/#breadcrumb\"},\"inLanguage\":\"fr-FR\",\"potentialAction\":[{\"@type\":\"ReadAction\",\"target\":[\"https:\/\/newsestlyonnais.fr\/site\/2019\/03\/19\/saint-bonnet-saint-laurent-de-mure-forte-participation-a-la-27-randonnee-des-muriers\/\"]}]},{\"@type\":\"ImageObject\",\"inLanguage\":\"fr-FR\",\"@id\":\"https:\/\/newsestlyonnais.fr\/site\/2019\/03\/19\/saint-bonnet-saint-laurent-de-mure-forte-participation-a-la-27-randonnee-des-muriers\/#primaryimage\",\"url\":\"https:\/\/newsestlyonnais.fr\/site\/wp-content\/uploads\/2019\/03\/NEWSESTLYONNAIS-RANDO-MURIERS-02.jpg\",\"contentUrl\":\"https:\/\/newsestlyonnais.fr\/site\/wp-content\/uploads\/2019\/03\/NEWSESTLYONNAIS-RANDO-MURIERS-02.jpg\",\"width\":2048,\"height\":1536,\"caption\":\"NEWSESTLYONNAIS RANDO MURIERS 02\"},{\"@type\":\"BreadcrumbList\",\"@id\":\"https:\/\/newsestlyonnais.fr\/site\/2019\/03\/19\/saint-bonnet-saint-laurent-de-mure-forte-participation-a-la-27-randonnee-des-muriers\/#breadcrumb\",\"itemListElement\":[{\"@type\":\"ListItem\",\"position\":1,\"name\":\"Accueil\",\"item\":\"https:\/\/newsestlyonnais.fr\/site\/\"},{\"@type\":\"ListItem\",\"position\":2,\"name\":\"ST-BONNET \/ ST-LAURENT-DE-MURE | Forte participation \u00e0 la 27\u00b0 randonn\u00e9e des Muriers\"}]},{\"@type\":\"WebSite\",\"@id\":\"https:\/\/newsestlyonnais.fr\/site\/#website\",\"url\":\"https:\/\/newsestlyonnais.fr\/site\/\",\"name\":\"News Est Lyonnais\",\"description\":\"L&#039;actualit\u00e9 au plus pr\u00e8s\",\"publisher\":{\"@id\":\"https:\/\/newsestlyonnais.fr\/site\/#organization\"},\"potentialAction\":[{\"@type\":\"SearchAction\",\"target\":{\"@type\":\"EntryPoint\",\"urlTemplate\":\"https:\/\/newsestlyonnais.fr\/site\/?s={search_term_string}\"},\"query-input\":{\"@type\":\"PropertyValueSpecification\",\"valueRequired\":true,\"valueName\":\"search_term_string\"}}],\"inLanguage\":\"fr-FR\"},{\"@type\":\"Organization\",\"@id\":\"https:\/\/newsestlyonnais.fr\/site\/#organization\",\"name\":\"News EST LYONNAIS\",\"url\":\"https:\/\/newsestlyonnais.fr\/site\/\",\"logo\":{\"@type\":\"ImageObject\",\"inLanguage\":\"fr-FR\",\"@id\":\"https:\/\/newsestlyonnais.fr\/site\/#\/schema\/logo\/image\/\",\"url\":\"\",\"contentUrl\":\"\",\"caption\":\"News EST LYONNAIS\"},\"image\":{\"@id\":\"https:\/\/newsestlyonnais.fr\/site\/#\/schema\/logo\/image\/\"}},{\"@type\":\"Person\",\"@id\":\"https:\/\/newsestlyonnais.fr\/site\/#\/schema\/person\/3230d5615f390bb808365d673001e887\",\"name\":\"R\u00e9dac. NEWS\",\"sameAs\":[\"http:\/\/www.newsestlyonnais.fr\",\"https:\/\/www.facebook.com\/pascal.oberson.1?fref=ts\",\"https:\/\/fr.linkedin.com\/in\/pascal-oberson-b17045113\"],\"url\":\"https:\/\/newsestlyonnais.fr\/site\/author\/nel\/\"}]}<\/script>\n<!-- \/ Yoast SEO plugin. -->","yoast_head_json":{"title":"ST-BONNET \/ ST-LAURENT-DE-MURE | Forte participation \u00e0 la 27\u00b0 randonn\u00e9e des Muriers - News Est Lyonnais","description":"Forte participation \u00e0 la 27\u00b0 randonn\u00e9e des Muriers, qui a connu samedi dernier un beau succ\u00e8s populaire avec plus de 300 participants, cyclos et marcheurs.","robots":{"index":"index","follow":"follow","max-snippet":"max-snippet:-1","max-image-preview":"max-image-preview:large","max-video-preview":"max-video-preview:-1"},"canonical":"https:\/\/newsestlyonnais.fr\/site\/2019\/03\/19\/saint-bonnet-saint-laurent-de-mure-forte-participation-a-la-27-randonnee-des-muriers\/","og_locale":"fr_FR","og_type":"article","og_title":"ST-BONNET \/ ST-LAURENT-DE-MURE | Forte participation \u00e0 la 27\u00b0 randonn\u00e9e des Muriers - News Est Lyonnais","og_description":"Forte participation \u00e0 la 27\u00b0 randonn\u00e9e des Muriers, qui a connu samedi dernier un beau succ\u00e8s populaire avec plus de 300 participants, cyclos et marcheurs.","og_url":"https:\/\/newsestlyonnais.fr\/site\/2019\/03\/19\/saint-bonnet-saint-laurent-de-mure-forte-participation-a-la-27-randonnee-des-muriers\/","og_site_name":"News Est Lyonnais","article_author":"https:\/\/www.facebook.com\/pascal.oberson.1?fref=ts","article_published_time":"2019-03-19T15:02:27+00:00","article_modified_time":"2020-11-01T13:53:20+00:00","og_image":[{"width":2048,"height":1536,"url":"https:\/\/i0.wp.com\/newsestlyonnais.fr\/site\/wp-content\/uploads\/2019\/03\/NEWSESTLYONNAIS-RANDO-MURIERS-02.jpg?fit=2048%2C1536&ssl=1","type":"image\/jpeg"}],"author":"R\u00e9dac. NEWS","twitter_card":"summary_large_image","twitter_misc":{"\u00c9crit par":"R\u00e9dac. NEWS","Dur\u00e9e de lecture estim\u00e9e":"1 minute"},"schema":{"@context":"https:\/\/schema.org","@graph":[{"@type":"Article","@id":"https:\/\/newsestlyonnais.fr\/site\/2019\/03\/19\/saint-bonnet-saint-laurent-de-mure-forte-participation-a-la-27-randonnee-des-muriers\/#article","isPartOf":{"@id":"https:\/\/newsestlyonnais.fr\/site\/2019\/03\/19\/saint-bonnet-saint-laurent-de-mure-forte-participation-a-la-27-randonnee-des-muriers\/"},"author":{"name":"R\u00e9dac. NEWS","@id":"https:\/\/newsestlyonnais.fr\/site\/#\/schema\/person\/3230d5615f390bb808365d673001e887"},"headline":"ST-BONNET \/ ST-LAURENT-DE-MURE | Forte participation \u00e0 la 27\u00b0 randonn\u00e9e des Muriers","datePublished":"2019-03-19T15:02:27+00:00","dateModified":"2020-11-01T13:53:20+00:00","mainEntityOfPage":{"@id":"https:\/\/newsestlyonnais.fr\/site\/2019\/03\/19\/saint-bonnet-saint-laurent-de-mure-forte-participation-a-la-27-randonnee-des-muriers\/"},"wordCount":220,"commentCount":0,"publisher":{"@id":"https:\/\/newsestlyonnais.fr\/site\/#organization"},"image":{"@id":"https:\/\/newsestlyonnais.fr\/site\/2019\/03\/19\/saint-bonnet-saint-laurent-de-mure-forte-participation-a-la-27-randonnee-des-muriers\/#primaryimage"},"thumbnailUrl":"https:\/\/newsestlyonnais.fr\/site\/wp-content\/uploads\/2019\/03\/NEWSESTLYONNAIS-RANDO-MURIERS-02.jpg","keywords":["ETOILE CYCLISTE MUROISE","RANDONNEE DES MURIERS","SAINT BONNET DE MURE","SAINT LAURENT DE MURE"],"articleSection":["Athl\u00e9 | Course pied | Marche","CCEL | Communes","Cyclisme | Cyclo | Vtt","St Bonnet | St Laurent de Mure"],"inLanguage":"fr-FR","potentialAction":[{"@type":"CommentAction","name":"Comment","target":["https:\/\/newsestlyonnais.fr\/site\/2019\/03\/19\/saint-bonnet-saint-laurent-de-mure-forte-participation-a-la-27-randonnee-des-muriers\/#respond"]}]},{"@type":"WebPage","@id":"https:\/\/newsestlyonnais.fr\/site\/2019\/03\/19\/saint-bonnet-saint-laurent-de-mure-forte-participation-a-la-27-randonnee-des-muriers\/","url":"https:\/\/newsestlyonnais.fr\/site\/2019\/03\/19\/saint-bonnet-saint-laurent-de-mure-forte-participation-a-la-27-randonnee-des-muriers\/","name":"ST-BONNET \/ ST-LAURENT-DE-MURE | Forte participation \u00e0 la 27\u00b0 randonn\u00e9e des Muriers - News Est Lyonnais","isPartOf":{"@id":"https:\/\/newsestlyonnais.fr\/site\/#website"},"primaryImageOfPage":{"@id":"https:\/\/newsestlyonnais.fr\/site\/2019\/03\/19\/saint-bonnet-saint-laurent-de-mure-forte-participation-a-la-27-randonnee-des-muriers\/#primaryimage"},"image":{"@id":"https:\/\/newsestlyonnais.fr\/site\/2019\/03\/19\/saint-bonnet-saint-laurent-de-mure-forte-participation-a-la-27-randonnee-des-muriers\/#primaryimage"},"thumbnailUrl":"https:\/\/newsestlyonnais.fr\/site\/wp-content\/uploads\/2019\/03\/NEWSESTLYONNAIS-RANDO-MURIERS-02.jpg","datePublished":"2019-03-19T15:02:27+00:00","dateModified":"2020-11-01T13:53:20+00:00","description":"Forte participation \u00e0 la 27\u00b0 randonn\u00e9e des Muriers, qui a connu samedi dernier un beau succ\u00e8s populaire avec plus de 300 participants, cyclos et marcheurs.","breadcrumb":{"@id":"https:\/\/newsestlyonnais.fr\/site\/2019\/03\/19\/saint-bonnet-saint-laurent-de-mure-forte-participation-a-la-27-randonnee-des-muriers\/#breadcrumb"},"inLanguage":"fr-FR","potentialAction":[{"@type":"ReadAction","target":["https:\/\/newsestlyonnais.fr\/site\/2019\/03\/19\/saint-bonnet-saint-laurent-de-mure-forte-participation-a-la-27-randonnee-des-muriers\/"]}]},{"@type":"ImageObject","inLanguage":"fr-FR","@id":"https:\/\/newsestlyonnais.fr\/site\/2019\/03\/19\/saint-bonnet-saint-laurent-de-mure-forte-participation-a-la-27-randonnee-des-muriers\/#primaryimage","url":"https:\/\/newsestlyonnais.fr\/site\/wp-content\/uploads\/2019\/03\/NEWSESTLYONNAIS-RANDO-MURIERS-02.jpg","contentUrl":"https:\/\/newsestlyonnais.fr\/site\/wp-content\/uploads\/2019\/03\/NEWSESTLYONNAIS-RANDO-MURIERS-02.jpg","width":2048,"height":1536,"caption":"NEWSESTLYONNAIS RANDO MURIERS 02"},{"@type":"BreadcrumbList","@id":"https:\/\/newsestlyonnais.fr\/site\/2019\/03\/19\/saint-bonnet-saint-laurent-de-mure-forte-participation-a-la-27-randonnee-des-muriers\/#breadcrumb","itemListElement":[{"@type":"ListItem","position":1,"name":"Accueil","item":"https:\/\/newsestlyonnais.fr\/site\/"},{"@type":"ListItem","position":2,"name":"ST-BONNET \/ ST-LAURENT-DE-MURE | Forte participation \u00e0 la 27\u00b0 randonn\u00e9e des Muriers"}]},{"@type":"WebSite","@id":"https:\/\/newsestlyonnais.fr\/site\/#website","url":"https:\/\/newsestlyonnais.fr\/site\/","name":"News Est Lyonnais","description":"L&#039;actualit\u00e9 au plus pr\u00e8s","publisher":{"@id":"https:\/\/newsestlyonnais.fr\/site\/#organization"},"potentialAction":[{"@type":"SearchAction","target":{"@type":"EntryPoint","urlTemplate":"https:\/\/newsestlyonnais.fr\/site\/?s={search_term_string}"},"query-input":{"@type":"PropertyValueSpecification","valueRequired":true,"valueName":"search_term_string"}}],"inLanguage":"fr-FR"},{"@type":"Organization","@id":"https:\/\/newsestlyonnais.fr\/site\/#organization","name":"News EST LYONNAIS","url":"https:\/\/newsestlyonnais.fr\/site\/","logo":{"@type":"ImageObject","inLanguage":"fr-FR","@id":"https:\/\/newsestlyonnais.fr\/site\/#\/schema\/logo\/image\/","url":"","contentUrl":"","caption":"News EST LYONNAIS"},"image":{"@id":"https:\/\/newsestlyonnais.fr\/site\/#\/schema\/logo\/image\/"}},{"@type":"Person","@id":"https:\/\/newsestlyonnais.fr\/site\/#\/schema\/person\/3230d5615f390bb808365d673001e887","name":"R\u00e9dac. NEWS","sameAs":["http:\/\/www.newsestlyonnais.fr","https:\/\/www.facebook.com\/pascal.oberson.1?fref=ts","https:\/\/fr.linkedin.com\/in\/pascal-oberson-b17045113"],"url":"https:\/\/newsestlyonnais.fr\/site\/author\/nel\/"}]}},"_links":{"self":[{"href":"https:\/\/newsestlyonnais.fr\/site\/wp-json\/wp\/v2\/posts\/69228","targetHints":{"allow":["GET"]}}],"collection":[{"href":"https:\/\/newsestlyonnais.fr\/site\/wp-json\/wp\/v2\/posts"}],"about":[{"href":"https:\/\/newsestlyonnais.fr\/site\/wp-json\/wp\/v2\/types\/post"}],"author":[{"embeddable":true,"href":"https:\/\/newsestlyonnais.fr\/site\/wp-json\/wp\/v2\/users\/4"}],"replies":[{"embeddable":true,"href":"https:\/\/newsestlyonnais.fr\/site\/wp-json\/wp\/v2\/comments?post=69228"}],"version-history":[{"count":0,"href":"https:\/\/newsestlyonnais.fr\/site\/wp-json\/wp\/v2\/posts\/69228\/revisions"}],"wp:featuredmedia":[{"embeddable":true,"href":"https:\/\/newsestlyonnais.fr\/site\/wp-json\/wp\/v2\/media\/69243"}],"wp:attachment":[{"href":"https:\/\/newsestlyonnais.fr\/site\/wp-json\/wp\/v2\/media?parent=69228"}],"wp:term":[{"taxonomy":"category","embeddable":true,"href":"https:\/\/newsestlyonnais.fr\/site\/wp-json\/wp\/v2\/categories?post=69228"},{"taxonomy":"post_tag","embeddable":true,"href":"https:\/\/newsestlyonnais.fr\/site\/wp-json\/wp\/v2\/tags?post=69228"}],"curies":[{"name":"wp","href":"https:\/\/api.w.org\/{rel}","templated":true}]}}