{"id":70213,"date":"2019-03-29T11:59:43","date_gmt":"2019-03-29T10:59:43","guid":{"rendered":"http:\/\/newsestlyonnais.fr\/site\/?p=70213"},"modified":"2020-11-19T08:50:19","modified_gmt":"2020-11-19T07:50:19","slug":"colombier-saugnieu-1-edition-de-la-semaine-verte","status":"publish","type":"post","link":"https:\/\/newsestlyonnais.fr\/site\/2019\/03\/29\/colombier-saugnieu-1-edition-de-la-semaine-verte\/","title":{"rendered":"COLOMBIER-SAUGNIEU | 1\u00b0 Edition de la semaine verte"},"content":{"rendered":"\n<p>La commune s&rsquo;engage dans la promotion d&rsquo;un nouveau regard et de  nouvelles pratiques de d\u00e9veloppement durable, en organisant une semaine  verte du 1\u00b0 au 6 avril 2019.<br><br>Durant 6 jours, les ateliers, spectacles et projections vont se succ\u00e9der  offrant ainsi \u00e0 chacun.e, quel que soit son \u00e2ge, la possibilit\u00e9 de  trouver un \u00e9v\u00e8nement qui lui convient et de participer ainsi aux actions  en faveur de l&rsquo;environnement.<\/p>\n\n\n\n<ul class=\"wp-block-list\"><li><strong>Plus d&rsquo;infos sur : <\/strong><a href=\"http:\/\/www.mairie-colombiersaugnieu.fr\/\"><strong>http:\/\/www.mairie-colombiersaugnieu.fr<\/strong><\/a><strong> <\/strong><\/li><\/ul>\n\n\n\n<div class=\"wp-block-jetpack-slideshow aligncenter\" data-effect=\"slide\"><div class=\"wp-block-jetpack-slideshow_container swiper-container\"><ul class=\"wp-block-jetpack-slideshow_swiper-wrappper swiper-wrapper\"><li class=\"wp-block-jetpack-slideshow_slide swiper-slide\"><figure><img loading=\"lazy\" decoding=\"async\" width=\"1789\" height=\"1276\" alt=\"Programme-semaine-verte-page-001\" class=\"wp-block-jetpack-slideshow_image wp-image-70211\" data-id=\"70211\" src=\"https:\/\/newsestlyonnais.fr\/site\/medias\/2019\/03\/Programme-semaine-verte-page-001.jpg\" srcset=\"https:\/\/newsestlyonnais.fr\/site\/wp-content\/uploads\/2019\/03\/Programme-semaine-verte-page-001.jpg 1789w, https:\/\/newsestlyonnais.fr\/site\/wp-content\/uploads\/2019\/03\/Programme-semaine-verte-page-001-400x285.jpg 400w, https:\/\/newsestlyonnais.fr\/site\/wp-content\/uploads\/2019\/03\/Programme-semaine-verte-page-001-768x548.jpg 768w, https:\/\/newsestlyonnais.fr\/site\/wp-content\/uploads\/2019\/03\/Programme-semaine-verte-page-001-1000x713.jpg 1000w, https:\/\/newsestlyonnais.fr\/site\/wp-content\/uploads\/2019\/03\/Programme-semaine-verte-page-001-600x428.jpg 600w\" sizes=\"auto, (max-width: 1789px) 100vw, 1789px\" \/><\/figure><\/li><li class=\"wp-block-jetpack-slideshow_slide swiper-slide\"><figure><img loading=\"lazy\" decoding=\"async\" width=\"1789\" height=\"1276\" alt=\"Programme-semaine-verte-page-002\" class=\"wp-block-jetpack-slideshow_image wp-image-70215\" data-id=\"70215\" src=\"https:\/\/newsestlyonnais.fr\/site\/medias\/2019\/03\/Programme-semaine-verte-page-002-1.jpg\" srcset=\"https:\/\/newsestlyonnais.fr\/site\/wp-content\/uploads\/2019\/03\/Programme-semaine-verte-page-002-1.jpg 1789w, https:\/\/newsestlyonnais.fr\/site\/wp-content\/uploads\/2019\/03\/Programme-semaine-verte-page-002-1-400x285.jpg 400w, https:\/\/newsestlyonnais.fr\/site\/wp-content\/uploads\/2019\/03\/Programme-semaine-verte-page-002-1-768x548.jpg 768w, https:\/\/newsestlyonnais.fr\/site\/wp-content\/uploads\/2019\/03\/Programme-semaine-verte-page-002-1-1000x713.jpg 1000w, https:\/\/newsestlyonnais.fr\/site\/wp-content\/uploads\/2019\/03\/Programme-semaine-verte-page-002-1-600x428.jpg 600w\" sizes=\"auto, (max-width: 1789px) 100vw, 1789px\" \/><\/figure><\/li><\/ul><a class=\"wp-block-jetpack-slideshow_button-prev swiper-button-prev swiper-button-white\" role=\"button\"><\/a><a class=\"wp-block-jetpack-slideshow_button-next swiper-button-next swiper-button-white\" role=\"button\"><\/a><a aria-label=\"Pause Slideshow\" class=\"wp-block-jetpack-slideshow_button-pause\" role=\"button\"><\/a><div class=\"wp-block-jetpack-slideshow_pagination swiper-pagination swiper-pagination-white\"><\/div><\/div><\/div>\n","protected":false},"excerpt":{"rendered":"<p>La commune s&rsquo;engage dans la promotion d&rsquo;un nouveau regard et de nouvelles pratiques de d\u00e9veloppement durable, en organisant une semaine verte du 1\u00b0 au 6 avril 2019. Durant 6 jours, les ateliers, spectacles et projections vont se succ\u00e9der offrant ainsi \u00e0 chacun.e, quel que soit son \u00e2ge, la possibilit\u00e9 de trouver un \u00e9v\u00e8nement qui lui [&hellip;]<\/p>\n","protected":false},"author":4,"featured_media":0,"comment_status":"open","ping_status":"open","sticky":false,"template":"","format":"standard","meta":{"footnotes":""},"categories":[270,1280,3010],"tags":[],"class_list":["post-70213","post","type-post","status-publish","format-standard","hentry","category-cte-de-communes-c-c-e-l","category-colombier-saugnieu","category-nature-environnement-culture-et-loisirs"],"yoast_head":"<!-- This site is optimized with the Yoast SEO plugin v27.2 - https:\/\/yoast.com\/product\/yoast-seo-wordpress\/ -->\n<title>COLOMBIER-SAUGNIEU | 1\u00b0 Edition de la semaine verte - News Est Lyonnais<\/title>\n<meta name=\"description\" content=\"1\u00b0 Edition semaine verte, Colombier Saugnieu l&#039;organise du 1\u00b0 au 6 avril et s&#039;engage dans la promotion du d\u00e9veloppement durable\" \/>\n<meta name=\"robots\" content=\"index, follow, max-snippet:-1, max-image-preview:large, max-video-preview:-1\" \/>\n<link rel=\"canonical\" href=\"https:\/\/newsestlyonnais.fr\/site\/2019\/03\/29\/colombier-saugnieu-1-edition-de-la-semaine-verte\/\" \/>\n<meta property=\"og:locale\" content=\"fr_FR\" \/>\n<meta property=\"og:type\" content=\"article\" \/>\n<meta property=\"og:title\" content=\"COLOMBIER-SAUGNIEU | 1\u00b0 Edition de la semaine verte - News Est Lyonnais\" \/>\n<meta property=\"og:description\" content=\"1\u00b0 Edition semaine verte, Colombier Saugnieu l&#039;organise du 1\u00b0 au 6 avril et s&#039;engage dans la promotion du d\u00e9veloppement durable\" \/>\n<meta property=\"og:url\" content=\"https:\/\/newsestlyonnais.fr\/site\/2019\/03\/29\/colombier-saugnieu-1-edition-de-la-semaine-verte\/\" \/>\n<meta property=\"og:site_name\" content=\"News Est Lyonnais\" \/>\n<meta property=\"article:author\" content=\"https:\/\/www.facebook.com\/pascal.oberson.1?fref=ts\" \/>\n<meta property=\"article:published_time\" content=\"2019-03-29T10:59:43+00:00\" \/>\n<meta property=\"article:modified_time\" content=\"2020-11-19T07:50:19+00:00\" \/>\n<meta property=\"og:image\" content=\"https:\/\/newsestlyonnais.fr\/site\/medias\/2019\/03\/Programme-semaine-verte-page-001.jpg\" \/>\n<meta name=\"author\" content=\"R\u00e9dac. NEWS\" \/>\n<meta name=\"twitter:card\" content=\"summary_large_image\" \/>\n<meta name=\"twitter:label1\" content=\"\u00c9crit par\" \/>\n\t<meta name=\"twitter:data1\" content=\"R\u00e9dac. NEWS\" \/>\n<script type=\"application\/ld+json\" class=\"yoast-schema-graph\">{\"@context\":\"https:\/\/schema.org\",\"@graph\":[{\"@type\":\"Article\",\"@id\":\"https:\/\/newsestlyonnais.fr\/site\/2019\/03\/29\/colombier-saugnieu-1-edition-de-la-semaine-verte\/#article\",\"isPartOf\":{\"@id\":\"https:\/\/newsestlyonnais.fr\/site\/2019\/03\/29\/colombier-saugnieu-1-edition-de-la-semaine-verte\/\"},\"author\":{\"name\":\"R\u00e9dac. NEWS\",\"@id\":\"https:\/\/newsestlyonnais.fr\/site\/#\/schema\/person\/3230d5615f390bb808365d673001e887\"},\"headline\":\"COLOMBIER-SAUGNIEU | 1\u00b0 Edition de la semaine verte\",\"datePublished\":\"2019-03-29T10:59:43+00:00\",\"dateModified\":\"2020-11-19T07:50:19+00:00\",\"mainEntityOfPage\":{\"@id\":\"https:\/\/newsestlyonnais.fr\/site\/2019\/03\/29\/colombier-saugnieu-1-edition-de-la-semaine-verte\/\"},\"wordCount\":82,\"commentCount\":0,\"publisher\":{\"@id\":\"https:\/\/newsestlyonnais.fr\/site\/#organization\"},\"image\":{\"@id\":\"https:\/\/newsestlyonnais.fr\/site\/2019\/03\/29\/colombier-saugnieu-1-edition-de-la-semaine-verte\/#primaryimage\"},\"thumbnailUrl\":\"https:\/\/newsestlyonnais.fr\/site\/medias\/2019\/03\/Programme-semaine-verte-page-001.jpg\",\"articleSection\":[\"CCEL | Communes\",\"Colombier-Saugnieu\",\"Nature | Environnement | Chasse\"],\"inLanguage\":\"fr-FR\",\"potentialAction\":[{\"@type\":\"CommentAction\",\"name\":\"Comment\",\"target\":[\"https:\/\/newsestlyonnais.fr\/site\/2019\/03\/29\/colombier-saugnieu-1-edition-de-la-semaine-verte\/#respond\"]}]},{\"@type\":\"WebPage\",\"@id\":\"https:\/\/newsestlyonnais.fr\/site\/2019\/03\/29\/colombier-saugnieu-1-edition-de-la-semaine-verte\/\",\"url\":\"https:\/\/newsestlyonnais.fr\/site\/2019\/03\/29\/colombier-saugnieu-1-edition-de-la-semaine-verte\/\",\"name\":\"COLOMBIER-SAUGNIEU | 1\u00b0 Edition de la semaine verte - News Est Lyonnais\",\"isPartOf\":{\"@id\":\"https:\/\/newsestlyonnais.fr\/site\/#website\"},\"primaryImageOfPage\":{\"@id\":\"https:\/\/newsestlyonnais.fr\/site\/2019\/03\/29\/colombier-saugnieu-1-edition-de-la-semaine-verte\/#primaryimage\"},\"image\":{\"@id\":\"https:\/\/newsestlyonnais.fr\/site\/2019\/03\/29\/colombier-saugnieu-1-edition-de-la-semaine-verte\/#primaryimage\"},\"thumbnailUrl\":\"https:\/\/newsestlyonnais.fr\/site\/medias\/2019\/03\/Programme-semaine-verte-page-001.jpg\",\"datePublished\":\"2019-03-29T10:59:43+00:00\",\"dateModified\":\"2020-11-19T07:50:19+00:00\",\"description\":\"1\u00b0 Edition semaine verte, Colombier Saugnieu l'organise du 1\u00b0 au 6 avril et s'engage dans la promotion du d\u00e9veloppement durable\",\"breadcrumb\":{\"@id\":\"https:\/\/newsestlyonnais.fr\/site\/2019\/03\/29\/colombier-saugnieu-1-edition-de-la-semaine-verte\/#breadcrumb\"},\"inLanguage\":\"fr-FR\",\"potentialAction\":[{\"@type\":\"ReadAction\",\"target\":[\"https:\/\/newsestlyonnais.fr\/site\/2019\/03\/29\/colombier-saugnieu-1-edition-de-la-semaine-verte\/\"]}]},{\"@type\":\"ImageObject\",\"inLanguage\":\"fr-FR\",\"@id\":\"https:\/\/newsestlyonnais.fr\/site\/2019\/03\/29\/colombier-saugnieu-1-edition-de-la-semaine-verte\/#primaryimage\",\"url\":\"https:\/\/newsestlyonnais.fr\/site\/medias\/2019\/03\/Programme-semaine-verte-page-001.jpg\",\"contentUrl\":\"https:\/\/newsestlyonnais.fr\/site\/medias\/2019\/03\/Programme-semaine-verte-page-001.jpg\"},{\"@type\":\"BreadcrumbList\",\"@id\":\"https:\/\/newsestlyonnais.fr\/site\/2019\/03\/29\/colombier-saugnieu-1-edition-de-la-semaine-verte\/#breadcrumb\",\"itemListElement\":[{\"@type\":\"ListItem\",\"position\":1,\"name\":\"Accueil\",\"item\":\"https:\/\/newsestlyonnais.fr\/site\/\"},{\"@type\":\"ListItem\",\"position\":2,\"name\":\"COLOMBIER-SAUGNIEU | 1\u00b0 Edition de la semaine verte\"}]},{\"@type\":\"WebSite\",\"@id\":\"https:\/\/newsestlyonnais.fr\/site\/#website\",\"url\":\"https:\/\/newsestlyonnais.fr\/site\/\",\"name\":\"News Est Lyonnais\",\"description\":\"L&#039;actualit\u00e9 au plus pr\u00e8s\",\"publisher\":{\"@id\":\"https:\/\/newsestlyonnais.fr\/site\/#organization\"},\"potentialAction\":[{\"@type\":\"SearchAction\",\"target\":{\"@type\":\"EntryPoint\",\"urlTemplate\":\"https:\/\/newsestlyonnais.fr\/site\/?s={search_term_string}\"},\"query-input\":{\"@type\":\"PropertyValueSpecification\",\"valueRequired\":true,\"valueName\":\"search_term_string\"}}],\"inLanguage\":\"fr-FR\"},{\"@type\":\"Organization\",\"@id\":\"https:\/\/newsestlyonnais.fr\/site\/#organization\",\"name\":\"News EST LYONNAIS\",\"url\":\"https:\/\/newsestlyonnais.fr\/site\/\",\"logo\":{\"@type\":\"ImageObject\",\"inLanguage\":\"fr-FR\",\"@id\":\"https:\/\/newsestlyonnais.fr\/site\/#\/schema\/logo\/image\/\",\"url\":\"\",\"contentUrl\":\"\",\"caption\":\"News EST LYONNAIS\"},\"image\":{\"@id\":\"https:\/\/newsestlyonnais.fr\/site\/#\/schema\/logo\/image\/\"}},{\"@type\":\"Person\",\"@id\":\"https:\/\/newsestlyonnais.fr\/site\/#\/schema\/person\/3230d5615f390bb808365d673001e887\",\"name\":\"R\u00e9dac. NEWS\",\"sameAs\":[\"http:\/\/www.newsestlyonnais.fr\",\"https:\/\/www.facebook.com\/pascal.oberson.1?fref=ts\",\"https:\/\/fr.linkedin.com\/in\/pascal-oberson-b17045113\"],\"url\":\"https:\/\/newsestlyonnais.fr\/site\/author\/nel\/\"}]}<\/script>\n<!-- \/ Yoast SEO plugin. -->","yoast_head_json":{"title":"COLOMBIER-SAUGNIEU | 1\u00b0 Edition de la semaine verte - News Est Lyonnais","description":"1\u00b0 Edition semaine verte, Colombier Saugnieu l'organise du 1\u00b0 au 6 avril et s'engage dans la promotion du d\u00e9veloppement durable","robots":{"index":"index","follow":"follow","max-snippet":"max-snippet:-1","max-image-preview":"max-image-preview:large","max-video-preview":"max-video-preview:-1"},"canonical":"https:\/\/newsestlyonnais.fr\/site\/2019\/03\/29\/colombier-saugnieu-1-edition-de-la-semaine-verte\/","og_locale":"fr_FR","og_type":"article","og_title":"COLOMBIER-SAUGNIEU | 1\u00b0 Edition de la semaine verte - News Est Lyonnais","og_description":"1\u00b0 Edition semaine verte, Colombier Saugnieu l'organise du 1\u00b0 au 6 avril et s'engage dans la promotion du d\u00e9veloppement durable","og_url":"https:\/\/newsestlyonnais.fr\/site\/2019\/03\/29\/colombier-saugnieu-1-edition-de-la-semaine-verte\/","og_site_name":"News Est Lyonnais","article_author":"https:\/\/www.facebook.com\/pascal.oberson.1?fref=ts","article_published_time":"2019-03-29T10:59:43+00:00","article_modified_time":"2020-11-19T07:50:19+00:00","og_image":[{"url":"https:\/\/newsestlyonnais.fr\/site\/medias\/2019\/03\/Programme-semaine-verte-page-001.jpg","type":"","width":"","height":""}],"author":"R\u00e9dac. NEWS","twitter_card":"summary_large_image","twitter_misc":{"\u00c9crit par":"R\u00e9dac. NEWS"},"schema":{"@context":"https:\/\/schema.org","@graph":[{"@type":"Article","@id":"https:\/\/newsestlyonnais.fr\/site\/2019\/03\/29\/colombier-saugnieu-1-edition-de-la-semaine-verte\/#article","isPartOf":{"@id":"https:\/\/newsestlyonnais.fr\/site\/2019\/03\/29\/colombier-saugnieu-1-edition-de-la-semaine-verte\/"},"author":{"name":"R\u00e9dac. NEWS","@id":"https:\/\/newsestlyonnais.fr\/site\/#\/schema\/person\/3230d5615f390bb808365d673001e887"},"headline":"COLOMBIER-SAUGNIEU | 1\u00b0 Edition de la semaine verte","datePublished":"2019-03-29T10:59:43+00:00","dateModified":"2020-11-19T07:50:19+00:00","mainEntityOfPage":{"@id":"https:\/\/newsestlyonnais.fr\/site\/2019\/03\/29\/colombier-saugnieu-1-edition-de-la-semaine-verte\/"},"wordCount":82,"commentCount":0,"publisher":{"@id":"https:\/\/newsestlyonnais.fr\/site\/#organization"},"image":{"@id":"https:\/\/newsestlyonnais.fr\/site\/2019\/03\/29\/colombier-saugnieu-1-edition-de-la-semaine-verte\/#primaryimage"},"thumbnailUrl":"https:\/\/newsestlyonnais.fr\/site\/medias\/2019\/03\/Programme-semaine-verte-page-001.jpg","articleSection":["CCEL | Communes","Colombier-Saugnieu","Nature | Environnement | Chasse"],"inLanguage":"fr-FR","potentialAction":[{"@type":"CommentAction","name":"Comment","target":["https:\/\/newsestlyonnais.fr\/site\/2019\/03\/29\/colombier-saugnieu-1-edition-de-la-semaine-verte\/#respond"]}]},{"@type":"WebPage","@id":"https:\/\/newsestlyonnais.fr\/site\/2019\/03\/29\/colombier-saugnieu-1-edition-de-la-semaine-verte\/","url":"https:\/\/newsestlyonnais.fr\/site\/2019\/03\/29\/colombier-saugnieu-1-edition-de-la-semaine-verte\/","name":"COLOMBIER-SAUGNIEU | 1\u00b0 Edition de la semaine verte - News Est Lyonnais","isPartOf":{"@id":"https:\/\/newsestlyonnais.fr\/site\/#website"},"primaryImageOfPage":{"@id":"https:\/\/newsestlyonnais.fr\/site\/2019\/03\/29\/colombier-saugnieu-1-edition-de-la-semaine-verte\/#primaryimage"},"image":{"@id":"https:\/\/newsestlyonnais.fr\/site\/2019\/03\/29\/colombier-saugnieu-1-edition-de-la-semaine-verte\/#primaryimage"},"thumbnailUrl":"https:\/\/newsestlyonnais.fr\/site\/medias\/2019\/03\/Programme-semaine-verte-page-001.jpg","datePublished":"2019-03-29T10:59:43+00:00","dateModified":"2020-11-19T07:50:19+00:00","description":"1\u00b0 Edition semaine verte, Colombier Saugnieu l'organise du 1\u00b0 au 6 avril et s'engage dans la promotion du d\u00e9veloppement durable","breadcrumb":{"@id":"https:\/\/newsestlyonnais.fr\/site\/2019\/03\/29\/colombier-saugnieu-1-edition-de-la-semaine-verte\/#breadcrumb"},"inLanguage":"fr-FR","potentialAction":[{"@type":"ReadAction","target":["https:\/\/newsestlyonnais.fr\/site\/2019\/03\/29\/colombier-saugnieu-1-edition-de-la-semaine-verte\/"]}]},{"@type":"ImageObject","inLanguage":"fr-FR","@id":"https:\/\/newsestlyonnais.fr\/site\/2019\/03\/29\/colombier-saugnieu-1-edition-de-la-semaine-verte\/#primaryimage","url":"https:\/\/newsestlyonnais.fr\/site\/medias\/2019\/03\/Programme-semaine-verte-page-001.jpg","contentUrl":"https:\/\/newsestlyonnais.fr\/site\/medias\/2019\/03\/Programme-semaine-verte-page-001.jpg"},{"@type":"BreadcrumbList","@id":"https:\/\/newsestlyonnais.fr\/site\/2019\/03\/29\/colombier-saugnieu-1-edition-de-la-semaine-verte\/#breadcrumb","itemListElement":[{"@type":"ListItem","position":1,"name":"Accueil","item":"https:\/\/newsestlyonnais.fr\/site\/"},{"@type":"ListItem","position":2,"name":"COLOMBIER-SAUGNIEU | 1\u00b0 Edition de la semaine verte"}]},{"@type":"WebSite","@id":"https:\/\/newsestlyonnais.fr\/site\/#website","url":"https:\/\/newsestlyonnais.fr\/site\/","name":"News Est Lyonnais","description":"L&#039;actualit\u00e9 au plus pr\u00e8s","publisher":{"@id":"https:\/\/newsestlyonnais.fr\/site\/#organization"},"potentialAction":[{"@type":"SearchAction","target":{"@type":"EntryPoint","urlTemplate":"https:\/\/newsestlyonnais.fr\/site\/?s={search_term_string}"},"query-input":{"@type":"PropertyValueSpecification","valueRequired":true,"valueName":"search_term_string"}}],"inLanguage":"fr-FR"},{"@type":"Organization","@id":"https:\/\/newsestlyonnais.fr\/site\/#organization","name":"News EST LYONNAIS","url":"https:\/\/newsestlyonnais.fr\/site\/","logo":{"@type":"ImageObject","inLanguage":"fr-FR","@id":"https:\/\/newsestlyonnais.fr\/site\/#\/schema\/logo\/image\/","url":"","contentUrl":"","caption":"News EST LYONNAIS"},"image":{"@id":"https:\/\/newsestlyonnais.fr\/site\/#\/schema\/logo\/image\/"}},{"@type":"Person","@id":"https:\/\/newsestlyonnais.fr\/site\/#\/schema\/person\/3230d5615f390bb808365d673001e887","name":"R\u00e9dac. NEWS","sameAs":["http:\/\/www.newsestlyonnais.fr","https:\/\/www.facebook.com\/pascal.oberson.1?fref=ts","https:\/\/fr.linkedin.com\/in\/pascal-oberson-b17045113"],"url":"https:\/\/newsestlyonnais.fr\/site\/author\/nel\/"}]}},"_links":{"self":[{"href":"https:\/\/newsestlyonnais.fr\/site\/wp-json\/wp\/v2\/posts\/70213","targetHints":{"allow":["GET"]}}],"collection":[{"href":"https:\/\/newsestlyonnais.fr\/site\/wp-json\/wp\/v2\/posts"}],"about":[{"href":"https:\/\/newsestlyonnais.fr\/site\/wp-json\/wp\/v2\/types\/post"}],"author":[{"embeddable":true,"href":"https:\/\/newsestlyonnais.fr\/site\/wp-json\/wp\/v2\/users\/4"}],"replies":[{"embeddable":true,"href":"https:\/\/newsestlyonnais.fr\/site\/wp-json\/wp\/v2\/comments?post=70213"}],"version-history":[{"count":0,"href":"https:\/\/newsestlyonnais.fr\/site\/wp-json\/wp\/v2\/posts\/70213\/revisions"}],"wp:attachment":[{"href":"https:\/\/newsestlyonnais.fr\/site\/wp-json\/wp\/v2\/media?parent=70213"}],"wp:term":[{"taxonomy":"category","embeddable":true,"href":"https:\/\/newsestlyonnais.fr\/site\/wp-json\/wp\/v2\/categories?post=70213"},{"taxonomy":"post_tag","embeddable":true,"href":"https:\/\/newsestlyonnais.fr\/site\/wp-json\/wp\/v2\/tags?post=70213"}],"curies":[{"name":"wp","href":"https:\/\/api.w.org\/{rel}","templated":true}]}}