{"id":70291,"date":"2019-03-30T17:18:19","date_gmt":"2019-03-30T16:18:19","guid":{"rendered":"http:\/\/newsestlyonnais.fr\/site\/?p=70291"},"modified":"2020-10-22T07:58:02","modified_gmt":"2020-10-22T06:58:02","slug":"villeurbanne-animfeyssine-activites-et-animations-ludiques-autour-de-la-nature-du-17-avril-au-25-septembre-2019","status":"publish","type":"post","link":"https:\/\/newsestlyonnais.fr\/site\/2019\/03\/30\/villeurbanne-animfeyssine-activites-et-animations-ludiques-autour-de-la-nature-du-17-avril-au-25-septembre-2019\/","title":{"rendered":"VILLEURBANNE | Anim\u2019Feyssine, activit\u00e9s et animations autour de la nature"},"content":{"rendered":"\n<h4 class=\"wp-block-heading\">La ville de Villeurbanne propose \u00a0\u00bb Anim\u2019Feyssine \u00ab\u00a0, des activit\u00e9s et animations ludiques encadr\u00e9es par des professionnels, pour d\u00e9couvrir  autrement le parc de la Feyssine, la vie sauvage et la biodiversit\u00e9. <\/h4>\n\n\n\n<p>Anim\u2019Feyssine est un programme d\u2019animations organis\u00e9es du 17 avril au 25 septembre 2019 par la direction Paysages et nature, en collaboration avec des associations de protection de l\u2019environnement. <\/p>\n\n\n\n<p>Il propose aux enfants de d\u00e9couvrir le parc de la Feyssine en s\u2019amusant gr\u00e2ce \u00e0 des activit\u00e9s uniques autour de la nature et de la biodiversit\u00e9.  <strong><em>Horaires et inscription<\/em><\/strong> : Les participants sont attendus \u00e0 14 h 45. Chaque animation se termine aux alentours de 17 h. Inscription par t\u00e9l\u00e9phone au 04.78.03.68.49  <\/p>\n\n\n\n<ul class=\"wp-block-list\"><li><strong><em>Programme complet sur <\/em><\/strong>: <a href=\"http:\/\/www.parc-feyssine.villeurbanne.fr\/parc_feysine_animations_villeurbanne.html\">http:\/\/www.parc-feyssine.villeurbanne.fr\/parc_feysine_animations_villeurbanne.html<\/a><\/li><\/ul>\n\n\n\n<div class=\"wp-block-image\"><figure class=\"aligncenter\"><img loading=\"lazy\" decoding=\"async\" width=\"545\" height=\"299\" src=\"https:\/\/newsestlyonnais.fr\/site\/medias\/2019\/03\/NEWSESTLYONNAIS-ANIM-FEYSSINE.jpg\" alt=\"NEWSESTLYONNAIS ANIM FEYSSINE\" class=\"wp-image-70297\" srcset=\"https:\/\/newsestlyonnais.fr\/site\/wp-content\/uploads\/2019\/03\/NEWSESTLYONNAIS-ANIM-FEYSSINE.jpg 545w, https:\/\/newsestlyonnais.fr\/site\/wp-content\/uploads\/2019\/03\/NEWSESTLYONNAIS-ANIM-FEYSSINE-400x219.jpg 400w\" sizes=\"auto, (max-width: 545px) 100vw, 545px\" \/><\/figure><\/div>\n","protected":false},"excerpt":{"rendered":"<p>La ville de Villeurbanne propose \u00a0\u00bb Anim\u2019Feyssine \u00ab\u00a0, des activit\u00e9s et animations ludiques encadr\u00e9es par des professionnels, pour d\u00e9couvrir autrement le parc de la Feyssine, la vie sauvage et la biodiversit\u00e9. Anim\u2019Feyssine est un programme d\u2019animations organis\u00e9es du 17 avril au 25 septembre 2019 par la direction Paysages et nature, en collaboration avec des associations [&hellip;]<\/p>\n","protected":false},"author":4,"featured_media":0,"comment_status":"open","ping_status":"open","sticky":false,"template":"","format":"standard","meta":{"footnotes":""},"categories":[2217,3010,29],"tags":[2547,2091],"class_list":["post-70291","post","type-post","status-publish","format-standard","hentry","category-breves-de-lest-lyonnais","category-nature-environnement-culture-et-loisirs","category-villeurbanne","tag-animfeyssine","tag-villeurbanne"],"yoast_head":"<!-- This site is optimized with the Yoast SEO plugin v27.2 - https:\/\/yoast.com\/product\/yoast-seo-wordpress\/ -->\n<title>VILLEURBANNE | Anim\u2019Feyssine, activit\u00e9s et animations autour de la nature - News Est Lyonnais<\/title>\n<meta name=\"description\" content=\"Anim\u2019Feyssine, activit\u00e9s et animations ludiques autour de la nature pour d\u00e9couvrir autrement le parc de la Feyssine, la vie sauvage et la biodiversit\u00e9.\" \/>\n<meta name=\"robots\" content=\"index, follow, max-snippet:-1, max-image-preview:large, max-video-preview:-1\" \/>\n<link rel=\"canonical\" href=\"https:\/\/newsestlyonnais.fr\/site\/2019\/03\/30\/villeurbanne-animfeyssine-activites-et-animations-ludiques-autour-de-la-nature-du-17-avril-au-25-septembre-2019\/\" \/>\n<meta property=\"og:locale\" content=\"fr_FR\" \/>\n<meta property=\"og:type\" content=\"article\" \/>\n<meta property=\"og:title\" content=\"VILLEURBANNE | Anim\u2019Feyssine, activit\u00e9s et animations autour de la nature - News Est Lyonnais\" \/>\n<meta property=\"og:description\" content=\"Anim\u2019Feyssine, activit\u00e9s et animations ludiques autour de la nature pour d\u00e9couvrir autrement le parc de la Feyssine, la vie sauvage et la biodiversit\u00e9.\" \/>\n<meta property=\"og:url\" content=\"https:\/\/newsestlyonnais.fr\/site\/2019\/03\/30\/villeurbanne-animfeyssine-activites-et-animations-ludiques-autour-de-la-nature-du-17-avril-au-25-septembre-2019\/\" \/>\n<meta property=\"og:site_name\" content=\"News Est Lyonnais\" \/>\n<meta property=\"article:author\" content=\"https:\/\/www.facebook.com\/pascal.oberson.1?fref=ts\" \/>\n<meta property=\"article:published_time\" content=\"2019-03-30T16:18:19+00:00\" \/>\n<meta property=\"article:modified_time\" content=\"2020-10-22T06:58:02+00:00\" \/>\n<meta property=\"og:image\" content=\"https:\/\/newsestlyonnais.fr\/site\/medias\/2019\/03\/NEWSESTLYONNAIS-ANIM-FEYSSINE.jpg\" \/>\n<meta name=\"author\" content=\"R\u00e9dac. NEWS\" \/>\n<meta name=\"twitter:card\" content=\"summary_large_image\" \/>\n<meta name=\"twitter:label1\" content=\"\u00c9crit par\" \/>\n\t<meta name=\"twitter:data1\" content=\"R\u00e9dac. NEWS\" \/>\n\t<meta name=\"twitter:label2\" content=\"Dur\u00e9e de lecture estim\u00e9e\" \/>\n\t<meta name=\"twitter:data2\" content=\"1 minute\" \/>\n<script type=\"application\/ld+json\" class=\"yoast-schema-graph\">{\"@context\":\"https:\/\/schema.org\",\"@graph\":[{\"@type\":\"Article\",\"@id\":\"https:\/\/newsestlyonnais.fr\/site\/2019\/03\/30\/villeurbanne-animfeyssine-activites-et-animations-ludiques-autour-de-la-nature-du-17-avril-au-25-septembre-2019\/#article\",\"isPartOf\":{\"@id\":\"https:\/\/newsestlyonnais.fr\/site\/2019\/03\/30\/villeurbanne-animfeyssine-activites-et-animations-ludiques-autour-de-la-nature-du-17-avril-au-25-septembre-2019\/\"},\"author\":{\"name\":\"R\u00e9dac. NEWS\",\"@id\":\"https:\/\/newsestlyonnais.fr\/site\/#\/schema\/person\/3230d5615f390bb808365d673001e887\"},\"headline\":\"VILLEURBANNE | Anim\u2019Feyssine, activit\u00e9s et animations autour de la nature\",\"datePublished\":\"2019-03-30T16:18:19+00:00\",\"dateModified\":\"2020-10-22T06:58:02+00:00\",\"mainEntityOfPage\":{\"@id\":\"https:\/\/newsestlyonnais.fr\/site\/2019\/03\/30\/villeurbanne-animfeyssine-activites-et-animations-ludiques-autour-de-la-nature-du-17-avril-au-25-septembre-2019\/\"},\"wordCount\":137,\"commentCount\":0,\"publisher\":{\"@id\":\"https:\/\/newsestlyonnais.fr\/site\/#organization\"},\"image\":{\"@id\":\"https:\/\/newsestlyonnais.fr\/site\/2019\/03\/30\/villeurbanne-animfeyssine-activites-et-animations-ludiques-autour-de-la-nature-du-17-avril-au-25-septembre-2019\/#primaryimage\"},\"thumbnailUrl\":\"https:\/\/newsestlyonnais.fr\/site\/medias\/2019\/03\/NEWSESTLYONNAIS-ANIM-FEYSSINE.jpg\",\"keywords\":[\"ANIM'FEYSSINE\",\"VILLEURBANNE\"],\"articleSection\":[\"Br\u00e8ves de l'Est lyonnais\",\"Nature | Environnement | Chasse\",\"Villeurbanne\"],\"inLanguage\":\"fr-FR\",\"potentialAction\":[{\"@type\":\"CommentAction\",\"name\":\"Comment\",\"target\":[\"https:\/\/newsestlyonnais.fr\/site\/2019\/03\/30\/villeurbanne-animfeyssine-activites-et-animations-ludiques-autour-de-la-nature-du-17-avril-au-25-septembre-2019\/#respond\"]}]},{\"@type\":\"WebPage\",\"@id\":\"https:\/\/newsestlyonnais.fr\/site\/2019\/03\/30\/villeurbanne-animfeyssine-activites-et-animations-ludiques-autour-de-la-nature-du-17-avril-au-25-septembre-2019\/\",\"url\":\"https:\/\/newsestlyonnais.fr\/site\/2019\/03\/30\/villeurbanne-animfeyssine-activites-et-animations-ludiques-autour-de-la-nature-du-17-avril-au-25-septembre-2019\/\",\"name\":\"VILLEURBANNE | Anim\u2019Feyssine, activit\u00e9s et animations autour de la nature - News Est Lyonnais\",\"isPartOf\":{\"@id\":\"https:\/\/newsestlyonnais.fr\/site\/#website\"},\"primaryImageOfPage\":{\"@id\":\"https:\/\/newsestlyonnais.fr\/site\/2019\/03\/30\/villeurbanne-animfeyssine-activites-et-animations-ludiques-autour-de-la-nature-du-17-avril-au-25-septembre-2019\/#primaryimage\"},\"image\":{\"@id\":\"https:\/\/newsestlyonnais.fr\/site\/2019\/03\/30\/villeurbanne-animfeyssine-activites-et-animations-ludiques-autour-de-la-nature-du-17-avril-au-25-septembre-2019\/#primaryimage\"},\"thumbnailUrl\":\"https:\/\/newsestlyonnais.fr\/site\/medias\/2019\/03\/NEWSESTLYONNAIS-ANIM-FEYSSINE.jpg\",\"datePublished\":\"2019-03-30T16:18:19+00:00\",\"dateModified\":\"2020-10-22T06:58:02+00:00\",\"description\":\"Anim\u2019Feyssine, activit\u00e9s et animations ludiques autour de la nature pour d\u00e9couvrir autrement le parc de la Feyssine, la vie sauvage et la biodiversit\u00e9.\",\"breadcrumb\":{\"@id\":\"https:\/\/newsestlyonnais.fr\/site\/2019\/03\/30\/villeurbanne-animfeyssine-activites-et-animations-ludiques-autour-de-la-nature-du-17-avril-au-25-septembre-2019\/#breadcrumb\"},\"inLanguage\":\"fr-FR\",\"potentialAction\":[{\"@type\":\"ReadAction\",\"target\":[\"https:\/\/newsestlyonnais.fr\/site\/2019\/03\/30\/villeurbanne-animfeyssine-activites-et-animations-ludiques-autour-de-la-nature-du-17-avril-au-25-septembre-2019\/\"]}]},{\"@type\":\"ImageObject\",\"inLanguage\":\"fr-FR\",\"@id\":\"https:\/\/newsestlyonnais.fr\/site\/2019\/03\/30\/villeurbanne-animfeyssine-activites-et-animations-ludiques-autour-de-la-nature-du-17-avril-au-25-septembre-2019\/#primaryimage\",\"url\":\"https:\/\/newsestlyonnais.fr\/site\/medias\/2019\/03\/NEWSESTLYONNAIS-ANIM-FEYSSINE.jpg\",\"contentUrl\":\"https:\/\/newsestlyonnais.fr\/site\/medias\/2019\/03\/NEWSESTLYONNAIS-ANIM-FEYSSINE.jpg\"},{\"@type\":\"BreadcrumbList\",\"@id\":\"https:\/\/newsestlyonnais.fr\/site\/2019\/03\/30\/villeurbanne-animfeyssine-activites-et-animations-ludiques-autour-de-la-nature-du-17-avril-au-25-septembre-2019\/#breadcrumb\",\"itemListElement\":[{\"@type\":\"ListItem\",\"position\":1,\"name\":\"Accueil\",\"item\":\"https:\/\/newsestlyonnais.fr\/site\/\"},{\"@type\":\"ListItem\",\"position\":2,\"name\":\"VILLEURBANNE | Anim\u2019Feyssine, activit\u00e9s et animations autour de la nature\"}]},{\"@type\":\"WebSite\",\"@id\":\"https:\/\/newsestlyonnais.fr\/site\/#website\",\"url\":\"https:\/\/newsestlyonnais.fr\/site\/\",\"name\":\"News Est Lyonnais\",\"description\":\"L&#039;actualit\u00e9 au plus pr\u00e8s\",\"publisher\":{\"@id\":\"https:\/\/newsestlyonnais.fr\/site\/#organization\"},\"potentialAction\":[{\"@type\":\"SearchAction\",\"target\":{\"@type\":\"EntryPoint\",\"urlTemplate\":\"https:\/\/newsestlyonnais.fr\/site\/?s={search_term_string}\"},\"query-input\":{\"@type\":\"PropertyValueSpecification\",\"valueRequired\":true,\"valueName\":\"search_term_string\"}}],\"inLanguage\":\"fr-FR\"},{\"@type\":\"Organization\",\"@id\":\"https:\/\/newsestlyonnais.fr\/site\/#organization\",\"name\":\"News EST LYONNAIS\",\"url\":\"https:\/\/newsestlyonnais.fr\/site\/\",\"logo\":{\"@type\":\"ImageObject\",\"inLanguage\":\"fr-FR\",\"@id\":\"https:\/\/newsestlyonnais.fr\/site\/#\/schema\/logo\/image\/\",\"url\":\"\",\"contentUrl\":\"\",\"caption\":\"News EST LYONNAIS\"},\"image\":{\"@id\":\"https:\/\/newsestlyonnais.fr\/site\/#\/schema\/logo\/image\/\"}},{\"@type\":\"Person\",\"@id\":\"https:\/\/newsestlyonnais.fr\/site\/#\/schema\/person\/3230d5615f390bb808365d673001e887\",\"name\":\"R\u00e9dac. NEWS\",\"sameAs\":[\"http:\/\/www.newsestlyonnais.fr\",\"https:\/\/www.facebook.com\/pascal.oberson.1?fref=ts\",\"https:\/\/fr.linkedin.com\/in\/pascal-oberson-b17045113\"],\"url\":\"https:\/\/newsestlyonnais.fr\/site\/author\/nel\/\"}]}<\/script>\n<!-- \/ Yoast SEO plugin. -->","yoast_head_json":{"title":"VILLEURBANNE | Anim\u2019Feyssine, activit\u00e9s et animations autour de la nature - News Est Lyonnais","description":"Anim\u2019Feyssine, activit\u00e9s et animations ludiques autour de la nature pour d\u00e9couvrir autrement le parc de la Feyssine, la vie sauvage et la biodiversit\u00e9.","robots":{"index":"index","follow":"follow","max-snippet":"max-snippet:-1","max-image-preview":"max-image-preview:large","max-video-preview":"max-video-preview:-1"},"canonical":"https:\/\/newsestlyonnais.fr\/site\/2019\/03\/30\/villeurbanne-animfeyssine-activites-et-animations-ludiques-autour-de-la-nature-du-17-avril-au-25-septembre-2019\/","og_locale":"fr_FR","og_type":"article","og_title":"VILLEURBANNE | Anim\u2019Feyssine, activit\u00e9s et animations autour de la nature - News Est Lyonnais","og_description":"Anim\u2019Feyssine, activit\u00e9s et animations ludiques autour de la nature pour d\u00e9couvrir autrement le parc de la Feyssine, la vie sauvage et la biodiversit\u00e9.","og_url":"https:\/\/newsestlyonnais.fr\/site\/2019\/03\/30\/villeurbanne-animfeyssine-activites-et-animations-ludiques-autour-de-la-nature-du-17-avril-au-25-septembre-2019\/","og_site_name":"News Est Lyonnais","article_author":"https:\/\/www.facebook.com\/pascal.oberson.1?fref=ts","article_published_time":"2019-03-30T16:18:19+00:00","article_modified_time":"2020-10-22T06:58:02+00:00","og_image":[{"url":"https:\/\/newsestlyonnais.fr\/site\/medias\/2019\/03\/NEWSESTLYONNAIS-ANIM-FEYSSINE.jpg","type":"","width":"","height":""}],"author":"R\u00e9dac. NEWS","twitter_card":"summary_large_image","twitter_misc":{"\u00c9crit par":"R\u00e9dac. NEWS","Dur\u00e9e de lecture estim\u00e9e":"1 minute"},"schema":{"@context":"https:\/\/schema.org","@graph":[{"@type":"Article","@id":"https:\/\/newsestlyonnais.fr\/site\/2019\/03\/30\/villeurbanne-animfeyssine-activites-et-animations-ludiques-autour-de-la-nature-du-17-avril-au-25-septembre-2019\/#article","isPartOf":{"@id":"https:\/\/newsestlyonnais.fr\/site\/2019\/03\/30\/villeurbanne-animfeyssine-activites-et-animations-ludiques-autour-de-la-nature-du-17-avril-au-25-septembre-2019\/"},"author":{"name":"R\u00e9dac. NEWS","@id":"https:\/\/newsestlyonnais.fr\/site\/#\/schema\/person\/3230d5615f390bb808365d673001e887"},"headline":"VILLEURBANNE | Anim\u2019Feyssine, activit\u00e9s et animations autour de la nature","datePublished":"2019-03-30T16:18:19+00:00","dateModified":"2020-10-22T06:58:02+00:00","mainEntityOfPage":{"@id":"https:\/\/newsestlyonnais.fr\/site\/2019\/03\/30\/villeurbanne-animfeyssine-activites-et-animations-ludiques-autour-de-la-nature-du-17-avril-au-25-septembre-2019\/"},"wordCount":137,"commentCount":0,"publisher":{"@id":"https:\/\/newsestlyonnais.fr\/site\/#organization"},"image":{"@id":"https:\/\/newsestlyonnais.fr\/site\/2019\/03\/30\/villeurbanne-animfeyssine-activites-et-animations-ludiques-autour-de-la-nature-du-17-avril-au-25-septembre-2019\/#primaryimage"},"thumbnailUrl":"https:\/\/newsestlyonnais.fr\/site\/medias\/2019\/03\/NEWSESTLYONNAIS-ANIM-FEYSSINE.jpg","keywords":["ANIM'FEYSSINE","VILLEURBANNE"],"articleSection":["Br\u00e8ves de l'Est lyonnais","Nature | Environnement | Chasse","Villeurbanne"],"inLanguage":"fr-FR","potentialAction":[{"@type":"CommentAction","name":"Comment","target":["https:\/\/newsestlyonnais.fr\/site\/2019\/03\/30\/villeurbanne-animfeyssine-activites-et-animations-ludiques-autour-de-la-nature-du-17-avril-au-25-septembre-2019\/#respond"]}]},{"@type":"WebPage","@id":"https:\/\/newsestlyonnais.fr\/site\/2019\/03\/30\/villeurbanne-animfeyssine-activites-et-animations-ludiques-autour-de-la-nature-du-17-avril-au-25-septembre-2019\/","url":"https:\/\/newsestlyonnais.fr\/site\/2019\/03\/30\/villeurbanne-animfeyssine-activites-et-animations-ludiques-autour-de-la-nature-du-17-avril-au-25-septembre-2019\/","name":"VILLEURBANNE | Anim\u2019Feyssine, activit\u00e9s et animations autour de la nature - News Est Lyonnais","isPartOf":{"@id":"https:\/\/newsestlyonnais.fr\/site\/#website"},"primaryImageOfPage":{"@id":"https:\/\/newsestlyonnais.fr\/site\/2019\/03\/30\/villeurbanne-animfeyssine-activites-et-animations-ludiques-autour-de-la-nature-du-17-avril-au-25-septembre-2019\/#primaryimage"},"image":{"@id":"https:\/\/newsestlyonnais.fr\/site\/2019\/03\/30\/villeurbanne-animfeyssine-activites-et-animations-ludiques-autour-de-la-nature-du-17-avril-au-25-septembre-2019\/#primaryimage"},"thumbnailUrl":"https:\/\/newsestlyonnais.fr\/site\/medias\/2019\/03\/NEWSESTLYONNAIS-ANIM-FEYSSINE.jpg","datePublished":"2019-03-30T16:18:19+00:00","dateModified":"2020-10-22T06:58:02+00:00","description":"Anim\u2019Feyssine, activit\u00e9s et animations ludiques autour de la nature pour d\u00e9couvrir autrement le parc de la Feyssine, la vie sauvage et la biodiversit\u00e9.","breadcrumb":{"@id":"https:\/\/newsestlyonnais.fr\/site\/2019\/03\/30\/villeurbanne-animfeyssine-activites-et-animations-ludiques-autour-de-la-nature-du-17-avril-au-25-septembre-2019\/#breadcrumb"},"inLanguage":"fr-FR","potentialAction":[{"@type":"ReadAction","target":["https:\/\/newsestlyonnais.fr\/site\/2019\/03\/30\/villeurbanne-animfeyssine-activites-et-animations-ludiques-autour-de-la-nature-du-17-avril-au-25-septembre-2019\/"]}]},{"@type":"ImageObject","inLanguage":"fr-FR","@id":"https:\/\/newsestlyonnais.fr\/site\/2019\/03\/30\/villeurbanne-animfeyssine-activites-et-animations-ludiques-autour-de-la-nature-du-17-avril-au-25-septembre-2019\/#primaryimage","url":"https:\/\/newsestlyonnais.fr\/site\/medias\/2019\/03\/NEWSESTLYONNAIS-ANIM-FEYSSINE.jpg","contentUrl":"https:\/\/newsestlyonnais.fr\/site\/medias\/2019\/03\/NEWSESTLYONNAIS-ANIM-FEYSSINE.jpg"},{"@type":"BreadcrumbList","@id":"https:\/\/newsestlyonnais.fr\/site\/2019\/03\/30\/villeurbanne-animfeyssine-activites-et-animations-ludiques-autour-de-la-nature-du-17-avril-au-25-septembre-2019\/#breadcrumb","itemListElement":[{"@type":"ListItem","position":1,"name":"Accueil","item":"https:\/\/newsestlyonnais.fr\/site\/"},{"@type":"ListItem","position":2,"name":"VILLEURBANNE | Anim\u2019Feyssine, activit\u00e9s et animations autour de la nature"}]},{"@type":"WebSite","@id":"https:\/\/newsestlyonnais.fr\/site\/#website","url":"https:\/\/newsestlyonnais.fr\/site\/","name":"News Est Lyonnais","description":"L&#039;actualit\u00e9 au plus pr\u00e8s","publisher":{"@id":"https:\/\/newsestlyonnais.fr\/site\/#organization"},"potentialAction":[{"@type":"SearchAction","target":{"@type":"EntryPoint","urlTemplate":"https:\/\/newsestlyonnais.fr\/site\/?s={search_term_string}"},"query-input":{"@type":"PropertyValueSpecification","valueRequired":true,"valueName":"search_term_string"}}],"inLanguage":"fr-FR"},{"@type":"Organization","@id":"https:\/\/newsestlyonnais.fr\/site\/#organization","name":"News EST LYONNAIS","url":"https:\/\/newsestlyonnais.fr\/site\/","logo":{"@type":"ImageObject","inLanguage":"fr-FR","@id":"https:\/\/newsestlyonnais.fr\/site\/#\/schema\/logo\/image\/","url":"","contentUrl":"","caption":"News EST LYONNAIS"},"image":{"@id":"https:\/\/newsestlyonnais.fr\/site\/#\/schema\/logo\/image\/"}},{"@type":"Person","@id":"https:\/\/newsestlyonnais.fr\/site\/#\/schema\/person\/3230d5615f390bb808365d673001e887","name":"R\u00e9dac. NEWS","sameAs":["http:\/\/www.newsestlyonnais.fr","https:\/\/www.facebook.com\/pascal.oberson.1?fref=ts","https:\/\/fr.linkedin.com\/in\/pascal-oberson-b17045113"],"url":"https:\/\/newsestlyonnais.fr\/site\/author\/nel\/"}]}},"_links":{"self":[{"href":"https:\/\/newsestlyonnais.fr\/site\/wp-json\/wp\/v2\/posts\/70291","targetHints":{"allow":["GET"]}}],"collection":[{"href":"https:\/\/newsestlyonnais.fr\/site\/wp-json\/wp\/v2\/posts"}],"about":[{"href":"https:\/\/newsestlyonnais.fr\/site\/wp-json\/wp\/v2\/types\/post"}],"author":[{"embeddable":true,"href":"https:\/\/newsestlyonnais.fr\/site\/wp-json\/wp\/v2\/users\/4"}],"replies":[{"embeddable":true,"href":"https:\/\/newsestlyonnais.fr\/site\/wp-json\/wp\/v2\/comments?post=70291"}],"version-history":[{"count":0,"href":"https:\/\/newsestlyonnais.fr\/site\/wp-json\/wp\/v2\/posts\/70291\/revisions"}],"wp:attachment":[{"href":"https:\/\/newsestlyonnais.fr\/site\/wp-json\/wp\/v2\/media?parent=70291"}],"wp:term":[{"taxonomy":"category","embeddable":true,"href":"https:\/\/newsestlyonnais.fr\/site\/wp-json\/wp\/v2\/categories?post=70291"},{"taxonomy":"post_tag","embeddable":true,"href":"https:\/\/newsestlyonnais.fr\/site\/wp-json\/wp\/v2\/tags?post=70291"}],"curies":[{"name":"wp","href":"https:\/\/api.w.org\/{rel}","templated":true}]}}