{"id":70492,"date":"2019-04-03T05:02:42","date_gmt":"2019-04-03T04:02:42","guid":{"rendered":"http:\/\/newsestlyonnais.fr\/site\/?p=70492"},"modified":"2019-04-11T06:24:57","modified_gmt":"2019-04-11T05:24:57","slug":"meyzieu-la-ville-de-meyzieu-ouvre-2-points-de-depot-des-ordures-menageres","status":"publish","type":"post","link":"https:\/\/newsestlyonnais.fr\/site\/2019\/04\/03\/meyzieu-la-ville-de-meyzieu-ouvre-2-points-de-depot-des-ordures-menageres\/","title":{"rendered":"MEYZIEU : la Ville ouvre 2 points de d\u00e9p\u00f4t des ordures m\u00e9nag\u00e8res"},"content":{"rendered":"\n<p>Comp\u00e9tence de la M\u00e9tropole de Lyon, la collecte des ordures m\u00e9nag\u00e8res est interrompue depuis mardi 19 mars, en raison d\u2019un mouvement de gr\u00e8ve des agents du Grand Lyon.<\/p>\n\n\n\n<p>Si plusieurs rencontres entre les gr\u00e9vistes et la M\u00e9tropole de Lyon ont eu lieu depuis le d\u00e9but du conflit social, aucune solution n\u2019a pu \u00e0 ce jour \u00eatre trouv\u00e9e.<\/p>\n\n\n\n<p>Aussi, comme des dizaines de milliers d\u2019habitants du Grand Lyon, les Majolans subissent de plein fouet les cons\u00e9quences de cet arr\u00eat de la collecte des ordures m\u00e9nag\u00e8res.<\/p>\n\n\n\n<p>D\u00e9plorant qu\u2019aucune issue rapide \u00e0 la pr\u00e9sente crise n\u2019aie pu \u00eatre trouv\u00e9e par la M\u00e9tropole de Lyon, et plus que jamais \u00e0 l\u2019\u00e9coute des dol\u00e9ances des habitants, <strong>la Ville de Meyzieu a d\u00e9cid\u00e9 d\u2019ouvrir aux Majolans, particuliers et commer\u00e7ants, 2 points d\u2019apport volontaires pour leurs d\u00e9chets m\u00e9nagers exclusivement.<\/strong><\/p>\n\n\n\n<ul class=\"wp-block-list\"><li>Jeudi 4 avril, de 7 h \u00e0 20 h<\/li><li>Vendredi 5 avril, de 7 h \u00e0 20 h<\/li><li>Samedi 6 avril, de 7 h \u00e0 20 h<\/li><\/ul>\n\n\n\n<p><strong>Deux lieux de collecte \u00e0 Meyzieu<\/strong> :<\/p>\n\n\n\n<ul class=\"wp-block-list\"><li><strong>Centre Technique Municipa<\/strong>l, au 35 rue Joseph Desbois <\/li><li><strong>Meyzieu ZI<\/strong>, au 2 Avenue Mar\u00e9chal de Lattre de Tassigny<\/li><\/ul>\n\n\n\n<p>Des bennes seront mises \u00e0 disposition des Majolans qui ne pourraient conserver chez eux leurs d\u00e9chets m\u00e9nagers, en attendant l\u2019issue du conflit social. <br> Ce sont plusieurs milliers d\u2019euros que mobilise la Ville de Meyzieu pour cette op\u00e9ration. Les prestataires sollicit\u00e9s par la collectivit\u00e9 assureront le d\u00e9p\u00f4t et l\u2019enl\u00e8vement des bennes selon leur remplissage, de sorte \u00e0 pouvoir garantir la salubrit\u00e9 des lieux.<\/p>\n\n\n\n<p><strong>Retrouvez l&rsquo;ACTU de la commune sur : <\/strong><a href=\"http:\/\/www.meyzieu.fr\"><strong>http:\/\/www.meyzieu.fr<\/strong><\/a><\/p>\n","protected":false},"excerpt":{"rendered":"<p>Comp\u00e9tence de la M\u00e9tropole de Lyon, la collecte des ordures m\u00e9nag\u00e8res est interrompue depuis mardi 19 mars, en raison d\u2019un mouvement de gr\u00e8ve des agents du Grand Lyon. Si plusieurs rencontres entre les gr\u00e9vistes et la M\u00e9tropole de Lyon ont eu lieu depuis le d\u00e9but du conflit social, aucune solution n\u2019a pu \u00e0 ce jour [&hellip;]<\/p>\n","protected":false},"author":4,"featured_media":50594,"comment_status":"open","ping_status":"open","sticky":false,"template":"","format":"standard","meta":{"footnotes":""},"categories":[30,24,309],"tags":[2081,2030],"class_list":["post-70492","post","type-post","status-publish","format-standard","has-post-thumbnail","hentry","category-a-la-une","category-meyzieu","category-pratique","tag-meyzieu","tag-ordures"],"yoast_head":"<!-- This site is optimized with the Yoast SEO plugin v27.2 - https:\/\/yoast.com\/product\/yoast-seo-wordpress\/ -->\n<title>MEYZIEU : la Ville ouvre 2 points de d\u00e9p\u00f4t des ordures m\u00e9nag\u00e8res - News Est Lyonnais<\/title>\n<meta name=\"description\" content=\"MEYZIEU : La Ville ouvre 2 points de d\u00e9p\u00f4t des ordures m\u00e9nag\u00e8res, la collecte des ordures m\u00e9nag\u00e8res est interrompue depuis 19 mars\" \/>\n<meta name=\"robots\" content=\"index, follow, max-snippet:-1, max-image-preview:large, max-video-preview:-1\" \/>\n<link rel=\"canonical\" href=\"https:\/\/newsestlyonnais.fr\/site\/2019\/04\/03\/meyzieu-la-ville-de-meyzieu-ouvre-2-points-de-depot-des-ordures-menageres\/\" \/>\n<meta property=\"og:locale\" content=\"fr_FR\" \/>\n<meta property=\"og:type\" content=\"article\" \/>\n<meta property=\"og:title\" content=\"MEYZIEU : la Ville ouvre 2 points de d\u00e9p\u00f4t des ordures m\u00e9nag\u00e8res - News Est Lyonnais\" \/>\n<meta property=\"og:description\" content=\"MEYZIEU : La Ville ouvre 2 points de d\u00e9p\u00f4t des ordures m\u00e9nag\u00e8res, la collecte des ordures m\u00e9nag\u00e8res est interrompue depuis 19 mars\" \/>\n<meta property=\"og:url\" content=\"https:\/\/newsestlyonnais.fr\/site\/2019\/04\/03\/meyzieu-la-ville-de-meyzieu-ouvre-2-points-de-depot-des-ordures-menageres\/\" \/>\n<meta property=\"og:site_name\" content=\"News Est Lyonnais\" \/>\n<meta property=\"article:author\" content=\"https:\/\/www.facebook.com\/pascal.oberson.1?fref=ts\" \/>\n<meta property=\"article:published_time\" content=\"2019-04-03T04:02:42+00:00\" \/>\n<meta property=\"article:modified_time\" content=\"2019-04-11T05:24:57+00:00\" \/>\n<meta property=\"og:image\" content=\"https:\/\/i0.wp.com\/newsestlyonnais.fr\/site\/wp-content\/uploads\/2018\/05\/NEWSESTLYONNAIS-.png?fit=1280%2C960&ssl=1\" \/>\n\t<meta property=\"og:image:width\" content=\"1280\" \/>\n\t<meta property=\"og:image:height\" content=\"960\" \/>\n\t<meta property=\"og:image:type\" content=\"image\/png\" \/>\n<meta name=\"author\" content=\"R\u00e9dac. NEWS\" \/>\n<meta name=\"twitter:card\" content=\"summary_large_image\" \/>\n<meta name=\"twitter:label1\" content=\"\u00c9crit par\" \/>\n\t<meta name=\"twitter:data1\" content=\"R\u00e9dac. NEWS\" \/>\n\t<meta name=\"twitter:label2\" content=\"Dur\u00e9e de lecture estim\u00e9e\" \/>\n\t<meta name=\"twitter:data2\" content=\"1 minute\" \/>\n<script type=\"application\/ld+json\" class=\"yoast-schema-graph\">{\"@context\":\"https:\/\/schema.org\",\"@graph\":[{\"@type\":\"Article\",\"@id\":\"https:\/\/newsestlyonnais.fr\/site\/2019\/04\/03\/meyzieu-la-ville-de-meyzieu-ouvre-2-points-de-depot-des-ordures-menageres\/#article\",\"isPartOf\":{\"@id\":\"https:\/\/newsestlyonnais.fr\/site\/2019\/04\/03\/meyzieu-la-ville-de-meyzieu-ouvre-2-points-de-depot-des-ordures-menageres\/\"},\"author\":{\"name\":\"R\u00e9dac. NEWS\",\"@id\":\"https:\/\/newsestlyonnais.fr\/site\/#\/schema\/person\/3230d5615f390bb808365d673001e887\"},\"headline\":\"MEYZIEU : la Ville ouvre 2 points de d\u00e9p\u00f4t des ordures m\u00e9nag\u00e8res\",\"datePublished\":\"2019-04-03T04:02:42+00:00\",\"dateModified\":\"2019-04-11T05:24:57+00:00\",\"mainEntityOfPage\":{\"@id\":\"https:\/\/newsestlyonnais.fr\/site\/2019\/04\/03\/meyzieu-la-ville-de-meyzieu-ouvre-2-points-de-depot-des-ordures-menageres\/\"},\"wordCount\":289,\"commentCount\":0,\"publisher\":{\"@id\":\"https:\/\/newsestlyonnais.fr\/site\/#organization\"},\"image\":{\"@id\":\"https:\/\/newsestlyonnais.fr\/site\/2019\/04\/03\/meyzieu-la-ville-de-meyzieu-ouvre-2-points-de-depot-des-ordures-menageres\/#primaryimage\"},\"thumbnailUrl\":\"https:\/\/newsestlyonnais.fr\/site\/wp-content\/uploads\/2018\/05\/NEWSESTLYONNAIS-.png\",\"keywords\":[\"MEYZIEU\",\"ORDURES\"],\"articleSection\":[\"\u00e0 la une\",\"Meyzieu\",\"Pratique\"],\"inLanguage\":\"fr-FR\",\"potentialAction\":[{\"@type\":\"CommentAction\",\"name\":\"Comment\",\"target\":[\"https:\/\/newsestlyonnais.fr\/site\/2019\/04\/03\/meyzieu-la-ville-de-meyzieu-ouvre-2-points-de-depot-des-ordures-menageres\/#respond\"]}]},{\"@type\":\"WebPage\",\"@id\":\"https:\/\/newsestlyonnais.fr\/site\/2019\/04\/03\/meyzieu-la-ville-de-meyzieu-ouvre-2-points-de-depot-des-ordures-menageres\/\",\"url\":\"https:\/\/newsestlyonnais.fr\/site\/2019\/04\/03\/meyzieu-la-ville-de-meyzieu-ouvre-2-points-de-depot-des-ordures-menageres\/\",\"name\":\"MEYZIEU : la Ville ouvre 2 points de d\u00e9p\u00f4t des ordures m\u00e9nag\u00e8res - News Est Lyonnais\",\"isPartOf\":{\"@id\":\"https:\/\/newsestlyonnais.fr\/site\/#website\"},\"primaryImageOfPage\":{\"@id\":\"https:\/\/newsestlyonnais.fr\/site\/2019\/04\/03\/meyzieu-la-ville-de-meyzieu-ouvre-2-points-de-depot-des-ordures-menageres\/#primaryimage\"},\"image\":{\"@id\":\"https:\/\/newsestlyonnais.fr\/site\/2019\/04\/03\/meyzieu-la-ville-de-meyzieu-ouvre-2-points-de-depot-des-ordures-menageres\/#primaryimage\"},\"thumbnailUrl\":\"https:\/\/newsestlyonnais.fr\/site\/wp-content\/uploads\/2018\/05\/NEWSESTLYONNAIS-.png\",\"datePublished\":\"2019-04-03T04:02:42+00:00\",\"dateModified\":\"2019-04-11T05:24:57+00:00\",\"description\":\"MEYZIEU : La Ville ouvre 2 points de d\u00e9p\u00f4t des ordures m\u00e9nag\u00e8res, la collecte des ordures m\u00e9nag\u00e8res est interrompue depuis 19 mars\",\"breadcrumb\":{\"@id\":\"https:\/\/newsestlyonnais.fr\/site\/2019\/04\/03\/meyzieu-la-ville-de-meyzieu-ouvre-2-points-de-depot-des-ordures-menageres\/#breadcrumb\"},\"inLanguage\":\"fr-FR\",\"potentialAction\":[{\"@type\":\"ReadAction\",\"target\":[\"https:\/\/newsestlyonnais.fr\/site\/2019\/04\/03\/meyzieu-la-ville-de-meyzieu-ouvre-2-points-de-depot-des-ordures-menageres\/\"]}]},{\"@type\":\"ImageObject\",\"inLanguage\":\"fr-FR\",\"@id\":\"https:\/\/newsestlyonnais.fr\/site\/2019\/04\/03\/meyzieu-la-ville-de-meyzieu-ouvre-2-points-de-depot-des-ordures-menageres\/#primaryimage\",\"url\":\"https:\/\/newsestlyonnais.fr\/site\/wp-content\/uploads\/2018\/05\/NEWSESTLYONNAIS-.png\",\"contentUrl\":\"https:\/\/newsestlyonnais.fr\/site\/wp-content\/uploads\/2018\/05\/NEWSESTLYONNAIS-.png\",\"width\":1280,\"height\":960,\"caption\":\"NEWSESTLYONNAIS VISUEL MEYZIEU\"},{\"@type\":\"BreadcrumbList\",\"@id\":\"https:\/\/newsestlyonnais.fr\/site\/2019\/04\/03\/meyzieu-la-ville-de-meyzieu-ouvre-2-points-de-depot-des-ordures-menageres\/#breadcrumb\",\"itemListElement\":[{\"@type\":\"ListItem\",\"position\":1,\"name\":\"Accueil\",\"item\":\"https:\/\/newsestlyonnais.fr\/site\/\"},{\"@type\":\"ListItem\",\"position\":2,\"name\":\"MEYZIEU : la Ville ouvre 2 points de d\u00e9p\u00f4t des ordures m\u00e9nag\u00e8res\"}]},{\"@type\":\"WebSite\",\"@id\":\"https:\/\/newsestlyonnais.fr\/site\/#website\",\"url\":\"https:\/\/newsestlyonnais.fr\/site\/\",\"name\":\"News Est Lyonnais\",\"description\":\"L&#039;actualit\u00e9 au plus pr\u00e8s\",\"publisher\":{\"@id\":\"https:\/\/newsestlyonnais.fr\/site\/#organization\"},\"potentialAction\":[{\"@type\":\"SearchAction\",\"target\":{\"@type\":\"EntryPoint\",\"urlTemplate\":\"https:\/\/newsestlyonnais.fr\/site\/?s={search_term_string}\"},\"query-input\":{\"@type\":\"PropertyValueSpecification\",\"valueRequired\":true,\"valueName\":\"search_term_string\"}}],\"inLanguage\":\"fr-FR\"},{\"@type\":\"Organization\",\"@id\":\"https:\/\/newsestlyonnais.fr\/site\/#organization\",\"name\":\"News EST LYONNAIS\",\"url\":\"https:\/\/newsestlyonnais.fr\/site\/\",\"logo\":{\"@type\":\"ImageObject\",\"inLanguage\":\"fr-FR\",\"@id\":\"https:\/\/newsestlyonnais.fr\/site\/#\/schema\/logo\/image\/\",\"url\":\"\",\"contentUrl\":\"\",\"caption\":\"News EST LYONNAIS\"},\"image\":{\"@id\":\"https:\/\/newsestlyonnais.fr\/site\/#\/schema\/logo\/image\/\"}},{\"@type\":\"Person\",\"@id\":\"https:\/\/newsestlyonnais.fr\/site\/#\/schema\/person\/3230d5615f390bb808365d673001e887\",\"name\":\"R\u00e9dac. NEWS\",\"sameAs\":[\"http:\/\/www.newsestlyonnais.fr\",\"https:\/\/www.facebook.com\/pascal.oberson.1?fref=ts\",\"https:\/\/fr.linkedin.com\/in\/pascal-oberson-b17045113\"],\"url\":\"https:\/\/newsestlyonnais.fr\/site\/author\/nel\/\"}]}<\/script>\n<!-- \/ Yoast SEO plugin. -->","yoast_head_json":{"title":"MEYZIEU : la Ville ouvre 2 points de d\u00e9p\u00f4t des ordures m\u00e9nag\u00e8res - News Est Lyonnais","description":"MEYZIEU : La Ville ouvre 2 points de d\u00e9p\u00f4t des ordures m\u00e9nag\u00e8res, la collecte des ordures m\u00e9nag\u00e8res est interrompue depuis 19 mars","robots":{"index":"index","follow":"follow","max-snippet":"max-snippet:-1","max-image-preview":"max-image-preview:large","max-video-preview":"max-video-preview:-1"},"canonical":"https:\/\/newsestlyonnais.fr\/site\/2019\/04\/03\/meyzieu-la-ville-de-meyzieu-ouvre-2-points-de-depot-des-ordures-menageres\/","og_locale":"fr_FR","og_type":"article","og_title":"MEYZIEU : la Ville ouvre 2 points de d\u00e9p\u00f4t des ordures m\u00e9nag\u00e8res - News Est Lyonnais","og_description":"MEYZIEU : La Ville ouvre 2 points de d\u00e9p\u00f4t des ordures m\u00e9nag\u00e8res, la collecte des ordures m\u00e9nag\u00e8res est interrompue depuis 19 mars","og_url":"https:\/\/newsestlyonnais.fr\/site\/2019\/04\/03\/meyzieu-la-ville-de-meyzieu-ouvre-2-points-de-depot-des-ordures-menageres\/","og_site_name":"News Est Lyonnais","article_author":"https:\/\/www.facebook.com\/pascal.oberson.1?fref=ts","article_published_time":"2019-04-03T04:02:42+00:00","article_modified_time":"2019-04-11T05:24:57+00:00","og_image":[{"width":1280,"height":960,"url":"https:\/\/i0.wp.com\/newsestlyonnais.fr\/site\/wp-content\/uploads\/2018\/05\/NEWSESTLYONNAIS-.png?fit=1280%2C960&ssl=1","type":"image\/png"}],"author":"R\u00e9dac. NEWS","twitter_card":"summary_large_image","twitter_misc":{"\u00c9crit par":"R\u00e9dac. NEWS","Dur\u00e9e de lecture estim\u00e9e":"1 minute"},"schema":{"@context":"https:\/\/schema.org","@graph":[{"@type":"Article","@id":"https:\/\/newsestlyonnais.fr\/site\/2019\/04\/03\/meyzieu-la-ville-de-meyzieu-ouvre-2-points-de-depot-des-ordures-menageres\/#article","isPartOf":{"@id":"https:\/\/newsestlyonnais.fr\/site\/2019\/04\/03\/meyzieu-la-ville-de-meyzieu-ouvre-2-points-de-depot-des-ordures-menageres\/"},"author":{"name":"R\u00e9dac. NEWS","@id":"https:\/\/newsestlyonnais.fr\/site\/#\/schema\/person\/3230d5615f390bb808365d673001e887"},"headline":"MEYZIEU : la Ville ouvre 2 points de d\u00e9p\u00f4t des ordures m\u00e9nag\u00e8res","datePublished":"2019-04-03T04:02:42+00:00","dateModified":"2019-04-11T05:24:57+00:00","mainEntityOfPage":{"@id":"https:\/\/newsestlyonnais.fr\/site\/2019\/04\/03\/meyzieu-la-ville-de-meyzieu-ouvre-2-points-de-depot-des-ordures-menageres\/"},"wordCount":289,"commentCount":0,"publisher":{"@id":"https:\/\/newsestlyonnais.fr\/site\/#organization"},"image":{"@id":"https:\/\/newsestlyonnais.fr\/site\/2019\/04\/03\/meyzieu-la-ville-de-meyzieu-ouvre-2-points-de-depot-des-ordures-menageres\/#primaryimage"},"thumbnailUrl":"https:\/\/newsestlyonnais.fr\/site\/wp-content\/uploads\/2018\/05\/NEWSESTLYONNAIS-.png","keywords":["MEYZIEU","ORDURES"],"articleSection":["\u00e0 la une","Meyzieu","Pratique"],"inLanguage":"fr-FR","potentialAction":[{"@type":"CommentAction","name":"Comment","target":["https:\/\/newsestlyonnais.fr\/site\/2019\/04\/03\/meyzieu-la-ville-de-meyzieu-ouvre-2-points-de-depot-des-ordures-menageres\/#respond"]}]},{"@type":"WebPage","@id":"https:\/\/newsestlyonnais.fr\/site\/2019\/04\/03\/meyzieu-la-ville-de-meyzieu-ouvre-2-points-de-depot-des-ordures-menageres\/","url":"https:\/\/newsestlyonnais.fr\/site\/2019\/04\/03\/meyzieu-la-ville-de-meyzieu-ouvre-2-points-de-depot-des-ordures-menageres\/","name":"MEYZIEU : la Ville ouvre 2 points de d\u00e9p\u00f4t des ordures m\u00e9nag\u00e8res - News Est Lyonnais","isPartOf":{"@id":"https:\/\/newsestlyonnais.fr\/site\/#website"},"primaryImageOfPage":{"@id":"https:\/\/newsestlyonnais.fr\/site\/2019\/04\/03\/meyzieu-la-ville-de-meyzieu-ouvre-2-points-de-depot-des-ordures-menageres\/#primaryimage"},"image":{"@id":"https:\/\/newsestlyonnais.fr\/site\/2019\/04\/03\/meyzieu-la-ville-de-meyzieu-ouvre-2-points-de-depot-des-ordures-menageres\/#primaryimage"},"thumbnailUrl":"https:\/\/newsestlyonnais.fr\/site\/wp-content\/uploads\/2018\/05\/NEWSESTLYONNAIS-.png","datePublished":"2019-04-03T04:02:42+00:00","dateModified":"2019-04-11T05:24:57+00:00","description":"MEYZIEU : La Ville ouvre 2 points de d\u00e9p\u00f4t des ordures m\u00e9nag\u00e8res, la collecte des ordures m\u00e9nag\u00e8res est interrompue depuis 19 mars","breadcrumb":{"@id":"https:\/\/newsestlyonnais.fr\/site\/2019\/04\/03\/meyzieu-la-ville-de-meyzieu-ouvre-2-points-de-depot-des-ordures-menageres\/#breadcrumb"},"inLanguage":"fr-FR","potentialAction":[{"@type":"ReadAction","target":["https:\/\/newsestlyonnais.fr\/site\/2019\/04\/03\/meyzieu-la-ville-de-meyzieu-ouvre-2-points-de-depot-des-ordures-menageres\/"]}]},{"@type":"ImageObject","inLanguage":"fr-FR","@id":"https:\/\/newsestlyonnais.fr\/site\/2019\/04\/03\/meyzieu-la-ville-de-meyzieu-ouvre-2-points-de-depot-des-ordures-menageres\/#primaryimage","url":"https:\/\/newsestlyonnais.fr\/site\/wp-content\/uploads\/2018\/05\/NEWSESTLYONNAIS-.png","contentUrl":"https:\/\/newsestlyonnais.fr\/site\/wp-content\/uploads\/2018\/05\/NEWSESTLYONNAIS-.png","width":1280,"height":960,"caption":"NEWSESTLYONNAIS VISUEL MEYZIEU"},{"@type":"BreadcrumbList","@id":"https:\/\/newsestlyonnais.fr\/site\/2019\/04\/03\/meyzieu-la-ville-de-meyzieu-ouvre-2-points-de-depot-des-ordures-menageres\/#breadcrumb","itemListElement":[{"@type":"ListItem","position":1,"name":"Accueil","item":"https:\/\/newsestlyonnais.fr\/site\/"},{"@type":"ListItem","position":2,"name":"MEYZIEU : la Ville ouvre 2 points de d\u00e9p\u00f4t des ordures m\u00e9nag\u00e8res"}]},{"@type":"WebSite","@id":"https:\/\/newsestlyonnais.fr\/site\/#website","url":"https:\/\/newsestlyonnais.fr\/site\/","name":"News Est Lyonnais","description":"L&#039;actualit\u00e9 au plus pr\u00e8s","publisher":{"@id":"https:\/\/newsestlyonnais.fr\/site\/#organization"},"potentialAction":[{"@type":"SearchAction","target":{"@type":"EntryPoint","urlTemplate":"https:\/\/newsestlyonnais.fr\/site\/?s={search_term_string}"},"query-input":{"@type":"PropertyValueSpecification","valueRequired":true,"valueName":"search_term_string"}}],"inLanguage":"fr-FR"},{"@type":"Organization","@id":"https:\/\/newsestlyonnais.fr\/site\/#organization","name":"News EST LYONNAIS","url":"https:\/\/newsestlyonnais.fr\/site\/","logo":{"@type":"ImageObject","inLanguage":"fr-FR","@id":"https:\/\/newsestlyonnais.fr\/site\/#\/schema\/logo\/image\/","url":"","contentUrl":"","caption":"News EST LYONNAIS"},"image":{"@id":"https:\/\/newsestlyonnais.fr\/site\/#\/schema\/logo\/image\/"}},{"@type":"Person","@id":"https:\/\/newsestlyonnais.fr\/site\/#\/schema\/person\/3230d5615f390bb808365d673001e887","name":"R\u00e9dac. NEWS","sameAs":["http:\/\/www.newsestlyonnais.fr","https:\/\/www.facebook.com\/pascal.oberson.1?fref=ts","https:\/\/fr.linkedin.com\/in\/pascal-oberson-b17045113"],"url":"https:\/\/newsestlyonnais.fr\/site\/author\/nel\/"}]}},"_links":{"self":[{"href":"https:\/\/newsestlyonnais.fr\/site\/wp-json\/wp\/v2\/posts\/70492","targetHints":{"allow":["GET"]}}],"collection":[{"href":"https:\/\/newsestlyonnais.fr\/site\/wp-json\/wp\/v2\/posts"}],"about":[{"href":"https:\/\/newsestlyonnais.fr\/site\/wp-json\/wp\/v2\/types\/post"}],"author":[{"embeddable":true,"href":"https:\/\/newsestlyonnais.fr\/site\/wp-json\/wp\/v2\/users\/4"}],"replies":[{"embeddable":true,"href":"https:\/\/newsestlyonnais.fr\/site\/wp-json\/wp\/v2\/comments?post=70492"}],"version-history":[{"count":0,"href":"https:\/\/newsestlyonnais.fr\/site\/wp-json\/wp\/v2\/posts\/70492\/revisions"}],"wp:featuredmedia":[{"embeddable":true,"href":"https:\/\/newsestlyonnais.fr\/site\/wp-json\/wp\/v2\/media\/50594"}],"wp:attachment":[{"href":"https:\/\/newsestlyonnais.fr\/site\/wp-json\/wp\/v2\/media?parent=70492"}],"wp:term":[{"taxonomy":"category","embeddable":true,"href":"https:\/\/newsestlyonnais.fr\/site\/wp-json\/wp\/v2\/categories?post=70492"},{"taxonomy":"post_tag","embeddable":true,"href":"https:\/\/newsestlyonnais.fr\/site\/wp-json\/wp\/v2\/tags?post=70492"}],"curies":[{"name":"wp","href":"https:\/\/api.w.org\/{rel}","templated":true}]}}