{"id":70800,"date":"2019-04-07T14:22:15","date_gmt":"2019-04-07T13:22:15","guid":{"rendered":"http:\/\/newsestlyonnais.fr\/site\/?p=70800"},"modified":"2020-11-12T10:59:30","modified_gmt":"2020-11-12T09:59:30","slug":"lyon-7-les-manifestations-jusquau-14-avril-2019","status":"publish","type":"post","link":"https:\/\/newsestlyonnais.fr\/site\/2019\/04\/07\/lyon-7-les-manifestations-jusquau-14-avril-2019\/","title":{"rendered":"LYON 7 | Les manifestations jusqu\u2019au 14 avril"},"content":{"rendered":"\n<h4 class=\"wp-block-heading\">Jeu participatif, marche verte, f\u00eate de quartier, soir\u00e9e et carnaval sont parmi les \u00e9v\u00e8nements programm\u00e9s durant cette semaine 15.<\/h4>\n\n\n\n<p><strong>Dimanche 7 avril de 13 h \u00e0 18 h<\/strong> : \u00ab <strong>La fresque du climat<\/strong>  \u00bb : organis\u00e9e par l\u2019Association Conscience et Impact Ecologique. Jeu  participatif ayant pour but de faire comprendre aux participants les  origines et enjeux du changement climatique. (Place Mazagran).<\/p>\n\n\n\n<p><strong>Lundi 8 avril \u00e0 17 h : Accueil d\u2019\u00e9l\u00e8ves allemands<\/strong> dans le cadre d\u2019un \u00e9change avec le coll\u00e8ge Gabriel Rosset. (Salle des Mariages et du Conseil, Mairie du 7\u00b0). <\/p>\n\n\n\n<p><strong>Mardi 9 avril \u00e0 18 h 30 : Soir\u00e9e organis\u00e9e par la section japonaise de la Cit\u00e9 Scolaire Internationale<\/strong>. (Au restaurant du lyc\u00e9e de la CSI, 2 place de Montr\u00e9al). <\/p>\n\n\n\n<p><strong>Jeudi 11 avril 9 h 15 \u00e0 10 h 30<\/strong>.  <strong>Carnaval<\/strong> organis\u00e9 par l\u2019\u00e9cole maternelle Gilbert Dru. (Rues Saint-Michel, S\u00e9bastien Gryphe, B\u00e9chevelin, Montesquieu et Mazagran) <strong>&amp; \u00e0 partir de 17 h :  \u00ab 2\u00b0 \u00e9dition de Nuit Nomade <\/strong>\u00bb organis\u00e9e par la Mairie du 7\u00b0. Danses, musique, hip-hop, arts graphiques, th\u00e9\u00e2tre, arts de la rue. Diff\u00e9rents lieux dans l\u2019arrondissement. Programme complet sur :  <a href=\"https:\/\/mairie7.lyon.fr\">https:\/\/mairie7.lyon.fr<\/a> <strong>&amp; \u00e0 18 h 30 : Conf\u00e9rence Sant\u00e9<\/strong> de la Fondation Hospices Civils de Lyon sur le th\u00e8me de l\u2019ecz\u00e9ma, par le Dr Audrey Nosbaum (chef de service adjoint service d&rsquo;allergologie et d&rsquo;immunologie clinique, centre Hospitalier Lyon-Sud). Sur  inscription : <a href=\"http:\/\/fondationhcl.fr\">http:\/\/fondationhcl.fr<\/a>, rubrique agenda. (Salle des Mariages et du Conseil, Mairie du 7\u00b0).<\/p>\n\n\n\n<p><strong>Vendredi 12 avril de 9 h 30 \u00e0 16 h : \u00ab Hospitalit\u00e9(s)- plateau radio \u00bb, <\/strong>organis\u00e9 par l\u2019association LALCA. (13 rue Benjamin Delessert).<\/p>\n\n\n\n<p><strong>Samedi 13 avril de 9 h 30 \u00e0 13 h : \u00ab Marche verte \u00bb <\/strong>organis\u00e9e par l\u2019Idrac. (Berges du Rh\u00f4ne, du pont Galli\u00e9ni au pont Lafayette) <strong>&amp; de 10 h \u00e0 12 h :  \u00ab Le \u00e7a me dit de la petite enfance du 7\u00b0 <\/strong>\u00bb sur le th\u00e8me de \u00ab Bouge ton corps !\u00bb Avec la participation de plusieurs associations. Lectures et animations, inscription sur place. (Salle Villon, Mairie du 7\u00b0).<\/p>\n\n\n\n<p><strong>Dimanche 14 avril de 10 h \u00e0 22 h : <\/strong> <strong>\u00ab F\u00eate associative de quartier \u00bb <\/strong>organis\u00e9e par l\u2019association \u00ab Black Screen \u00bb. Spectacle, chants, d\u00e9monstration de danse et concert, jeux ludiques, stands divers. (Place Mazagran).<\/p>\n\n\n\n<h4 class=\"wp-block-heading\"><strong>Toute l\u2019ACTU de l\u2019arrondissement est sur<\/strong> : <a rel=\"noreferrer noopener\" href=\"https:\/\/mairie7.lyon.fr\" target=\"_blank\">https:\/\/mairie7.lyon.fr<\/a><\/h4>\n","protected":false},"excerpt":{"rendered":"<p>Jeu participatif, marche verte, f\u00eate de quartier, soir\u00e9e et carnaval sont parmi les \u00e9v\u00e8nements programm\u00e9s durant cette semaine 15. Dimanche 7 avril de 13 h \u00e0 18 h : \u00ab La fresque du climat \u00bb : organis\u00e9e par l\u2019Association Conscience et Impact Ecologique. Jeu participatif ayant pour but de faire comprendre aux participants les origines [&hellip;]<\/p>\n","protected":false},"author":4,"featured_media":8840,"comment_status":"open","ping_status":"open","sticky":false,"template":"","format":"standard","meta":{"footnotes":""},"categories":[1625],"tags":[1991,2077,2211,2059],"class_list":["post-70800","post","type-post","status-publish","format-standard","has-post-thumbnail","hentry","category-lyon","tag-agenda","tag-lyon","tag-lyon-7","tag-manifestations"],"yoast_head":"<!-- This site is optimized with the Yoast SEO plugin v27.2 - https:\/\/yoast.com\/product\/yoast-seo-wordpress\/ -->\n<title>LYON 7 | Les manifestations jusqu\u2019au 14 avril - News Est Lyonnais<\/title>\n<meta name=\"description\" content=\"LYON 7\u00b0 : Les manifestations jusqu\u2019au 14 avril 2019. Jeu participatif, marche verte, f\u00eate de quartier, soir\u00e9e et carnaval programm\u00e9s durant cette semaine\" \/>\n<meta name=\"robots\" content=\"index, follow, max-snippet:-1, max-image-preview:large, max-video-preview:-1\" \/>\n<link rel=\"canonical\" href=\"https:\/\/newsestlyonnais.fr\/site\/2019\/04\/07\/lyon-7-les-manifestations-jusquau-14-avril-2019\/\" \/>\n<meta property=\"og:locale\" content=\"fr_FR\" \/>\n<meta property=\"og:type\" content=\"article\" \/>\n<meta property=\"og:title\" content=\"LYON 7 | Les manifestations jusqu\u2019au 14 avril - News Est Lyonnais\" \/>\n<meta property=\"og:description\" content=\"LYON 7\u00b0 : Les manifestations jusqu\u2019au 14 avril 2019. Jeu participatif, marche verte, f\u00eate de quartier, soir\u00e9e et carnaval programm\u00e9s durant cette semaine\" \/>\n<meta property=\"og:url\" content=\"https:\/\/newsestlyonnais.fr\/site\/2019\/04\/07\/lyon-7-les-manifestations-jusquau-14-avril-2019\/\" \/>\n<meta property=\"og:site_name\" content=\"News Est Lyonnais\" \/>\n<meta property=\"article:author\" content=\"https:\/\/www.facebook.com\/pascal.oberson.1?fref=ts\" \/>\n<meta property=\"article:published_time\" content=\"2019-04-07T13:22:15+00:00\" \/>\n<meta property=\"article:modified_time\" content=\"2020-11-12T09:59:30+00:00\" \/>\n<meta property=\"og:image\" content=\"https:\/\/i1.wp.com\/newsestlyonnais.fr\/site\/wp-content\/uploads\/2016\/06\/NEWSESTLYONNAIS-LYON-PANNEAUP1100180.jpg?fit=1000%2C750&ssl=1\" \/>\n\t<meta property=\"og:image:width\" content=\"1000\" \/>\n\t<meta property=\"og:image:height\" content=\"750\" \/>\n\t<meta property=\"og:image:type\" content=\"image\/jpeg\" \/>\n<meta name=\"author\" content=\"R\u00e9dac. NEWS\" \/>\n<meta name=\"twitter:card\" content=\"summary_large_image\" \/>\n<meta name=\"twitter:label1\" content=\"\u00c9crit par\" \/>\n\t<meta name=\"twitter:data1\" content=\"R\u00e9dac. NEWS\" \/>\n\t<meta name=\"twitter:label2\" content=\"Dur\u00e9e de lecture estim\u00e9e\" \/>\n\t<meta name=\"twitter:data2\" content=\"2 minutes\" \/>\n<script type=\"application\/ld+json\" class=\"yoast-schema-graph\">{\"@context\":\"https:\/\/schema.org\",\"@graph\":[{\"@type\":\"Article\",\"@id\":\"https:\/\/newsestlyonnais.fr\/site\/2019\/04\/07\/lyon-7-les-manifestations-jusquau-14-avril-2019\/#article\",\"isPartOf\":{\"@id\":\"https:\/\/newsestlyonnais.fr\/site\/2019\/04\/07\/lyon-7-les-manifestations-jusquau-14-avril-2019\/\"},\"author\":{\"name\":\"R\u00e9dac. NEWS\",\"@id\":\"https:\/\/newsestlyonnais.fr\/site\/#\/schema\/person\/3230d5615f390bb808365d673001e887\"},\"headline\":\"LYON 7 | Les manifestations jusqu\u2019au 14 avril\",\"datePublished\":\"2019-04-07T13:22:15+00:00\",\"dateModified\":\"2020-11-12T09:59:30+00:00\",\"mainEntityOfPage\":{\"@id\":\"https:\/\/newsestlyonnais.fr\/site\/2019\/04\/07\/lyon-7-les-manifestations-jusquau-14-avril-2019\/\"},\"wordCount\":356,\"commentCount\":0,\"publisher\":{\"@id\":\"https:\/\/newsestlyonnais.fr\/site\/#organization\"},\"image\":{\"@id\":\"https:\/\/newsestlyonnais.fr\/site\/2019\/04\/07\/lyon-7-les-manifestations-jusquau-14-avril-2019\/#primaryimage\"},\"thumbnailUrl\":\"https:\/\/newsestlyonnais.fr\/site\/wp-content\/uploads\/2016\/06\/NEWSESTLYONNAIS-LYON-PANNEAUP1100180.jpg\",\"keywords\":[\"AGENDA\",\"LYON\",\"LYON 7\u00b0\",\"MANIFESTATIONS\"],\"articleSection\":[\"Lyon\"],\"inLanguage\":\"fr-FR\",\"potentialAction\":[{\"@type\":\"CommentAction\",\"name\":\"Comment\",\"target\":[\"https:\/\/newsestlyonnais.fr\/site\/2019\/04\/07\/lyon-7-les-manifestations-jusquau-14-avril-2019\/#respond\"]}]},{\"@type\":\"WebPage\",\"@id\":\"https:\/\/newsestlyonnais.fr\/site\/2019\/04\/07\/lyon-7-les-manifestations-jusquau-14-avril-2019\/\",\"url\":\"https:\/\/newsestlyonnais.fr\/site\/2019\/04\/07\/lyon-7-les-manifestations-jusquau-14-avril-2019\/\",\"name\":\"LYON 7 | Les manifestations jusqu\u2019au 14 avril - News Est Lyonnais\",\"isPartOf\":{\"@id\":\"https:\/\/newsestlyonnais.fr\/site\/#website\"},\"primaryImageOfPage\":{\"@id\":\"https:\/\/newsestlyonnais.fr\/site\/2019\/04\/07\/lyon-7-les-manifestations-jusquau-14-avril-2019\/#primaryimage\"},\"image\":{\"@id\":\"https:\/\/newsestlyonnais.fr\/site\/2019\/04\/07\/lyon-7-les-manifestations-jusquau-14-avril-2019\/#primaryimage\"},\"thumbnailUrl\":\"https:\/\/newsestlyonnais.fr\/site\/wp-content\/uploads\/2016\/06\/NEWSESTLYONNAIS-LYON-PANNEAUP1100180.jpg\",\"datePublished\":\"2019-04-07T13:22:15+00:00\",\"dateModified\":\"2020-11-12T09:59:30+00:00\",\"description\":\"LYON 7\u00b0 : Les manifestations jusqu\u2019au 14 avril 2019. Jeu participatif, marche verte, f\u00eate de quartier, soir\u00e9e et carnaval programm\u00e9s durant cette semaine\",\"breadcrumb\":{\"@id\":\"https:\/\/newsestlyonnais.fr\/site\/2019\/04\/07\/lyon-7-les-manifestations-jusquau-14-avril-2019\/#breadcrumb\"},\"inLanguage\":\"fr-FR\",\"potentialAction\":[{\"@type\":\"ReadAction\",\"target\":[\"https:\/\/newsestlyonnais.fr\/site\/2019\/04\/07\/lyon-7-les-manifestations-jusquau-14-avril-2019\/\"]}]},{\"@type\":\"ImageObject\",\"inLanguage\":\"fr-FR\",\"@id\":\"https:\/\/newsestlyonnais.fr\/site\/2019\/04\/07\/lyon-7-les-manifestations-jusquau-14-avril-2019\/#primaryimage\",\"url\":\"https:\/\/newsestlyonnais.fr\/site\/wp-content\/uploads\/2016\/06\/NEWSESTLYONNAIS-LYON-PANNEAUP1100180.jpg\",\"contentUrl\":\"https:\/\/newsestlyonnais.fr\/site\/wp-content\/uploads\/2016\/06\/NEWSESTLYONNAIS-LYON-PANNEAUP1100180.jpg\",\"width\":1000,\"height\":750,\"caption\":\"NEWSESTLYONNAIS - LYON PANNEAU\"},{\"@type\":\"BreadcrumbList\",\"@id\":\"https:\/\/newsestlyonnais.fr\/site\/2019\/04\/07\/lyon-7-les-manifestations-jusquau-14-avril-2019\/#breadcrumb\",\"itemListElement\":[{\"@type\":\"ListItem\",\"position\":1,\"name\":\"Accueil\",\"item\":\"https:\/\/newsestlyonnais.fr\/site\/\"},{\"@type\":\"ListItem\",\"position\":2,\"name\":\"LYON 7 | Les manifestations jusqu\u2019au 14 avril\"}]},{\"@type\":\"WebSite\",\"@id\":\"https:\/\/newsestlyonnais.fr\/site\/#website\",\"url\":\"https:\/\/newsestlyonnais.fr\/site\/\",\"name\":\"News Est Lyonnais\",\"description\":\"L&#039;actualit\u00e9 au plus pr\u00e8s\",\"publisher\":{\"@id\":\"https:\/\/newsestlyonnais.fr\/site\/#organization\"},\"potentialAction\":[{\"@type\":\"SearchAction\",\"target\":{\"@type\":\"EntryPoint\",\"urlTemplate\":\"https:\/\/newsestlyonnais.fr\/site\/?s={search_term_string}\"},\"query-input\":{\"@type\":\"PropertyValueSpecification\",\"valueRequired\":true,\"valueName\":\"search_term_string\"}}],\"inLanguage\":\"fr-FR\"},{\"@type\":\"Organization\",\"@id\":\"https:\/\/newsestlyonnais.fr\/site\/#organization\",\"name\":\"News EST LYONNAIS\",\"url\":\"https:\/\/newsestlyonnais.fr\/site\/\",\"logo\":{\"@type\":\"ImageObject\",\"inLanguage\":\"fr-FR\",\"@id\":\"https:\/\/newsestlyonnais.fr\/site\/#\/schema\/logo\/image\/\",\"url\":\"\",\"contentUrl\":\"\",\"caption\":\"News EST LYONNAIS\"},\"image\":{\"@id\":\"https:\/\/newsestlyonnais.fr\/site\/#\/schema\/logo\/image\/\"}},{\"@type\":\"Person\",\"@id\":\"https:\/\/newsestlyonnais.fr\/site\/#\/schema\/person\/3230d5615f390bb808365d673001e887\",\"name\":\"R\u00e9dac. NEWS\",\"sameAs\":[\"http:\/\/www.newsestlyonnais.fr\",\"https:\/\/www.facebook.com\/pascal.oberson.1?fref=ts\",\"https:\/\/fr.linkedin.com\/in\/pascal-oberson-b17045113\"],\"url\":\"https:\/\/newsestlyonnais.fr\/site\/author\/nel\/\"}]}<\/script>\n<!-- \/ Yoast SEO plugin. -->","yoast_head_json":{"title":"LYON 7 | Les manifestations jusqu\u2019au 14 avril - News Est Lyonnais","description":"LYON 7\u00b0 : Les manifestations jusqu\u2019au 14 avril 2019. Jeu participatif, marche verte, f\u00eate de quartier, soir\u00e9e et carnaval programm\u00e9s durant cette semaine","robots":{"index":"index","follow":"follow","max-snippet":"max-snippet:-1","max-image-preview":"max-image-preview:large","max-video-preview":"max-video-preview:-1"},"canonical":"https:\/\/newsestlyonnais.fr\/site\/2019\/04\/07\/lyon-7-les-manifestations-jusquau-14-avril-2019\/","og_locale":"fr_FR","og_type":"article","og_title":"LYON 7 | Les manifestations jusqu\u2019au 14 avril - News Est Lyonnais","og_description":"LYON 7\u00b0 : Les manifestations jusqu\u2019au 14 avril 2019. Jeu participatif, marche verte, f\u00eate de quartier, soir\u00e9e et carnaval programm\u00e9s durant cette semaine","og_url":"https:\/\/newsestlyonnais.fr\/site\/2019\/04\/07\/lyon-7-les-manifestations-jusquau-14-avril-2019\/","og_site_name":"News Est Lyonnais","article_author":"https:\/\/www.facebook.com\/pascal.oberson.1?fref=ts","article_published_time":"2019-04-07T13:22:15+00:00","article_modified_time":"2020-11-12T09:59:30+00:00","og_image":[{"width":1000,"height":750,"url":"https:\/\/i1.wp.com\/newsestlyonnais.fr\/site\/wp-content\/uploads\/2016\/06\/NEWSESTLYONNAIS-LYON-PANNEAUP1100180.jpg?fit=1000%2C750&ssl=1","type":"image\/jpeg"}],"author":"R\u00e9dac. NEWS","twitter_card":"summary_large_image","twitter_misc":{"\u00c9crit par":"R\u00e9dac. NEWS","Dur\u00e9e de lecture estim\u00e9e":"2 minutes"},"schema":{"@context":"https:\/\/schema.org","@graph":[{"@type":"Article","@id":"https:\/\/newsestlyonnais.fr\/site\/2019\/04\/07\/lyon-7-les-manifestations-jusquau-14-avril-2019\/#article","isPartOf":{"@id":"https:\/\/newsestlyonnais.fr\/site\/2019\/04\/07\/lyon-7-les-manifestations-jusquau-14-avril-2019\/"},"author":{"name":"R\u00e9dac. NEWS","@id":"https:\/\/newsestlyonnais.fr\/site\/#\/schema\/person\/3230d5615f390bb808365d673001e887"},"headline":"LYON 7 | Les manifestations jusqu\u2019au 14 avril","datePublished":"2019-04-07T13:22:15+00:00","dateModified":"2020-11-12T09:59:30+00:00","mainEntityOfPage":{"@id":"https:\/\/newsestlyonnais.fr\/site\/2019\/04\/07\/lyon-7-les-manifestations-jusquau-14-avril-2019\/"},"wordCount":356,"commentCount":0,"publisher":{"@id":"https:\/\/newsestlyonnais.fr\/site\/#organization"},"image":{"@id":"https:\/\/newsestlyonnais.fr\/site\/2019\/04\/07\/lyon-7-les-manifestations-jusquau-14-avril-2019\/#primaryimage"},"thumbnailUrl":"https:\/\/newsestlyonnais.fr\/site\/wp-content\/uploads\/2016\/06\/NEWSESTLYONNAIS-LYON-PANNEAUP1100180.jpg","keywords":["AGENDA","LYON","LYON 7\u00b0","MANIFESTATIONS"],"articleSection":["Lyon"],"inLanguage":"fr-FR","potentialAction":[{"@type":"CommentAction","name":"Comment","target":["https:\/\/newsestlyonnais.fr\/site\/2019\/04\/07\/lyon-7-les-manifestations-jusquau-14-avril-2019\/#respond"]}]},{"@type":"WebPage","@id":"https:\/\/newsestlyonnais.fr\/site\/2019\/04\/07\/lyon-7-les-manifestations-jusquau-14-avril-2019\/","url":"https:\/\/newsestlyonnais.fr\/site\/2019\/04\/07\/lyon-7-les-manifestations-jusquau-14-avril-2019\/","name":"LYON 7 | Les manifestations jusqu\u2019au 14 avril - News Est Lyonnais","isPartOf":{"@id":"https:\/\/newsestlyonnais.fr\/site\/#website"},"primaryImageOfPage":{"@id":"https:\/\/newsestlyonnais.fr\/site\/2019\/04\/07\/lyon-7-les-manifestations-jusquau-14-avril-2019\/#primaryimage"},"image":{"@id":"https:\/\/newsestlyonnais.fr\/site\/2019\/04\/07\/lyon-7-les-manifestations-jusquau-14-avril-2019\/#primaryimage"},"thumbnailUrl":"https:\/\/newsestlyonnais.fr\/site\/wp-content\/uploads\/2016\/06\/NEWSESTLYONNAIS-LYON-PANNEAUP1100180.jpg","datePublished":"2019-04-07T13:22:15+00:00","dateModified":"2020-11-12T09:59:30+00:00","description":"LYON 7\u00b0 : Les manifestations jusqu\u2019au 14 avril 2019. Jeu participatif, marche verte, f\u00eate de quartier, soir\u00e9e et carnaval programm\u00e9s durant cette semaine","breadcrumb":{"@id":"https:\/\/newsestlyonnais.fr\/site\/2019\/04\/07\/lyon-7-les-manifestations-jusquau-14-avril-2019\/#breadcrumb"},"inLanguage":"fr-FR","potentialAction":[{"@type":"ReadAction","target":["https:\/\/newsestlyonnais.fr\/site\/2019\/04\/07\/lyon-7-les-manifestations-jusquau-14-avril-2019\/"]}]},{"@type":"ImageObject","inLanguage":"fr-FR","@id":"https:\/\/newsestlyonnais.fr\/site\/2019\/04\/07\/lyon-7-les-manifestations-jusquau-14-avril-2019\/#primaryimage","url":"https:\/\/newsestlyonnais.fr\/site\/wp-content\/uploads\/2016\/06\/NEWSESTLYONNAIS-LYON-PANNEAUP1100180.jpg","contentUrl":"https:\/\/newsestlyonnais.fr\/site\/wp-content\/uploads\/2016\/06\/NEWSESTLYONNAIS-LYON-PANNEAUP1100180.jpg","width":1000,"height":750,"caption":"NEWSESTLYONNAIS - LYON PANNEAU"},{"@type":"BreadcrumbList","@id":"https:\/\/newsestlyonnais.fr\/site\/2019\/04\/07\/lyon-7-les-manifestations-jusquau-14-avril-2019\/#breadcrumb","itemListElement":[{"@type":"ListItem","position":1,"name":"Accueil","item":"https:\/\/newsestlyonnais.fr\/site\/"},{"@type":"ListItem","position":2,"name":"LYON 7 | Les manifestations jusqu\u2019au 14 avril"}]},{"@type":"WebSite","@id":"https:\/\/newsestlyonnais.fr\/site\/#website","url":"https:\/\/newsestlyonnais.fr\/site\/","name":"News Est Lyonnais","description":"L&#039;actualit\u00e9 au plus pr\u00e8s","publisher":{"@id":"https:\/\/newsestlyonnais.fr\/site\/#organization"},"potentialAction":[{"@type":"SearchAction","target":{"@type":"EntryPoint","urlTemplate":"https:\/\/newsestlyonnais.fr\/site\/?s={search_term_string}"},"query-input":{"@type":"PropertyValueSpecification","valueRequired":true,"valueName":"search_term_string"}}],"inLanguage":"fr-FR"},{"@type":"Organization","@id":"https:\/\/newsestlyonnais.fr\/site\/#organization","name":"News EST LYONNAIS","url":"https:\/\/newsestlyonnais.fr\/site\/","logo":{"@type":"ImageObject","inLanguage":"fr-FR","@id":"https:\/\/newsestlyonnais.fr\/site\/#\/schema\/logo\/image\/","url":"","contentUrl":"","caption":"News EST LYONNAIS"},"image":{"@id":"https:\/\/newsestlyonnais.fr\/site\/#\/schema\/logo\/image\/"}},{"@type":"Person","@id":"https:\/\/newsestlyonnais.fr\/site\/#\/schema\/person\/3230d5615f390bb808365d673001e887","name":"R\u00e9dac. NEWS","sameAs":["http:\/\/www.newsestlyonnais.fr","https:\/\/www.facebook.com\/pascal.oberson.1?fref=ts","https:\/\/fr.linkedin.com\/in\/pascal-oberson-b17045113"],"url":"https:\/\/newsestlyonnais.fr\/site\/author\/nel\/"}]}},"_links":{"self":[{"href":"https:\/\/newsestlyonnais.fr\/site\/wp-json\/wp\/v2\/posts\/70800","targetHints":{"allow":["GET"]}}],"collection":[{"href":"https:\/\/newsestlyonnais.fr\/site\/wp-json\/wp\/v2\/posts"}],"about":[{"href":"https:\/\/newsestlyonnais.fr\/site\/wp-json\/wp\/v2\/types\/post"}],"author":[{"embeddable":true,"href":"https:\/\/newsestlyonnais.fr\/site\/wp-json\/wp\/v2\/users\/4"}],"replies":[{"embeddable":true,"href":"https:\/\/newsestlyonnais.fr\/site\/wp-json\/wp\/v2\/comments?post=70800"}],"version-history":[{"count":0,"href":"https:\/\/newsestlyonnais.fr\/site\/wp-json\/wp\/v2\/posts\/70800\/revisions"}],"wp:featuredmedia":[{"embeddable":true,"href":"https:\/\/newsestlyonnais.fr\/site\/wp-json\/wp\/v2\/media\/8840"}],"wp:attachment":[{"href":"https:\/\/newsestlyonnais.fr\/site\/wp-json\/wp\/v2\/media?parent=70800"}],"wp:term":[{"taxonomy":"category","embeddable":true,"href":"https:\/\/newsestlyonnais.fr\/site\/wp-json\/wp\/v2\/categories?post=70800"},{"taxonomy":"post_tag","embeddable":true,"href":"https:\/\/newsestlyonnais.fr\/site\/wp-json\/wp\/v2\/tags?post=70800"}],"curies":[{"name":"wp","href":"https:\/\/api.w.org\/{rel}","templated":true}]}}