{"id":71036,"date":"2019-04-10T13:33:12","date_gmt":"2019-04-10T12:33:12","guid":{"rendered":"http:\/\/newsestlyonnais.fr\/site\/?p=71036"},"modified":"2020-05-29T16:02:53","modified_gmt":"2020-05-29T15:02:53","slug":"vaulx-en-velin-belle-reussite-de-la-1-atol-paddle-race","status":"publish","type":"post","link":"https:\/\/newsestlyonnais.fr\/site\/2019\/04\/10\/vaulx-en-velin-belle-reussite-de-la-1-atol-paddle-race\/","title":{"rendered":"VAULX-EN-VELIN | Belle r\u00e9ussite de la 1\u00b0 Atol&rsquo; Paddle Race"},"content":{"rendered":"\r\n\r\n\r\n<p>Organis\u00e9e dimanche dernier par le Rh\u00f4ne SUP club et le SV Vaulx-en-Velin Cano\u00eb Kayak Pirogue \u00e0 l&rsquo;occasion d&rsquo;une journ\u00e9e peu ensoleill\u00e9e mais avec des conditions m\u00e9t\u00e9o suffisamment cl\u00e9mentes.<\/p>\r\n\r\n\r\n\r\n<p>Des concurrents enchant\u00e9s par la beaut\u00e9 du site et ravis par les 3 formats de course propos\u00e9s : longue distance, courte distance et sprint.<\/p>\r\n\r\n\r\n\r\n<p>40 b\u00e9n\u00e9voles heureux de la r\u00e9ussite de cette premi\u00e8re manifestation qui semble avoir eu lieu \u00e0 une date id\u00e9ale pour ce type d&rsquo;\u00e9preuve.<\/p>\r\n\r\n\r\n\r\n<p>Une premi\u00e8re \u00e9dition prometteuse selon les organisateurs et qui sans nul doute prendra de l&rsquo;ampleur en 2020. L &lsquo;id\u00e9e que ce serait un site id\u00e9al pour accueillir des championnats de France de Paddle en eaux int\u00e9rieures \u00e0 m\u00eame \u00e9t\u00e9 \u00e9mise !<\/p>\r\n<p>__________________________________________________________________________<\/p>\r\n\r\n\r\n\r\n<ul class=\"wp-block-list\">\r\n<li><strong><em>R\u00e9sultats complets \u00e0 retrouver sur : <\/em><\/strong><a href=\"http:\/\/www.latol-paddle-race.org\/index.php\/paddle-race\/resultats\"><strong><em>http:\/\/www.latol-paddle-race.org\/index.php\/paddle-race\/resultats<\/em><\/strong><\/a><\/li>\r\n<\/ul>\r\n<p>__________________________________________________________________________<\/p>\r\n\r\n<p><!--StartFragment--><\/p>\r\n\r\n<p><!--StartFragment--><\/p>\r\n<p><!--EndFragment--><\/p>\r\n<p>&nbsp;<\/p>\r\n\r\n<div class=\"wp-block-jetpack-slideshow aligncenter\" data-effect=\"slide\">\r\n<div class=\"wp-block-jetpack-slideshow_container swiper-container\">\r\n<ul class=\"wp-block-jetpack-slideshow_swiper-wrappper swiper-wrapper\">\r\n<li class=\"wp-block-jetpack-slideshow_slide swiper-slide\">\r\n<figure><img loading=\"lazy\" decoding=\"async\" width=\"636\" height=\"936\" class=\"wp-block-jetpack-slideshow_image wp-image-63192\" src=\"https:\/\/newsestlyonnais.fr\/site\/medias\/2019\/01\/NEWSESTLYONNAIS-ATOL-PADDLE-RACE.jpg\" alt=\"NEWSESTLYONNAIS ATOL PADDLE RACE\" data-id=\"63192\" srcset=\"https:\/\/newsestlyonnais.fr\/site\/wp-content\/uploads\/2019\/01\/NEWSESTLYONNAIS-ATOL-PADDLE-RACE.jpg 636w, https:\/\/newsestlyonnais.fr\/site\/wp-content\/uploads\/2019\/01\/NEWSESTLYONNAIS-ATOL-PADDLE-RACE-204x300.jpg 204w, https:\/\/newsestlyonnais.fr\/site\/wp-content\/uploads\/2019\/01\/NEWSESTLYONNAIS-ATOL-PADDLE-RACE-510x750.jpg 510w, https:\/\/newsestlyonnais.fr\/site\/wp-content\/uploads\/2019\/01\/NEWSESTLYONNAIS-ATOL-PADDLE-RACE-600x883.jpg 600w\" sizes=\"auto, (max-width: 636px) 100vw, 636px\" \/><\/figure>\r\n<\/li>\r\n<li class=\"wp-block-jetpack-slideshow_slide swiper-slide\">\r\n<figure><img loading=\"lazy\" decoding=\"async\" width=\"720\" height=\"480\" class=\"wp-block-jetpack-slideshow_image wp-image-71072\" src=\"https:\/\/newsestlyonnais.fr\/site\/medias\/2019\/04\/NEWSESTLYONNAIS-PADDLE-RACE-03-1.jpg\" alt=\"NEWSESTLYONNAIS PADDLE RACE 03\" data-id=\"71072\" srcset=\"https:\/\/newsestlyonnais.fr\/site\/wp-content\/uploads\/2019\/04\/NEWSESTLYONNAIS-PADDLE-RACE-03-1.jpg 720w, https:\/\/newsestlyonnais.fr\/site\/wp-content\/uploads\/2019\/04\/NEWSESTLYONNAIS-PADDLE-RACE-03-1-400x267.jpg 400w, https:\/\/newsestlyonnais.fr\/site\/wp-content\/uploads\/2019\/04\/NEWSESTLYONNAIS-PADDLE-RACE-03-1-600x400.jpg 600w\" sizes=\"auto, (max-width: 720px) 100vw, 720px\" \/><\/figure>\r\n<\/li>\r\n<li class=\"wp-block-jetpack-slideshow_slide swiper-slide\">\r\n<figure><img loading=\"lazy\" decoding=\"async\" width=\"692\" height=\"923\" class=\"wp-block-jetpack-slideshow_image wp-image-71071\" src=\"https:\/\/newsestlyonnais.fr\/site\/medias\/2019\/04\/NEWSESTLYONNAIS-PADDLE-RACE-02-1.jpg\" alt=\"NEWSESTLYONNAIS PADDLE RACE 02\" data-id=\"71071\" srcset=\"https:\/\/newsestlyonnais.fr\/site\/wp-content\/uploads\/2019\/04\/NEWSESTLYONNAIS-PADDLE-RACE-02-1.jpg 692w, https:\/\/newsestlyonnais.fr\/site\/wp-content\/uploads\/2019\/04\/NEWSESTLYONNAIS-PADDLE-RACE-02-1-225x300.jpg 225w, https:\/\/newsestlyonnais.fr\/site\/wp-content\/uploads\/2019\/04\/NEWSESTLYONNAIS-PADDLE-RACE-02-1-562x750.jpg 562w, https:\/\/newsestlyonnais.fr\/site\/wp-content\/uploads\/2019\/04\/NEWSESTLYONNAIS-PADDLE-RACE-02-1-600x800.jpg 600w\" sizes=\"auto, (max-width: 692px) 100vw, 692px\" \/><\/figure>\r\n<\/li>\r\n<li class=\"wp-block-jetpack-slideshow_slide swiper-slide\">\r\n<figure><img loading=\"lazy\" decoding=\"async\" width=\"720\" height=\"540\" class=\"wp-block-jetpack-slideshow_image wp-image-71073\" src=\"https:\/\/newsestlyonnais.fr\/site\/medias\/2019\/04\/NEWSESTLYONNAIS-PADDLE-RACE-04-1.jpg\" alt=\"NEWSESTLYONNAIS PADDLE RACE 04\" data-id=\"71073\" srcset=\"https:\/\/newsestlyonnais.fr\/site\/wp-content\/uploads\/2019\/04\/NEWSESTLYONNAIS-PADDLE-RACE-04-1.jpg 720w, https:\/\/newsestlyonnais.fr\/site\/wp-content\/uploads\/2019\/04\/NEWSESTLYONNAIS-PADDLE-RACE-04-1-400x300.jpg 400w, https:\/\/newsestlyonnais.fr\/site\/wp-content\/uploads\/2019\/04\/NEWSESTLYONNAIS-PADDLE-RACE-04-1-600x450.jpg 600w, https:\/\/newsestlyonnais.fr\/site\/wp-content\/uploads\/2019\/04\/NEWSESTLYONNAIS-PADDLE-RACE-04-1-100x75.jpg 100w\" sizes=\"auto, (max-width: 720px) 100vw, 720px\" \/><\/figure>\r\n<\/li>\r\n<\/ul>\r\n<div class=\"wp-block-jetpack-slideshow_pagination swiper-pagination swiper-pagination-white\">\u00a0<\/div>\r\n<\/div>\r\n<\/div>\r\n","protected":false},"excerpt":{"rendered":"<p>86 participants pour cette premi\u00e8re avec des coureurs venus du Var, du Vaucluse, de Bretagne, de Normandie, et m\u00eame de Suisse &amp; d&rsquo;Alg\u00e9rie ! <\/p>\n","protected":false},"author":4,"featured_media":71066,"comment_status":"open","ping_status":"open","sticky":false,"template":"","format":"standard","meta":{"footnotes":""},"categories":[2973,1348,28],"tags":[2585,2234,2586,2006],"class_list":["post-71036","post","type-post","status-publish","format-standard","has-post-thumbnail","hentry","category-aviron-kayak-voile-sports","category-kayak","category-vaulx-en-velin","tag-kayak","tag-miribel-jonage","tag-paddle-race","tag-vaulx-en-velin"],"yoast_head":"<!-- This site is optimized with the Yoast SEO plugin v27.2 - https:\/\/yoast.com\/product\/yoast-seo-wordpress\/ -->\n<title>VAULX-EN-VELIN | Belle r\u00e9ussite de la 1\u00b0 Atol&#039; Paddle Race - News Est Lyonnais<\/title>\n<meta name=\"description\" content=\"Belle r\u00e9ussite de la 1\u00b0 Atol&#039; Paddle Race. 86 participants pour cette premi\u00e8re avec des coureurs venus de plusieurs r\u00e9gions et de l&#039;\u00e9tranger\" \/>\n<meta name=\"robots\" content=\"index, follow, max-snippet:-1, max-image-preview:large, max-video-preview:-1\" \/>\n<link rel=\"canonical\" href=\"https:\/\/newsestlyonnais.fr\/site\/2019\/04\/10\/vaulx-en-velin-belle-reussite-de-la-1-atol-paddle-race\/\" \/>\n<meta property=\"og:locale\" content=\"fr_FR\" \/>\n<meta property=\"og:type\" content=\"article\" \/>\n<meta property=\"og:title\" content=\"VAULX-EN-VELIN | Belle r\u00e9ussite de la 1\u00b0 Atol&#039; Paddle Race - News Est Lyonnais\" \/>\n<meta property=\"og:description\" content=\"Belle r\u00e9ussite de la 1\u00b0 Atol&#039; Paddle Race. 86 participants pour cette premi\u00e8re avec des coureurs venus de plusieurs r\u00e9gions et de l&#039;\u00e9tranger\" \/>\n<meta property=\"og:url\" content=\"https:\/\/newsestlyonnais.fr\/site\/2019\/04\/10\/vaulx-en-velin-belle-reussite-de-la-1-atol-paddle-race\/\" \/>\n<meta property=\"og:site_name\" content=\"News Est Lyonnais\" \/>\n<meta property=\"article:author\" content=\"https:\/\/www.facebook.com\/pascal.oberson.1?fref=ts\" \/>\n<meta property=\"article:published_time\" content=\"2019-04-10T12:33:12+00:00\" \/>\n<meta property=\"article:modified_time\" content=\"2020-05-29T15:02:53+00:00\" \/>\n<meta property=\"og:image\" content=\"https:\/\/i0.wp.com\/newsestlyonnais.fr\/site\/wp-content\/uploads\/2019\/04\/NEWSESTLYONANIS-PADDLE-RACE-01.jpg?fit=720%2C480&ssl=1\" \/>\n\t<meta property=\"og:image:width\" content=\"720\" \/>\n\t<meta property=\"og:image:height\" content=\"480\" \/>\n\t<meta property=\"og:image:type\" content=\"image\/jpeg\" \/>\n<meta name=\"author\" content=\"R\u00e9dac. NEWS\" \/>\n<meta name=\"twitter:card\" content=\"summary_large_image\" \/>\n<meta name=\"twitter:label1\" content=\"\u00c9crit par\" \/>\n\t<meta name=\"twitter:data1\" content=\"R\u00e9dac. NEWS\" \/>\n\t<meta name=\"twitter:label2\" content=\"Dur\u00e9e de lecture estim\u00e9e\" \/>\n\t<meta name=\"twitter:data2\" content=\"1 minute\" \/>\n<script type=\"application\/ld+json\" class=\"yoast-schema-graph\">{\"@context\":\"https:\/\/schema.org\",\"@graph\":[{\"@type\":\"Article\",\"@id\":\"https:\/\/newsestlyonnais.fr\/site\/2019\/04\/10\/vaulx-en-velin-belle-reussite-de-la-1-atol-paddle-race\/#article\",\"isPartOf\":{\"@id\":\"https:\/\/newsestlyonnais.fr\/site\/2019\/04\/10\/vaulx-en-velin-belle-reussite-de-la-1-atol-paddle-race\/\"},\"author\":{\"name\":\"R\u00e9dac. NEWS\",\"@id\":\"https:\/\/newsestlyonnais.fr\/site\/#\/schema\/person\/3230d5615f390bb808365d673001e887\"},\"headline\":\"VAULX-EN-VELIN | Belle r\u00e9ussite de la 1\u00b0 Atol&rsquo; Paddle Race\",\"datePublished\":\"2019-04-10T12:33:12+00:00\",\"dateModified\":\"2020-05-29T15:02:53+00:00\",\"mainEntityOfPage\":{\"@id\":\"https:\/\/newsestlyonnais.fr\/site\/2019\/04\/10\/vaulx-en-velin-belle-reussite-de-la-1-atol-paddle-race\/\"},\"wordCount\":154,\"commentCount\":0,\"publisher\":{\"@id\":\"https:\/\/newsestlyonnais.fr\/site\/#organization\"},\"image\":{\"@id\":\"https:\/\/newsestlyonnais.fr\/site\/2019\/04\/10\/vaulx-en-velin-belle-reussite-de-la-1-atol-paddle-race\/#primaryimage\"},\"thumbnailUrl\":\"https:\/\/newsestlyonnais.fr\/site\/wp-content\/uploads\/2019\/04\/NEWSESTLYONANIS-PADDLE-RACE-01.jpg\",\"keywords\":[\"KAYAK\",\"MIRIBEL JONAGE\",\"PADDLE RACE\",\"VAULX EN VELIN\"],\"articleSection\":[\"Aviron | Kayak | Voile\",\"Kayak\",\"Vaulx-en-Velin\"],\"inLanguage\":\"fr-FR\",\"potentialAction\":[{\"@type\":\"CommentAction\",\"name\":\"Comment\",\"target\":[\"https:\/\/newsestlyonnais.fr\/site\/2019\/04\/10\/vaulx-en-velin-belle-reussite-de-la-1-atol-paddle-race\/#respond\"]}]},{\"@type\":\"WebPage\",\"@id\":\"https:\/\/newsestlyonnais.fr\/site\/2019\/04\/10\/vaulx-en-velin-belle-reussite-de-la-1-atol-paddle-race\/\",\"url\":\"https:\/\/newsestlyonnais.fr\/site\/2019\/04\/10\/vaulx-en-velin-belle-reussite-de-la-1-atol-paddle-race\/\",\"name\":\"VAULX-EN-VELIN | Belle r\u00e9ussite de la 1\u00b0 Atol' Paddle Race - News Est Lyonnais\",\"isPartOf\":{\"@id\":\"https:\/\/newsestlyonnais.fr\/site\/#website\"},\"primaryImageOfPage\":{\"@id\":\"https:\/\/newsestlyonnais.fr\/site\/2019\/04\/10\/vaulx-en-velin-belle-reussite-de-la-1-atol-paddle-race\/#primaryimage\"},\"image\":{\"@id\":\"https:\/\/newsestlyonnais.fr\/site\/2019\/04\/10\/vaulx-en-velin-belle-reussite-de-la-1-atol-paddle-race\/#primaryimage\"},\"thumbnailUrl\":\"https:\/\/newsestlyonnais.fr\/site\/wp-content\/uploads\/2019\/04\/NEWSESTLYONANIS-PADDLE-RACE-01.jpg\",\"datePublished\":\"2019-04-10T12:33:12+00:00\",\"dateModified\":\"2020-05-29T15:02:53+00:00\",\"description\":\"Belle r\u00e9ussite de la 1\u00b0 Atol' Paddle Race. 86 participants pour cette premi\u00e8re avec des coureurs venus de plusieurs r\u00e9gions et de l'\u00e9tranger\",\"breadcrumb\":{\"@id\":\"https:\/\/newsestlyonnais.fr\/site\/2019\/04\/10\/vaulx-en-velin-belle-reussite-de-la-1-atol-paddle-race\/#breadcrumb\"},\"inLanguage\":\"fr-FR\",\"potentialAction\":[{\"@type\":\"ReadAction\",\"target\":[\"https:\/\/newsestlyonnais.fr\/site\/2019\/04\/10\/vaulx-en-velin-belle-reussite-de-la-1-atol-paddle-race\/\"]}]},{\"@type\":\"ImageObject\",\"inLanguage\":\"fr-FR\",\"@id\":\"https:\/\/newsestlyonnais.fr\/site\/2019\/04\/10\/vaulx-en-velin-belle-reussite-de-la-1-atol-paddle-race\/#primaryimage\",\"url\":\"https:\/\/newsestlyonnais.fr\/site\/wp-content\/uploads\/2019\/04\/NEWSESTLYONANIS-PADDLE-RACE-01.jpg\",\"contentUrl\":\"https:\/\/newsestlyonnais.fr\/site\/wp-content\/uploads\/2019\/04\/NEWSESTLYONANIS-PADDLE-RACE-01.jpg\",\"width\":720,\"height\":480,\"caption\":\"NEWSESTLYONANIS PADDLE RACE 01\"},{\"@type\":\"BreadcrumbList\",\"@id\":\"https:\/\/newsestlyonnais.fr\/site\/2019\/04\/10\/vaulx-en-velin-belle-reussite-de-la-1-atol-paddle-race\/#breadcrumb\",\"itemListElement\":[{\"@type\":\"ListItem\",\"position\":1,\"name\":\"Accueil\",\"item\":\"https:\/\/newsestlyonnais.fr\/site\/\"},{\"@type\":\"ListItem\",\"position\":2,\"name\":\"VAULX-EN-VELIN | Belle r\u00e9ussite de la 1\u00b0 Atol&rsquo; Paddle Race\"}]},{\"@type\":\"WebSite\",\"@id\":\"https:\/\/newsestlyonnais.fr\/site\/#website\",\"url\":\"https:\/\/newsestlyonnais.fr\/site\/\",\"name\":\"News Est Lyonnais\",\"description\":\"L&#039;actualit\u00e9 au plus pr\u00e8s\",\"publisher\":{\"@id\":\"https:\/\/newsestlyonnais.fr\/site\/#organization\"},\"potentialAction\":[{\"@type\":\"SearchAction\",\"target\":{\"@type\":\"EntryPoint\",\"urlTemplate\":\"https:\/\/newsestlyonnais.fr\/site\/?s={search_term_string}\"},\"query-input\":{\"@type\":\"PropertyValueSpecification\",\"valueRequired\":true,\"valueName\":\"search_term_string\"}}],\"inLanguage\":\"fr-FR\"},{\"@type\":\"Organization\",\"@id\":\"https:\/\/newsestlyonnais.fr\/site\/#organization\",\"name\":\"News EST LYONNAIS\",\"url\":\"https:\/\/newsestlyonnais.fr\/site\/\",\"logo\":{\"@type\":\"ImageObject\",\"inLanguage\":\"fr-FR\",\"@id\":\"https:\/\/newsestlyonnais.fr\/site\/#\/schema\/logo\/image\/\",\"url\":\"\",\"contentUrl\":\"\",\"caption\":\"News EST LYONNAIS\"},\"image\":{\"@id\":\"https:\/\/newsestlyonnais.fr\/site\/#\/schema\/logo\/image\/\"}},{\"@type\":\"Person\",\"@id\":\"https:\/\/newsestlyonnais.fr\/site\/#\/schema\/person\/3230d5615f390bb808365d673001e887\",\"name\":\"R\u00e9dac. NEWS\",\"sameAs\":[\"http:\/\/www.newsestlyonnais.fr\",\"https:\/\/www.facebook.com\/pascal.oberson.1?fref=ts\",\"https:\/\/fr.linkedin.com\/in\/pascal-oberson-b17045113\"],\"url\":\"https:\/\/newsestlyonnais.fr\/site\/author\/nel\/\"}]}<\/script>\n<!-- \/ Yoast SEO plugin. -->","yoast_head_json":{"title":"VAULX-EN-VELIN | Belle r\u00e9ussite de la 1\u00b0 Atol' Paddle Race - News Est Lyonnais","description":"Belle r\u00e9ussite de la 1\u00b0 Atol' Paddle Race. 86 participants pour cette premi\u00e8re avec des coureurs venus de plusieurs r\u00e9gions et de l'\u00e9tranger","robots":{"index":"index","follow":"follow","max-snippet":"max-snippet:-1","max-image-preview":"max-image-preview:large","max-video-preview":"max-video-preview:-1"},"canonical":"https:\/\/newsestlyonnais.fr\/site\/2019\/04\/10\/vaulx-en-velin-belle-reussite-de-la-1-atol-paddle-race\/","og_locale":"fr_FR","og_type":"article","og_title":"VAULX-EN-VELIN | Belle r\u00e9ussite de la 1\u00b0 Atol' Paddle Race - News Est Lyonnais","og_description":"Belle r\u00e9ussite de la 1\u00b0 Atol' Paddle Race. 86 participants pour cette premi\u00e8re avec des coureurs venus de plusieurs r\u00e9gions et de l'\u00e9tranger","og_url":"https:\/\/newsestlyonnais.fr\/site\/2019\/04\/10\/vaulx-en-velin-belle-reussite-de-la-1-atol-paddle-race\/","og_site_name":"News Est Lyonnais","article_author":"https:\/\/www.facebook.com\/pascal.oberson.1?fref=ts","article_published_time":"2019-04-10T12:33:12+00:00","article_modified_time":"2020-05-29T15:02:53+00:00","og_image":[{"width":720,"height":480,"url":"https:\/\/i0.wp.com\/newsestlyonnais.fr\/site\/wp-content\/uploads\/2019\/04\/NEWSESTLYONANIS-PADDLE-RACE-01.jpg?fit=720%2C480&ssl=1","type":"image\/jpeg"}],"author":"R\u00e9dac. NEWS","twitter_card":"summary_large_image","twitter_misc":{"\u00c9crit par":"R\u00e9dac. NEWS","Dur\u00e9e de lecture estim\u00e9e":"1 minute"},"schema":{"@context":"https:\/\/schema.org","@graph":[{"@type":"Article","@id":"https:\/\/newsestlyonnais.fr\/site\/2019\/04\/10\/vaulx-en-velin-belle-reussite-de-la-1-atol-paddle-race\/#article","isPartOf":{"@id":"https:\/\/newsestlyonnais.fr\/site\/2019\/04\/10\/vaulx-en-velin-belle-reussite-de-la-1-atol-paddle-race\/"},"author":{"name":"R\u00e9dac. NEWS","@id":"https:\/\/newsestlyonnais.fr\/site\/#\/schema\/person\/3230d5615f390bb808365d673001e887"},"headline":"VAULX-EN-VELIN | Belle r\u00e9ussite de la 1\u00b0 Atol&rsquo; Paddle Race","datePublished":"2019-04-10T12:33:12+00:00","dateModified":"2020-05-29T15:02:53+00:00","mainEntityOfPage":{"@id":"https:\/\/newsestlyonnais.fr\/site\/2019\/04\/10\/vaulx-en-velin-belle-reussite-de-la-1-atol-paddle-race\/"},"wordCount":154,"commentCount":0,"publisher":{"@id":"https:\/\/newsestlyonnais.fr\/site\/#organization"},"image":{"@id":"https:\/\/newsestlyonnais.fr\/site\/2019\/04\/10\/vaulx-en-velin-belle-reussite-de-la-1-atol-paddle-race\/#primaryimage"},"thumbnailUrl":"https:\/\/newsestlyonnais.fr\/site\/wp-content\/uploads\/2019\/04\/NEWSESTLYONANIS-PADDLE-RACE-01.jpg","keywords":["KAYAK","MIRIBEL JONAGE","PADDLE RACE","VAULX EN VELIN"],"articleSection":["Aviron | Kayak | Voile","Kayak","Vaulx-en-Velin"],"inLanguage":"fr-FR","potentialAction":[{"@type":"CommentAction","name":"Comment","target":["https:\/\/newsestlyonnais.fr\/site\/2019\/04\/10\/vaulx-en-velin-belle-reussite-de-la-1-atol-paddle-race\/#respond"]}]},{"@type":"WebPage","@id":"https:\/\/newsestlyonnais.fr\/site\/2019\/04\/10\/vaulx-en-velin-belle-reussite-de-la-1-atol-paddle-race\/","url":"https:\/\/newsestlyonnais.fr\/site\/2019\/04\/10\/vaulx-en-velin-belle-reussite-de-la-1-atol-paddle-race\/","name":"VAULX-EN-VELIN | Belle r\u00e9ussite de la 1\u00b0 Atol' Paddle Race - News Est Lyonnais","isPartOf":{"@id":"https:\/\/newsestlyonnais.fr\/site\/#website"},"primaryImageOfPage":{"@id":"https:\/\/newsestlyonnais.fr\/site\/2019\/04\/10\/vaulx-en-velin-belle-reussite-de-la-1-atol-paddle-race\/#primaryimage"},"image":{"@id":"https:\/\/newsestlyonnais.fr\/site\/2019\/04\/10\/vaulx-en-velin-belle-reussite-de-la-1-atol-paddle-race\/#primaryimage"},"thumbnailUrl":"https:\/\/newsestlyonnais.fr\/site\/wp-content\/uploads\/2019\/04\/NEWSESTLYONANIS-PADDLE-RACE-01.jpg","datePublished":"2019-04-10T12:33:12+00:00","dateModified":"2020-05-29T15:02:53+00:00","description":"Belle r\u00e9ussite de la 1\u00b0 Atol' Paddle Race. 86 participants pour cette premi\u00e8re avec des coureurs venus de plusieurs r\u00e9gions et de l'\u00e9tranger","breadcrumb":{"@id":"https:\/\/newsestlyonnais.fr\/site\/2019\/04\/10\/vaulx-en-velin-belle-reussite-de-la-1-atol-paddle-race\/#breadcrumb"},"inLanguage":"fr-FR","potentialAction":[{"@type":"ReadAction","target":["https:\/\/newsestlyonnais.fr\/site\/2019\/04\/10\/vaulx-en-velin-belle-reussite-de-la-1-atol-paddle-race\/"]}]},{"@type":"ImageObject","inLanguage":"fr-FR","@id":"https:\/\/newsestlyonnais.fr\/site\/2019\/04\/10\/vaulx-en-velin-belle-reussite-de-la-1-atol-paddle-race\/#primaryimage","url":"https:\/\/newsestlyonnais.fr\/site\/wp-content\/uploads\/2019\/04\/NEWSESTLYONANIS-PADDLE-RACE-01.jpg","contentUrl":"https:\/\/newsestlyonnais.fr\/site\/wp-content\/uploads\/2019\/04\/NEWSESTLYONANIS-PADDLE-RACE-01.jpg","width":720,"height":480,"caption":"NEWSESTLYONANIS PADDLE RACE 01"},{"@type":"BreadcrumbList","@id":"https:\/\/newsestlyonnais.fr\/site\/2019\/04\/10\/vaulx-en-velin-belle-reussite-de-la-1-atol-paddle-race\/#breadcrumb","itemListElement":[{"@type":"ListItem","position":1,"name":"Accueil","item":"https:\/\/newsestlyonnais.fr\/site\/"},{"@type":"ListItem","position":2,"name":"VAULX-EN-VELIN | Belle r\u00e9ussite de la 1\u00b0 Atol&rsquo; Paddle Race"}]},{"@type":"WebSite","@id":"https:\/\/newsestlyonnais.fr\/site\/#website","url":"https:\/\/newsestlyonnais.fr\/site\/","name":"News Est Lyonnais","description":"L&#039;actualit\u00e9 au plus pr\u00e8s","publisher":{"@id":"https:\/\/newsestlyonnais.fr\/site\/#organization"},"potentialAction":[{"@type":"SearchAction","target":{"@type":"EntryPoint","urlTemplate":"https:\/\/newsestlyonnais.fr\/site\/?s={search_term_string}"},"query-input":{"@type":"PropertyValueSpecification","valueRequired":true,"valueName":"search_term_string"}}],"inLanguage":"fr-FR"},{"@type":"Organization","@id":"https:\/\/newsestlyonnais.fr\/site\/#organization","name":"News EST LYONNAIS","url":"https:\/\/newsestlyonnais.fr\/site\/","logo":{"@type":"ImageObject","inLanguage":"fr-FR","@id":"https:\/\/newsestlyonnais.fr\/site\/#\/schema\/logo\/image\/","url":"","contentUrl":"","caption":"News EST LYONNAIS"},"image":{"@id":"https:\/\/newsestlyonnais.fr\/site\/#\/schema\/logo\/image\/"}},{"@type":"Person","@id":"https:\/\/newsestlyonnais.fr\/site\/#\/schema\/person\/3230d5615f390bb808365d673001e887","name":"R\u00e9dac. NEWS","sameAs":["http:\/\/www.newsestlyonnais.fr","https:\/\/www.facebook.com\/pascal.oberson.1?fref=ts","https:\/\/fr.linkedin.com\/in\/pascal-oberson-b17045113"],"url":"https:\/\/newsestlyonnais.fr\/site\/author\/nel\/"}]}},"_links":{"self":[{"href":"https:\/\/newsestlyonnais.fr\/site\/wp-json\/wp\/v2\/posts\/71036","targetHints":{"allow":["GET"]}}],"collection":[{"href":"https:\/\/newsestlyonnais.fr\/site\/wp-json\/wp\/v2\/posts"}],"about":[{"href":"https:\/\/newsestlyonnais.fr\/site\/wp-json\/wp\/v2\/types\/post"}],"author":[{"embeddable":true,"href":"https:\/\/newsestlyonnais.fr\/site\/wp-json\/wp\/v2\/users\/4"}],"replies":[{"embeddable":true,"href":"https:\/\/newsestlyonnais.fr\/site\/wp-json\/wp\/v2\/comments?post=71036"}],"version-history":[{"count":0,"href":"https:\/\/newsestlyonnais.fr\/site\/wp-json\/wp\/v2\/posts\/71036\/revisions"}],"wp:featuredmedia":[{"embeddable":true,"href":"https:\/\/newsestlyonnais.fr\/site\/wp-json\/wp\/v2\/media\/71066"}],"wp:attachment":[{"href":"https:\/\/newsestlyonnais.fr\/site\/wp-json\/wp\/v2\/media?parent=71036"}],"wp:term":[{"taxonomy":"category","embeddable":true,"href":"https:\/\/newsestlyonnais.fr\/site\/wp-json\/wp\/v2\/categories?post=71036"},{"taxonomy":"post_tag","embeddable":true,"href":"https:\/\/newsestlyonnais.fr\/site\/wp-json\/wp\/v2\/tags?post=71036"}],"curies":[{"name":"wp","href":"https:\/\/api.w.org\/{rel}","templated":true}]}}