{"id":71110,"date":"2019-04-11T05:32:33","date_gmt":"2019-04-11T04:32:33","guid":{"rendered":"http:\/\/newsestlyonnais.fr\/site\/?p=71110"},"modified":"2020-05-30T11:13:16","modified_gmt":"2020-05-30T10:13:16","slug":"genas-les-manifestations-davril","status":"publish","type":"post","link":"https:\/\/newsestlyonnais.fr\/site\/2019\/04\/11\/genas-les-manifestations-davril\/","title":{"rendered":"GENAS | Les manifestations d&rsquo;Avril"},"content":{"rendered":"\r\n<h4 class=\"wp-block-heading\">R\u00e9union publique, exposition, f\u00eate du printemps, rallye cyclo et inauguration sont programm\u00e9s ce mois.<\/h4>\r\n\r\n\r\n\r\n<ul class=\"wp-block-list\">\r\n<li><strong>Jeudi 11 avril \u00e0 19 h : R\u00e9union publique n\u00b0 151<\/strong> sur le projet d\u2019 am\u00e9nagements au complexe Marcel Gonzal\u00e8s. (Salle des mariages, H\u00f4tel de ville de Genas).<\/li>\r\n<li><strong>Vendredi 12 avril \u00e0 20 h : Concert de 2 harmonies <\/strong>&#8211; Harmonie de Genas. (Atrium de l\u2019h\u00f4tel de ville).<\/li>\r\n<li><strong>Samedi 13 avril \u00e0 partir de 9 h : Exposition d\u2019\u00e9tiquettes de vin &#8211;<\/strong> Amicale des collectionneurs d\u2019\u00e9tiquettes. (Salle Saint-Andr\u00e9).<\/li>\r\n<li><strong>Dimanche 14 avril \u00e0 partir de 8 h<\/strong> : <strong>F\u00eate du Printemps<\/strong> \/ Comit\u00e9 des f\u00eates. (Place de la R\u00e9publique) <strong>&amp; \u00e0 partir de 10 h : Matin\u00e9e d\u00e9couverte \u00ab baby &#8211; papy &#8211; ping \u00bb \/ <\/strong>ESGA Tennis de table. (Salle Jacques Anquetil).<\/li>\r\n<li><strong>Mercredi 24 avril \u00e0 19 h : Lecture musicale <\/strong>\u00ab Lire entre les cordes \u00bb &#8211; (Ludo &#8211; m\u00e9diath\u00e8que &#8211; Neutrino Th\u00e9\u00e2tre).<\/li>\r\n<li><strong>Samedi 27 avril \u00e0 partir de 7 h : Rallye Genas<\/strong> \/ ESGA Cyclo. (D\u00e9part du complexe Marcel Gonzal\u00e8s) <strong>&amp; \u00e0 partir de 9 h : Fleurs en f\u00eate \/<\/strong> Comit\u00e9 des f\u00eates. (Halle de Ronshausen).<\/li>\r\n<li><strong>Lundi 29 avril \u00e0 18 h : S\u00e9ance pl\u00e9ni\u00e8re du Conseil Municipal d\u2019Enfants<\/strong>. (Salle des mariages, H\u00f4tel de ville de Genas).<\/li>\r\n<li><strong>Mardi 30 avril \u00e0 19 h : Inauguration des am\u00e9nagements des abords de la salle Le Gen\u00eat<\/strong>. (Abords de la salle Le Gen\u00eat).<\/li>\r\n<\/ul>\r\n\r\n\r\n\r\n<p><em><strong>L\u2019ACTU de la commune est sur : <a href=\"http:\/\/genas.fr\" target=\"_blank\" rel=\"noreferrer noopener\">http:\/\/genas.fr<\/a><\/strong><\/em><\/p>\r\n\r\n\r\n\r\n<div class=\"wp-block-jetpack-slideshow aligncenter\" data-effect=\"slide\">\r\n<div class=\"wp-block-jetpack-slideshow_container swiper-container\">\r\n<ul class=\"wp-block-jetpack-slideshow_swiper-wrappper swiper-wrapper\">\r\n<li class=\"wp-block-jetpack-slideshow_slide swiper-slide\">\r\n<figure><img loading=\"lazy\" decoding=\"async\" width=\"692\" height=\"960\" class=\"wp-block-jetpack-slideshow_image wp-image-71017\" src=\"https:\/\/newsestlyonnais.fr\/site\/medias\/2019\/04\/NEWSESTLYONNAIS-CONCERT-HARM-GENAS.jpg\" alt=\"NEWSESTLYONNAIS CONCERT HARM GENAS\" data-id=\"71017\" srcset=\"https:\/\/newsestlyonnais.fr\/site\/wp-content\/uploads\/2019\/04\/NEWSESTLYONNAIS-CONCERT-HARM-GENAS.jpg 692w, https:\/\/newsestlyonnais.fr\/site\/wp-content\/uploads\/2019\/04\/NEWSESTLYONNAIS-CONCERT-HARM-GENAS-216x300.jpg 216w, https:\/\/newsestlyonnais.fr\/site\/wp-content\/uploads\/2019\/04\/NEWSESTLYONNAIS-CONCERT-HARM-GENAS-541x750.jpg 541w, https:\/\/newsestlyonnais.fr\/site\/wp-content\/uploads\/2019\/04\/NEWSESTLYONNAIS-CONCERT-HARM-GENAS-600x832.jpg 600w\" sizes=\"auto, (max-width: 692px) 100vw, 692px\" \/>\r\n<figcaption class=\"wp-block-jetpack-slideshow_caption gallery-caption\">CONCERT HARMONIE<\/figcaption>\r\n<\/figure>\r\n<\/li>\r\n<li class=\"wp-block-jetpack-slideshow_slide swiper-slide\">\r\n<figure><img loading=\"lazy\" decoding=\"async\" width=\"874\" height=\"1240\" class=\"wp-block-jetpack-slideshow_image wp-image-67767\" src=\"https:\/\/newsestlyonnais.fr\/site\/medias\/2019\/02\/NEWSESTLYONNAIS-Affiche-EXPO-2019.jpg\" alt=\"NEWSESTLYONNAIS Affiche EXPO-2019\" data-id=\"67767\" srcset=\"https:\/\/newsestlyonnais.fr\/site\/wp-content\/uploads\/2019\/02\/NEWSESTLYONNAIS-Affiche-EXPO-2019.jpg 874w, https:\/\/newsestlyonnais.fr\/site\/wp-content\/uploads\/2019\/02\/NEWSESTLYONNAIS-Affiche-EXPO-2019-211x300.jpg 211w, https:\/\/newsestlyonnais.fr\/site\/wp-content\/uploads\/2019\/02\/NEWSESTLYONNAIS-Affiche-EXPO-2019-768x1090.jpg 768w, https:\/\/newsestlyonnais.fr\/site\/wp-content\/uploads\/2019\/02\/NEWSESTLYONNAIS-Affiche-EXPO-2019-529x750.jpg 529w, https:\/\/newsestlyonnais.fr\/site\/wp-content\/uploads\/2019\/02\/NEWSESTLYONNAIS-Affiche-EXPO-2019-600x851.jpg 600w\" sizes=\"auto, (max-width: 874px) 100vw, 874px\" \/>\r\n<figcaption class=\"wp-block-jetpack-slideshow_caption gallery-caption\">EXPO ETIQUETTES<\/figcaption>\r\n<\/figure>\r\n<\/li>\r\n<li class=\"wp-block-jetpack-slideshow_slide swiper-slide\">\r\n<figure><img loading=\"lazy\" decoding=\"async\" width=\"311\" height=\"309\" class=\"wp-block-jetpack-slideshow_image wp-image-70386\" src=\"https:\/\/newsestlyonnais.fr\/site\/medias\/2019\/04\/NEWSESTLYONNAIS-FETE-PRINTEMPS-2019.jpg\" alt=\"NEWSESTLYONNAIS FETE PRINTEMPS 2019\" data-id=\"70386\" srcset=\"https:\/\/newsestlyonnais.fr\/site\/wp-content\/uploads\/2019\/04\/NEWSESTLYONNAIS-FETE-PRINTEMPS-2019.jpg 311w, https:\/\/newsestlyonnais.fr\/site\/wp-content\/uploads\/2019\/04\/NEWSESTLYONNAIS-FETE-PRINTEMPS-2019-150x150.jpg 150w, https:\/\/newsestlyonnais.fr\/site\/wp-content\/uploads\/2019\/04\/NEWSESTLYONNAIS-FETE-PRINTEMPS-2019-302x300.jpg 302w\" sizes=\"auto, (max-width: 311px) 100vw, 311px\" \/>\r\n<figcaption class=\"wp-block-jetpack-slideshow_caption gallery-caption\">FETE DU PRINTEMPS<\/figcaption>\r\n<\/figure>\r\n<\/li>\r\n<li class=\"wp-block-jetpack-slideshow_slide swiper-slide\">\r\n<figure><img loading=\"lazy\" decoding=\"async\" width=\"684\" height=\"813\" class=\"wp-block-jetpack-slideshow_image wp-image-68558\" src=\"https:\/\/newsestlyonnais.fr\/site\/medias\/2018\/12\/NEWSESTLYONNAIS-RALLYE-CYCLO-2019.png\" alt=\"NEWSESTLYONNAIS RALLYE CYCLO 2019\" data-id=\"68558\" srcset=\"https:\/\/newsestlyonnais.fr\/site\/wp-content\/uploads\/2018\/12\/NEWSESTLYONNAIS-RALLYE-CYCLO-2019.png 684w, https:\/\/newsestlyonnais.fr\/site\/wp-content\/uploads\/2018\/12\/NEWSESTLYONNAIS-RALLYE-CYCLO-2019-252x300.png 252w, https:\/\/newsestlyonnais.fr\/site\/wp-content\/uploads\/2018\/12\/NEWSESTLYONNAIS-RALLYE-CYCLO-2019-631x750.png 631w, https:\/\/newsestlyonnais.fr\/site\/wp-content\/uploads\/2018\/12\/NEWSESTLYONNAIS-RALLYE-CYCLO-2019-600x713.png 600w\" sizes=\"auto, (max-width: 684px) 100vw, 684px\" \/>\r\n<figcaption class=\"wp-block-jetpack-slideshow_caption gallery-caption\">RALLYE CYCLO DE GENAS<\/figcaption>\r\n<\/figure>\r\n<\/li>\r\n<li class=\"wp-block-jetpack-slideshow_slide swiper-slide\">\r\n<figure><img loading=\"lazy\" decoding=\"async\" width=\"364\" height=\"181\" class=\"wp-block-jetpack-slideshow_image wp-image-70385\" src=\"https:\/\/newsestlyonnais.fr\/site\/medias\/2019\/04\/NEWSESTLYONNAIS-FETE-FLEURS.png\" alt=\"NEWSESTLYONNAIS FETE FLEURS\" data-id=\"70385\" \/>\r\n<figcaption class=\"wp-block-jetpack-slideshow_caption gallery-caption\">FETE DES FLEURS<\/figcaption>\r\n<\/figure>\r\n<\/li>\r\n<\/ul>\r\n<div class=\"wp-block-jetpack-slideshow_pagination swiper-pagination swiper-pagination-white\">\u00a0<\/div>\r\n<\/div>\r\n<\/div>\r\n","protected":false},"excerpt":{"rendered":"<p>R\u00e9union publique, exposition, f\u00eate du printemps, rallye cyclo et inauguration sont programm\u00e9s ce mois.<\/p>\n","protected":false},"author":4,"featured_media":61436,"comment_status":"open","ping_status":"open","sticky":false,"template":"","format":"standard","meta":{"footnotes":""},"categories":[30,3002,1598,3010,2],"tags":[1991,2005,2059],"class_list":["post-71110","post","type-post","status-publish","format-standard","has-post-thumbnail","hentry","category-a-la-une","category-brocantes-collections-3","category-genas","category-nature-environnement-culture-et-loisirs","category-sports","tag-agenda","tag-genas","tag-manifestations"],"yoast_head":"<!-- This site is optimized with the Yoast SEO plugin v27.2 - https:\/\/yoast.com\/product\/yoast-seo-wordpress\/ -->\n<title>GENAS | Les manifestations d&#039;Avril - News Est Lyonnais<\/title>\n<meta name=\"description\" content=\"GENAS : l&#039;agenda d&#039;avril. R\u00e9union publique, exposition, f\u00eate du printemps, rallye cyclo et inauguration sont programm\u00e9s ce mois.\" \/>\n<meta name=\"robots\" content=\"index, follow, max-snippet:-1, max-image-preview:large, max-video-preview:-1\" \/>\n<link rel=\"canonical\" href=\"https:\/\/newsestlyonnais.fr\/site\/2019\/04\/11\/genas-les-manifestations-davril\/\" \/>\n<meta property=\"og:locale\" content=\"fr_FR\" \/>\n<meta property=\"og:type\" content=\"article\" \/>\n<meta property=\"og:title\" content=\"GENAS | Les manifestations d&#039;Avril - News Est Lyonnais\" \/>\n<meta property=\"og:description\" content=\"GENAS : l&#039;agenda d&#039;avril. R\u00e9union publique, exposition, f\u00eate du printemps, rallye cyclo et inauguration sont programm\u00e9s ce mois.\" \/>\n<meta property=\"og:url\" content=\"https:\/\/newsestlyonnais.fr\/site\/2019\/04\/11\/genas-les-manifestations-davril\/\" \/>\n<meta property=\"og:site_name\" content=\"News Est Lyonnais\" \/>\n<meta property=\"article:author\" content=\"https:\/\/www.facebook.com\/pascal.oberson.1?fref=ts\" \/>\n<meta property=\"article:published_time\" content=\"2019-04-11T04:32:33+00:00\" \/>\n<meta property=\"article:modified_time\" content=\"2020-05-30T10:13:16+00:00\" \/>\n<meta property=\"og:image\" content=\"https:\/\/i2.wp.com\/newsestlyonnais.fr\/site\/wp-content\/uploads\/2018\/12\/NEWSESTLYONNAIS-EGLISE-GENAS-02.jpg?fit=2048%2C1536&ssl=1\" \/>\n\t<meta property=\"og:image:width\" content=\"2048\" \/>\n\t<meta property=\"og:image:height\" content=\"1536\" \/>\n\t<meta property=\"og:image:type\" content=\"image\/jpeg\" \/>\n<meta name=\"author\" content=\"R\u00e9dac. NEWS\" \/>\n<meta name=\"twitter:card\" content=\"summary_large_image\" \/>\n<meta name=\"twitter:label1\" content=\"\u00c9crit par\" \/>\n\t<meta name=\"twitter:data1\" content=\"R\u00e9dac. NEWS\" \/>\n\t<meta name=\"twitter:label2\" content=\"Dur\u00e9e de lecture estim\u00e9e\" \/>\n\t<meta name=\"twitter:data2\" content=\"1 minute\" \/>\n<script type=\"application\/ld+json\" class=\"yoast-schema-graph\">{\"@context\":\"https:\/\/schema.org\",\"@graph\":[{\"@type\":\"Article\",\"@id\":\"https:\/\/newsestlyonnais.fr\/site\/2019\/04\/11\/genas-les-manifestations-davril\/#article\",\"isPartOf\":{\"@id\":\"https:\/\/newsestlyonnais.fr\/site\/2019\/04\/11\/genas-les-manifestations-davril\/\"},\"author\":{\"name\":\"R\u00e9dac. NEWS\",\"@id\":\"https:\/\/newsestlyonnais.fr\/site\/#\/schema\/person\/3230d5615f390bb808365d673001e887\"},\"headline\":\"GENAS | Les manifestations d&rsquo;Avril\",\"datePublished\":\"2019-04-11T04:32:33+00:00\",\"dateModified\":\"2020-05-30T10:13:16+00:00\",\"mainEntityOfPage\":{\"@id\":\"https:\/\/newsestlyonnais.fr\/site\/2019\/04\/11\/genas-les-manifestations-davril\/\"},\"wordCount\":240,\"commentCount\":0,\"publisher\":{\"@id\":\"https:\/\/newsestlyonnais.fr\/site\/#organization\"},\"image\":{\"@id\":\"https:\/\/newsestlyonnais.fr\/site\/2019\/04\/11\/genas-les-manifestations-davril\/#primaryimage\"},\"thumbnailUrl\":\"https:\/\/newsestlyonnais.fr\/site\/wp-content\/uploads\/2018\/12\/NEWSESTLYONNAIS-EGLISE-GENAS-02.jpg\",\"keywords\":[\"AGENDA\",\"GENAS\",\"MANIFESTATIONS\"],\"articleSection\":[\"\u00e0 la une\",\"Brocantes | Collections\",\"Genas\",\"Nature | Environnement | Chasse\",\"Sports\"],\"inLanguage\":\"fr-FR\",\"potentialAction\":[{\"@type\":\"CommentAction\",\"name\":\"Comment\",\"target\":[\"https:\/\/newsestlyonnais.fr\/site\/2019\/04\/11\/genas-les-manifestations-davril\/#respond\"]}]},{\"@type\":\"WebPage\",\"@id\":\"https:\/\/newsestlyonnais.fr\/site\/2019\/04\/11\/genas-les-manifestations-davril\/\",\"url\":\"https:\/\/newsestlyonnais.fr\/site\/2019\/04\/11\/genas-les-manifestations-davril\/\",\"name\":\"GENAS | Les manifestations d'Avril - News Est Lyonnais\",\"isPartOf\":{\"@id\":\"https:\/\/newsestlyonnais.fr\/site\/#website\"},\"primaryImageOfPage\":{\"@id\":\"https:\/\/newsestlyonnais.fr\/site\/2019\/04\/11\/genas-les-manifestations-davril\/#primaryimage\"},\"image\":{\"@id\":\"https:\/\/newsestlyonnais.fr\/site\/2019\/04\/11\/genas-les-manifestations-davril\/#primaryimage\"},\"thumbnailUrl\":\"https:\/\/newsestlyonnais.fr\/site\/wp-content\/uploads\/2018\/12\/NEWSESTLYONNAIS-EGLISE-GENAS-02.jpg\",\"datePublished\":\"2019-04-11T04:32:33+00:00\",\"dateModified\":\"2020-05-30T10:13:16+00:00\",\"description\":\"GENAS : l'agenda d'avril. R\u00e9union publique, exposition, f\u00eate du printemps, rallye cyclo et inauguration sont programm\u00e9s ce mois.\",\"breadcrumb\":{\"@id\":\"https:\/\/newsestlyonnais.fr\/site\/2019\/04\/11\/genas-les-manifestations-davril\/#breadcrumb\"},\"inLanguage\":\"fr-FR\",\"potentialAction\":[{\"@type\":\"ReadAction\",\"target\":[\"https:\/\/newsestlyonnais.fr\/site\/2019\/04\/11\/genas-les-manifestations-davril\/\"]}]},{\"@type\":\"ImageObject\",\"inLanguage\":\"fr-FR\",\"@id\":\"https:\/\/newsestlyonnais.fr\/site\/2019\/04\/11\/genas-les-manifestations-davril\/#primaryimage\",\"url\":\"https:\/\/newsestlyonnais.fr\/site\/wp-content\/uploads\/2018\/12\/NEWSESTLYONNAIS-EGLISE-GENAS-02.jpg\",\"contentUrl\":\"https:\/\/newsestlyonnais.fr\/site\/wp-content\/uploads\/2018\/12\/NEWSESTLYONNAIS-EGLISE-GENAS-02.jpg\",\"width\":2048,\"height\":1536,\"caption\":\"NEWSESTLYONNAIS EGLISE GENAS 02\"},{\"@type\":\"BreadcrumbList\",\"@id\":\"https:\/\/newsestlyonnais.fr\/site\/2019\/04\/11\/genas-les-manifestations-davril\/#breadcrumb\",\"itemListElement\":[{\"@type\":\"ListItem\",\"position\":1,\"name\":\"Accueil\",\"item\":\"https:\/\/newsestlyonnais.fr\/site\/\"},{\"@type\":\"ListItem\",\"position\":2,\"name\":\"GENAS | Les manifestations d&rsquo;Avril\"}]},{\"@type\":\"WebSite\",\"@id\":\"https:\/\/newsestlyonnais.fr\/site\/#website\",\"url\":\"https:\/\/newsestlyonnais.fr\/site\/\",\"name\":\"News Est Lyonnais\",\"description\":\"L&#039;actualit\u00e9 au plus pr\u00e8s\",\"publisher\":{\"@id\":\"https:\/\/newsestlyonnais.fr\/site\/#organization\"},\"potentialAction\":[{\"@type\":\"SearchAction\",\"target\":{\"@type\":\"EntryPoint\",\"urlTemplate\":\"https:\/\/newsestlyonnais.fr\/site\/?s={search_term_string}\"},\"query-input\":{\"@type\":\"PropertyValueSpecification\",\"valueRequired\":true,\"valueName\":\"search_term_string\"}}],\"inLanguage\":\"fr-FR\"},{\"@type\":\"Organization\",\"@id\":\"https:\/\/newsestlyonnais.fr\/site\/#organization\",\"name\":\"News EST LYONNAIS\",\"url\":\"https:\/\/newsestlyonnais.fr\/site\/\",\"logo\":{\"@type\":\"ImageObject\",\"inLanguage\":\"fr-FR\",\"@id\":\"https:\/\/newsestlyonnais.fr\/site\/#\/schema\/logo\/image\/\",\"url\":\"\",\"contentUrl\":\"\",\"caption\":\"News EST LYONNAIS\"},\"image\":{\"@id\":\"https:\/\/newsestlyonnais.fr\/site\/#\/schema\/logo\/image\/\"}},{\"@type\":\"Person\",\"@id\":\"https:\/\/newsestlyonnais.fr\/site\/#\/schema\/person\/3230d5615f390bb808365d673001e887\",\"name\":\"R\u00e9dac. NEWS\",\"sameAs\":[\"http:\/\/www.newsestlyonnais.fr\",\"https:\/\/www.facebook.com\/pascal.oberson.1?fref=ts\",\"https:\/\/fr.linkedin.com\/in\/pascal-oberson-b17045113\"],\"url\":\"https:\/\/newsestlyonnais.fr\/site\/author\/nel\/\"}]}<\/script>\n<!-- \/ Yoast SEO plugin. -->","yoast_head_json":{"title":"GENAS | Les manifestations d'Avril - News Est Lyonnais","description":"GENAS : l'agenda d'avril. R\u00e9union publique, exposition, f\u00eate du printemps, rallye cyclo et inauguration sont programm\u00e9s ce mois.","robots":{"index":"index","follow":"follow","max-snippet":"max-snippet:-1","max-image-preview":"max-image-preview:large","max-video-preview":"max-video-preview:-1"},"canonical":"https:\/\/newsestlyonnais.fr\/site\/2019\/04\/11\/genas-les-manifestations-davril\/","og_locale":"fr_FR","og_type":"article","og_title":"GENAS | Les manifestations d'Avril - News Est Lyonnais","og_description":"GENAS : l'agenda d'avril. R\u00e9union publique, exposition, f\u00eate du printemps, rallye cyclo et inauguration sont programm\u00e9s ce mois.","og_url":"https:\/\/newsestlyonnais.fr\/site\/2019\/04\/11\/genas-les-manifestations-davril\/","og_site_name":"News Est Lyonnais","article_author":"https:\/\/www.facebook.com\/pascal.oberson.1?fref=ts","article_published_time":"2019-04-11T04:32:33+00:00","article_modified_time":"2020-05-30T10:13:16+00:00","og_image":[{"width":2048,"height":1536,"url":"https:\/\/i2.wp.com\/newsestlyonnais.fr\/site\/wp-content\/uploads\/2018\/12\/NEWSESTLYONNAIS-EGLISE-GENAS-02.jpg?fit=2048%2C1536&ssl=1","type":"image\/jpeg"}],"author":"R\u00e9dac. NEWS","twitter_card":"summary_large_image","twitter_misc":{"\u00c9crit par":"R\u00e9dac. NEWS","Dur\u00e9e de lecture estim\u00e9e":"1 minute"},"schema":{"@context":"https:\/\/schema.org","@graph":[{"@type":"Article","@id":"https:\/\/newsestlyonnais.fr\/site\/2019\/04\/11\/genas-les-manifestations-davril\/#article","isPartOf":{"@id":"https:\/\/newsestlyonnais.fr\/site\/2019\/04\/11\/genas-les-manifestations-davril\/"},"author":{"name":"R\u00e9dac. NEWS","@id":"https:\/\/newsestlyonnais.fr\/site\/#\/schema\/person\/3230d5615f390bb808365d673001e887"},"headline":"GENAS | Les manifestations d&rsquo;Avril","datePublished":"2019-04-11T04:32:33+00:00","dateModified":"2020-05-30T10:13:16+00:00","mainEntityOfPage":{"@id":"https:\/\/newsestlyonnais.fr\/site\/2019\/04\/11\/genas-les-manifestations-davril\/"},"wordCount":240,"commentCount":0,"publisher":{"@id":"https:\/\/newsestlyonnais.fr\/site\/#organization"},"image":{"@id":"https:\/\/newsestlyonnais.fr\/site\/2019\/04\/11\/genas-les-manifestations-davril\/#primaryimage"},"thumbnailUrl":"https:\/\/newsestlyonnais.fr\/site\/wp-content\/uploads\/2018\/12\/NEWSESTLYONNAIS-EGLISE-GENAS-02.jpg","keywords":["AGENDA","GENAS","MANIFESTATIONS"],"articleSection":["\u00e0 la une","Brocantes | Collections","Genas","Nature | Environnement | Chasse","Sports"],"inLanguage":"fr-FR","potentialAction":[{"@type":"CommentAction","name":"Comment","target":["https:\/\/newsestlyonnais.fr\/site\/2019\/04\/11\/genas-les-manifestations-davril\/#respond"]}]},{"@type":"WebPage","@id":"https:\/\/newsestlyonnais.fr\/site\/2019\/04\/11\/genas-les-manifestations-davril\/","url":"https:\/\/newsestlyonnais.fr\/site\/2019\/04\/11\/genas-les-manifestations-davril\/","name":"GENAS | Les manifestations d'Avril - News Est Lyonnais","isPartOf":{"@id":"https:\/\/newsestlyonnais.fr\/site\/#website"},"primaryImageOfPage":{"@id":"https:\/\/newsestlyonnais.fr\/site\/2019\/04\/11\/genas-les-manifestations-davril\/#primaryimage"},"image":{"@id":"https:\/\/newsestlyonnais.fr\/site\/2019\/04\/11\/genas-les-manifestations-davril\/#primaryimage"},"thumbnailUrl":"https:\/\/newsestlyonnais.fr\/site\/wp-content\/uploads\/2018\/12\/NEWSESTLYONNAIS-EGLISE-GENAS-02.jpg","datePublished":"2019-04-11T04:32:33+00:00","dateModified":"2020-05-30T10:13:16+00:00","description":"GENAS : l'agenda d'avril. R\u00e9union publique, exposition, f\u00eate du printemps, rallye cyclo et inauguration sont programm\u00e9s ce mois.","breadcrumb":{"@id":"https:\/\/newsestlyonnais.fr\/site\/2019\/04\/11\/genas-les-manifestations-davril\/#breadcrumb"},"inLanguage":"fr-FR","potentialAction":[{"@type":"ReadAction","target":["https:\/\/newsestlyonnais.fr\/site\/2019\/04\/11\/genas-les-manifestations-davril\/"]}]},{"@type":"ImageObject","inLanguage":"fr-FR","@id":"https:\/\/newsestlyonnais.fr\/site\/2019\/04\/11\/genas-les-manifestations-davril\/#primaryimage","url":"https:\/\/newsestlyonnais.fr\/site\/wp-content\/uploads\/2018\/12\/NEWSESTLYONNAIS-EGLISE-GENAS-02.jpg","contentUrl":"https:\/\/newsestlyonnais.fr\/site\/wp-content\/uploads\/2018\/12\/NEWSESTLYONNAIS-EGLISE-GENAS-02.jpg","width":2048,"height":1536,"caption":"NEWSESTLYONNAIS EGLISE GENAS 02"},{"@type":"BreadcrumbList","@id":"https:\/\/newsestlyonnais.fr\/site\/2019\/04\/11\/genas-les-manifestations-davril\/#breadcrumb","itemListElement":[{"@type":"ListItem","position":1,"name":"Accueil","item":"https:\/\/newsestlyonnais.fr\/site\/"},{"@type":"ListItem","position":2,"name":"GENAS | Les manifestations d&rsquo;Avril"}]},{"@type":"WebSite","@id":"https:\/\/newsestlyonnais.fr\/site\/#website","url":"https:\/\/newsestlyonnais.fr\/site\/","name":"News Est Lyonnais","description":"L&#039;actualit\u00e9 au plus pr\u00e8s","publisher":{"@id":"https:\/\/newsestlyonnais.fr\/site\/#organization"},"potentialAction":[{"@type":"SearchAction","target":{"@type":"EntryPoint","urlTemplate":"https:\/\/newsestlyonnais.fr\/site\/?s={search_term_string}"},"query-input":{"@type":"PropertyValueSpecification","valueRequired":true,"valueName":"search_term_string"}}],"inLanguage":"fr-FR"},{"@type":"Organization","@id":"https:\/\/newsestlyonnais.fr\/site\/#organization","name":"News EST LYONNAIS","url":"https:\/\/newsestlyonnais.fr\/site\/","logo":{"@type":"ImageObject","inLanguage":"fr-FR","@id":"https:\/\/newsestlyonnais.fr\/site\/#\/schema\/logo\/image\/","url":"","contentUrl":"","caption":"News EST LYONNAIS"},"image":{"@id":"https:\/\/newsestlyonnais.fr\/site\/#\/schema\/logo\/image\/"}},{"@type":"Person","@id":"https:\/\/newsestlyonnais.fr\/site\/#\/schema\/person\/3230d5615f390bb808365d673001e887","name":"R\u00e9dac. NEWS","sameAs":["http:\/\/www.newsestlyonnais.fr","https:\/\/www.facebook.com\/pascal.oberson.1?fref=ts","https:\/\/fr.linkedin.com\/in\/pascal-oberson-b17045113"],"url":"https:\/\/newsestlyonnais.fr\/site\/author\/nel\/"}]}},"_links":{"self":[{"href":"https:\/\/newsestlyonnais.fr\/site\/wp-json\/wp\/v2\/posts\/71110","targetHints":{"allow":["GET"]}}],"collection":[{"href":"https:\/\/newsestlyonnais.fr\/site\/wp-json\/wp\/v2\/posts"}],"about":[{"href":"https:\/\/newsestlyonnais.fr\/site\/wp-json\/wp\/v2\/types\/post"}],"author":[{"embeddable":true,"href":"https:\/\/newsestlyonnais.fr\/site\/wp-json\/wp\/v2\/users\/4"}],"replies":[{"embeddable":true,"href":"https:\/\/newsestlyonnais.fr\/site\/wp-json\/wp\/v2\/comments?post=71110"}],"version-history":[{"count":0,"href":"https:\/\/newsestlyonnais.fr\/site\/wp-json\/wp\/v2\/posts\/71110\/revisions"}],"wp:featuredmedia":[{"embeddable":true,"href":"https:\/\/newsestlyonnais.fr\/site\/wp-json\/wp\/v2\/media\/61436"}],"wp:attachment":[{"href":"https:\/\/newsestlyonnais.fr\/site\/wp-json\/wp\/v2\/media?parent=71110"}],"wp:term":[{"taxonomy":"category","embeddable":true,"href":"https:\/\/newsestlyonnais.fr\/site\/wp-json\/wp\/v2\/categories?post=71110"},{"taxonomy":"post_tag","embeddable":true,"href":"https:\/\/newsestlyonnais.fr\/site\/wp-json\/wp\/v2\/tags?post=71110"}],"curies":[{"name":"wp","href":"https:\/\/api.w.org\/{rel}","templated":true}]}}