{"id":71471,"date":"2019-04-15T09:41:12","date_gmt":"2019-04-15T08:41:12","guid":{"rendered":"http:\/\/newsestlyonnais.fr\/site\/?p=71471"},"modified":"2020-11-12T11:15:29","modified_gmt":"2020-11-12T10:15:29","slug":"transports-le-dispositif-de-descente-a-la-demande-etendu","status":"publish","type":"post","link":"https:\/\/newsestlyonnais.fr\/site\/2019\/04\/15\/transports-le-dispositif-de-descente-a-la-demande-etendu\/","title":{"rendered":"TRANSPORTS | Le dispositif de descente \u00e0 la demande \u00e9tendu"},"content":{"rendered":"\n<h4 class=\"wp-block-heading\">A l\u2019occasion de la journ\u00e9e internationale des droits des femmes, le SYTRAL lan\u00e7ait le 8 mars, un nouveau service initi\u00e9 pour rassurer: la descente \u00e0 la demande. <\/h4>\n\n\n\n<p>Cette exp\u00e9rimentation, qui a pour objectif de renforcer la s\u00e9curit\u00e9 des voyageurs et notamment des femmes, la nuit, permet de descendre du bus entre 2 arr\u00eats, afin d\u2019\u00eatre d\u00e9pos\u00e9 au plus pr\u00e8s de sa destination.<\/p>\n\n\n\n<p>Initi\u00e9 depuis plus d\u2019un mois sur la ligne C14, <strong>le dispositif d\u00e9ploy\u00e9 chaque soir \u00e0 partir de 22 h a d\u00e9j\u00e0 \u00e9t\u00e9 sollicit\u00e9 par plus de 50 voyageurs<\/strong>. <strong>Ce nouveau service sera d\u00e8s ce lundi 15 avril, \u00e9galement disponible sur les lignes 7, 52, C5 et C12<\/strong>, qui ont fait l\u2019objet de marches exploratoires.  <\/p>\n\n\n\n<p>S\u2019inscrivant dans le plan de lutte contre les violences faites aux femmes, le  <strong>SYTRAL est le premier r\u00e9seau fran\u00e7ais de transport urbain \u00e0 avoir mis en \u0153uvre des marches exploratoires en 2015.<\/strong> Des femmes utilisatrices du r\u00e9seau TCL, effectuent leur trajet habituel, accompagn\u00e9es par des experts de la mobilit\u00e9 et de la s\u00e9curit\u00e9, dans le but d\u2019identifier des contextes et \u00e9l\u00e9ments \u00e0 l\u2019origine d\u2019un sentiment d\u2019ins\u00e9curit\u00e9. A l\u2019issue des marches  exploratoires, ces volontaires appel\u00e9es  \u00ab  ambassadrices  \u00bb font des pr\u00e9conisations et des propositions concr\u00e8tes d&rsquo;am\u00e9lioration de leurs  conditions de d\u00e9placements : am\u00e9nagement autour des arr\u00eats, propret\u00e9 des v\u00e9hicules, confort visuel, vid\u00e9oprotection.  <\/p>\n\n\n\n<p>La descente \u00e0 la demande \u00e9mane des pr\u00e9conisations issues des marches  exploratoires. Engag\u00e9es dans cette d\u00e9marche citoyenne, <strong>28 ambassadrices  se  sont d\u00e9j\u00e0 mobilis\u00e9es<\/strong> pour am\u00e9liorer les conditions de s\u00e9curit\u00e9 sur le  r\u00e9seau TCL. Les prochaines marches d\u00e9marrent sur la ligne 80 avec de nouvelles volontaires. <\/p>\n","protected":false},"excerpt":{"rendered":"<p>A l\u2019occasion de la journ\u00e9e internationale des droits des femmes, le SYTRAL lan\u00e7ait le 8 mars, un nouveau service initi\u00e9 pour rassurer : la descente \u00e0 la demande. <\/p>\n","protected":false},"author":4,"featured_media":25760,"comment_status":"open","ping_status":"open","sticky":false,"template":"","format":"standard","meta":{"footnotes":""},"categories":[19,1625,787,309,13,28,1298,29],"tags":[],"class_list":["post-71471","post","type-post","status-publish","format-standard","has-post-thumbnail","hentry","category-bron","category-lyon","category-ptites-news","category-pratique","category-transports-circulation","category-vaulx-en-velin","category-venissieux","category-villeurbanne"],"yoast_head":"<!-- This site is optimized with the Yoast SEO plugin v27.2 - https:\/\/yoast.com\/product\/yoast-seo-wordpress\/ -->\n<title>TRANSPORTS | Le dispositif de descente \u00e0 la demande \u00e9tendu - News Est Lyonnais<\/title>\n<meta name=\"description\" content=\"Nouveau dispositif lanc\u00e9 par le SYTRL de descente \u00e0 la demande \u00e9tendu, service initi\u00e9 pour rassurer les femmes notamment la nuit\" \/>\n<meta name=\"robots\" content=\"index, follow, max-snippet:-1, max-image-preview:large, max-video-preview:-1\" \/>\n<link rel=\"canonical\" href=\"https:\/\/newsestlyonnais.fr\/site\/2019\/04\/15\/transports-le-dispositif-de-descente-a-la-demande-etendu\/\" \/>\n<meta property=\"og:locale\" content=\"fr_FR\" \/>\n<meta property=\"og:type\" content=\"article\" \/>\n<meta property=\"og:title\" content=\"TRANSPORTS | Le dispositif de descente \u00e0 la demande \u00e9tendu - News Est Lyonnais\" \/>\n<meta property=\"og:description\" content=\"Nouveau dispositif lanc\u00e9 par le SYTRL de descente \u00e0 la demande \u00e9tendu, service initi\u00e9 pour rassurer les femmes notamment la nuit\" \/>\n<meta property=\"og:url\" content=\"https:\/\/newsestlyonnais.fr\/site\/2019\/04\/15\/transports-le-dispositif-de-descente-a-la-demande-etendu\/\" \/>\n<meta property=\"og:site_name\" content=\"News Est Lyonnais\" \/>\n<meta property=\"article:author\" content=\"https:\/\/www.facebook.com\/pascal.oberson.1?fref=ts\" \/>\n<meta property=\"article:published_time\" content=\"2019-04-15T08:41:12+00:00\" \/>\n<meta property=\"article:modified_time\" content=\"2020-11-12T10:15:29+00:00\" \/>\n<meta property=\"og:image\" content=\"https:\/\/i2.wp.com\/newsestlyonnais.fr\/site\/wp-content\/uploads\/2017\/04\/NewsEstLyonnais-Flash-Info.png?fit=1000%2C750&ssl=1\" \/>\n\t<meta property=\"og:image:width\" content=\"1000\" \/>\n\t<meta property=\"og:image:height\" content=\"750\" \/>\n\t<meta property=\"og:image:type\" content=\"image\/png\" \/>\n<meta name=\"author\" content=\"R\u00e9dac. NEWS\" \/>\n<meta name=\"twitter:card\" content=\"summary_large_image\" \/>\n<meta name=\"twitter:label1\" content=\"\u00c9crit par\" \/>\n\t<meta name=\"twitter:data1\" content=\"R\u00e9dac. NEWS\" \/>\n\t<meta name=\"twitter:label2\" content=\"Dur\u00e9e de lecture estim\u00e9e\" \/>\n\t<meta name=\"twitter:data2\" content=\"1 minute\" \/>\n<script type=\"application\/ld+json\" class=\"yoast-schema-graph\">{\"@context\":\"https:\/\/schema.org\",\"@graph\":[{\"@type\":\"Article\",\"@id\":\"https:\/\/newsestlyonnais.fr\/site\/2019\/04\/15\/transports-le-dispositif-de-descente-a-la-demande-etendu\/#article\",\"isPartOf\":{\"@id\":\"https:\/\/newsestlyonnais.fr\/site\/2019\/04\/15\/transports-le-dispositif-de-descente-a-la-demande-etendu\/\"},\"author\":{\"name\":\"R\u00e9dac. NEWS\",\"@id\":\"https:\/\/newsestlyonnais.fr\/site\/#\/schema\/person\/3230d5615f390bb808365d673001e887\"},\"headline\":\"TRANSPORTS | Le dispositif de descente \u00e0 la demande \u00e9tendu\",\"datePublished\":\"2019-04-15T08:41:12+00:00\",\"dateModified\":\"2020-11-12T10:15:29+00:00\",\"mainEntityOfPage\":{\"@id\":\"https:\/\/newsestlyonnais.fr\/site\/2019\/04\/15\/transports-le-dispositif-de-descente-a-la-demande-etendu\/\"},\"wordCount\":298,\"commentCount\":0,\"publisher\":{\"@id\":\"https:\/\/newsestlyonnais.fr\/site\/#organization\"},\"image\":{\"@id\":\"https:\/\/newsestlyonnais.fr\/site\/2019\/04\/15\/transports-le-dispositif-de-descente-a-la-demande-etendu\/#primaryimage\"},\"thumbnailUrl\":\"https:\/\/newsestlyonnais.fr\/site\/wp-content\/uploads\/2017\/04\/NewsEstLyonnais-Flash-Info.png\",\"articleSection\":[\"Bron\",\"Lyon\",\"P'tites News\",\"Pratique\",\"Transports | Circulation\",\"Vaulx-en-Velin\",\"V\u00e9nissieux\",\"Villeurbanne\"],\"inLanguage\":\"fr-FR\",\"potentialAction\":[{\"@type\":\"CommentAction\",\"name\":\"Comment\",\"target\":[\"https:\/\/newsestlyonnais.fr\/site\/2019\/04\/15\/transports-le-dispositif-de-descente-a-la-demande-etendu\/#respond\"]}]},{\"@type\":\"WebPage\",\"@id\":\"https:\/\/newsestlyonnais.fr\/site\/2019\/04\/15\/transports-le-dispositif-de-descente-a-la-demande-etendu\/\",\"url\":\"https:\/\/newsestlyonnais.fr\/site\/2019\/04\/15\/transports-le-dispositif-de-descente-a-la-demande-etendu\/\",\"name\":\"TRANSPORTS | Le dispositif de descente \u00e0 la demande \u00e9tendu - News Est Lyonnais\",\"isPartOf\":{\"@id\":\"https:\/\/newsestlyonnais.fr\/site\/#website\"},\"primaryImageOfPage\":{\"@id\":\"https:\/\/newsestlyonnais.fr\/site\/2019\/04\/15\/transports-le-dispositif-de-descente-a-la-demande-etendu\/#primaryimage\"},\"image\":{\"@id\":\"https:\/\/newsestlyonnais.fr\/site\/2019\/04\/15\/transports-le-dispositif-de-descente-a-la-demande-etendu\/#primaryimage\"},\"thumbnailUrl\":\"https:\/\/newsestlyonnais.fr\/site\/wp-content\/uploads\/2017\/04\/NewsEstLyonnais-Flash-Info.png\",\"datePublished\":\"2019-04-15T08:41:12+00:00\",\"dateModified\":\"2020-11-12T10:15:29+00:00\",\"description\":\"Nouveau dispositif lanc\u00e9 par le SYTRL de descente \u00e0 la demande \u00e9tendu, service initi\u00e9 pour rassurer les femmes notamment la nuit\",\"breadcrumb\":{\"@id\":\"https:\/\/newsestlyonnais.fr\/site\/2019\/04\/15\/transports-le-dispositif-de-descente-a-la-demande-etendu\/#breadcrumb\"},\"inLanguage\":\"fr-FR\",\"potentialAction\":[{\"@type\":\"ReadAction\",\"target\":[\"https:\/\/newsestlyonnais.fr\/site\/2019\/04\/15\/transports-le-dispositif-de-descente-a-la-demande-etendu\/\"]}]},{\"@type\":\"ImageObject\",\"inLanguage\":\"fr-FR\",\"@id\":\"https:\/\/newsestlyonnais.fr\/site\/2019\/04\/15\/transports-le-dispositif-de-descente-a-la-demande-etendu\/#primaryimage\",\"url\":\"https:\/\/newsestlyonnais.fr\/site\/wp-content\/uploads\/2017\/04\/NewsEstLyonnais-Flash-Info.png\",\"contentUrl\":\"https:\/\/newsestlyonnais.fr\/site\/wp-content\/uploads\/2017\/04\/NewsEstLyonnais-Flash-Info.png\",\"width\":1000,\"height\":750,\"caption\":\"NewsEstLyonnais-Flash-Info\"},{\"@type\":\"BreadcrumbList\",\"@id\":\"https:\/\/newsestlyonnais.fr\/site\/2019\/04\/15\/transports-le-dispositif-de-descente-a-la-demande-etendu\/#breadcrumb\",\"itemListElement\":[{\"@type\":\"ListItem\",\"position\":1,\"name\":\"Accueil\",\"item\":\"https:\/\/newsestlyonnais.fr\/site\/\"},{\"@type\":\"ListItem\",\"position\":2,\"name\":\"TRANSPORTS | Le dispositif de descente \u00e0 la demande \u00e9tendu\"}]},{\"@type\":\"WebSite\",\"@id\":\"https:\/\/newsestlyonnais.fr\/site\/#website\",\"url\":\"https:\/\/newsestlyonnais.fr\/site\/\",\"name\":\"News Est Lyonnais\",\"description\":\"L&#039;actualit\u00e9 au plus pr\u00e8s\",\"publisher\":{\"@id\":\"https:\/\/newsestlyonnais.fr\/site\/#organization\"},\"potentialAction\":[{\"@type\":\"SearchAction\",\"target\":{\"@type\":\"EntryPoint\",\"urlTemplate\":\"https:\/\/newsestlyonnais.fr\/site\/?s={search_term_string}\"},\"query-input\":{\"@type\":\"PropertyValueSpecification\",\"valueRequired\":true,\"valueName\":\"search_term_string\"}}],\"inLanguage\":\"fr-FR\"},{\"@type\":\"Organization\",\"@id\":\"https:\/\/newsestlyonnais.fr\/site\/#organization\",\"name\":\"News EST LYONNAIS\",\"url\":\"https:\/\/newsestlyonnais.fr\/site\/\",\"logo\":{\"@type\":\"ImageObject\",\"inLanguage\":\"fr-FR\",\"@id\":\"https:\/\/newsestlyonnais.fr\/site\/#\/schema\/logo\/image\/\",\"url\":\"\",\"contentUrl\":\"\",\"caption\":\"News EST LYONNAIS\"},\"image\":{\"@id\":\"https:\/\/newsestlyonnais.fr\/site\/#\/schema\/logo\/image\/\"}},{\"@type\":\"Person\",\"@id\":\"https:\/\/newsestlyonnais.fr\/site\/#\/schema\/person\/3230d5615f390bb808365d673001e887\",\"name\":\"R\u00e9dac. NEWS\",\"sameAs\":[\"http:\/\/www.newsestlyonnais.fr\",\"https:\/\/www.facebook.com\/pascal.oberson.1?fref=ts\",\"https:\/\/fr.linkedin.com\/in\/pascal-oberson-b17045113\"],\"url\":\"https:\/\/newsestlyonnais.fr\/site\/author\/nel\/\"}]}<\/script>\n<!-- \/ Yoast SEO plugin. -->","yoast_head_json":{"title":"TRANSPORTS | Le dispositif de descente \u00e0 la demande \u00e9tendu - News Est Lyonnais","description":"Nouveau dispositif lanc\u00e9 par le SYTRL de descente \u00e0 la demande \u00e9tendu, service initi\u00e9 pour rassurer les femmes notamment la nuit","robots":{"index":"index","follow":"follow","max-snippet":"max-snippet:-1","max-image-preview":"max-image-preview:large","max-video-preview":"max-video-preview:-1"},"canonical":"https:\/\/newsestlyonnais.fr\/site\/2019\/04\/15\/transports-le-dispositif-de-descente-a-la-demande-etendu\/","og_locale":"fr_FR","og_type":"article","og_title":"TRANSPORTS | Le dispositif de descente \u00e0 la demande \u00e9tendu - News Est Lyonnais","og_description":"Nouveau dispositif lanc\u00e9 par le SYTRL de descente \u00e0 la demande \u00e9tendu, service initi\u00e9 pour rassurer les femmes notamment la nuit","og_url":"https:\/\/newsestlyonnais.fr\/site\/2019\/04\/15\/transports-le-dispositif-de-descente-a-la-demande-etendu\/","og_site_name":"News Est Lyonnais","article_author":"https:\/\/www.facebook.com\/pascal.oberson.1?fref=ts","article_published_time":"2019-04-15T08:41:12+00:00","article_modified_time":"2020-11-12T10:15:29+00:00","og_image":[{"width":1000,"height":750,"url":"https:\/\/i2.wp.com\/newsestlyonnais.fr\/site\/wp-content\/uploads\/2017\/04\/NewsEstLyonnais-Flash-Info.png?fit=1000%2C750&ssl=1","type":"image\/png"}],"author":"R\u00e9dac. NEWS","twitter_card":"summary_large_image","twitter_misc":{"\u00c9crit par":"R\u00e9dac. NEWS","Dur\u00e9e de lecture estim\u00e9e":"1 minute"},"schema":{"@context":"https:\/\/schema.org","@graph":[{"@type":"Article","@id":"https:\/\/newsestlyonnais.fr\/site\/2019\/04\/15\/transports-le-dispositif-de-descente-a-la-demande-etendu\/#article","isPartOf":{"@id":"https:\/\/newsestlyonnais.fr\/site\/2019\/04\/15\/transports-le-dispositif-de-descente-a-la-demande-etendu\/"},"author":{"name":"R\u00e9dac. NEWS","@id":"https:\/\/newsestlyonnais.fr\/site\/#\/schema\/person\/3230d5615f390bb808365d673001e887"},"headline":"TRANSPORTS | Le dispositif de descente \u00e0 la demande \u00e9tendu","datePublished":"2019-04-15T08:41:12+00:00","dateModified":"2020-11-12T10:15:29+00:00","mainEntityOfPage":{"@id":"https:\/\/newsestlyonnais.fr\/site\/2019\/04\/15\/transports-le-dispositif-de-descente-a-la-demande-etendu\/"},"wordCount":298,"commentCount":0,"publisher":{"@id":"https:\/\/newsestlyonnais.fr\/site\/#organization"},"image":{"@id":"https:\/\/newsestlyonnais.fr\/site\/2019\/04\/15\/transports-le-dispositif-de-descente-a-la-demande-etendu\/#primaryimage"},"thumbnailUrl":"https:\/\/newsestlyonnais.fr\/site\/wp-content\/uploads\/2017\/04\/NewsEstLyonnais-Flash-Info.png","articleSection":["Bron","Lyon","P'tites News","Pratique","Transports | Circulation","Vaulx-en-Velin","V\u00e9nissieux","Villeurbanne"],"inLanguage":"fr-FR","potentialAction":[{"@type":"CommentAction","name":"Comment","target":["https:\/\/newsestlyonnais.fr\/site\/2019\/04\/15\/transports-le-dispositif-de-descente-a-la-demande-etendu\/#respond"]}]},{"@type":"WebPage","@id":"https:\/\/newsestlyonnais.fr\/site\/2019\/04\/15\/transports-le-dispositif-de-descente-a-la-demande-etendu\/","url":"https:\/\/newsestlyonnais.fr\/site\/2019\/04\/15\/transports-le-dispositif-de-descente-a-la-demande-etendu\/","name":"TRANSPORTS | Le dispositif de descente \u00e0 la demande \u00e9tendu - News Est Lyonnais","isPartOf":{"@id":"https:\/\/newsestlyonnais.fr\/site\/#website"},"primaryImageOfPage":{"@id":"https:\/\/newsestlyonnais.fr\/site\/2019\/04\/15\/transports-le-dispositif-de-descente-a-la-demande-etendu\/#primaryimage"},"image":{"@id":"https:\/\/newsestlyonnais.fr\/site\/2019\/04\/15\/transports-le-dispositif-de-descente-a-la-demande-etendu\/#primaryimage"},"thumbnailUrl":"https:\/\/newsestlyonnais.fr\/site\/wp-content\/uploads\/2017\/04\/NewsEstLyonnais-Flash-Info.png","datePublished":"2019-04-15T08:41:12+00:00","dateModified":"2020-11-12T10:15:29+00:00","description":"Nouveau dispositif lanc\u00e9 par le SYTRL de descente \u00e0 la demande \u00e9tendu, service initi\u00e9 pour rassurer les femmes notamment la nuit","breadcrumb":{"@id":"https:\/\/newsestlyonnais.fr\/site\/2019\/04\/15\/transports-le-dispositif-de-descente-a-la-demande-etendu\/#breadcrumb"},"inLanguage":"fr-FR","potentialAction":[{"@type":"ReadAction","target":["https:\/\/newsestlyonnais.fr\/site\/2019\/04\/15\/transports-le-dispositif-de-descente-a-la-demande-etendu\/"]}]},{"@type":"ImageObject","inLanguage":"fr-FR","@id":"https:\/\/newsestlyonnais.fr\/site\/2019\/04\/15\/transports-le-dispositif-de-descente-a-la-demande-etendu\/#primaryimage","url":"https:\/\/newsestlyonnais.fr\/site\/wp-content\/uploads\/2017\/04\/NewsEstLyonnais-Flash-Info.png","contentUrl":"https:\/\/newsestlyonnais.fr\/site\/wp-content\/uploads\/2017\/04\/NewsEstLyonnais-Flash-Info.png","width":1000,"height":750,"caption":"NewsEstLyonnais-Flash-Info"},{"@type":"BreadcrumbList","@id":"https:\/\/newsestlyonnais.fr\/site\/2019\/04\/15\/transports-le-dispositif-de-descente-a-la-demande-etendu\/#breadcrumb","itemListElement":[{"@type":"ListItem","position":1,"name":"Accueil","item":"https:\/\/newsestlyonnais.fr\/site\/"},{"@type":"ListItem","position":2,"name":"TRANSPORTS | Le dispositif de descente \u00e0 la demande \u00e9tendu"}]},{"@type":"WebSite","@id":"https:\/\/newsestlyonnais.fr\/site\/#website","url":"https:\/\/newsestlyonnais.fr\/site\/","name":"News Est Lyonnais","description":"L&#039;actualit\u00e9 au plus pr\u00e8s","publisher":{"@id":"https:\/\/newsestlyonnais.fr\/site\/#organization"},"potentialAction":[{"@type":"SearchAction","target":{"@type":"EntryPoint","urlTemplate":"https:\/\/newsestlyonnais.fr\/site\/?s={search_term_string}"},"query-input":{"@type":"PropertyValueSpecification","valueRequired":true,"valueName":"search_term_string"}}],"inLanguage":"fr-FR"},{"@type":"Organization","@id":"https:\/\/newsestlyonnais.fr\/site\/#organization","name":"News EST LYONNAIS","url":"https:\/\/newsestlyonnais.fr\/site\/","logo":{"@type":"ImageObject","inLanguage":"fr-FR","@id":"https:\/\/newsestlyonnais.fr\/site\/#\/schema\/logo\/image\/","url":"","contentUrl":"","caption":"News EST LYONNAIS"},"image":{"@id":"https:\/\/newsestlyonnais.fr\/site\/#\/schema\/logo\/image\/"}},{"@type":"Person","@id":"https:\/\/newsestlyonnais.fr\/site\/#\/schema\/person\/3230d5615f390bb808365d673001e887","name":"R\u00e9dac. NEWS","sameAs":["http:\/\/www.newsestlyonnais.fr","https:\/\/www.facebook.com\/pascal.oberson.1?fref=ts","https:\/\/fr.linkedin.com\/in\/pascal-oberson-b17045113"],"url":"https:\/\/newsestlyonnais.fr\/site\/author\/nel\/"}]}},"_links":{"self":[{"href":"https:\/\/newsestlyonnais.fr\/site\/wp-json\/wp\/v2\/posts\/71471","targetHints":{"allow":["GET"]}}],"collection":[{"href":"https:\/\/newsestlyonnais.fr\/site\/wp-json\/wp\/v2\/posts"}],"about":[{"href":"https:\/\/newsestlyonnais.fr\/site\/wp-json\/wp\/v2\/types\/post"}],"author":[{"embeddable":true,"href":"https:\/\/newsestlyonnais.fr\/site\/wp-json\/wp\/v2\/users\/4"}],"replies":[{"embeddable":true,"href":"https:\/\/newsestlyonnais.fr\/site\/wp-json\/wp\/v2\/comments?post=71471"}],"version-history":[{"count":0,"href":"https:\/\/newsestlyonnais.fr\/site\/wp-json\/wp\/v2\/posts\/71471\/revisions"}],"wp:featuredmedia":[{"embeddable":true,"href":"https:\/\/newsestlyonnais.fr\/site\/wp-json\/wp\/v2\/media\/25760"}],"wp:attachment":[{"href":"https:\/\/newsestlyonnais.fr\/site\/wp-json\/wp\/v2\/media?parent=71471"}],"wp:term":[{"taxonomy":"category","embeddable":true,"href":"https:\/\/newsestlyonnais.fr\/site\/wp-json\/wp\/v2\/categories?post=71471"},{"taxonomy":"post_tag","embeddable":true,"href":"https:\/\/newsestlyonnais.fr\/site\/wp-json\/wp\/v2\/tags?post=71471"}],"curies":[{"name":"wp","href":"https:\/\/api.w.org\/{rel}","templated":true}]}}