{"id":71871,"date":"2019-04-20T17:54:44","date_gmt":"2019-04-20T16:54:44","guid":{"rendered":"http:\/\/newsestlyonnais.fr\/site\/?p=71871"},"modified":"2019-04-28T18:27:11","modified_gmt":"2019-04-28T17:27:11","slug":"saint-pierre-de-chandieu-les-manifestations-au-26-mai","status":"publish","type":"post","link":"https:\/\/newsestlyonnais.fr\/site\/2019\/04\/20\/saint-pierre-de-chandieu-les-manifestations-au-26-mai\/","title":{"rendered":"SAINT-PIERRE-DE-CHANDIEU : les manifestations au 26 mai"},"content":{"rendered":"\n<h4 class=\"wp-block-heading\">Concert, exposition, soir\u00e9e humour et \u00e9tape du R.A.I.T. sont parmi les \u00e9v\u00e8nements pr\u00e9vus sur la commune.<\/h4>\n\n\n\n<ul class=\"wp-block-list\"><li><strong>Samedi 27 avril de 10 h \u00e0 17 h : Atelier \u00abCarterie\u00bb<\/strong> \/ Les Cr\u00e9atives de l\u2019Ozon. (salle Le Cercle).  <\/li><li><strong>du Samedi 27 avril au samedi 4 mai<\/strong> : <strong>Exposition Saint Pierre\u2019Arts<\/strong> &#8211; peintures et sculptures. (Espace des Lyres).  <\/li><li><strong>Vendredi 10 mai : d\u00e8s 16 h 30<\/strong> : <strong>\u00e9tape du Rh\u00f4ne Alpes Is\u00e8re Tour<\/strong>. <\/li><li><strong>Samedi 11 &amp; Dimanche 12 mai. (Le 11 \u00e0 19 h 30 &amp; le 12 \u00e0 17 h). Concerts \u00abSIGMA\u00bb<\/strong> \/ La Guilde de Bel. (Centre des arts Camille Floret).<\/li><li><strong>Samedi 18 mai \u00e0 20 h 30 : Soir\u00e9e Humour : S<\/strong>aint Pierre en Rire &#8211; Festival de l\u2019Humour. (Centre des arts Camille Floret).  <\/li><li><strong>Dimanche 26 mai : Elections europ\u00e9ennes<\/strong>. Bureau unique. (Espace des Lyres).<\/li><\/ul>\n\n\n\n<h5 class=\"wp-block-heading\">L\u2019ACTU de la commune est \u00e0 retrouver sur : <a href=\"http:\/\/www.mairie-stpierredechandieu.com\" target=\"_blank\" rel=\"noreferrer noopener\">http:\/\/www.mairie-stpierredechandieu.com<\/a><\/h5>\n","protected":false},"excerpt":{"rendered":"<p>Concert, exposition, soir\u00e9e humour et \u00e9tape du R.A.I.T. sont parmi les \u00e9v\u00e8nements pr\u00e9vus sur la commune.<\/p>\n","protected":false},"author":4,"featured_media":56029,"comment_status":"open","ping_status":"open","sticky":false,"template":"","format":"standard","meta":{"footnotes":""},"categories":[30,270,1293],"tags":[1991,2059,2288],"class_list":["post-71871","post","type-post","status-publish","format-standard","has-post-thumbnail","hentry","category-a-la-une","category-cte-de-communes-c-c-e-l","category-st-pierre-de-chandieu-toussieu","tag-agenda","tag-manifestations","tag-saint-pierre-chandieu"],"yoast_head":"<!-- This site is optimized with the Yoast SEO plugin v27.2 - https:\/\/yoast.com\/product\/yoast-seo-wordpress\/ -->\n<title>SAINT-PIERRE-DE-CHANDIEU : les manifestations au 26 mai - News Est Lyonnais<\/title>\n<meta name=\"description\" content=\"SAINT PIERRE DE CHANDIEU : les manifestations au 26 mai.Concert, exposition, soir\u00e9e humour et \u00e9tape du R.A.I.T. sont parmi les \u00e9v\u00e8nements pr\u00e9vus\" \/>\n<meta name=\"robots\" content=\"index, follow, max-snippet:-1, max-image-preview:large, max-video-preview:-1\" \/>\n<link rel=\"canonical\" href=\"https:\/\/newsestlyonnais.fr\/site\/2019\/04\/20\/saint-pierre-de-chandieu-les-manifestations-au-26-mai\/\" \/>\n<meta property=\"og:locale\" content=\"fr_FR\" \/>\n<meta property=\"og:type\" content=\"article\" \/>\n<meta property=\"og:title\" content=\"SAINT-PIERRE-DE-CHANDIEU : les manifestations au 26 mai - News Est Lyonnais\" \/>\n<meta property=\"og:description\" content=\"SAINT PIERRE DE CHANDIEU : les manifestations au 26 mai.Concert, exposition, soir\u00e9e humour et \u00e9tape du R.A.I.T. sont parmi les \u00e9v\u00e8nements pr\u00e9vus\" \/>\n<meta property=\"og:url\" content=\"https:\/\/newsestlyonnais.fr\/site\/2019\/04\/20\/saint-pierre-de-chandieu-les-manifestations-au-26-mai\/\" \/>\n<meta property=\"og:site_name\" content=\"News Est Lyonnais\" \/>\n<meta property=\"article:author\" content=\"https:\/\/www.facebook.com\/pascal.oberson.1?fref=ts\" \/>\n<meta property=\"article:published_time\" content=\"2019-04-20T16:54:44+00:00\" \/>\n<meta property=\"article:modified_time\" content=\"2019-04-28T17:27:11+00:00\" \/>\n<meta property=\"og:image\" content=\"https:\/\/i2.wp.com\/newsestlyonnais.fr\/site\/wp-content\/uploads\/2018\/09\/P1290862-e1571059478125.jpg?fit=1200%2C900&ssl=1\" \/>\n\t<meta property=\"og:image:width\" content=\"1200\" \/>\n\t<meta property=\"og:image:height\" content=\"900\" \/>\n\t<meta property=\"og:image:type\" content=\"image\/jpeg\" \/>\n<meta name=\"author\" content=\"R\u00e9dac. NEWS\" \/>\n<meta name=\"twitter:card\" content=\"summary_large_image\" \/>\n<meta name=\"twitter:label1\" content=\"\u00c9crit par\" \/>\n\t<meta name=\"twitter:data1\" content=\"R\u00e9dac. NEWS\" \/>\n\t<meta name=\"twitter:label2\" content=\"Dur\u00e9e de lecture estim\u00e9e\" \/>\n\t<meta name=\"twitter:data2\" content=\"1 minute\" \/>\n<script type=\"application\/ld+json\" class=\"yoast-schema-graph\">{\"@context\":\"https:\/\/schema.org\",\"@graph\":[{\"@type\":\"Article\",\"@id\":\"https:\/\/newsestlyonnais.fr\/site\/2019\/04\/20\/saint-pierre-de-chandieu-les-manifestations-au-26-mai\/#article\",\"isPartOf\":{\"@id\":\"https:\/\/newsestlyonnais.fr\/site\/2019\/04\/20\/saint-pierre-de-chandieu-les-manifestations-au-26-mai\/\"},\"author\":{\"name\":\"R\u00e9dac. NEWS\",\"@id\":\"https:\/\/newsestlyonnais.fr\/site\/#\/schema\/person\/3230d5615f390bb808365d673001e887\"},\"headline\":\"SAINT-PIERRE-DE-CHANDIEU : les manifestations au 26 mai\",\"datePublished\":\"2019-04-20T16:54:44+00:00\",\"dateModified\":\"2019-04-28T17:27:11+00:00\",\"mainEntityOfPage\":{\"@id\":\"https:\/\/newsestlyonnais.fr\/site\/2019\/04\/20\/saint-pierre-de-chandieu-les-manifestations-au-26-mai\/\"},\"wordCount\":135,\"commentCount\":0,\"publisher\":{\"@id\":\"https:\/\/newsestlyonnais.fr\/site\/#organization\"},\"image\":{\"@id\":\"https:\/\/newsestlyonnais.fr\/site\/2019\/04\/20\/saint-pierre-de-chandieu-les-manifestations-au-26-mai\/#primaryimage\"},\"thumbnailUrl\":\"https:\/\/newsestlyonnais.fr\/site\/wp-content\/uploads\/2018\/09\/P1290862-e1571059478125.jpg\",\"keywords\":[\"AGENDA\",\"MANIFESTATIONS\",\"SAINT PIERRE CHANDIEU\"],\"articleSection\":[\"\u00e0 la une\",\"CCEL | Communes\",\"St Pierre de Chandieu | Toussieu\"],\"inLanguage\":\"fr-FR\",\"potentialAction\":[{\"@type\":\"CommentAction\",\"name\":\"Comment\",\"target\":[\"https:\/\/newsestlyonnais.fr\/site\/2019\/04\/20\/saint-pierre-de-chandieu-les-manifestations-au-26-mai\/#respond\"]}]},{\"@type\":\"WebPage\",\"@id\":\"https:\/\/newsestlyonnais.fr\/site\/2019\/04\/20\/saint-pierre-de-chandieu-les-manifestations-au-26-mai\/\",\"url\":\"https:\/\/newsestlyonnais.fr\/site\/2019\/04\/20\/saint-pierre-de-chandieu-les-manifestations-au-26-mai\/\",\"name\":\"SAINT-PIERRE-DE-CHANDIEU : les manifestations au 26 mai - News Est Lyonnais\",\"isPartOf\":{\"@id\":\"https:\/\/newsestlyonnais.fr\/site\/#website\"},\"primaryImageOfPage\":{\"@id\":\"https:\/\/newsestlyonnais.fr\/site\/2019\/04\/20\/saint-pierre-de-chandieu-les-manifestations-au-26-mai\/#primaryimage\"},\"image\":{\"@id\":\"https:\/\/newsestlyonnais.fr\/site\/2019\/04\/20\/saint-pierre-de-chandieu-les-manifestations-au-26-mai\/#primaryimage\"},\"thumbnailUrl\":\"https:\/\/newsestlyonnais.fr\/site\/wp-content\/uploads\/2018\/09\/P1290862-e1571059478125.jpg\",\"datePublished\":\"2019-04-20T16:54:44+00:00\",\"dateModified\":\"2019-04-28T17:27:11+00:00\",\"description\":\"SAINT PIERRE DE CHANDIEU : les manifestations au 26 mai.Concert, exposition, soir\u00e9e humour et \u00e9tape du R.A.I.T. sont parmi les \u00e9v\u00e8nements pr\u00e9vus\",\"breadcrumb\":{\"@id\":\"https:\/\/newsestlyonnais.fr\/site\/2019\/04\/20\/saint-pierre-de-chandieu-les-manifestations-au-26-mai\/#breadcrumb\"},\"inLanguage\":\"fr-FR\",\"potentialAction\":[{\"@type\":\"ReadAction\",\"target\":[\"https:\/\/newsestlyonnais.fr\/site\/2019\/04\/20\/saint-pierre-de-chandieu-les-manifestations-au-26-mai\/\"]}]},{\"@type\":\"ImageObject\",\"inLanguage\":\"fr-FR\",\"@id\":\"https:\/\/newsestlyonnais.fr\/site\/2019\/04\/20\/saint-pierre-de-chandieu-les-manifestations-au-26-mai\/#primaryimage\",\"url\":\"https:\/\/newsestlyonnais.fr\/site\/wp-content\/uploads\/2018\/09\/P1290862-e1571059478125.jpg\",\"contentUrl\":\"https:\/\/newsestlyonnais.fr\/site\/wp-content\/uploads\/2018\/09\/P1290862-e1571059478125.jpg\",\"width\":1200,\"height\":900,\"caption\":\"NEWSESTLYONNAIS PANNEAU ST PIERRE CHANDIEU\"},{\"@type\":\"BreadcrumbList\",\"@id\":\"https:\/\/newsestlyonnais.fr\/site\/2019\/04\/20\/saint-pierre-de-chandieu-les-manifestations-au-26-mai\/#breadcrumb\",\"itemListElement\":[{\"@type\":\"ListItem\",\"position\":1,\"name\":\"Accueil\",\"item\":\"https:\/\/newsestlyonnais.fr\/site\/\"},{\"@type\":\"ListItem\",\"position\":2,\"name\":\"SAINT-PIERRE-DE-CHANDIEU : les manifestations au 26 mai\"}]},{\"@type\":\"WebSite\",\"@id\":\"https:\/\/newsestlyonnais.fr\/site\/#website\",\"url\":\"https:\/\/newsestlyonnais.fr\/site\/\",\"name\":\"News Est Lyonnais\",\"description\":\"L&#039;actualit\u00e9 au plus pr\u00e8s\",\"publisher\":{\"@id\":\"https:\/\/newsestlyonnais.fr\/site\/#organization\"},\"potentialAction\":[{\"@type\":\"SearchAction\",\"target\":{\"@type\":\"EntryPoint\",\"urlTemplate\":\"https:\/\/newsestlyonnais.fr\/site\/?s={search_term_string}\"},\"query-input\":{\"@type\":\"PropertyValueSpecification\",\"valueRequired\":true,\"valueName\":\"search_term_string\"}}],\"inLanguage\":\"fr-FR\"},{\"@type\":\"Organization\",\"@id\":\"https:\/\/newsestlyonnais.fr\/site\/#organization\",\"name\":\"News EST LYONNAIS\",\"url\":\"https:\/\/newsestlyonnais.fr\/site\/\",\"logo\":{\"@type\":\"ImageObject\",\"inLanguage\":\"fr-FR\",\"@id\":\"https:\/\/newsestlyonnais.fr\/site\/#\/schema\/logo\/image\/\",\"url\":\"\",\"contentUrl\":\"\",\"caption\":\"News EST LYONNAIS\"},\"image\":{\"@id\":\"https:\/\/newsestlyonnais.fr\/site\/#\/schema\/logo\/image\/\"}},{\"@type\":\"Person\",\"@id\":\"https:\/\/newsestlyonnais.fr\/site\/#\/schema\/person\/3230d5615f390bb808365d673001e887\",\"name\":\"R\u00e9dac. NEWS\",\"sameAs\":[\"http:\/\/www.newsestlyonnais.fr\",\"https:\/\/www.facebook.com\/pascal.oberson.1?fref=ts\",\"https:\/\/fr.linkedin.com\/in\/pascal-oberson-b17045113\"],\"url\":\"https:\/\/newsestlyonnais.fr\/site\/author\/nel\/\"}]}<\/script>\n<!-- \/ Yoast SEO plugin. -->","yoast_head_json":{"title":"SAINT-PIERRE-DE-CHANDIEU : les manifestations au 26 mai - News Est Lyonnais","description":"SAINT PIERRE DE CHANDIEU : les manifestations au 26 mai.Concert, exposition, soir\u00e9e humour et \u00e9tape du R.A.I.T. sont parmi les \u00e9v\u00e8nements pr\u00e9vus","robots":{"index":"index","follow":"follow","max-snippet":"max-snippet:-1","max-image-preview":"max-image-preview:large","max-video-preview":"max-video-preview:-1"},"canonical":"https:\/\/newsestlyonnais.fr\/site\/2019\/04\/20\/saint-pierre-de-chandieu-les-manifestations-au-26-mai\/","og_locale":"fr_FR","og_type":"article","og_title":"SAINT-PIERRE-DE-CHANDIEU : les manifestations au 26 mai - News Est Lyonnais","og_description":"SAINT PIERRE DE CHANDIEU : les manifestations au 26 mai.Concert, exposition, soir\u00e9e humour et \u00e9tape du R.A.I.T. sont parmi les \u00e9v\u00e8nements pr\u00e9vus","og_url":"https:\/\/newsestlyonnais.fr\/site\/2019\/04\/20\/saint-pierre-de-chandieu-les-manifestations-au-26-mai\/","og_site_name":"News Est Lyonnais","article_author":"https:\/\/www.facebook.com\/pascal.oberson.1?fref=ts","article_published_time":"2019-04-20T16:54:44+00:00","article_modified_time":"2019-04-28T17:27:11+00:00","og_image":[{"width":1200,"height":900,"url":"https:\/\/i2.wp.com\/newsestlyonnais.fr\/site\/wp-content\/uploads\/2018\/09\/P1290862-e1571059478125.jpg?fit=1200%2C900&ssl=1","type":"image\/jpeg"}],"author":"R\u00e9dac. NEWS","twitter_card":"summary_large_image","twitter_misc":{"\u00c9crit par":"R\u00e9dac. NEWS","Dur\u00e9e de lecture estim\u00e9e":"1 minute"},"schema":{"@context":"https:\/\/schema.org","@graph":[{"@type":"Article","@id":"https:\/\/newsestlyonnais.fr\/site\/2019\/04\/20\/saint-pierre-de-chandieu-les-manifestations-au-26-mai\/#article","isPartOf":{"@id":"https:\/\/newsestlyonnais.fr\/site\/2019\/04\/20\/saint-pierre-de-chandieu-les-manifestations-au-26-mai\/"},"author":{"name":"R\u00e9dac. NEWS","@id":"https:\/\/newsestlyonnais.fr\/site\/#\/schema\/person\/3230d5615f390bb808365d673001e887"},"headline":"SAINT-PIERRE-DE-CHANDIEU : les manifestations au 26 mai","datePublished":"2019-04-20T16:54:44+00:00","dateModified":"2019-04-28T17:27:11+00:00","mainEntityOfPage":{"@id":"https:\/\/newsestlyonnais.fr\/site\/2019\/04\/20\/saint-pierre-de-chandieu-les-manifestations-au-26-mai\/"},"wordCount":135,"commentCount":0,"publisher":{"@id":"https:\/\/newsestlyonnais.fr\/site\/#organization"},"image":{"@id":"https:\/\/newsestlyonnais.fr\/site\/2019\/04\/20\/saint-pierre-de-chandieu-les-manifestations-au-26-mai\/#primaryimage"},"thumbnailUrl":"https:\/\/newsestlyonnais.fr\/site\/wp-content\/uploads\/2018\/09\/P1290862-e1571059478125.jpg","keywords":["AGENDA","MANIFESTATIONS","SAINT PIERRE CHANDIEU"],"articleSection":["\u00e0 la une","CCEL | Communes","St Pierre de Chandieu | Toussieu"],"inLanguage":"fr-FR","potentialAction":[{"@type":"CommentAction","name":"Comment","target":["https:\/\/newsestlyonnais.fr\/site\/2019\/04\/20\/saint-pierre-de-chandieu-les-manifestations-au-26-mai\/#respond"]}]},{"@type":"WebPage","@id":"https:\/\/newsestlyonnais.fr\/site\/2019\/04\/20\/saint-pierre-de-chandieu-les-manifestations-au-26-mai\/","url":"https:\/\/newsestlyonnais.fr\/site\/2019\/04\/20\/saint-pierre-de-chandieu-les-manifestations-au-26-mai\/","name":"SAINT-PIERRE-DE-CHANDIEU : les manifestations au 26 mai - News Est Lyonnais","isPartOf":{"@id":"https:\/\/newsestlyonnais.fr\/site\/#website"},"primaryImageOfPage":{"@id":"https:\/\/newsestlyonnais.fr\/site\/2019\/04\/20\/saint-pierre-de-chandieu-les-manifestations-au-26-mai\/#primaryimage"},"image":{"@id":"https:\/\/newsestlyonnais.fr\/site\/2019\/04\/20\/saint-pierre-de-chandieu-les-manifestations-au-26-mai\/#primaryimage"},"thumbnailUrl":"https:\/\/newsestlyonnais.fr\/site\/wp-content\/uploads\/2018\/09\/P1290862-e1571059478125.jpg","datePublished":"2019-04-20T16:54:44+00:00","dateModified":"2019-04-28T17:27:11+00:00","description":"SAINT PIERRE DE CHANDIEU : les manifestations au 26 mai.Concert, exposition, soir\u00e9e humour et \u00e9tape du R.A.I.T. sont parmi les \u00e9v\u00e8nements pr\u00e9vus","breadcrumb":{"@id":"https:\/\/newsestlyonnais.fr\/site\/2019\/04\/20\/saint-pierre-de-chandieu-les-manifestations-au-26-mai\/#breadcrumb"},"inLanguage":"fr-FR","potentialAction":[{"@type":"ReadAction","target":["https:\/\/newsestlyonnais.fr\/site\/2019\/04\/20\/saint-pierre-de-chandieu-les-manifestations-au-26-mai\/"]}]},{"@type":"ImageObject","inLanguage":"fr-FR","@id":"https:\/\/newsestlyonnais.fr\/site\/2019\/04\/20\/saint-pierre-de-chandieu-les-manifestations-au-26-mai\/#primaryimage","url":"https:\/\/newsestlyonnais.fr\/site\/wp-content\/uploads\/2018\/09\/P1290862-e1571059478125.jpg","contentUrl":"https:\/\/newsestlyonnais.fr\/site\/wp-content\/uploads\/2018\/09\/P1290862-e1571059478125.jpg","width":1200,"height":900,"caption":"NEWSESTLYONNAIS PANNEAU ST PIERRE CHANDIEU"},{"@type":"BreadcrumbList","@id":"https:\/\/newsestlyonnais.fr\/site\/2019\/04\/20\/saint-pierre-de-chandieu-les-manifestations-au-26-mai\/#breadcrumb","itemListElement":[{"@type":"ListItem","position":1,"name":"Accueil","item":"https:\/\/newsestlyonnais.fr\/site\/"},{"@type":"ListItem","position":2,"name":"SAINT-PIERRE-DE-CHANDIEU : les manifestations au 26 mai"}]},{"@type":"WebSite","@id":"https:\/\/newsestlyonnais.fr\/site\/#website","url":"https:\/\/newsestlyonnais.fr\/site\/","name":"News Est Lyonnais","description":"L&#039;actualit\u00e9 au plus pr\u00e8s","publisher":{"@id":"https:\/\/newsestlyonnais.fr\/site\/#organization"},"potentialAction":[{"@type":"SearchAction","target":{"@type":"EntryPoint","urlTemplate":"https:\/\/newsestlyonnais.fr\/site\/?s={search_term_string}"},"query-input":{"@type":"PropertyValueSpecification","valueRequired":true,"valueName":"search_term_string"}}],"inLanguage":"fr-FR"},{"@type":"Organization","@id":"https:\/\/newsestlyonnais.fr\/site\/#organization","name":"News EST LYONNAIS","url":"https:\/\/newsestlyonnais.fr\/site\/","logo":{"@type":"ImageObject","inLanguage":"fr-FR","@id":"https:\/\/newsestlyonnais.fr\/site\/#\/schema\/logo\/image\/","url":"","contentUrl":"","caption":"News EST LYONNAIS"},"image":{"@id":"https:\/\/newsestlyonnais.fr\/site\/#\/schema\/logo\/image\/"}},{"@type":"Person","@id":"https:\/\/newsestlyonnais.fr\/site\/#\/schema\/person\/3230d5615f390bb808365d673001e887","name":"R\u00e9dac. NEWS","sameAs":["http:\/\/www.newsestlyonnais.fr","https:\/\/www.facebook.com\/pascal.oberson.1?fref=ts","https:\/\/fr.linkedin.com\/in\/pascal-oberson-b17045113"],"url":"https:\/\/newsestlyonnais.fr\/site\/author\/nel\/"}]}},"_links":{"self":[{"href":"https:\/\/newsestlyonnais.fr\/site\/wp-json\/wp\/v2\/posts\/71871","targetHints":{"allow":["GET"]}}],"collection":[{"href":"https:\/\/newsestlyonnais.fr\/site\/wp-json\/wp\/v2\/posts"}],"about":[{"href":"https:\/\/newsestlyonnais.fr\/site\/wp-json\/wp\/v2\/types\/post"}],"author":[{"embeddable":true,"href":"https:\/\/newsestlyonnais.fr\/site\/wp-json\/wp\/v2\/users\/4"}],"replies":[{"embeddable":true,"href":"https:\/\/newsestlyonnais.fr\/site\/wp-json\/wp\/v2\/comments?post=71871"}],"version-history":[{"count":0,"href":"https:\/\/newsestlyonnais.fr\/site\/wp-json\/wp\/v2\/posts\/71871\/revisions"}],"wp:featuredmedia":[{"embeddable":true,"href":"https:\/\/newsestlyonnais.fr\/site\/wp-json\/wp\/v2\/media\/56029"}],"wp:attachment":[{"href":"https:\/\/newsestlyonnais.fr\/site\/wp-json\/wp\/v2\/media?parent=71871"}],"wp:term":[{"taxonomy":"category","embeddable":true,"href":"https:\/\/newsestlyonnais.fr\/site\/wp-json\/wp\/v2\/categories?post=71871"},{"taxonomy":"post_tag","embeddable":true,"href":"https:\/\/newsestlyonnais.fr\/site\/wp-json\/wp\/v2\/tags?post=71871"}],"curies":[{"name":"wp","href":"https:\/\/api.w.org\/{rel}","templated":true}]}}