{"id":72541,"date":"2019-05-01T16:14:07","date_gmt":"2019-05-01T15:14:07","guid":{"rendered":"http:\/\/newsestlyonnais.fr\/site\/?p=72541"},"modified":"2020-11-02T12:28:51","modified_gmt":"2020-11-02T11:28:51","slug":"saint-priest-tournoi-des-gones-sanpriots-de-rugby","status":"publish","type":"post","link":"https:\/\/newsestlyonnais.fr\/site\/2019\/05\/01\/saint-priest-tournoi-des-gones-sanpriots-de-rugby\/","title":{"rendered":"SAINT-PRIEST | Tournoi des \u00bb Gones Sanpriots \u00bb de rugby"},"content":{"rendered":"\n<h4 class=\"wp-block-heading\">Retour sur la 21\u00b0 \u00e9dition de cette comp\u00e9tition disput\u00e9e dans la cat\u00e9gorie U 14  et qui s&rsquo;est d\u00e9roul\u00e9e le samedi de P\u00e2ques au stade Mend\u00e8s-France.  <\/h4>\n\n\n\n<p>Un tournoi remport\u00e9 par le CS Bourgoin-Jallieu et qui aura rassembl\u00e9 11 \u00e9quipes dont 4 \u00e9trang\u00e8res (belge, allemande, tunisienne &amp; italienne).<\/p>\n\n\n\n<p><strong><em>R\u00e9sultats du tournoi <\/em><\/strong>:    <\/p>\n\n\n\n<ul class=\"wp-block-list\"><li><strong>1\u00b0 C.S.B.J<\/strong>. vainqueur du challenge Bouvier (remis par Pascal Pap\u00e9)<\/li><li>2\u00b0 <strong>Frameries 1<\/strong> (remis par Philippe Heurtier)<\/li><li>3\u00b0 <strong>US Meyzieu<\/strong> (remis par Alain Tauleigne)<\/li><li>4\u00b0 <strong>LOU<\/strong> (remis par Baptiste Couilloud)<\/li><li>5\u00b0 <strong>Saint Priest Rugby et entente<\/strong> (remis par Eric Donnola)<\/li><li>6\u00b0 <strong>Frameries 2<\/strong> (remis par Pascal Pap\u00e9)   <\/li><li>7\u00b0 <strong>RK03 Berlin<\/strong> (remis par Fran\u00e7ois M\u00e9gard)<\/li><li>8\u00b0 <strong>Paese Italia<\/strong> (remis par Eric Lemaire)<\/li><li>9\u00b0 <strong>Jasmins Nabeul <\/strong>(remis par Baptiste Couilloud)     <\/li><\/ul>\n\n\n\n<p><strong><em>Les divers challenges<\/em><\/strong> :  <\/p>\n\n\n\n<ul class=\"wp-block-list\"><li><strong>Charles Jocteur<\/strong> : Jasmins Nabeul (Tunisie) (club \u00e9tranger le plus \u00e9loign\u00e9) remis par Alain Tauleigne.<\/li><li><strong>Fran\u00e7ois Curial<\/strong>e : LOU (le plus offensif) remis par Baptiste Couilloud.  <\/li><li><strong>Rayan Duport<\/strong> : US Meyzieu (fair play) remis par Pascal Pape.    <\/li><li><strong>G\u00e9rard Grobet<\/strong> : Frameries (Belgique), (club le plus repr\u00e9sent\u00e9) remis par Philippe Heurtier . <\/li><\/ul>\n\n\n\n<p><strong>Retour en images sur cet \u00e9v\u00e8nement qui f\u00eatait ses 20 ans d&rsquo;existence.<\/strong><\/p>\n\n\n\n<div class=\"wp-block-jetpack-slideshow aligncenter\" data-effect=\"slide\"><div class=\"wp-block-jetpack-slideshow_container swiper-container\"><ul class=\"wp-block-jetpack-slideshow_swiper-wrappper swiper-wrapper\"><li class=\"wp-block-jetpack-slideshow_slide swiper-slide\"><figure><img loading=\"lazy\" decoding=\"async\" width=\"894\" height=\"592\" alt=\"NEWSESTLYONNAIS GONES SANP 06\" class=\"wp-block-jetpack-slideshow_image wp-image-72553\" data-id=\"72553\" src=\"https:\/\/newsestlyonnais.fr\/site\/medias\/2019\/05\/NEWSESTLYONNAIS-GONES-SANP-06.jpg\" srcset=\"https:\/\/newsestlyonnais.fr\/site\/wp-content\/uploads\/2019\/05\/NEWSESTLYONNAIS-GONES-SANP-06.jpg 894w, https:\/\/newsestlyonnais.fr\/site\/wp-content\/uploads\/2019\/05\/NEWSESTLYONNAIS-GONES-SANP-06-400x265.jpg 400w, https:\/\/newsestlyonnais.fr\/site\/wp-content\/uploads\/2019\/05\/NEWSESTLYONNAIS-GONES-SANP-06-768x509.jpg 768w, https:\/\/newsestlyonnais.fr\/site\/wp-content\/uploads\/2019\/05\/NEWSESTLYONNAIS-GONES-SANP-06-600x397.jpg 600w\" sizes=\"auto, (max-width: 894px) 100vw, 894px\" \/><\/figure><\/li><li class=\"wp-block-jetpack-slideshow_slide swiper-slide\"><figure><img loading=\"lazy\" decoding=\"async\" width=\"894\" height=\"592\" alt=\"NEWSESTLYONNAIS GONES SANP 01\" class=\"wp-block-jetpack-slideshow_image wp-image-72547\" data-id=\"72547\" src=\"https:\/\/newsestlyonnais.fr\/site\/medias\/2019\/05\/NEWSESTLYONNAIS-GONES-SANP-01.jpg\" srcset=\"https:\/\/newsestlyonnais.fr\/site\/wp-content\/uploads\/2019\/05\/NEWSESTLYONNAIS-GONES-SANP-01.jpg 894w, https:\/\/newsestlyonnais.fr\/site\/wp-content\/uploads\/2019\/05\/NEWSESTLYONNAIS-GONES-SANP-01-400x265.jpg 400w, https:\/\/newsestlyonnais.fr\/site\/wp-content\/uploads\/2019\/05\/NEWSESTLYONNAIS-GONES-SANP-01-768x509.jpg 768w, https:\/\/newsestlyonnais.fr\/site\/wp-content\/uploads\/2019\/05\/NEWSESTLYONNAIS-GONES-SANP-01-600x397.jpg 600w\" sizes=\"auto, (max-width: 894px) 100vw, 894px\" \/><\/figure><\/li><li class=\"wp-block-jetpack-slideshow_slide swiper-slide\"><figure><img loading=\"lazy\" decoding=\"async\" width=\"894\" height=\"592\" alt=\"NEWSESTLYONNAIS GONES SANP 02\" class=\"wp-block-jetpack-slideshow_image wp-image-72548\" data-id=\"72548\" src=\"https:\/\/newsestlyonnais.fr\/site\/medias\/2019\/05\/NEWSESTLYONNAIS-GONES-SANP-02.jpg\" srcset=\"https:\/\/newsestlyonnais.fr\/site\/wp-content\/uploads\/2019\/05\/NEWSESTLYONNAIS-GONES-SANP-02.jpg 894w, https:\/\/newsestlyonnais.fr\/site\/wp-content\/uploads\/2019\/05\/NEWSESTLYONNAIS-GONES-SANP-02-400x265.jpg 400w, https:\/\/newsestlyonnais.fr\/site\/wp-content\/uploads\/2019\/05\/NEWSESTLYONNAIS-GONES-SANP-02-768x509.jpg 768w, https:\/\/newsestlyonnais.fr\/site\/wp-content\/uploads\/2019\/05\/NEWSESTLYONNAIS-GONES-SANP-02-600x397.jpg 600w\" sizes=\"auto, (max-width: 894px) 100vw, 894px\" \/><\/figure><\/li><li class=\"wp-block-jetpack-slideshow_slide swiper-slide\"><figure><img loading=\"lazy\" decoding=\"async\" width=\"894\" height=\"592\" alt=\"NEWSESTLYONNAIS GONES SANP 07\" class=\"wp-block-jetpack-slideshow_image wp-image-72552\" data-id=\"72552\" src=\"https:\/\/newsestlyonnais.fr\/site\/medias\/2019\/05\/NEWSESTLYONNAIS-GONES-SANP-07.jpg\" srcset=\"https:\/\/newsestlyonnais.fr\/site\/wp-content\/uploads\/2019\/05\/NEWSESTLYONNAIS-GONES-SANP-07.jpg 894w, https:\/\/newsestlyonnais.fr\/site\/wp-content\/uploads\/2019\/05\/NEWSESTLYONNAIS-GONES-SANP-07-400x265.jpg 400w, https:\/\/newsestlyonnais.fr\/site\/wp-content\/uploads\/2019\/05\/NEWSESTLYONNAIS-GONES-SANP-07-768x509.jpg 768w, https:\/\/newsestlyonnais.fr\/site\/wp-content\/uploads\/2019\/05\/NEWSESTLYONNAIS-GONES-SANP-07-600x397.jpg 600w\" sizes=\"auto, (max-width: 894px) 100vw, 894px\" \/><\/figure><\/li><li class=\"wp-block-jetpack-slideshow_slide swiper-slide\"><figure><img loading=\"lazy\" decoding=\"async\" width=\"2317\" height=\"1535\" alt=\"NEWSESTLYONNAIS GONES SANP 04\" class=\"wp-block-jetpack-slideshow_image wp-image-72550\" data-id=\"72550\" src=\"https:\/\/newsestlyonnais.fr\/site\/medias\/2019\/05\/NEWSESTLYONNAIS-GONES-SANP-04.jpg\" srcset=\"https:\/\/newsestlyonnais.fr\/site\/wp-content\/uploads\/2019\/05\/NEWSESTLYONNAIS-GONES-SANP-04.jpg 2317w, https:\/\/newsestlyonnais.fr\/site\/wp-content\/uploads\/2019\/05\/NEWSESTLYONNAIS-GONES-SANP-04-400x265.jpg 400w, https:\/\/newsestlyonnais.fr\/site\/wp-content\/uploads\/2019\/05\/NEWSESTLYONNAIS-GONES-SANP-04-768x509.jpg 768w, https:\/\/newsestlyonnais.fr\/site\/wp-content\/uploads\/2019\/05\/NEWSESTLYONNAIS-GONES-SANP-04-1000x662.jpg 1000w, https:\/\/newsestlyonnais.fr\/site\/wp-content\/uploads\/2019\/05\/NEWSESTLYONNAIS-GONES-SANP-04-600x397.jpg 600w\" sizes=\"auto, (max-width: 2317px) 100vw, 2317px\" \/><figcaption class=\"wp-block-jetpack-slideshow_caption gallery-caption\">R\u00e9ception officielle avec la mairie \u00e0 la salle Mozaique <\/figcaption><\/figure><\/li><li class=\"wp-block-jetpack-slideshow_slide swiper-slide\"><figure><img loading=\"lazy\" decoding=\"async\" width=\"894\" height=\"592\" alt=\"NEWSESTLYONNAIS GONES SANP 05\" class=\"wp-block-jetpack-slideshow_image wp-image-72551\" data-id=\"72551\" src=\"https:\/\/newsestlyonnais.fr\/site\/medias\/2019\/05\/NEWSESTLYONNAIS-GONES-SANP-05.jpg\" srcset=\"https:\/\/newsestlyonnais.fr\/site\/wp-content\/uploads\/2019\/05\/NEWSESTLYONNAIS-GONES-SANP-05.jpg 894w, https:\/\/newsestlyonnais.fr\/site\/wp-content\/uploads\/2019\/05\/NEWSESTLYONNAIS-GONES-SANP-05-400x265.jpg 400w, https:\/\/newsestlyonnais.fr\/site\/wp-content\/uploads\/2019\/05\/NEWSESTLYONNAIS-GONES-SANP-05-768x509.jpg 768w, https:\/\/newsestlyonnais.fr\/site\/wp-content\/uploads\/2019\/05\/NEWSESTLYONNAIS-GONES-SANP-05-600x397.jpg 600w\" sizes=\"auto, (max-width: 894px) 100vw, 894px\" \/><\/figure><\/li><li class=\"wp-block-jetpack-slideshow_slide swiper-slide\"><figure><img loading=\"lazy\" decoding=\"async\" width=\"894\" height=\"592\" alt=\"NEWSESTLYONNAIS GONES SANP 03\" class=\"wp-block-jetpack-slideshow_image wp-image-72549\" data-id=\"72549\" src=\"https:\/\/newsestlyonnais.fr\/site\/medias\/2019\/05\/NEWSESTLYONNAIS-GONES-SANP-03.jpg\" srcset=\"https:\/\/newsestlyonnais.fr\/site\/wp-content\/uploads\/2019\/05\/NEWSESTLYONNAIS-GONES-SANP-03.jpg 894w, https:\/\/newsestlyonnais.fr\/site\/wp-content\/uploads\/2019\/05\/NEWSESTLYONNAIS-GONES-SANP-03-400x265.jpg 400w, https:\/\/newsestlyonnais.fr\/site\/wp-content\/uploads\/2019\/05\/NEWSESTLYONNAIS-GONES-SANP-03-768x509.jpg 768w, https:\/\/newsestlyonnais.fr\/site\/wp-content\/uploads\/2019\/05\/NEWSESTLYONNAIS-GONES-SANP-03-600x397.jpg 600w\" sizes=\"auto, (max-width: 894px) 100vw, 894px\" \/><\/figure><\/li><\/ul><a class=\"wp-block-jetpack-slideshow_button-prev swiper-button-prev swiper-button-white\" role=\"button\"><\/a><a class=\"wp-block-jetpack-slideshow_button-next swiper-button-next swiper-button-white\" role=\"button\"><\/a><a aria-label=\"Pause Slideshow\" class=\"wp-block-jetpack-slideshow_button-pause\" role=\"button\"><\/a><div class=\"wp-block-jetpack-slideshow_pagination swiper-pagination swiper-pagination-white\"><\/div><\/div><\/div>\n","protected":false},"excerpt":{"rendered":"<p>Retour sur la 21\u00b0 \u00e9dition de cette comp\u00e9tition disput\u00e9e dans la cat\u00e9gorie U 14  et qui s&rsquo;est d\u00e9roul\u00e9e le samedi de P\u00e2ques au stade Mend\u00e8s-France.<\/p>\n","protected":false},"author":4,"featured_media":72602,"comment_status":"open","ping_status":"open","sticky":false,"template":"","format":"standard","meta":{"footnotes":""},"categories":[2996,2999,1296],"tags":[2033,2039,2171,2216],"class_list":["post-72541","post","type-post","status-publish","format-standard","has-post-thumbnail","hentry","category-football-rugby","category-rugby-a-xv-sports","category-sain-priest","tag-rugby-a-xiii","tag-saint-priest","tag-saint-priest-rugby","tag-tournoi"],"yoast_head":"<!-- This site is optimized with the Yoast SEO plugin v27.2 - https:\/\/yoast.com\/product\/yoast-seo-wordpress\/ -->\n<title>SAINT-PRIEST | Tournoi des \u00bb Gones Sanpriots \u00bb de rugby - News Est Lyonnais<\/title>\n<meta name=\"description\" content=\"tournoi des \u00bb Gones Sanpriots \u00bb de rugby. Retour sur la 21\u00b0 \u00e9dition qui s&#039;est d\u00e9roul\u00e9e le samedi de P\u00e2ques au stade Mend\u00e8s-France.\" \/>\n<meta name=\"robots\" content=\"index, follow, max-snippet:-1, max-image-preview:large, max-video-preview:-1\" \/>\n<link rel=\"canonical\" href=\"https:\/\/newsestlyonnais.fr\/site\/2019\/05\/01\/saint-priest-tournoi-des-gones-sanpriots-de-rugby\/\" \/>\n<meta property=\"og:locale\" content=\"fr_FR\" \/>\n<meta property=\"og:type\" content=\"article\" \/>\n<meta property=\"og:title\" content=\"SAINT-PRIEST | Tournoi des \u00bb Gones Sanpriots \u00bb de rugby - News Est Lyonnais\" \/>\n<meta property=\"og:description\" content=\"tournoi des \u00bb Gones Sanpriots \u00bb de rugby. Retour sur la 21\u00b0 \u00e9dition qui s&#039;est d\u00e9roul\u00e9e le samedi de P\u00e2ques au stade Mend\u00e8s-France.\" \/>\n<meta property=\"og:url\" content=\"https:\/\/newsestlyonnais.fr\/site\/2019\/05\/01\/saint-priest-tournoi-des-gones-sanpriots-de-rugby\/\" \/>\n<meta property=\"og:site_name\" content=\"News Est Lyonnais\" \/>\n<meta property=\"article:author\" content=\"https:\/\/www.facebook.com\/pascal.oberson.1?fref=ts\" \/>\n<meta property=\"article:published_time\" content=\"2019-05-01T15:14:07+00:00\" \/>\n<meta property=\"article:modified_time\" content=\"2020-11-02T11:28:51+00:00\" \/>\n<meta property=\"og:image\" content=\"https:\/\/i0.wp.com\/newsestlyonnais.fr\/site\/wp-content\/uploads\/2019\/05\/NEWSESTLYONNAIS-GONES-SANP-09.jpg?fit=4928%2C3264&ssl=1\" \/>\n\t<meta property=\"og:image:width\" content=\"4928\" \/>\n\t<meta property=\"og:image:height\" content=\"3264\" \/>\n\t<meta property=\"og:image:type\" content=\"image\/jpeg\" \/>\n<meta name=\"author\" content=\"R\u00e9dac. NEWS\" \/>\n<meta name=\"twitter:card\" content=\"summary_large_image\" \/>\n<meta name=\"twitter:label1\" content=\"\u00c9crit par\" \/>\n\t<meta name=\"twitter:data1\" content=\"R\u00e9dac. NEWS\" \/>\n\t<meta name=\"twitter:label2\" content=\"Dur\u00e9e de lecture estim\u00e9e\" \/>\n\t<meta name=\"twitter:data2\" content=\"1 minute\" \/>\n<script type=\"application\/ld+json\" class=\"yoast-schema-graph\">{\"@context\":\"https:\/\/schema.org\",\"@graph\":[{\"@type\":\"Article\",\"@id\":\"https:\/\/newsestlyonnais.fr\/site\/2019\/05\/01\/saint-priest-tournoi-des-gones-sanpriots-de-rugby\/#article\",\"isPartOf\":{\"@id\":\"https:\/\/newsestlyonnais.fr\/site\/2019\/05\/01\/saint-priest-tournoi-des-gones-sanpriots-de-rugby\/\"},\"author\":{\"name\":\"R\u00e9dac. NEWS\",\"@id\":\"https:\/\/newsestlyonnais.fr\/site\/#\/schema\/person\/3230d5615f390bb808365d673001e887\"},\"headline\":\"SAINT-PRIEST | Tournoi des \u00bb Gones Sanpriots \u00bb de rugby\",\"datePublished\":\"2019-05-01T15:14:07+00:00\",\"dateModified\":\"2020-11-02T11:28:51+00:00\",\"mainEntityOfPage\":{\"@id\":\"https:\/\/newsestlyonnais.fr\/site\/2019\/05\/01\/saint-priest-tournoi-des-gones-sanpriots-de-rugby\/\"},\"wordCount\":199,\"commentCount\":0,\"publisher\":{\"@id\":\"https:\/\/newsestlyonnais.fr\/site\/#organization\"},\"image\":{\"@id\":\"https:\/\/newsestlyonnais.fr\/site\/2019\/05\/01\/saint-priest-tournoi-des-gones-sanpriots-de-rugby\/#primaryimage\"},\"thumbnailUrl\":\"https:\/\/newsestlyonnais.fr\/site\/wp-content\/uploads\/2019\/05\/NEWSESTLYONNAIS-GONES-SANP-09.jpg\",\"keywords\":[\"RUGBY A XIII\",\"SAINT PRIEST\",\"Saint Priest Rugby\",\"TOURNOI\"],\"articleSection\":[\"Foot | Rugby\",\"Rugby \u00e0 XV\",\"Saint-Priest\"],\"inLanguage\":\"fr-FR\",\"potentialAction\":[{\"@type\":\"CommentAction\",\"name\":\"Comment\",\"target\":[\"https:\/\/newsestlyonnais.fr\/site\/2019\/05\/01\/saint-priest-tournoi-des-gones-sanpriots-de-rugby\/#respond\"]}]},{\"@type\":\"WebPage\",\"@id\":\"https:\/\/newsestlyonnais.fr\/site\/2019\/05\/01\/saint-priest-tournoi-des-gones-sanpriots-de-rugby\/\",\"url\":\"https:\/\/newsestlyonnais.fr\/site\/2019\/05\/01\/saint-priest-tournoi-des-gones-sanpriots-de-rugby\/\",\"name\":\"SAINT-PRIEST | Tournoi des \u00bb Gones Sanpriots \u00bb de rugby - News Est Lyonnais\",\"isPartOf\":{\"@id\":\"https:\/\/newsestlyonnais.fr\/site\/#website\"},\"primaryImageOfPage\":{\"@id\":\"https:\/\/newsestlyonnais.fr\/site\/2019\/05\/01\/saint-priest-tournoi-des-gones-sanpriots-de-rugby\/#primaryimage\"},\"image\":{\"@id\":\"https:\/\/newsestlyonnais.fr\/site\/2019\/05\/01\/saint-priest-tournoi-des-gones-sanpriots-de-rugby\/#primaryimage\"},\"thumbnailUrl\":\"https:\/\/newsestlyonnais.fr\/site\/wp-content\/uploads\/2019\/05\/NEWSESTLYONNAIS-GONES-SANP-09.jpg\",\"datePublished\":\"2019-05-01T15:14:07+00:00\",\"dateModified\":\"2020-11-02T11:28:51+00:00\",\"description\":\"tournoi des \u00bb Gones Sanpriots \u00bb de rugby. Retour sur la 21\u00b0 \u00e9dition qui s'est d\u00e9roul\u00e9e le samedi de P\u00e2ques au stade Mend\u00e8s-France.\",\"breadcrumb\":{\"@id\":\"https:\/\/newsestlyonnais.fr\/site\/2019\/05\/01\/saint-priest-tournoi-des-gones-sanpriots-de-rugby\/#breadcrumb\"},\"inLanguage\":\"fr-FR\",\"potentialAction\":[{\"@type\":\"ReadAction\",\"target\":[\"https:\/\/newsestlyonnais.fr\/site\/2019\/05\/01\/saint-priest-tournoi-des-gones-sanpriots-de-rugby\/\"]}]},{\"@type\":\"ImageObject\",\"inLanguage\":\"fr-FR\",\"@id\":\"https:\/\/newsestlyonnais.fr\/site\/2019\/05\/01\/saint-priest-tournoi-des-gones-sanpriots-de-rugby\/#primaryimage\",\"url\":\"https:\/\/newsestlyonnais.fr\/site\/wp-content\/uploads\/2019\/05\/NEWSESTLYONNAIS-GONES-SANP-09.jpg\",\"contentUrl\":\"https:\/\/newsestlyonnais.fr\/site\/wp-content\/uploads\/2019\/05\/NEWSESTLYONNAIS-GONES-SANP-09.jpg\",\"width\":4928,\"height\":3264,\"caption\":\"NEWSESTLYONNAIS GONES SANP 09\"},{\"@type\":\"BreadcrumbList\",\"@id\":\"https:\/\/newsestlyonnais.fr\/site\/2019\/05\/01\/saint-priest-tournoi-des-gones-sanpriots-de-rugby\/#breadcrumb\",\"itemListElement\":[{\"@type\":\"ListItem\",\"position\":1,\"name\":\"Accueil\",\"item\":\"https:\/\/newsestlyonnais.fr\/site\/\"},{\"@type\":\"ListItem\",\"position\":2,\"name\":\"SAINT-PRIEST | Tournoi des \u00bb Gones Sanpriots \u00bb de rugby\"}]},{\"@type\":\"WebSite\",\"@id\":\"https:\/\/newsestlyonnais.fr\/site\/#website\",\"url\":\"https:\/\/newsestlyonnais.fr\/site\/\",\"name\":\"News Est Lyonnais\",\"description\":\"L&#039;actualit\u00e9 au plus pr\u00e8s\",\"publisher\":{\"@id\":\"https:\/\/newsestlyonnais.fr\/site\/#organization\"},\"potentialAction\":[{\"@type\":\"SearchAction\",\"target\":{\"@type\":\"EntryPoint\",\"urlTemplate\":\"https:\/\/newsestlyonnais.fr\/site\/?s={search_term_string}\"},\"query-input\":{\"@type\":\"PropertyValueSpecification\",\"valueRequired\":true,\"valueName\":\"search_term_string\"}}],\"inLanguage\":\"fr-FR\"},{\"@type\":\"Organization\",\"@id\":\"https:\/\/newsestlyonnais.fr\/site\/#organization\",\"name\":\"News EST LYONNAIS\",\"url\":\"https:\/\/newsestlyonnais.fr\/site\/\",\"logo\":{\"@type\":\"ImageObject\",\"inLanguage\":\"fr-FR\",\"@id\":\"https:\/\/newsestlyonnais.fr\/site\/#\/schema\/logo\/image\/\",\"url\":\"\",\"contentUrl\":\"\",\"caption\":\"News EST LYONNAIS\"},\"image\":{\"@id\":\"https:\/\/newsestlyonnais.fr\/site\/#\/schema\/logo\/image\/\"}},{\"@type\":\"Person\",\"@id\":\"https:\/\/newsestlyonnais.fr\/site\/#\/schema\/person\/3230d5615f390bb808365d673001e887\",\"name\":\"R\u00e9dac. NEWS\",\"sameAs\":[\"http:\/\/www.newsestlyonnais.fr\",\"https:\/\/www.facebook.com\/pascal.oberson.1?fref=ts\",\"https:\/\/fr.linkedin.com\/in\/pascal-oberson-b17045113\"],\"url\":\"https:\/\/newsestlyonnais.fr\/site\/author\/nel\/\"}]}<\/script>\n<!-- \/ Yoast SEO plugin. -->","yoast_head_json":{"title":"SAINT-PRIEST | Tournoi des \u00bb Gones Sanpriots \u00bb de rugby - News Est Lyonnais","description":"tournoi des \u00bb Gones Sanpriots \u00bb de rugby. Retour sur la 21\u00b0 \u00e9dition qui s'est d\u00e9roul\u00e9e le samedi de P\u00e2ques au stade Mend\u00e8s-France.","robots":{"index":"index","follow":"follow","max-snippet":"max-snippet:-1","max-image-preview":"max-image-preview:large","max-video-preview":"max-video-preview:-1"},"canonical":"https:\/\/newsestlyonnais.fr\/site\/2019\/05\/01\/saint-priest-tournoi-des-gones-sanpriots-de-rugby\/","og_locale":"fr_FR","og_type":"article","og_title":"SAINT-PRIEST | Tournoi des \u00bb Gones Sanpriots \u00bb de rugby - News Est Lyonnais","og_description":"tournoi des \u00bb Gones Sanpriots \u00bb de rugby. Retour sur la 21\u00b0 \u00e9dition qui s'est d\u00e9roul\u00e9e le samedi de P\u00e2ques au stade Mend\u00e8s-France.","og_url":"https:\/\/newsestlyonnais.fr\/site\/2019\/05\/01\/saint-priest-tournoi-des-gones-sanpriots-de-rugby\/","og_site_name":"News Est Lyonnais","article_author":"https:\/\/www.facebook.com\/pascal.oberson.1?fref=ts","article_published_time":"2019-05-01T15:14:07+00:00","article_modified_time":"2020-11-02T11:28:51+00:00","og_image":[{"width":4928,"height":3264,"url":"https:\/\/i0.wp.com\/newsestlyonnais.fr\/site\/wp-content\/uploads\/2019\/05\/NEWSESTLYONNAIS-GONES-SANP-09.jpg?fit=4928%2C3264&ssl=1","type":"image\/jpeg"}],"author":"R\u00e9dac. NEWS","twitter_card":"summary_large_image","twitter_misc":{"\u00c9crit par":"R\u00e9dac. NEWS","Dur\u00e9e de lecture estim\u00e9e":"1 minute"},"schema":{"@context":"https:\/\/schema.org","@graph":[{"@type":"Article","@id":"https:\/\/newsestlyonnais.fr\/site\/2019\/05\/01\/saint-priest-tournoi-des-gones-sanpriots-de-rugby\/#article","isPartOf":{"@id":"https:\/\/newsestlyonnais.fr\/site\/2019\/05\/01\/saint-priest-tournoi-des-gones-sanpriots-de-rugby\/"},"author":{"name":"R\u00e9dac. NEWS","@id":"https:\/\/newsestlyonnais.fr\/site\/#\/schema\/person\/3230d5615f390bb808365d673001e887"},"headline":"SAINT-PRIEST | Tournoi des \u00bb Gones Sanpriots \u00bb de rugby","datePublished":"2019-05-01T15:14:07+00:00","dateModified":"2020-11-02T11:28:51+00:00","mainEntityOfPage":{"@id":"https:\/\/newsestlyonnais.fr\/site\/2019\/05\/01\/saint-priest-tournoi-des-gones-sanpriots-de-rugby\/"},"wordCount":199,"commentCount":0,"publisher":{"@id":"https:\/\/newsestlyonnais.fr\/site\/#organization"},"image":{"@id":"https:\/\/newsestlyonnais.fr\/site\/2019\/05\/01\/saint-priest-tournoi-des-gones-sanpriots-de-rugby\/#primaryimage"},"thumbnailUrl":"https:\/\/newsestlyonnais.fr\/site\/wp-content\/uploads\/2019\/05\/NEWSESTLYONNAIS-GONES-SANP-09.jpg","keywords":["RUGBY A XIII","SAINT PRIEST","Saint Priest Rugby","TOURNOI"],"articleSection":["Foot | Rugby","Rugby \u00e0 XV","Saint-Priest"],"inLanguage":"fr-FR","potentialAction":[{"@type":"CommentAction","name":"Comment","target":["https:\/\/newsestlyonnais.fr\/site\/2019\/05\/01\/saint-priest-tournoi-des-gones-sanpriots-de-rugby\/#respond"]}]},{"@type":"WebPage","@id":"https:\/\/newsestlyonnais.fr\/site\/2019\/05\/01\/saint-priest-tournoi-des-gones-sanpriots-de-rugby\/","url":"https:\/\/newsestlyonnais.fr\/site\/2019\/05\/01\/saint-priest-tournoi-des-gones-sanpriots-de-rugby\/","name":"SAINT-PRIEST | Tournoi des \u00bb Gones Sanpriots \u00bb de rugby - News Est Lyonnais","isPartOf":{"@id":"https:\/\/newsestlyonnais.fr\/site\/#website"},"primaryImageOfPage":{"@id":"https:\/\/newsestlyonnais.fr\/site\/2019\/05\/01\/saint-priest-tournoi-des-gones-sanpriots-de-rugby\/#primaryimage"},"image":{"@id":"https:\/\/newsestlyonnais.fr\/site\/2019\/05\/01\/saint-priest-tournoi-des-gones-sanpriots-de-rugby\/#primaryimage"},"thumbnailUrl":"https:\/\/newsestlyonnais.fr\/site\/wp-content\/uploads\/2019\/05\/NEWSESTLYONNAIS-GONES-SANP-09.jpg","datePublished":"2019-05-01T15:14:07+00:00","dateModified":"2020-11-02T11:28:51+00:00","description":"tournoi des \u00bb Gones Sanpriots \u00bb de rugby. Retour sur la 21\u00b0 \u00e9dition qui s'est d\u00e9roul\u00e9e le samedi de P\u00e2ques au stade Mend\u00e8s-France.","breadcrumb":{"@id":"https:\/\/newsestlyonnais.fr\/site\/2019\/05\/01\/saint-priest-tournoi-des-gones-sanpriots-de-rugby\/#breadcrumb"},"inLanguage":"fr-FR","potentialAction":[{"@type":"ReadAction","target":["https:\/\/newsestlyonnais.fr\/site\/2019\/05\/01\/saint-priest-tournoi-des-gones-sanpriots-de-rugby\/"]}]},{"@type":"ImageObject","inLanguage":"fr-FR","@id":"https:\/\/newsestlyonnais.fr\/site\/2019\/05\/01\/saint-priest-tournoi-des-gones-sanpriots-de-rugby\/#primaryimage","url":"https:\/\/newsestlyonnais.fr\/site\/wp-content\/uploads\/2019\/05\/NEWSESTLYONNAIS-GONES-SANP-09.jpg","contentUrl":"https:\/\/newsestlyonnais.fr\/site\/wp-content\/uploads\/2019\/05\/NEWSESTLYONNAIS-GONES-SANP-09.jpg","width":4928,"height":3264,"caption":"NEWSESTLYONNAIS GONES SANP 09"},{"@type":"BreadcrumbList","@id":"https:\/\/newsestlyonnais.fr\/site\/2019\/05\/01\/saint-priest-tournoi-des-gones-sanpriots-de-rugby\/#breadcrumb","itemListElement":[{"@type":"ListItem","position":1,"name":"Accueil","item":"https:\/\/newsestlyonnais.fr\/site\/"},{"@type":"ListItem","position":2,"name":"SAINT-PRIEST | Tournoi des \u00bb Gones Sanpriots \u00bb de rugby"}]},{"@type":"WebSite","@id":"https:\/\/newsestlyonnais.fr\/site\/#website","url":"https:\/\/newsestlyonnais.fr\/site\/","name":"News Est Lyonnais","description":"L&#039;actualit\u00e9 au plus pr\u00e8s","publisher":{"@id":"https:\/\/newsestlyonnais.fr\/site\/#organization"},"potentialAction":[{"@type":"SearchAction","target":{"@type":"EntryPoint","urlTemplate":"https:\/\/newsestlyonnais.fr\/site\/?s={search_term_string}"},"query-input":{"@type":"PropertyValueSpecification","valueRequired":true,"valueName":"search_term_string"}}],"inLanguage":"fr-FR"},{"@type":"Organization","@id":"https:\/\/newsestlyonnais.fr\/site\/#organization","name":"News EST LYONNAIS","url":"https:\/\/newsestlyonnais.fr\/site\/","logo":{"@type":"ImageObject","inLanguage":"fr-FR","@id":"https:\/\/newsestlyonnais.fr\/site\/#\/schema\/logo\/image\/","url":"","contentUrl":"","caption":"News EST LYONNAIS"},"image":{"@id":"https:\/\/newsestlyonnais.fr\/site\/#\/schema\/logo\/image\/"}},{"@type":"Person","@id":"https:\/\/newsestlyonnais.fr\/site\/#\/schema\/person\/3230d5615f390bb808365d673001e887","name":"R\u00e9dac. NEWS","sameAs":["http:\/\/www.newsestlyonnais.fr","https:\/\/www.facebook.com\/pascal.oberson.1?fref=ts","https:\/\/fr.linkedin.com\/in\/pascal-oberson-b17045113"],"url":"https:\/\/newsestlyonnais.fr\/site\/author\/nel\/"}]}},"_links":{"self":[{"href":"https:\/\/newsestlyonnais.fr\/site\/wp-json\/wp\/v2\/posts\/72541","targetHints":{"allow":["GET"]}}],"collection":[{"href":"https:\/\/newsestlyonnais.fr\/site\/wp-json\/wp\/v2\/posts"}],"about":[{"href":"https:\/\/newsestlyonnais.fr\/site\/wp-json\/wp\/v2\/types\/post"}],"author":[{"embeddable":true,"href":"https:\/\/newsestlyonnais.fr\/site\/wp-json\/wp\/v2\/users\/4"}],"replies":[{"embeddable":true,"href":"https:\/\/newsestlyonnais.fr\/site\/wp-json\/wp\/v2\/comments?post=72541"}],"version-history":[{"count":0,"href":"https:\/\/newsestlyonnais.fr\/site\/wp-json\/wp\/v2\/posts\/72541\/revisions"}],"wp:featuredmedia":[{"embeddable":true,"href":"https:\/\/newsestlyonnais.fr\/site\/wp-json\/wp\/v2\/media\/72602"}],"wp:attachment":[{"href":"https:\/\/newsestlyonnais.fr\/site\/wp-json\/wp\/v2\/media?parent=72541"}],"wp:term":[{"taxonomy":"category","embeddable":true,"href":"https:\/\/newsestlyonnais.fr\/site\/wp-json\/wp\/v2\/categories?post=72541"},{"taxonomy":"post_tag","embeddable":true,"href":"https:\/\/newsestlyonnais.fr\/site\/wp-json\/wp\/v2\/tags?post=72541"}],"curies":[{"name":"wp","href":"https:\/\/api.w.org\/{rel}","templated":true}]}}