{"id":72603,"date":"2019-05-07T05:44:47","date_gmt":"2019-05-07T04:44:47","guid":{"rendered":"http:\/\/newsestlyonnais.fr\/site\/?p=72603"},"modified":"2020-11-16T14:59:05","modified_gmt":"2020-11-16T13:59:05","slug":"bron-les-feminines-du-volley-bron-lyon-lumiere-en-barrages-daccession","status":"publish","type":"post","link":"https:\/\/newsestlyonnais.fr\/site\/2019\/05\/07\/bron-les-feminines-du-volley-bron-lyon-lumiere-en-barrages-daccession\/","title":{"rendered":"BRON-LYON | Les f\u00e9minines du Vb@ll en barrages d&rsquo;accession"},"content":{"rendered":"\r\n<h4 class=\"wp-block-heading\">L&rsquo;\u00e9quipe seniors 2 f\u00e9minine du Volley Bron Lyon Lumi\u00e8re a \u00e9volu\u00e9 cette saison au niveau 2 r\u00e9gional et termin\u00e9 1\u00b0 de sa poule.<\/h4>\r\n\r\n\r\n\r\n<p>Un championnat disput\u00e9 avec <strong>une seule d\u00e9faite en 18 matchs<\/strong> et encore au tie-break ! A ce titre, elle a gagn\u00e9 <strong>le droit de disputer une finale \u00e0 4 <\/strong>qui peut lui permettre d&rsquo;acc\u00e9der directement au championnat pr\u00e9-national 2019\/2020 en cas de victoire.<br \/>La ligue r\u00e9gionale de volley a mis en place une journ\u00e9e de barrages, le Vball ayant postul\u00e9 pour son organisation, sa candidature a \u00e9t\u00e9 accept\u00e9e.<\/p>\r\n\r\n\r\n\r\n<h4 class=\"wp-block-heading\" id=\"mce_5\">Le Volley Bron Lyon Lumi\u00e8re accueillera :<\/h4>\r\n\r\n\r\n\r\n<ul class=\"wp-block-list\">\r\n<li><strong>Francheville &amp; Talen\u00e7onnais<\/strong> qui jouent leur maintien dans la cat\u00e9gorie Pr\u00e9-nationale.<\/li>\r\n<li><strong>Grenoble<\/strong>, actuellement en niveau r\u00e9gional 1, qui tentera, tout comme le Vb@ll, d&rsquo;atteindre le niveau sup\u00e9rieur.<\/li>\r\n<\/ul>\r\n\r\n\r\n\r\n<p>Ce groupe (coach\u00e9 par Mohammed El Amraoui, assist\u00e9 de S\u00e9bastien Bonner) est compos\u00e9 de : Charl\u00e8ne Devillard, C\u00e9lia Failla, Julie Lespinasse, Sarah Belabed, Maelle Dacquin &amp; Fantine Cassagnes (r\u00e9ceptionneuses 4), In\u00e8s Fabaron &amp; Valentine Angosto (passeuses), Capucine Rolland (pointue), Vanessa Girier-Dufournier, Marion Figarolio &amp; Marie Debruyine (centrales) &amp; Marion Gattaz (lib\u00e9ro).<\/p>\r\n<p>_________________________________________________________________________<\/p>\r\n\r\n\r\n\r\n<ul class=\"wp-block-list\">\r\n<li><strong>Rencontres de barrages dimanche 12 mai \u00e0 partir de 11 heures<\/strong> au Gymnase Longchambon, rue St\u00e9phane Coignet \u00e0 Lyon 8\u00b0.<\/li>\r\n<\/ul>\r\n<p>_________________________________________________________________________<\/p>\r\n\r\n\r\n\r\n<p><strong><em>Retrouvez l&rsquo;ACTU du VB@ll sur : <\/em><\/strong><a href=\"https:\/\/www.vball-leclub.org\"><strong><em>https:\/\/www.vball-leclub.org<\/em><\/strong><\/a><\/p>\r\n","protected":false},"excerpt":{"rendered":"<p>L&rsquo;\u00e9quipe seniors 2 f\u00e9minine du Volley Bron Lyon Lumi\u00e8re a \u00e9volu\u00e9 cette saison au niveau 2 r\u00e9gional et termin\u00e9 1\u00b0 de sa poule.<\/p>\n","protected":false},"author":4,"featured_media":73077,"comment_status":"open","ping_status":"open","sticky":false,"template":"","format":"standard","meta":{"footnotes":""},"categories":[2975,19,3421,1625,2976],"tags":[2072,2077,2578,2507],"class_list":["post-72603","post","type-post","status-publish","format-standard","has-post-thumbnail","hentry","category-basket-hand-volley-sports","category-bron","category-feminin-actu-au","category-lyon","category-volley-sports","tag-bron","tag-lyon","tag-vball","tag-volley"],"yoast_head":"<!-- This site is optimized with the Yoast SEO plugin v27.2 - https:\/\/yoast.com\/product\/yoast-seo-wordpress\/ -->\n<title>BRON-LYON | Les f\u00e9minines du Vb@ll en barrages d&#039;accession - News Est Lyonnais<\/title>\n<meta name=\"description\" content=\"Les f\u00e9minines du Vb@ll en barrages d&#039;accession ,\u00e9quipe seniors 2 f\u00e9minine du Volley Bron Lyon Lumi\u00e8re au niveau 2 r\u00e9gional et termin\u00e9 1\u00b0 de sa poule. .\" \/>\n<meta name=\"robots\" content=\"index, follow, max-snippet:-1, max-image-preview:large, max-video-preview:-1\" \/>\n<link rel=\"canonical\" href=\"https:\/\/newsestlyonnais.fr\/site\/2019\/05\/07\/bron-les-feminines-du-volley-bron-lyon-lumiere-en-barrages-daccession\/\" \/>\n<meta property=\"og:locale\" content=\"fr_FR\" \/>\n<meta property=\"og:type\" content=\"article\" \/>\n<meta property=\"og:title\" content=\"BRON-LYON | Les f\u00e9minines du Vb@ll en barrages d&#039;accession - News Est Lyonnais\" \/>\n<meta property=\"og:description\" content=\"Les f\u00e9minines du Vb@ll en barrages d&#039;accession ,\u00e9quipe seniors 2 f\u00e9minine du Volley Bron Lyon Lumi\u00e8re au niveau 2 r\u00e9gional et termin\u00e9 1\u00b0 de sa poule. .\" \/>\n<meta property=\"og:url\" content=\"https:\/\/newsestlyonnais.fr\/site\/2019\/05\/07\/bron-les-feminines-du-volley-bron-lyon-lumiere-en-barrages-daccession\/\" \/>\n<meta property=\"og:site_name\" content=\"News Est Lyonnais\" \/>\n<meta property=\"article:author\" content=\"https:\/\/www.facebook.com\/pascal.oberson.1?fref=ts\" \/>\n<meta property=\"article:published_time\" content=\"2019-05-07T04:44:47+00:00\" \/>\n<meta property=\"article:modified_time\" content=\"2020-11-16T13:59:05+00:00\" \/>\n<meta property=\"og:image\" content=\"https:\/\/i0.wp.com\/newsestlyonnais.fr\/site\/wp-content\/uploads\/2019\/05\/NEWSESTLYONNAIS-VBALL-FILLES.jpg?fit=478%2C341&ssl=1\" \/>\n\t<meta property=\"og:image:width\" content=\"478\" \/>\n\t<meta property=\"og:image:height\" content=\"341\" \/>\n\t<meta property=\"og:image:type\" content=\"image\/jpeg\" \/>\n<meta name=\"author\" content=\"R\u00e9dac. NEWS\" \/>\n<meta name=\"twitter:card\" content=\"summary_large_image\" \/>\n<meta name=\"twitter:label1\" content=\"\u00c9crit par\" \/>\n\t<meta name=\"twitter:data1\" content=\"R\u00e9dac. NEWS\" \/>\n\t<meta name=\"twitter:label2\" content=\"Dur\u00e9e de lecture estim\u00e9e\" \/>\n\t<meta name=\"twitter:data2\" content=\"1 minute\" \/>\n<script type=\"application\/ld+json\" class=\"yoast-schema-graph\">{\"@context\":\"https:\/\/schema.org\",\"@graph\":[{\"@type\":\"Article\",\"@id\":\"https:\/\/newsestlyonnais.fr\/site\/2019\/05\/07\/bron-les-feminines-du-volley-bron-lyon-lumiere-en-barrages-daccession\/#article\",\"isPartOf\":{\"@id\":\"https:\/\/newsestlyonnais.fr\/site\/2019\/05\/07\/bron-les-feminines-du-volley-bron-lyon-lumiere-en-barrages-daccession\/\"},\"author\":{\"name\":\"R\u00e9dac. NEWS\",\"@id\":\"https:\/\/newsestlyonnais.fr\/site\/#\/schema\/person\/3230d5615f390bb808365d673001e887\"},\"headline\":\"BRON-LYON | Les f\u00e9minines du Vb@ll en barrages d&rsquo;accession\",\"datePublished\":\"2019-05-07T04:44:47+00:00\",\"dateModified\":\"2020-11-16T13:59:05+00:00\",\"mainEntityOfPage\":{\"@id\":\"https:\/\/newsestlyonnais.fr\/site\/2019\/05\/07\/bron-les-feminines-du-volley-bron-lyon-lumiere-en-barrages-daccession\/\"},\"wordCount\":227,\"commentCount\":0,\"publisher\":{\"@id\":\"https:\/\/newsestlyonnais.fr\/site\/#organization\"},\"image\":{\"@id\":\"https:\/\/newsestlyonnais.fr\/site\/2019\/05\/07\/bron-les-feminines-du-volley-bron-lyon-lumiere-en-barrages-daccession\/#primaryimage\"},\"thumbnailUrl\":\"https:\/\/newsestlyonnais.fr\/site\/wp-content\/uploads\/2019\/05\/NEWSESTLYONNAIS-VBALL-FILLES.jpg\",\"keywords\":[\"BRON\",\"LYON\",\"VBALL\",\"VOLLEY\"],\"articleSection\":[\"Basket | Hand | Volley\",\"Bron\",\"F\u00e9minin (Actu au)\",\"Lyon\",\"Volley\"],\"inLanguage\":\"fr-FR\",\"potentialAction\":[{\"@type\":\"CommentAction\",\"name\":\"Comment\",\"target\":[\"https:\/\/newsestlyonnais.fr\/site\/2019\/05\/07\/bron-les-feminines-du-volley-bron-lyon-lumiere-en-barrages-daccession\/#respond\"]}]},{\"@type\":\"WebPage\",\"@id\":\"https:\/\/newsestlyonnais.fr\/site\/2019\/05\/07\/bron-les-feminines-du-volley-bron-lyon-lumiere-en-barrages-daccession\/\",\"url\":\"https:\/\/newsestlyonnais.fr\/site\/2019\/05\/07\/bron-les-feminines-du-volley-bron-lyon-lumiere-en-barrages-daccession\/\",\"name\":\"BRON-LYON | Les f\u00e9minines du Vb@ll en barrages d'accession - News Est Lyonnais\",\"isPartOf\":{\"@id\":\"https:\/\/newsestlyonnais.fr\/site\/#website\"},\"primaryImageOfPage\":{\"@id\":\"https:\/\/newsestlyonnais.fr\/site\/2019\/05\/07\/bron-les-feminines-du-volley-bron-lyon-lumiere-en-barrages-daccession\/#primaryimage\"},\"image\":{\"@id\":\"https:\/\/newsestlyonnais.fr\/site\/2019\/05\/07\/bron-les-feminines-du-volley-bron-lyon-lumiere-en-barrages-daccession\/#primaryimage\"},\"thumbnailUrl\":\"https:\/\/newsestlyonnais.fr\/site\/wp-content\/uploads\/2019\/05\/NEWSESTLYONNAIS-VBALL-FILLES.jpg\",\"datePublished\":\"2019-05-07T04:44:47+00:00\",\"dateModified\":\"2020-11-16T13:59:05+00:00\",\"description\":\"Les f\u00e9minines du Vb@ll en barrages d'accession ,\u00e9quipe seniors 2 f\u00e9minine du Volley Bron Lyon Lumi\u00e8re au niveau 2 r\u00e9gional et termin\u00e9 1\u00b0 de sa poule. .\",\"breadcrumb\":{\"@id\":\"https:\/\/newsestlyonnais.fr\/site\/2019\/05\/07\/bron-les-feminines-du-volley-bron-lyon-lumiere-en-barrages-daccession\/#breadcrumb\"},\"inLanguage\":\"fr-FR\",\"potentialAction\":[{\"@type\":\"ReadAction\",\"target\":[\"https:\/\/newsestlyonnais.fr\/site\/2019\/05\/07\/bron-les-feminines-du-volley-bron-lyon-lumiere-en-barrages-daccession\/\"]}]},{\"@type\":\"ImageObject\",\"inLanguage\":\"fr-FR\",\"@id\":\"https:\/\/newsestlyonnais.fr\/site\/2019\/05\/07\/bron-les-feminines-du-volley-bron-lyon-lumiere-en-barrages-daccession\/#primaryimage\",\"url\":\"https:\/\/newsestlyonnais.fr\/site\/wp-content\/uploads\/2019\/05\/NEWSESTLYONNAIS-VBALL-FILLES.jpg\",\"contentUrl\":\"https:\/\/newsestlyonnais.fr\/site\/wp-content\/uploads\/2019\/05\/NEWSESTLYONNAIS-VBALL-FILLES.jpg\",\"width\":478,\"height\":341,\"caption\":\"NEWSESTLYONNAIS VBALL FILLES\"},{\"@type\":\"BreadcrumbList\",\"@id\":\"https:\/\/newsestlyonnais.fr\/site\/2019\/05\/07\/bron-les-feminines-du-volley-bron-lyon-lumiere-en-barrages-daccession\/#breadcrumb\",\"itemListElement\":[{\"@type\":\"ListItem\",\"position\":1,\"name\":\"Accueil\",\"item\":\"https:\/\/newsestlyonnais.fr\/site\/\"},{\"@type\":\"ListItem\",\"position\":2,\"name\":\"BRON-LYON | Les f\u00e9minines du Vb@ll en barrages d&rsquo;accession\"}]},{\"@type\":\"WebSite\",\"@id\":\"https:\/\/newsestlyonnais.fr\/site\/#website\",\"url\":\"https:\/\/newsestlyonnais.fr\/site\/\",\"name\":\"News Est Lyonnais\",\"description\":\"L&#039;actualit\u00e9 au plus pr\u00e8s\",\"publisher\":{\"@id\":\"https:\/\/newsestlyonnais.fr\/site\/#organization\"},\"potentialAction\":[{\"@type\":\"SearchAction\",\"target\":{\"@type\":\"EntryPoint\",\"urlTemplate\":\"https:\/\/newsestlyonnais.fr\/site\/?s={search_term_string}\"},\"query-input\":{\"@type\":\"PropertyValueSpecification\",\"valueRequired\":true,\"valueName\":\"search_term_string\"}}],\"inLanguage\":\"fr-FR\"},{\"@type\":\"Organization\",\"@id\":\"https:\/\/newsestlyonnais.fr\/site\/#organization\",\"name\":\"News EST LYONNAIS\",\"url\":\"https:\/\/newsestlyonnais.fr\/site\/\",\"logo\":{\"@type\":\"ImageObject\",\"inLanguage\":\"fr-FR\",\"@id\":\"https:\/\/newsestlyonnais.fr\/site\/#\/schema\/logo\/image\/\",\"url\":\"\",\"contentUrl\":\"\",\"caption\":\"News EST LYONNAIS\"},\"image\":{\"@id\":\"https:\/\/newsestlyonnais.fr\/site\/#\/schema\/logo\/image\/\"}},{\"@type\":\"Person\",\"@id\":\"https:\/\/newsestlyonnais.fr\/site\/#\/schema\/person\/3230d5615f390bb808365d673001e887\",\"name\":\"R\u00e9dac. NEWS\",\"sameAs\":[\"http:\/\/www.newsestlyonnais.fr\",\"https:\/\/www.facebook.com\/pascal.oberson.1?fref=ts\",\"https:\/\/fr.linkedin.com\/in\/pascal-oberson-b17045113\"],\"url\":\"https:\/\/newsestlyonnais.fr\/site\/author\/nel\/\"}]}<\/script>\n<!-- \/ Yoast SEO plugin. -->","yoast_head_json":{"title":"BRON-LYON | Les f\u00e9minines du Vb@ll en barrages d'accession - News Est Lyonnais","description":"Les f\u00e9minines du Vb@ll en barrages d'accession ,\u00e9quipe seniors 2 f\u00e9minine du Volley Bron Lyon Lumi\u00e8re au niveau 2 r\u00e9gional et termin\u00e9 1\u00b0 de sa poule. .","robots":{"index":"index","follow":"follow","max-snippet":"max-snippet:-1","max-image-preview":"max-image-preview:large","max-video-preview":"max-video-preview:-1"},"canonical":"https:\/\/newsestlyonnais.fr\/site\/2019\/05\/07\/bron-les-feminines-du-volley-bron-lyon-lumiere-en-barrages-daccession\/","og_locale":"fr_FR","og_type":"article","og_title":"BRON-LYON | Les f\u00e9minines du Vb@ll en barrages d'accession - News Est Lyonnais","og_description":"Les f\u00e9minines du Vb@ll en barrages d'accession ,\u00e9quipe seniors 2 f\u00e9minine du Volley Bron Lyon Lumi\u00e8re au niveau 2 r\u00e9gional et termin\u00e9 1\u00b0 de sa poule. .","og_url":"https:\/\/newsestlyonnais.fr\/site\/2019\/05\/07\/bron-les-feminines-du-volley-bron-lyon-lumiere-en-barrages-daccession\/","og_site_name":"News Est Lyonnais","article_author":"https:\/\/www.facebook.com\/pascal.oberson.1?fref=ts","article_published_time":"2019-05-07T04:44:47+00:00","article_modified_time":"2020-11-16T13:59:05+00:00","og_image":[{"width":478,"height":341,"url":"https:\/\/i0.wp.com\/newsestlyonnais.fr\/site\/wp-content\/uploads\/2019\/05\/NEWSESTLYONNAIS-VBALL-FILLES.jpg?fit=478%2C341&ssl=1","type":"image\/jpeg"}],"author":"R\u00e9dac. NEWS","twitter_card":"summary_large_image","twitter_misc":{"\u00c9crit par":"R\u00e9dac. NEWS","Dur\u00e9e de lecture estim\u00e9e":"1 minute"},"schema":{"@context":"https:\/\/schema.org","@graph":[{"@type":"Article","@id":"https:\/\/newsestlyonnais.fr\/site\/2019\/05\/07\/bron-les-feminines-du-volley-bron-lyon-lumiere-en-barrages-daccession\/#article","isPartOf":{"@id":"https:\/\/newsestlyonnais.fr\/site\/2019\/05\/07\/bron-les-feminines-du-volley-bron-lyon-lumiere-en-barrages-daccession\/"},"author":{"name":"R\u00e9dac. NEWS","@id":"https:\/\/newsestlyonnais.fr\/site\/#\/schema\/person\/3230d5615f390bb808365d673001e887"},"headline":"BRON-LYON | Les f\u00e9minines du Vb@ll en barrages d&rsquo;accession","datePublished":"2019-05-07T04:44:47+00:00","dateModified":"2020-11-16T13:59:05+00:00","mainEntityOfPage":{"@id":"https:\/\/newsestlyonnais.fr\/site\/2019\/05\/07\/bron-les-feminines-du-volley-bron-lyon-lumiere-en-barrages-daccession\/"},"wordCount":227,"commentCount":0,"publisher":{"@id":"https:\/\/newsestlyonnais.fr\/site\/#organization"},"image":{"@id":"https:\/\/newsestlyonnais.fr\/site\/2019\/05\/07\/bron-les-feminines-du-volley-bron-lyon-lumiere-en-barrages-daccession\/#primaryimage"},"thumbnailUrl":"https:\/\/newsestlyonnais.fr\/site\/wp-content\/uploads\/2019\/05\/NEWSESTLYONNAIS-VBALL-FILLES.jpg","keywords":["BRON","LYON","VBALL","VOLLEY"],"articleSection":["Basket | Hand | Volley","Bron","F\u00e9minin (Actu au)","Lyon","Volley"],"inLanguage":"fr-FR","potentialAction":[{"@type":"CommentAction","name":"Comment","target":["https:\/\/newsestlyonnais.fr\/site\/2019\/05\/07\/bron-les-feminines-du-volley-bron-lyon-lumiere-en-barrages-daccession\/#respond"]}]},{"@type":"WebPage","@id":"https:\/\/newsestlyonnais.fr\/site\/2019\/05\/07\/bron-les-feminines-du-volley-bron-lyon-lumiere-en-barrages-daccession\/","url":"https:\/\/newsestlyonnais.fr\/site\/2019\/05\/07\/bron-les-feminines-du-volley-bron-lyon-lumiere-en-barrages-daccession\/","name":"BRON-LYON | Les f\u00e9minines du Vb@ll en barrages d'accession - News Est Lyonnais","isPartOf":{"@id":"https:\/\/newsestlyonnais.fr\/site\/#website"},"primaryImageOfPage":{"@id":"https:\/\/newsestlyonnais.fr\/site\/2019\/05\/07\/bron-les-feminines-du-volley-bron-lyon-lumiere-en-barrages-daccession\/#primaryimage"},"image":{"@id":"https:\/\/newsestlyonnais.fr\/site\/2019\/05\/07\/bron-les-feminines-du-volley-bron-lyon-lumiere-en-barrages-daccession\/#primaryimage"},"thumbnailUrl":"https:\/\/newsestlyonnais.fr\/site\/wp-content\/uploads\/2019\/05\/NEWSESTLYONNAIS-VBALL-FILLES.jpg","datePublished":"2019-05-07T04:44:47+00:00","dateModified":"2020-11-16T13:59:05+00:00","description":"Les f\u00e9minines du Vb@ll en barrages d'accession ,\u00e9quipe seniors 2 f\u00e9minine du Volley Bron Lyon Lumi\u00e8re au niveau 2 r\u00e9gional et termin\u00e9 1\u00b0 de sa poule. .","breadcrumb":{"@id":"https:\/\/newsestlyonnais.fr\/site\/2019\/05\/07\/bron-les-feminines-du-volley-bron-lyon-lumiere-en-barrages-daccession\/#breadcrumb"},"inLanguage":"fr-FR","potentialAction":[{"@type":"ReadAction","target":["https:\/\/newsestlyonnais.fr\/site\/2019\/05\/07\/bron-les-feminines-du-volley-bron-lyon-lumiere-en-barrages-daccession\/"]}]},{"@type":"ImageObject","inLanguage":"fr-FR","@id":"https:\/\/newsestlyonnais.fr\/site\/2019\/05\/07\/bron-les-feminines-du-volley-bron-lyon-lumiere-en-barrages-daccession\/#primaryimage","url":"https:\/\/newsestlyonnais.fr\/site\/wp-content\/uploads\/2019\/05\/NEWSESTLYONNAIS-VBALL-FILLES.jpg","contentUrl":"https:\/\/newsestlyonnais.fr\/site\/wp-content\/uploads\/2019\/05\/NEWSESTLYONNAIS-VBALL-FILLES.jpg","width":478,"height":341,"caption":"NEWSESTLYONNAIS VBALL FILLES"},{"@type":"BreadcrumbList","@id":"https:\/\/newsestlyonnais.fr\/site\/2019\/05\/07\/bron-les-feminines-du-volley-bron-lyon-lumiere-en-barrages-daccession\/#breadcrumb","itemListElement":[{"@type":"ListItem","position":1,"name":"Accueil","item":"https:\/\/newsestlyonnais.fr\/site\/"},{"@type":"ListItem","position":2,"name":"BRON-LYON | Les f\u00e9minines du Vb@ll en barrages d&rsquo;accession"}]},{"@type":"WebSite","@id":"https:\/\/newsestlyonnais.fr\/site\/#website","url":"https:\/\/newsestlyonnais.fr\/site\/","name":"News Est Lyonnais","description":"L&#039;actualit\u00e9 au plus pr\u00e8s","publisher":{"@id":"https:\/\/newsestlyonnais.fr\/site\/#organization"},"potentialAction":[{"@type":"SearchAction","target":{"@type":"EntryPoint","urlTemplate":"https:\/\/newsestlyonnais.fr\/site\/?s={search_term_string}"},"query-input":{"@type":"PropertyValueSpecification","valueRequired":true,"valueName":"search_term_string"}}],"inLanguage":"fr-FR"},{"@type":"Organization","@id":"https:\/\/newsestlyonnais.fr\/site\/#organization","name":"News EST LYONNAIS","url":"https:\/\/newsestlyonnais.fr\/site\/","logo":{"@type":"ImageObject","inLanguage":"fr-FR","@id":"https:\/\/newsestlyonnais.fr\/site\/#\/schema\/logo\/image\/","url":"","contentUrl":"","caption":"News EST LYONNAIS"},"image":{"@id":"https:\/\/newsestlyonnais.fr\/site\/#\/schema\/logo\/image\/"}},{"@type":"Person","@id":"https:\/\/newsestlyonnais.fr\/site\/#\/schema\/person\/3230d5615f390bb808365d673001e887","name":"R\u00e9dac. NEWS","sameAs":["http:\/\/www.newsestlyonnais.fr","https:\/\/www.facebook.com\/pascal.oberson.1?fref=ts","https:\/\/fr.linkedin.com\/in\/pascal-oberson-b17045113"],"url":"https:\/\/newsestlyonnais.fr\/site\/author\/nel\/"}]}},"_links":{"self":[{"href":"https:\/\/newsestlyonnais.fr\/site\/wp-json\/wp\/v2\/posts\/72603","targetHints":{"allow":["GET"]}}],"collection":[{"href":"https:\/\/newsestlyonnais.fr\/site\/wp-json\/wp\/v2\/posts"}],"about":[{"href":"https:\/\/newsestlyonnais.fr\/site\/wp-json\/wp\/v2\/types\/post"}],"author":[{"embeddable":true,"href":"https:\/\/newsestlyonnais.fr\/site\/wp-json\/wp\/v2\/users\/4"}],"replies":[{"embeddable":true,"href":"https:\/\/newsestlyonnais.fr\/site\/wp-json\/wp\/v2\/comments?post=72603"}],"version-history":[{"count":0,"href":"https:\/\/newsestlyonnais.fr\/site\/wp-json\/wp\/v2\/posts\/72603\/revisions"}],"wp:featuredmedia":[{"embeddable":true,"href":"https:\/\/newsestlyonnais.fr\/site\/wp-json\/wp\/v2\/media\/73077"}],"wp:attachment":[{"href":"https:\/\/newsestlyonnais.fr\/site\/wp-json\/wp\/v2\/media?parent=72603"}],"wp:term":[{"taxonomy":"category","embeddable":true,"href":"https:\/\/newsestlyonnais.fr\/site\/wp-json\/wp\/v2\/categories?post=72603"},{"taxonomy":"post_tag","embeddable":true,"href":"https:\/\/newsestlyonnais.fr\/site\/wp-json\/wp\/v2\/tags?post=72603"}],"curies":[{"name":"wp","href":"https:\/\/api.w.org\/{rel}","templated":true}]}}