{"id":72690,"date":"2019-05-02T18:01:16","date_gmt":"2019-05-02T17:01:16","guid":{"rendered":"http:\/\/newsestlyonnais.fr\/site\/?p=72690"},"modified":"2020-05-20T07:18:04","modified_gmt":"2020-05-20T06:18:04","slug":"meyzieu-un-gymnase-requisitionne-pour-laccueil-de-familles","status":"publish","type":"post","link":"https:\/\/newsestlyonnais.fr\/site\/2019\/05\/02\/meyzieu-un-gymnase-requisitionne-pour-laccueil-de-familles\/","title":{"rendered":"MEYZIEU | Un gymnase r\u00e9quisitionn\u00e9 pour l&rsquo;accueil de familles"},"content":{"rendered":"\r\n<h4 class=\"wp-block-heading\">Suite au dispositif de mobilisation d\u2019aide d\u2019urgence d\u00e9clench\u00e9 par les services de l\u2019\u00c9tat, la Pr\u00e9fecture a proc\u00e9d\u00e9 \u00e0 la r\u00e9quisition d\u2019un gymnase.<\/h4>\r\n\r\n\r\n\r\n<p>La liste des familles ukrainiennes 38 personnes (parents et leurs tr\u00e8s jeunes enfants), en grande pr\u00e9carit\u00e9, a \u00e9t\u00e9 transmise \u00e0 Christophe Quiniou (maire de Meyzieu) par la Maison de la Veille Sociale.<\/p>\r\n\r\n\r\n\r\n<p><strong><em>Les familles sont mises \u00e0 l\u2019abri dans l\u2019enceinte du gymnase Olivier de Serres, r\u00e9quisitionn\u00e9 par la Pr\u00e9fecture pour un cycle de 10 jours, en journ\u00e9e compl\u00e8te, \u00e0 partir du mardi 1\u00b0 mai.<\/em><\/strong><br \/>Un op\u00e9rateur a \u00e9t\u00e9 d\u00e9sign\u00e9 par L\u2019\u00c9tat, l\u2019Entraide Pierre Valdo (EPV). Cette<br \/>association prend en charge l\u2019ensemble des d\u00e9penses (frais d\u2019h\u00e9bergement et de repas) et garantit la s\u00e9curit\u00e9 du lieu et des personnes 24 heures\/24, en assurant une veille sociale.<br \/>Le maire de Meyzieu a r\u00e9pondu \u00e0 cette r\u00e9quisition pr\u00e9fectorale en mettant tout en oeuvre pour que tout se d\u00e9roule pour le mieux. L\u2019objectif \u00e9tant de fournir aux familles recueillies les moyens d\u2018\u00e9voluer en autonomie, dans un espace collectif enti\u00e8rement s\u00e9curis\u00e9, \u00e0 l\u2019int\u00e9rieur et aux abords du gymnase.<\/p>\r\n","protected":false},"excerpt":{"rendered":"<p>MEYZIEU : un gymnase r\u00e9quisitionn\u00e9 pour l&rsquo;accueil de familles.<\/p>\n","protected":false},"author":4,"featured_media":0,"comment_status":"open","ping_status":"open","sticky":false,"template":"","format":"standard","meta":{"footnotes":""},"categories":[2217,24,18],"tags":[2081,2667],"class_list":["post-72690","post","type-post","status-publish","format-standard","hentry","category-breves-de-lest-lyonnais","category-meyzieu","category-sante-bien-etre-solidarite","tag-meyzieu","tag-requisition"],"yoast_head":"<!-- This site is optimized with the Yoast SEO plugin v27.2 - https:\/\/yoast.com\/product\/yoast-seo-wordpress\/ -->\n<title>MEYZIEU | Un gymnase r\u00e9quisitionn\u00e9 pour l&#039;accueil de familles - News Est Lyonnais<\/title>\n<meta name=\"description\" content=\"MEYZIEU : un gymnase r\u00e9quisitionn\u00e9 pour l&#039;accueil de familles suite au dispositif de mobilisation d\u2019aide d\u2019urgence d\u00e9clench\u00e9 par les services de l\u2019\u00c9tat\" \/>\n<meta name=\"robots\" content=\"index, follow, max-snippet:-1, max-image-preview:large, max-video-preview:-1\" \/>\n<link rel=\"canonical\" href=\"https:\/\/newsestlyonnais.fr\/site\/2019\/05\/02\/meyzieu-un-gymnase-requisitionne-pour-laccueil-de-familles\/\" \/>\n<meta property=\"og:locale\" content=\"fr_FR\" \/>\n<meta property=\"og:type\" content=\"article\" \/>\n<meta property=\"og:title\" content=\"MEYZIEU | Un gymnase r\u00e9quisitionn\u00e9 pour l&#039;accueil de familles - News Est Lyonnais\" \/>\n<meta property=\"og:description\" content=\"MEYZIEU : un gymnase r\u00e9quisitionn\u00e9 pour l&#039;accueil de familles suite au dispositif de mobilisation d\u2019aide d\u2019urgence d\u00e9clench\u00e9 par les services de l\u2019\u00c9tat\" \/>\n<meta property=\"og:url\" content=\"https:\/\/newsestlyonnais.fr\/site\/2019\/05\/02\/meyzieu-un-gymnase-requisitionne-pour-laccueil-de-familles\/\" \/>\n<meta property=\"og:site_name\" content=\"News Est Lyonnais\" \/>\n<meta property=\"article:author\" content=\"https:\/\/www.facebook.com\/pascal.oberson.1?fref=ts\" \/>\n<meta property=\"article:published_time\" content=\"2019-05-02T17:01:16+00:00\" \/>\n<meta property=\"article:modified_time\" content=\"2020-05-20T06:18:04+00:00\" \/>\n<meta name=\"author\" content=\"R\u00e9dac. NEWS\" \/>\n<meta name=\"twitter:card\" content=\"summary_large_image\" \/>\n<meta name=\"twitter:label1\" content=\"\u00c9crit par\" \/>\n\t<meta name=\"twitter:data1\" content=\"R\u00e9dac. NEWS\" \/>\n\t<meta name=\"twitter:label2\" content=\"Dur\u00e9e de lecture estim\u00e9e\" \/>\n\t<meta name=\"twitter:data2\" content=\"1 minute\" \/>\n<script type=\"application\/ld+json\" class=\"yoast-schema-graph\">{\"@context\":\"https:\/\/schema.org\",\"@graph\":[{\"@type\":\"Article\",\"@id\":\"https:\/\/newsestlyonnais.fr\/site\/2019\/05\/02\/meyzieu-un-gymnase-requisitionne-pour-laccueil-de-familles\/#article\",\"isPartOf\":{\"@id\":\"https:\/\/newsestlyonnais.fr\/site\/2019\/05\/02\/meyzieu-un-gymnase-requisitionne-pour-laccueil-de-familles\/\"},\"author\":{\"name\":\"R\u00e9dac. NEWS\",\"@id\":\"https:\/\/newsestlyonnais.fr\/site\/#\/schema\/person\/3230d5615f390bb808365d673001e887\"},\"headline\":\"MEYZIEU | Un gymnase r\u00e9quisitionn\u00e9 pour l&rsquo;accueil de familles\",\"datePublished\":\"2019-05-02T17:01:16+00:00\",\"dateModified\":\"2020-05-20T06:18:04+00:00\",\"mainEntityOfPage\":{\"@id\":\"https:\/\/newsestlyonnais.fr\/site\/2019\/05\/02\/meyzieu-un-gymnase-requisitionne-pour-laccueil-de-familles\/\"},\"wordCount\":208,\"commentCount\":0,\"publisher\":{\"@id\":\"https:\/\/newsestlyonnais.fr\/site\/#organization\"},\"keywords\":[\"MEYZIEU\",\"REQUISITION\"],\"articleSection\":[\"Br\u00e8ves de l'Est lyonnais\",\"Meyzieu\",\"Sant\u00e9 | Bien Etre | Solidarit\u00e9\"],\"inLanguage\":\"fr-FR\",\"potentialAction\":[{\"@type\":\"CommentAction\",\"name\":\"Comment\",\"target\":[\"https:\/\/newsestlyonnais.fr\/site\/2019\/05\/02\/meyzieu-un-gymnase-requisitionne-pour-laccueil-de-familles\/#respond\"]}]},{\"@type\":\"WebPage\",\"@id\":\"https:\/\/newsestlyonnais.fr\/site\/2019\/05\/02\/meyzieu-un-gymnase-requisitionne-pour-laccueil-de-familles\/\",\"url\":\"https:\/\/newsestlyonnais.fr\/site\/2019\/05\/02\/meyzieu-un-gymnase-requisitionne-pour-laccueil-de-familles\/\",\"name\":\"MEYZIEU | Un gymnase r\u00e9quisitionn\u00e9 pour l'accueil de familles - News Est Lyonnais\",\"isPartOf\":{\"@id\":\"https:\/\/newsestlyonnais.fr\/site\/#website\"},\"datePublished\":\"2019-05-02T17:01:16+00:00\",\"dateModified\":\"2020-05-20T06:18:04+00:00\",\"description\":\"MEYZIEU : un gymnase r\u00e9quisitionn\u00e9 pour l'accueil de familles suite au dispositif de mobilisation d\u2019aide d\u2019urgence d\u00e9clench\u00e9 par les services de l\u2019\u00c9tat\",\"breadcrumb\":{\"@id\":\"https:\/\/newsestlyonnais.fr\/site\/2019\/05\/02\/meyzieu-un-gymnase-requisitionne-pour-laccueil-de-familles\/#breadcrumb\"},\"inLanguage\":\"fr-FR\",\"potentialAction\":[{\"@type\":\"ReadAction\",\"target\":[\"https:\/\/newsestlyonnais.fr\/site\/2019\/05\/02\/meyzieu-un-gymnase-requisitionne-pour-laccueil-de-familles\/\"]}]},{\"@type\":\"BreadcrumbList\",\"@id\":\"https:\/\/newsestlyonnais.fr\/site\/2019\/05\/02\/meyzieu-un-gymnase-requisitionne-pour-laccueil-de-familles\/#breadcrumb\",\"itemListElement\":[{\"@type\":\"ListItem\",\"position\":1,\"name\":\"Accueil\",\"item\":\"https:\/\/newsestlyonnais.fr\/site\/\"},{\"@type\":\"ListItem\",\"position\":2,\"name\":\"MEYZIEU | Un gymnase r\u00e9quisitionn\u00e9 pour l&rsquo;accueil de familles\"}]},{\"@type\":\"WebSite\",\"@id\":\"https:\/\/newsestlyonnais.fr\/site\/#website\",\"url\":\"https:\/\/newsestlyonnais.fr\/site\/\",\"name\":\"News Est Lyonnais\",\"description\":\"L&#039;actualit\u00e9 au plus pr\u00e8s\",\"publisher\":{\"@id\":\"https:\/\/newsestlyonnais.fr\/site\/#organization\"},\"potentialAction\":[{\"@type\":\"SearchAction\",\"target\":{\"@type\":\"EntryPoint\",\"urlTemplate\":\"https:\/\/newsestlyonnais.fr\/site\/?s={search_term_string}\"},\"query-input\":{\"@type\":\"PropertyValueSpecification\",\"valueRequired\":true,\"valueName\":\"search_term_string\"}}],\"inLanguage\":\"fr-FR\"},{\"@type\":\"Organization\",\"@id\":\"https:\/\/newsestlyonnais.fr\/site\/#organization\",\"name\":\"News EST LYONNAIS\",\"url\":\"https:\/\/newsestlyonnais.fr\/site\/\",\"logo\":{\"@type\":\"ImageObject\",\"inLanguage\":\"fr-FR\",\"@id\":\"https:\/\/newsestlyonnais.fr\/site\/#\/schema\/logo\/image\/\",\"url\":\"\",\"contentUrl\":\"\",\"caption\":\"News EST LYONNAIS\"},\"image\":{\"@id\":\"https:\/\/newsestlyonnais.fr\/site\/#\/schema\/logo\/image\/\"}},{\"@type\":\"Person\",\"@id\":\"https:\/\/newsestlyonnais.fr\/site\/#\/schema\/person\/3230d5615f390bb808365d673001e887\",\"name\":\"R\u00e9dac. NEWS\",\"sameAs\":[\"http:\/\/www.newsestlyonnais.fr\",\"https:\/\/www.facebook.com\/pascal.oberson.1?fref=ts\",\"https:\/\/fr.linkedin.com\/in\/pascal-oberson-b17045113\"],\"url\":\"https:\/\/newsestlyonnais.fr\/site\/author\/nel\/\"}]}<\/script>\n<!-- \/ Yoast SEO plugin. -->","yoast_head_json":{"title":"MEYZIEU | Un gymnase r\u00e9quisitionn\u00e9 pour l'accueil de familles - News Est Lyonnais","description":"MEYZIEU : un gymnase r\u00e9quisitionn\u00e9 pour l'accueil de familles suite au dispositif de mobilisation d\u2019aide d\u2019urgence d\u00e9clench\u00e9 par les services de l\u2019\u00c9tat","robots":{"index":"index","follow":"follow","max-snippet":"max-snippet:-1","max-image-preview":"max-image-preview:large","max-video-preview":"max-video-preview:-1"},"canonical":"https:\/\/newsestlyonnais.fr\/site\/2019\/05\/02\/meyzieu-un-gymnase-requisitionne-pour-laccueil-de-familles\/","og_locale":"fr_FR","og_type":"article","og_title":"MEYZIEU | Un gymnase r\u00e9quisitionn\u00e9 pour l'accueil de familles - News Est Lyonnais","og_description":"MEYZIEU : un gymnase r\u00e9quisitionn\u00e9 pour l'accueil de familles suite au dispositif de mobilisation d\u2019aide d\u2019urgence d\u00e9clench\u00e9 par les services de l\u2019\u00c9tat","og_url":"https:\/\/newsestlyonnais.fr\/site\/2019\/05\/02\/meyzieu-un-gymnase-requisitionne-pour-laccueil-de-familles\/","og_site_name":"News Est Lyonnais","article_author":"https:\/\/www.facebook.com\/pascal.oberson.1?fref=ts","article_published_time":"2019-05-02T17:01:16+00:00","article_modified_time":"2020-05-20T06:18:04+00:00","author":"R\u00e9dac. NEWS","twitter_card":"summary_large_image","twitter_misc":{"\u00c9crit par":"R\u00e9dac. NEWS","Dur\u00e9e de lecture estim\u00e9e":"1 minute"},"schema":{"@context":"https:\/\/schema.org","@graph":[{"@type":"Article","@id":"https:\/\/newsestlyonnais.fr\/site\/2019\/05\/02\/meyzieu-un-gymnase-requisitionne-pour-laccueil-de-familles\/#article","isPartOf":{"@id":"https:\/\/newsestlyonnais.fr\/site\/2019\/05\/02\/meyzieu-un-gymnase-requisitionne-pour-laccueil-de-familles\/"},"author":{"name":"R\u00e9dac. NEWS","@id":"https:\/\/newsestlyonnais.fr\/site\/#\/schema\/person\/3230d5615f390bb808365d673001e887"},"headline":"MEYZIEU | Un gymnase r\u00e9quisitionn\u00e9 pour l&rsquo;accueil de familles","datePublished":"2019-05-02T17:01:16+00:00","dateModified":"2020-05-20T06:18:04+00:00","mainEntityOfPage":{"@id":"https:\/\/newsestlyonnais.fr\/site\/2019\/05\/02\/meyzieu-un-gymnase-requisitionne-pour-laccueil-de-familles\/"},"wordCount":208,"commentCount":0,"publisher":{"@id":"https:\/\/newsestlyonnais.fr\/site\/#organization"},"keywords":["MEYZIEU","REQUISITION"],"articleSection":["Br\u00e8ves de l'Est lyonnais","Meyzieu","Sant\u00e9 | Bien Etre | Solidarit\u00e9"],"inLanguage":"fr-FR","potentialAction":[{"@type":"CommentAction","name":"Comment","target":["https:\/\/newsestlyonnais.fr\/site\/2019\/05\/02\/meyzieu-un-gymnase-requisitionne-pour-laccueil-de-familles\/#respond"]}]},{"@type":"WebPage","@id":"https:\/\/newsestlyonnais.fr\/site\/2019\/05\/02\/meyzieu-un-gymnase-requisitionne-pour-laccueil-de-familles\/","url":"https:\/\/newsestlyonnais.fr\/site\/2019\/05\/02\/meyzieu-un-gymnase-requisitionne-pour-laccueil-de-familles\/","name":"MEYZIEU | Un gymnase r\u00e9quisitionn\u00e9 pour l'accueil de familles - News Est Lyonnais","isPartOf":{"@id":"https:\/\/newsestlyonnais.fr\/site\/#website"},"datePublished":"2019-05-02T17:01:16+00:00","dateModified":"2020-05-20T06:18:04+00:00","description":"MEYZIEU : un gymnase r\u00e9quisitionn\u00e9 pour l'accueil de familles suite au dispositif de mobilisation d\u2019aide d\u2019urgence d\u00e9clench\u00e9 par les services de l\u2019\u00c9tat","breadcrumb":{"@id":"https:\/\/newsestlyonnais.fr\/site\/2019\/05\/02\/meyzieu-un-gymnase-requisitionne-pour-laccueil-de-familles\/#breadcrumb"},"inLanguage":"fr-FR","potentialAction":[{"@type":"ReadAction","target":["https:\/\/newsestlyonnais.fr\/site\/2019\/05\/02\/meyzieu-un-gymnase-requisitionne-pour-laccueil-de-familles\/"]}]},{"@type":"BreadcrumbList","@id":"https:\/\/newsestlyonnais.fr\/site\/2019\/05\/02\/meyzieu-un-gymnase-requisitionne-pour-laccueil-de-familles\/#breadcrumb","itemListElement":[{"@type":"ListItem","position":1,"name":"Accueil","item":"https:\/\/newsestlyonnais.fr\/site\/"},{"@type":"ListItem","position":2,"name":"MEYZIEU | Un gymnase r\u00e9quisitionn\u00e9 pour l&rsquo;accueil de familles"}]},{"@type":"WebSite","@id":"https:\/\/newsestlyonnais.fr\/site\/#website","url":"https:\/\/newsestlyonnais.fr\/site\/","name":"News Est Lyonnais","description":"L&#039;actualit\u00e9 au plus pr\u00e8s","publisher":{"@id":"https:\/\/newsestlyonnais.fr\/site\/#organization"},"potentialAction":[{"@type":"SearchAction","target":{"@type":"EntryPoint","urlTemplate":"https:\/\/newsestlyonnais.fr\/site\/?s={search_term_string}"},"query-input":{"@type":"PropertyValueSpecification","valueRequired":true,"valueName":"search_term_string"}}],"inLanguage":"fr-FR"},{"@type":"Organization","@id":"https:\/\/newsestlyonnais.fr\/site\/#organization","name":"News EST LYONNAIS","url":"https:\/\/newsestlyonnais.fr\/site\/","logo":{"@type":"ImageObject","inLanguage":"fr-FR","@id":"https:\/\/newsestlyonnais.fr\/site\/#\/schema\/logo\/image\/","url":"","contentUrl":"","caption":"News EST LYONNAIS"},"image":{"@id":"https:\/\/newsestlyonnais.fr\/site\/#\/schema\/logo\/image\/"}},{"@type":"Person","@id":"https:\/\/newsestlyonnais.fr\/site\/#\/schema\/person\/3230d5615f390bb808365d673001e887","name":"R\u00e9dac. NEWS","sameAs":["http:\/\/www.newsestlyonnais.fr","https:\/\/www.facebook.com\/pascal.oberson.1?fref=ts","https:\/\/fr.linkedin.com\/in\/pascal-oberson-b17045113"],"url":"https:\/\/newsestlyonnais.fr\/site\/author\/nel\/"}]}},"_links":{"self":[{"href":"https:\/\/newsestlyonnais.fr\/site\/wp-json\/wp\/v2\/posts\/72690","targetHints":{"allow":["GET"]}}],"collection":[{"href":"https:\/\/newsestlyonnais.fr\/site\/wp-json\/wp\/v2\/posts"}],"about":[{"href":"https:\/\/newsestlyonnais.fr\/site\/wp-json\/wp\/v2\/types\/post"}],"author":[{"embeddable":true,"href":"https:\/\/newsestlyonnais.fr\/site\/wp-json\/wp\/v2\/users\/4"}],"replies":[{"embeddable":true,"href":"https:\/\/newsestlyonnais.fr\/site\/wp-json\/wp\/v2\/comments?post=72690"}],"version-history":[{"count":0,"href":"https:\/\/newsestlyonnais.fr\/site\/wp-json\/wp\/v2\/posts\/72690\/revisions"}],"wp:attachment":[{"href":"https:\/\/newsestlyonnais.fr\/site\/wp-json\/wp\/v2\/media?parent=72690"}],"wp:term":[{"taxonomy":"category","embeddable":true,"href":"https:\/\/newsestlyonnais.fr\/site\/wp-json\/wp\/v2\/categories?post=72690"},{"taxonomy":"post_tag","embeddable":true,"href":"https:\/\/newsestlyonnais.fr\/site\/wp-json\/wp\/v2\/tags?post=72690"}],"curies":[{"name":"wp","href":"https:\/\/api.w.org\/{rel}","templated":true}]}}