{"id":72923,"date":"2019-05-05T09:11:12","date_gmt":"2019-05-05T08:11:12","guid":{"rendered":"http:\/\/newsestlyonnais.fr\/site\/?p=72923"},"modified":"2020-11-15T18:15:21","modified_gmt":"2020-11-15T17:15:21","slug":"miribel-jonage-reouverture-de-la-plage-de-l-atol","status":"publish","type":"post","link":"https:\/\/newsestlyonnais.fr\/site\/2019\/05\/05\/miribel-jonage-reouverture-de-la-plage-de-l-atol\/","title":{"rendered":"MIRIBEL-JONAGE | R\u00e9ouverture de la plage de l&rsquo; ATOL"},"content":{"rendered":"\n<h4 class=\"wp-block-heading\">L\u2019ouverture annuelle de la plage de l\u2019Atol\u2019 a eu lieu ce samedi 4 mai et elle pr\u00e9sage ind\u00e9niablement de l\u2019arriv\u00e9e de la pleine saison au Grand Parc ! <\/h4>\n\n\n\n<p>Avec ses 350 m3 de sable blanc, la plage de l\u2019atol\u2019 propose \u00e0 ses visiteurs un espace de loisirs pens\u00e9 enti\u00e8rement pour eux : transats, sable fin, jeux pour enfants, cabines de plages ray\u00e9es et color\u00e9es, chaises longues, parasols-cocos, tables de pique-nique, locations nautiques, aquaparc.<\/p>\n\n\n\n<p><em><strong>LE PLEIN DE NOUVEAUT\u00c9S : <\/strong><\/em><\/p>\n\n\n\n<p>Cette ann\u00e9e, de nombreuses nouveaut\u00e9s s\u2019invitent \u00e0 l\u2019atol\u2019 pour encore plus de plaisir et de d\u00e9tente :<\/p>\n\n\n\n<ul class=\"wp-block-list\"><li><strong>50 nouveaux transats<\/strong> en acc\u00e8s libre permettront de se pr\u00e9lasser au soleil pour r\u00e9pondre \u00e0 une forte demande du public.<\/li><li>De <strong>nouveaux casiers s\u00e9curis\u00e9s<\/strong> seront mis en place d\u00e8s l\u2019entr\u00e9e sur le site.<\/li><li><strong>L\u2019aquaparc<\/strong>, le parc aquatique compos\u00e9 d\u2019\u00e9l\u00e9ments gonflables g\u00e9r\u00e9 par notre partenaire Befun s\u2019agrandit et proposera 5 nouveaux modules (ouverture les 15-16, 22-23 juin puis du 29 juin au 1\u00b0 septembre).<\/li><li><strong>20 bains de soleil<\/strong> en tek massif seront disponibles \u00e0 la location par Befun, face \u00e0 l\u2019aquaparc.<\/li><\/ul>\n\n\n\n<p>La location nautique ne sera pas en reste et aura \u00e9galement droit \u00e0 son vent d\u2019air frais avec l\u2019<strong>arriv\u00e9e de deux embarcations sur le lac des Eaux Bleues<\/strong> : <\/p>\n\n\n\n<ul class=\"wp-block-list\"><li>Le Stand Up Paddle tandem<\/li><li>Les v\u00e9lo-trimarans<\/li><\/ul>\n\n\n\n<p><strong>Et autre nouveaut\u00e9<\/strong>, il sera dor\u00e9navant possible de louer son mat\u00e9riel directement au chalet nautique, sans passer par l\u2019Accueil (mise en place courant mai).<\/p>\n\n\n\n<p><strong>NOTA : Plage ouverte du 4 Mai au 8 Septembre<\/strong> aux horaires de l&rsquo; ATOL\u2019 : du Lundi au Samedi (9 H \/ 21H) &amp; les dimanches et jours f\u00e9ri\u00e9s (9 H \/ 20 H).<br>Les autres plages qui bordent le lac des Eaux Bleues (Fontanil, Morlet, Baraka) ouvriront au cours du mois de mai pour une saison estivale sous le signe marin ! <\/p>\n\n\n\n<ul class=\"wp-block-list\"><li><strong><em>Plus d&rsquo;infos sur : <\/em><\/strong><a rel=\"noreferrer noopener\" aria-label=\" (s\u2019ouvre dans un nouvel onglet)\" href=\"https:\/\/www.grand-parc.fr\" target=\"_blank\"><strong><em>https:\/\/www.grand-parc.fr<\/em><\/strong><\/a><\/li><\/ul>\n","protected":false},"excerpt":{"rendered":"<p>L\u2019ouverture annuelle de la plage de l\u2019Atol\u2019 a eu lieu ce samedi 4 mai et elle pr\u00e9sage ind\u00e9niablement de l\u2019arriv\u00e9e de la pleine saison au Grand Parc ! <\/p>\n","protected":false},"author":4,"featured_media":46950,"comment_status":"open","ping_status":"open","sticky":false,"template":"","format":"standard","meta":{"footnotes":""},"categories":[3010,28],"tags":[2671,2234,2672],"class_list":["post-72923","post","type-post","status-publish","format-standard","has-post-thumbnail","hentry","category-nature-environnement-culture-et-loisirs","category-vaulx-en-velin","tag-atol","tag-miribel-jonage","tag-plage"],"yoast_head":"<!-- This site is optimized with the Yoast SEO plugin v27.2 - https:\/\/yoast.com\/product\/yoast-seo-wordpress\/ -->\n<title>MIRIBEL-JONAGE | R\u00e9ouverture de la plage de l&#039; ATOL - News Est Lyonnais<\/title>\n<meta name=\"description\" content=\"r\u00e9ouverture de la plage de l&#039; ATOL a eu lieu ce samedi 4 mai et elle pr\u00e9sage ind\u00e9niablement de l\u2019arriv\u00e9e de la pleine saison au Grand Parc !\" \/>\n<meta name=\"robots\" content=\"index, follow, max-snippet:-1, max-image-preview:large, max-video-preview:-1\" \/>\n<link rel=\"canonical\" href=\"https:\/\/newsestlyonnais.fr\/site\/2019\/05\/05\/miribel-jonage-reouverture-de-la-plage-de-l-atol\/\" \/>\n<meta property=\"og:locale\" content=\"fr_FR\" \/>\n<meta property=\"og:type\" content=\"article\" \/>\n<meta property=\"og:title\" content=\"MIRIBEL-JONAGE | R\u00e9ouverture de la plage de l&#039; ATOL - News Est Lyonnais\" \/>\n<meta property=\"og:description\" content=\"r\u00e9ouverture de la plage de l&#039; ATOL a eu lieu ce samedi 4 mai et elle pr\u00e9sage ind\u00e9niablement de l\u2019arriv\u00e9e de la pleine saison au Grand Parc !\" \/>\n<meta property=\"og:url\" content=\"https:\/\/newsestlyonnais.fr\/site\/2019\/05\/05\/miribel-jonage-reouverture-de-la-plage-de-l-atol\/\" \/>\n<meta property=\"og:site_name\" content=\"News Est Lyonnais\" \/>\n<meta property=\"article:author\" content=\"https:\/\/www.facebook.com\/pascal.oberson.1?fref=ts\" \/>\n<meta property=\"article:published_time\" content=\"2019-05-05T08:11:12+00:00\" \/>\n<meta property=\"article:modified_time\" content=\"2020-11-15T17:15:21+00:00\" \/>\n<meta property=\"og:image\" content=\"https:\/\/i0.wp.com\/newsestlyonnais.fr\/site\/wp-content\/uploads\/2018\/04\/P1120148-e1591338790306.jpg?fit=1200%2C900&ssl=1\" \/>\n\t<meta property=\"og:image:width\" content=\"1200\" \/>\n\t<meta property=\"og:image:height\" content=\"900\" \/>\n\t<meta property=\"og:image:type\" content=\"image\/jpeg\" \/>\n<meta name=\"author\" content=\"R\u00e9dac. NEWS\" \/>\n<meta name=\"twitter:card\" content=\"summary_large_image\" \/>\n<meta name=\"twitter:label1\" content=\"\u00c9crit par\" \/>\n\t<meta name=\"twitter:data1\" content=\"R\u00e9dac. NEWS\" \/>\n\t<meta name=\"twitter:label2\" content=\"Dur\u00e9e de lecture estim\u00e9e\" \/>\n\t<meta name=\"twitter:data2\" content=\"2 minutes\" \/>\n<script type=\"application\/ld+json\" class=\"yoast-schema-graph\">{\"@context\":\"https:\/\/schema.org\",\"@graph\":[{\"@type\":\"Article\",\"@id\":\"https:\/\/newsestlyonnais.fr\/site\/2019\/05\/05\/miribel-jonage-reouverture-de-la-plage-de-l-atol\/#article\",\"isPartOf\":{\"@id\":\"https:\/\/newsestlyonnais.fr\/site\/2019\/05\/05\/miribel-jonage-reouverture-de-la-plage-de-l-atol\/\"},\"author\":{\"name\":\"R\u00e9dac. NEWS\",\"@id\":\"https:\/\/newsestlyonnais.fr\/site\/#\/schema\/person\/3230d5615f390bb808365d673001e887\"},\"headline\":\"MIRIBEL-JONAGE | R\u00e9ouverture de la plage de l&rsquo; ATOL\",\"datePublished\":\"2019-05-05T08:11:12+00:00\",\"dateModified\":\"2020-11-15T17:15:21+00:00\",\"mainEntityOfPage\":{\"@id\":\"https:\/\/newsestlyonnais.fr\/site\/2019\/05\/05\/miribel-jonage-reouverture-de-la-plage-de-l-atol\/\"},\"wordCount\":327,\"commentCount\":1,\"publisher\":{\"@id\":\"https:\/\/newsestlyonnais.fr\/site\/#organization\"},\"image\":{\"@id\":\"https:\/\/newsestlyonnais.fr\/site\/2019\/05\/05\/miribel-jonage-reouverture-de-la-plage-de-l-atol\/#primaryimage\"},\"thumbnailUrl\":\"https:\/\/newsestlyonnais.fr\/site\/wp-content\/uploads\/2018\/04\/P1120148-e1591338790306.jpg\",\"keywords\":[\"ATOL'\",\"MIRIBEL JONAGE\",\"plage\"],\"articleSection\":[\"Nature | Environnement | Chasse\",\"Vaulx-en-Velin\"],\"inLanguage\":\"fr-FR\",\"potentialAction\":[{\"@type\":\"CommentAction\",\"name\":\"Comment\",\"target\":[\"https:\/\/newsestlyonnais.fr\/site\/2019\/05\/05\/miribel-jonage-reouverture-de-la-plage-de-l-atol\/#respond\"]}]},{\"@type\":\"WebPage\",\"@id\":\"https:\/\/newsestlyonnais.fr\/site\/2019\/05\/05\/miribel-jonage-reouverture-de-la-plage-de-l-atol\/\",\"url\":\"https:\/\/newsestlyonnais.fr\/site\/2019\/05\/05\/miribel-jonage-reouverture-de-la-plage-de-l-atol\/\",\"name\":\"MIRIBEL-JONAGE | R\u00e9ouverture de la plage de l' ATOL - News Est Lyonnais\",\"isPartOf\":{\"@id\":\"https:\/\/newsestlyonnais.fr\/site\/#website\"},\"primaryImageOfPage\":{\"@id\":\"https:\/\/newsestlyonnais.fr\/site\/2019\/05\/05\/miribel-jonage-reouverture-de-la-plage-de-l-atol\/#primaryimage\"},\"image\":{\"@id\":\"https:\/\/newsestlyonnais.fr\/site\/2019\/05\/05\/miribel-jonage-reouverture-de-la-plage-de-l-atol\/#primaryimage\"},\"thumbnailUrl\":\"https:\/\/newsestlyonnais.fr\/site\/wp-content\/uploads\/2018\/04\/P1120148-e1591338790306.jpg\",\"datePublished\":\"2019-05-05T08:11:12+00:00\",\"dateModified\":\"2020-11-15T17:15:21+00:00\",\"description\":\"r\u00e9ouverture de la plage de l' ATOL a eu lieu ce samedi 4 mai et elle pr\u00e9sage ind\u00e9niablement de l\u2019arriv\u00e9e de la pleine saison au Grand Parc !\",\"breadcrumb\":{\"@id\":\"https:\/\/newsestlyonnais.fr\/site\/2019\/05\/05\/miribel-jonage-reouverture-de-la-plage-de-l-atol\/#breadcrumb\"},\"inLanguage\":\"fr-FR\",\"potentialAction\":[{\"@type\":\"ReadAction\",\"target\":[\"https:\/\/newsestlyonnais.fr\/site\/2019\/05\/05\/miribel-jonage-reouverture-de-la-plage-de-l-atol\/\"]}]},{\"@type\":\"ImageObject\",\"inLanguage\":\"fr-FR\",\"@id\":\"https:\/\/newsestlyonnais.fr\/site\/2019\/05\/05\/miribel-jonage-reouverture-de-la-plage-de-l-atol\/#primaryimage\",\"url\":\"https:\/\/newsestlyonnais.fr\/site\/wp-content\/uploads\/2018\/04\/P1120148-e1591338790306.jpg\",\"contentUrl\":\"https:\/\/newsestlyonnais.fr\/site\/wp-content\/uploads\/2018\/04\/P1120148-e1591338790306.jpg\",\"width\":1200,\"height\":900,\"caption\":\"NEWSESTLYONNAIS GD PARC MIRIBEL\"},{\"@type\":\"BreadcrumbList\",\"@id\":\"https:\/\/newsestlyonnais.fr\/site\/2019\/05\/05\/miribel-jonage-reouverture-de-la-plage-de-l-atol\/#breadcrumb\",\"itemListElement\":[{\"@type\":\"ListItem\",\"position\":1,\"name\":\"Accueil\",\"item\":\"https:\/\/newsestlyonnais.fr\/site\/\"},{\"@type\":\"ListItem\",\"position\":2,\"name\":\"MIRIBEL-JONAGE | R\u00e9ouverture de la plage de l&rsquo; ATOL\"}]},{\"@type\":\"WebSite\",\"@id\":\"https:\/\/newsestlyonnais.fr\/site\/#website\",\"url\":\"https:\/\/newsestlyonnais.fr\/site\/\",\"name\":\"News Est Lyonnais\",\"description\":\"L&#039;actualit\u00e9 au plus pr\u00e8s\",\"publisher\":{\"@id\":\"https:\/\/newsestlyonnais.fr\/site\/#organization\"},\"potentialAction\":[{\"@type\":\"SearchAction\",\"target\":{\"@type\":\"EntryPoint\",\"urlTemplate\":\"https:\/\/newsestlyonnais.fr\/site\/?s={search_term_string}\"},\"query-input\":{\"@type\":\"PropertyValueSpecification\",\"valueRequired\":true,\"valueName\":\"search_term_string\"}}],\"inLanguage\":\"fr-FR\"},{\"@type\":\"Organization\",\"@id\":\"https:\/\/newsestlyonnais.fr\/site\/#organization\",\"name\":\"News EST LYONNAIS\",\"url\":\"https:\/\/newsestlyonnais.fr\/site\/\",\"logo\":{\"@type\":\"ImageObject\",\"inLanguage\":\"fr-FR\",\"@id\":\"https:\/\/newsestlyonnais.fr\/site\/#\/schema\/logo\/image\/\",\"url\":\"\",\"contentUrl\":\"\",\"caption\":\"News EST LYONNAIS\"},\"image\":{\"@id\":\"https:\/\/newsestlyonnais.fr\/site\/#\/schema\/logo\/image\/\"}},{\"@type\":\"Person\",\"@id\":\"https:\/\/newsestlyonnais.fr\/site\/#\/schema\/person\/3230d5615f390bb808365d673001e887\",\"name\":\"R\u00e9dac. NEWS\",\"sameAs\":[\"http:\/\/www.newsestlyonnais.fr\",\"https:\/\/www.facebook.com\/pascal.oberson.1?fref=ts\",\"https:\/\/fr.linkedin.com\/in\/pascal-oberson-b17045113\"],\"url\":\"https:\/\/newsestlyonnais.fr\/site\/author\/nel\/\"}]}<\/script>\n<!-- \/ Yoast SEO plugin. -->","yoast_head_json":{"title":"MIRIBEL-JONAGE | R\u00e9ouverture de la plage de l' ATOL - News Est Lyonnais","description":"r\u00e9ouverture de la plage de l' ATOL a eu lieu ce samedi 4 mai et elle pr\u00e9sage ind\u00e9niablement de l\u2019arriv\u00e9e de la pleine saison au Grand Parc !","robots":{"index":"index","follow":"follow","max-snippet":"max-snippet:-1","max-image-preview":"max-image-preview:large","max-video-preview":"max-video-preview:-1"},"canonical":"https:\/\/newsestlyonnais.fr\/site\/2019\/05\/05\/miribel-jonage-reouverture-de-la-plage-de-l-atol\/","og_locale":"fr_FR","og_type":"article","og_title":"MIRIBEL-JONAGE | R\u00e9ouverture de la plage de l' ATOL - News Est Lyonnais","og_description":"r\u00e9ouverture de la plage de l' ATOL a eu lieu ce samedi 4 mai et elle pr\u00e9sage ind\u00e9niablement de l\u2019arriv\u00e9e de la pleine saison au Grand Parc !","og_url":"https:\/\/newsestlyonnais.fr\/site\/2019\/05\/05\/miribel-jonage-reouverture-de-la-plage-de-l-atol\/","og_site_name":"News Est Lyonnais","article_author":"https:\/\/www.facebook.com\/pascal.oberson.1?fref=ts","article_published_time":"2019-05-05T08:11:12+00:00","article_modified_time":"2020-11-15T17:15:21+00:00","og_image":[{"width":1200,"height":900,"url":"https:\/\/i0.wp.com\/newsestlyonnais.fr\/site\/wp-content\/uploads\/2018\/04\/P1120148-e1591338790306.jpg?fit=1200%2C900&ssl=1","type":"image\/jpeg"}],"author":"R\u00e9dac. NEWS","twitter_card":"summary_large_image","twitter_misc":{"\u00c9crit par":"R\u00e9dac. NEWS","Dur\u00e9e de lecture estim\u00e9e":"2 minutes"},"schema":{"@context":"https:\/\/schema.org","@graph":[{"@type":"Article","@id":"https:\/\/newsestlyonnais.fr\/site\/2019\/05\/05\/miribel-jonage-reouverture-de-la-plage-de-l-atol\/#article","isPartOf":{"@id":"https:\/\/newsestlyonnais.fr\/site\/2019\/05\/05\/miribel-jonage-reouverture-de-la-plage-de-l-atol\/"},"author":{"name":"R\u00e9dac. NEWS","@id":"https:\/\/newsestlyonnais.fr\/site\/#\/schema\/person\/3230d5615f390bb808365d673001e887"},"headline":"MIRIBEL-JONAGE | R\u00e9ouverture de la plage de l&rsquo; ATOL","datePublished":"2019-05-05T08:11:12+00:00","dateModified":"2020-11-15T17:15:21+00:00","mainEntityOfPage":{"@id":"https:\/\/newsestlyonnais.fr\/site\/2019\/05\/05\/miribel-jonage-reouverture-de-la-plage-de-l-atol\/"},"wordCount":327,"commentCount":1,"publisher":{"@id":"https:\/\/newsestlyonnais.fr\/site\/#organization"},"image":{"@id":"https:\/\/newsestlyonnais.fr\/site\/2019\/05\/05\/miribel-jonage-reouverture-de-la-plage-de-l-atol\/#primaryimage"},"thumbnailUrl":"https:\/\/newsestlyonnais.fr\/site\/wp-content\/uploads\/2018\/04\/P1120148-e1591338790306.jpg","keywords":["ATOL'","MIRIBEL JONAGE","plage"],"articleSection":["Nature | Environnement | Chasse","Vaulx-en-Velin"],"inLanguage":"fr-FR","potentialAction":[{"@type":"CommentAction","name":"Comment","target":["https:\/\/newsestlyonnais.fr\/site\/2019\/05\/05\/miribel-jonage-reouverture-de-la-plage-de-l-atol\/#respond"]}]},{"@type":"WebPage","@id":"https:\/\/newsestlyonnais.fr\/site\/2019\/05\/05\/miribel-jonage-reouverture-de-la-plage-de-l-atol\/","url":"https:\/\/newsestlyonnais.fr\/site\/2019\/05\/05\/miribel-jonage-reouverture-de-la-plage-de-l-atol\/","name":"MIRIBEL-JONAGE | R\u00e9ouverture de la plage de l' ATOL - News Est Lyonnais","isPartOf":{"@id":"https:\/\/newsestlyonnais.fr\/site\/#website"},"primaryImageOfPage":{"@id":"https:\/\/newsestlyonnais.fr\/site\/2019\/05\/05\/miribel-jonage-reouverture-de-la-plage-de-l-atol\/#primaryimage"},"image":{"@id":"https:\/\/newsestlyonnais.fr\/site\/2019\/05\/05\/miribel-jonage-reouverture-de-la-plage-de-l-atol\/#primaryimage"},"thumbnailUrl":"https:\/\/newsestlyonnais.fr\/site\/wp-content\/uploads\/2018\/04\/P1120148-e1591338790306.jpg","datePublished":"2019-05-05T08:11:12+00:00","dateModified":"2020-11-15T17:15:21+00:00","description":"r\u00e9ouverture de la plage de l' ATOL a eu lieu ce samedi 4 mai et elle pr\u00e9sage ind\u00e9niablement de l\u2019arriv\u00e9e de la pleine saison au Grand Parc !","breadcrumb":{"@id":"https:\/\/newsestlyonnais.fr\/site\/2019\/05\/05\/miribel-jonage-reouverture-de-la-plage-de-l-atol\/#breadcrumb"},"inLanguage":"fr-FR","potentialAction":[{"@type":"ReadAction","target":["https:\/\/newsestlyonnais.fr\/site\/2019\/05\/05\/miribel-jonage-reouverture-de-la-plage-de-l-atol\/"]}]},{"@type":"ImageObject","inLanguage":"fr-FR","@id":"https:\/\/newsestlyonnais.fr\/site\/2019\/05\/05\/miribel-jonage-reouverture-de-la-plage-de-l-atol\/#primaryimage","url":"https:\/\/newsestlyonnais.fr\/site\/wp-content\/uploads\/2018\/04\/P1120148-e1591338790306.jpg","contentUrl":"https:\/\/newsestlyonnais.fr\/site\/wp-content\/uploads\/2018\/04\/P1120148-e1591338790306.jpg","width":1200,"height":900,"caption":"NEWSESTLYONNAIS GD PARC MIRIBEL"},{"@type":"BreadcrumbList","@id":"https:\/\/newsestlyonnais.fr\/site\/2019\/05\/05\/miribel-jonage-reouverture-de-la-plage-de-l-atol\/#breadcrumb","itemListElement":[{"@type":"ListItem","position":1,"name":"Accueil","item":"https:\/\/newsestlyonnais.fr\/site\/"},{"@type":"ListItem","position":2,"name":"MIRIBEL-JONAGE | R\u00e9ouverture de la plage de l&rsquo; ATOL"}]},{"@type":"WebSite","@id":"https:\/\/newsestlyonnais.fr\/site\/#website","url":"https:\/\/newsestlyonnais.fr\/site\/","name":"News Est Lyonnais","description":"L&#039;actualit\u00e9 au plus pr\u00e8s","publisher":{"@id":"https:\/\/newsestlyonnais.fr\/site\/#organization"},"potentialAction":[{"@type":"SearchAction","target":{"@type":"EntryPoint","urlTemplate":"https:\/\/newsestlyonnais.fr\/site\/?s={search_term_string}"},"query-input":{"@type":"PropertyValueSpecification","valueRequired":true,"valueName":"search_term_string"}}],"inLanguage":"fr-FR"},{"@type":"Organization","@id":"https:\/\/newsestlyonnais.fr\/site\/#organization","name":"News EST LYONNAIS","url":"https:\/\/newsestlyonnais.fr\/site\/","logo":{"@type":"ImageObject","inLanguage":"fr-FR","@id":"https:\/\/newsestlyonnais.fr\/site\/#\/schema\/logo\/image\/","url":"","contentUrl":"","caption":"News EST LYONNAIS"},"image":{"@id":"https:\/\/newsestlyonnais.fr\/site\/#\/schema\/logo\/image\/"}},{"@type":"Person","@id":"https:\/\/newsestlyonnais.fr\/site\/#\/schema\/person\/3230d5615f390bb808365d673001e887","name":"R\u00e9dac. NEWS","sameAs":["http:\/\/www.newsestlyonnais.fr","https:\/\/www.facebook.com\/pascal.oberson.1?fref=ts","https:\/\/fr.linkedin.com\/in\/pascal-oberson-b17045113"],"url":"https:\/\/newsestlyonnais.fr\/site\/author\/nel\/"}]}},"_links":{"self":[{"href":"https:\/\/newsestlyonnais.fr\/site\/wp-json\/wp\/v2\/posts\/72923","targetHints":{"allow":["GET"]}}],"collection":[{"href":"https:\/\/newsestlyonnais.fr\/site\/wp-json\/wp\/v2\/posts"}],"about":[{"href":"https:\/\/newsestlyonnais.fr\/site\/wp-json\/wp\/v2\/types\/post"}],"author":[{"embeddable":true,"href":"https:\/\/newsestlyonnais.fr\/site\/wp-json\/wp\/v2\/users\/4"}],"replies":[{"embeddable":true,"href":"https:\/\/newsestlyonnais.fr\/site\/wp-json\/wp\/v2\/comments?post=72923"}],"version-history":[{"count":0,"href":"https:\/\/newsestlyonnais.fr\/site\/wp-json\/wp\/v2\/posts\/72923\/revisions"}],"wp:featuredmedia":[{"embeddable":true,"href":"https:\/\/newsestlyonnais.fr\/site\/wp-json\/wp\/v2\/media\/46950"}],"wp:attachment":[{"href":"https:\/\/newsestlyonnais.fr\/site\/wp-json\/wp\/v2\/media?parent=72923"}],"wp:term":[{"taxonomy":"category","embeddable":true,"href":"https:\/\/newsestlyonnais.fr\/site\/wp-json\/wp\/v2\/categories?post=72923"},{"taxonomy":"post_tag","embeddable":true,"href":"https:\/\/newsestlyonnais.fr\/site\/wp-json\/wp\/v2\/tags?post=72923"}],"curies":[{"name":"wp","href":"https:\/\/api.w.org\/{rel}","templated":true}]}}