{"id":73707,"date":"2019-05-14T08:12:08","date_gmt":"2019-05-14T07:12:08","guid":{"rendered":"http:\/\/newsestlyonnais.fr\/site\/?p=73707"},"modified":"2020-11-16T14:57:23","modified_gmt":"2020-11-16T13:57:23","slug":"bron-lyon-maintien-en-regionale-des-filles-du-vball","status":"publish","type":"post","link":"https:\/\/newsestlyonnais.fr\/site\/2019\/05\/14\/bron-lyon-maintien-en-regionale-des-filles-du-vball\/","title":{"rendered":"BRON \/ LYON | Maintien en r\u00e9gionale des filles du Vball"},"content":{"rendered":"\r\n\r\n\r\n<p>L&rsquo;\u00e9quipe seniors 2 du Vball devant affronter le VBC Lyon Franchevillle 1 &amp; le VC Talen\u00e7onnais (pensionnaires de pr\u00e9-national) et le Grenoble VUC 2, qui \u00e9voluait comme leur h\u00f4te en r\u00e9gionale 1.<\/p>\r\n\r\n\r\n\r\n<p>Les joueuses locales se pr\u00e9sentant pratiquement au complet, seules manquaient \u00e0 l&rsquo;appel, 2 jeunes parties en s\u00e9lection.<\/p>\r\n\r\n\r\n\r\n<blockquote class=\"wp-block-quote is-layout-flow wp-block-quote-is-layout-flow\">\r\n<p>\u00a0\u00bb C&rsquo;est une \u00e9quipe mixte compos\u00e9e de jeunes et de joueuses plus exp\u00e9riment\u00e9es. Un collectif homog\u00e8ne qui \u00e9volue dans une bonne ambiance et un bon \u00e9tat d&rsquo;esprit. On est confiants et on va essayer de faire le maxi et de terminer dans les 2 premiers, mais ce n&rsquo;est d&rsquo;ores et d\u00e9j\u00e0 que du plaisir et du bonus. \u00a0\u00bb confiait le coach Mohammed El Amraoui juste avant la premi\u00e8re rencontre.<\/p>\r\n<\/blockquote>\r\n\r\n\r\n\r\n<p>Les filles du Vball finissent <strong>3\u00b0 sur 4 du tournoi de barrage<\/strong>, classement qui ne leur permet pas d&rsquo;acc\u00e9der \u00e0 la pr\u00e9-nationale. D&rsquo;autant plus qu&rsquo;en f\u00e9minines, 3 \u00e9quipes actuellement en N3 redescendent en ligue. Le nombre de place \u00e9tant du coup limit\u00e9. Les filles n&rsquo;ont vraiment pas d\u00e9m\u00e9rit\u00e9 et ont \u00e9t\u00e9 soutenues par un nombreux public.<\/p>\r\n<p>______________________________________________________________________________<\/p>\r\n\r\n\r\n\r\n<ul class=\"wp-block-list\">\r\n<li><strong>Bilan<\/strong> : <strong>2 d\u00e9faites<\/strong> contre Francheville (qui a gagn\u00e9 toutes ses rencontres) et Grenoble &amp; <strong>une victoire<\/strong> contre Talan\u00e7onnais.<\/li>\r\n<li><strong>Classement final :<\/strong> 1\u00b0 VBC Lyon Franchevillle 1, 2\u00b0 Grenoble VUC 2, 3\u00b0 Vball &amp; 4\u00b0 Talan\u00e7onnais.<\/li>\r\n<\/ul>\r\n<p>_______________________________________________________________________________<\/p>\r\n\r\n\r\n\r\n<div class=\"wp-block-jetpack-slideshow aligncenter\" data-effect=\"slide\">\r\n<div class=\"wp-block-jetpack-slideshow_container swiper-container\">\r\n<ul class=\"wp-block-jetpack-slideshow_swiper-wrappper swiper-wrapper\">\r\n<li class=\"wp-block-jetpack-slideshow_slide swiper-slide\">\r\n<figure><img loading=\"lazy\" decoding=\"async\" width=\"2048\" height=\"1536\" class=\"wp-block-jetpack-slideshow_image wp-image-73709\" src=\"https:\/\/newsestlyonnais.fr\/site\/medias\/2019\/05\/NEWSESTLYONANIS-VBAL-FEM-01-1.jpg\" alt=\"\" data-id=\"73709\" srcset=\"https:\/\/newsestlyonnais.fr\/site\/wp-content\/uploads\/2019\/05\/NEWSESTLYONANIS-VBAL-FEM-01-1.jpg 2048w, https:\/\/newsestlyonnais.fr\/site\/wp-content\/uploads\/2019\/05\/NEWSESTLYONANIS-VBAL-FEM-01-1-400x300.jpg 400w, https:\/\/newsestlyonnais.fr\/site\/wp-content\/uploads\/2019\/05\/NEWSESTLYONANIS-VBAL-FEM-01-1-768x576.jpg 768w, https:\/\/newsestlyonnais.fr\/site\/wp-content\/uploads\/2019\/05\/NEWSESTLYONANIS-VBAL-FEM-01-1-1000x750.jpg 1000w, https:\/\/newsestlyonnais.fr\/site\/wp-content\/uploads\/2019\/05\/NEWSESTLYONANIS-VBAL-FEM-01-1-600x450.jpg 600w, https:\/\/newsestlyonnais.fr\/site\/wp-content\/uploads\/2019\/05\/NEWSESTLYONANIS-VBAL-FEM-01-1-100x75.jpg 100w\" sizes=\"auto, (max-width: 2048px) 100vw, 2048px\" \/>\r\n<figcaption class=\"wp-block-jetpack-slideshow_caption gallery-caption\">Les filles du VBall<\/figcaption>\r\n<\/figure>\r\n<\/li>\r\n<li class=\"wp-block-jetpack-slideshow_slide swiper-slide\">\r\n<figure><img loading=\"lazy\" decoding=\"async\" width=\"2048\" height=\"1536\" class=\"wp-block-jetpack-slideshow_image wp-image-73710\" src=\"https:\/\/newsestlyonnais.fr\/site\/medias\/2019\/05\/NEWSESTLYONANIS-VBAL-FEM-02.jpg\" alt=\"NEWSESTLYONNAIS VBAL FEM 02\" data-id=\"73710\" srcset=\"https:\/\/newsestlyonnais.fr\/site\/wp-content\/uploads\/2019\/05\/NEWSESTLYONANIS-VBAL-FEM-02.jpg 2048w, https:\/\/newsestlyonnais.fr\/site\/wp-content\/uploads\/2019\/05\/NEWSESTLYONANIS-VBAL-FEM-02-400x300.jpg 400w, https:\/\/newsestlyonnais.fr\/site\/wp-content\/uploads\/2019\/05\/NEWSESTLYONANIS-VBAL-FEM-02-768x576.jpg 768w, https:\/\/newsestlyonnais.fr\/site\/wp-content\/uploads\/2019\/05\/NEWSESTLYONANIS-VBAL-FEM-02-1000x750.jpg 1000w, https:\/\/newsestlyonnais.fr\/site\/wp-content\/uploads\/2019\/05\/NEWSESTLYONANIS-VBAL-FEM-02-600x450.jpg 600w, https:\/\/newsestlyonnais.fr\/site\/wp-content\/uploads\/2019\/05\/NEWSESTLYONANIS-VBAL-FEM-02-100x75.jpg 100w\" sizes=\"auto, (max-width: 2048px) 100vw, 2048px\" \/>\r\n<figcaption class=\"wp-block-jetpack-slideshow_caption gallery-caption\">La formation du VC Talen\u00e7onnais<\/figcaption>\r\n<\/figure>\r\n<\/li>\r\n<li class=\"wp-block-jetpack-slideshow_slide swiper-slide\">\r\n<figure><img loading=\"lazy\" decoding=\"async\" width=\"2048\" height=\"1536\" class=\"wp-block-jetpack-slideshow_image wp-image-73711\" src=\"https:\/\/newsestlyonnais.fr\/site\/medias\/2019\/05\/NEWSESTLYONNAIS-VBAL-FEM-03.jpg\" alt=\"NEWSESTLYONNAIS VBAL FEM 03\" data-id=\"73711\" srcset=\"https:\/\/newsestlyonnais.fr\/site\/wp-content\/uploads\/2019\/05\/NEWSESTLYONNAIS-VBAL-FEM-03.jpg 2048w, https:\/\/newsestlyonnais.fr\/site\/wp-content\/uploads\/2019\/05\/NEWSESTLYONNAIS-VBAL-FEM-03-400x300.jpg 400w, https:\/\/newsestlyonnais.fr\/site\/wp-content\/uploads\/2019\/05\/NEWSESTLYONNAIS-VBAL-FEM-03-768x576.jpg 768w, https:\/\/newsestlyonnais.fr\/site\/wp-content\/uploads\/2019\/05\/NEWSESTLYONNAIS-VBAL-FEM-03-1000x750.jpg 1000w, https:\/\/newsestlyonnais.fr\/site\/wp-content\/uploads\/2019\/05\/NEWSESTLYONNAIS-VBAL-FEM-03-600x450.jpg 600w, https:\/\/newsestlyonnais.fr\/site\/wp-content\/uploads\/2019\/05\/NEWSESTLYONNAIS-VBAL-FEM-03-100x75.jpg 100w\" sizes=\"auto, (max-width: 2048px) 100vw, 2048px\" \/>\r\n<figcaption class=\"wp-block-jetpack-slideshow_caption gallery-caption\">Les joueuses de Grenoble VUC 2<\/figcaption>\r\n<\/figure>\r\n<\/li>\r\n<li class=\"wp-block-jetpack-slideshow_slide swiper-slide\">\r\n<figure><img loading=\"lazy\" decoding=\"async\" width=\"2048\" height=\"1536\" class=\"wp-block-jetpack-slideshow_image wp-image-73712\" src=\"https:\/\/newsestlyonnais.fr\/site\/medias\/2019\/05\/NEWSESTLYONNAIS-VBAL-FEM-04.jpg\" alt=\"NEWSESTLYONNAIS VBAL FEM 04\" data-id=\"73712\" srcset=\"https:\/\/newsestlyonnais.fr\/site\/wp-content\/uploads\/2019\/05\/NEWSESTLYONNAIS-VBAL-FEM-04.jpg 2048w, https:\/\/newsestlyonnais.fr\/site\/wp-content\/uploads\/2019\/05\/NEWSESTLYONNAIS-VBAL-FEM-04-400x300.jpg 400w, https:\/\/newsestlyonnais.fr\/site\/wp-content\/uploads\/2019\/05\/NEWSESTLYONNAIS-VBAL-FEM-04-768x576.jpg 768w, https:\/\/newsestlyonnais.fr\/site\/wp-content\/uploads\/2019\/05\/NEWSESTLYONNAIS-VBAL-FEM-04-1000x750.jpg 1000w, https:\/\/newsestlyonnais.fr\/site\/wp-content\/uploads\/2019\/05\/NEWSESTLYONNAIS-VBAL-FEM-04-600x450.jpg 600w, https:\/\/newsestlyonnais.fr\/site\/wp-content\/uploads\/2019\/05\/NEWSESTLYONNAIS-VBAL-FEM-04-100x75.jpg 100w\" sizes=\"auto, (max-width: 2048px) 100vw, 2048px\" \/>\r\n<figcaption class=\"wp-block-jetpack-slideshow_caption gallery-caption\">Le VBC Lyon Francheville 1<\/figcaption>\r\n<\/figure>\r\n<\/li>\r\n<li class=\"wp-block-jetpack-slideshow_slide swiper-slide\">\r\n<figure><img loading=\"lazy\" decoding=\"async\" width=\"2048\" height=\"1536\" class=\"wp-block-jetpack-slideshow_image wp-image-73721\" src=\"https:\/\/newsestlyonnais.fr\/site\/medias\/2019\/05\/NEWSESTLYONNAIS-VBAL-FEM-06.jpg\" alt=\"NEWSESTLYONNAIS VBAL FEM 06\" data-id=\"73721\" srcset=\"https:\/\/newsestlyonnais.fr\/site\/wp-content\/uploads\/2019\/05\/NEWSESTLYONNAIS-VBAL-FEM-06.jpg 2048w, https:\/\/newsestlyonnais.fr\/site\/wp-content\/uploads\/2019\/05\/NEWSESTLYONNAIS-VBAL-FEM-06-400x300.jpg 400w, https:\/\/newsestlyonnais.fr\/site\/wp-content\/uploads\/2019\/05\/NEWSESTLYONNAIS-VBAL-FEM-06-768x576.jpg 768w, https:\/\/newsestlyonnais.fr\/site\/wp-content\/uploads\/2019\/05\/NEWSESTLYONNAIS-VBAL-FEM-06-1000x750.jpg 1000w, https:\/\/newsestlyonnais.fr\/site\/wp-content\/uploads\/2019\/05\/NEWSESTLYONNAIS-VBAL-FEM-06-600x450.jpg 600w, https:\/\/newsestlyonnais.fr\/site\/wp-content\/uploads\/2019\/05\/NEWSESTLYONNAIS-VBAL-FEM-06-100x75.jpg 100w\" sizes=\"auto, (max-width: 2048px) 100vw, 2048px\" \/><\/figure>\r\n<\/li>\r\n<li class=\"wp-block-jetpack-slideshow_slide swiper-slide\">\r\n<figure><img loading=\"lazy\" decoding=\"async\" width=\"2048\" height=\"1536\" class=\"wp-block-jetpack-slideshow_image wp-image-73722\" src=\"https:\/\/newsestlyonnais.fr\/site\/medias\/2019\/05\/NEWSESTLYONNAIS-VBAL-FEM-07.jpg\" alt=\"NEWSESTLYONNAIS VBAL FEM 07\" data-id=\"73722\" srcset=\"https:\/\/newsestlyonnais.fr\/site\/wp-content\/uploads\/2019\/05\/NEWSESTLYONNAIS-VBAL-FEM-07.jpg 2048w, https:\/\/newsestlyonnais.fr\/site\/wp-content\/uploads\/2019\/05\/NEWSESTLYONNAIS-VBAL-FEM-07-400x300.jpg 400w, https:\/\/newsestlyonnais.fr\/site\/wp-content\/uploads\/2019\/05\/NEWSESTLYONNAIS-VBAL-FEM-07-768x576.jpg 768w, https:\/\/newsestlyonnais.fr\/site\/wp-content\/uploads\/2019\/05\/NEWSESTLYONNAIS-VBAL-FEM-07-1000x750.jpg 1000w, https:\/\/newsestlyonnais.fr\/site\/wp-content\/uploads\/2019\/05\/NEWSESTLYONNAIS-VBAL-FEM-07-600x450.jpg 600w, https:\/\/newsestlyonnais.fr\/site\/wp-content\/uploads\/2019\/05\/NEWSESTLYONNAIS-VBAL-FEM-07-100x75.jpg 100w\" sizes=\"auto, (max-width: 2048px) 100vw, 2048px\" \/><\/figure>\r\n<\/li>\r\n<li class=\"wp-block-jetpack-slideshow_slide swiper-slide\">\r\n<figure><img loading=\"lazy\" decoding=\"async\" width=\"2048\" height=\"1536\" class=\"wp-block-jetpack-slideshow_image wp-image-73724\" src=\"https:\/\/newsestlyonnais.fr\/site\/medias\/2019\/05\/NEWSESTLYONNAIS-VBAL-FEM-09.jpg\" alt=\"NEWSESTLYONNAIS VBAL FEM 09\" data-id=\"73724\" srcset=\"https:\/\/newsestlyonnais.fr\/site\/wp-content\/uploads\/2019\/05\/NEWSESTLYONNAIS-VBAL-FEM-09.jpg 2048w, https:\/\/newsestlyonnais.fr\/site\/wp-content\/uploads\/2019\/05\/NEWSESTLYONNAIS-VBAL-FEM-09-400x300.jpg 400w, https:\/\/newsestlyonnais.fr\/site\/wp-content\/uploads\/2019\/05\/NEWSESTLYONNAIS-VBAL-FEM-09-768x576.jpg 768w, https:\/\/newsestlyonnais.fr\/site\/wp-content\/uploads\/2019\/05\/NEWSESTLYONNAIS-VBAL-FEM-09-1000x750.jpg 1000w, https:\/\/newsestlyonnais.fr\/site\/wp-content\/uploads\/2019\/05\/NEWSESTLYONNAIS-VBAL-FEM-09-600x450.jpg 600w, https:\/\/newsestlyonnais.fr\/site\/wp-content\/uploads\/2019\/05\/NEWSESTLYONNAIS-VBAL-FEM-09-100x75.jpg 100w\" sizes=\"auto, (max-width: 2048px) 100vw, 2048px\" \/>\r\n<figcaption class=\"wp-block-jetpack-slideshow_caption gallery-caption\">Les joueuses du Vball \u00e0 l&rsquo;\u00e9coute des consignes du coach<\/figcaption>\r\n<\/figure>\r\n<\/li>\r\n<li class=\"wp-block-jetpack-slideshow_slide swiper-slide\">\r\n<figure><img loading=\"lazy\" decoding=\"async\" width=\"2048\" height=\"1536\" class=\"wp-block-jetpack-slideshow_image wp-image-73723\" src=\"https:\/\/newsestlyonnais.fr\/site\/medias\/2019\/05\/NEWSESTLYONNAIS-VBAL-FEM-08.jpg\" alt=\"NEWSESTLYONNAIS VBAL FEM 08\" data-id=\"73723\" srcset=\"https:\/\/newsestlyonnais.fr\/site\/wp-content\/uploads\/2019\/05\/NEWSESTLYONNAIS-VBAL-FEM-08.jpg 2048w, https:\/\/newsestlyonnais.fr\/site\/wp-content\/uploads\/2019\/05\/NEWSESTLYONNAIS-VBAL-FEM-08-400x300.jpg 400w, https:\/\/newsestlyonnais.fr\/site\/wp-content\/uploads\/2019\/05\/NEWSESTLYONNAIS-VBAL-FEM-08-768x576.jpg 768w, https:\/\/newsestlyonnais.fr\/site\/wp-content\/uploads\/2019\/05\/NEWSESTLYONNAIS-VBAL-FEM-08-1000x750.jpg 1000w, https:\/\/newsestlyonnais.fr\/site\/wp-content\/uploads\/2019\/05\/NEWSESTLYONNAIS-VBAL-FEM-08-600x450.jpg 600w, https:\/\/newsestlyonnais.fr\/site\/wp-content\/uploads\/2019\/05\/NEWSESTLYONNAIS-VBAL-FEM-08-100x75.jpg 100w\" sizes=\"auto, (max-width: 2048px) 100vw, 2048px\" \/><\/figure>\r\n<\/li>\r\n<li class=\"wp-block-jetpack-slideshow_slide swiper-slide\">\r\n<figure><img loading=\"lazy\" decoding=\"async\" width=\"2048\" height=\"1536\" class=\"wp-block-jetpack-slideshow_image wp-image-73725\" src=\"https:\/\/newsestlyonnais.fr\/site\/medias\/2019\/05\/NEWSESTLYONNAIS-VBAL-FEM-10.jpg\" alt=\"NEWSESTLYONNAIS VBAL FEM 10\" data-id=\"73725\" srcset=\"https:\/\/newsestlyonnais.fr\/site\/wp-content\/uploads\/2019\/05\/NEWSESTLYONNAIS-VBAL-FEM-10.jpg 2048w, https:\/\/newsestlyonnais.fr\/site\/wp-content\/uploads\/2019\/05\/NEWSESTLYONNAIS-VBAL-FEM-10-400x300.jpg 400w, https:\/\/newsestlyonnais.fr\/site\/wp-content\/uploads\/2019\/05\/NEWSESTLYONNAIS-VBAL-FEM-10-768x576.jpg 768w, https:\/\/newsestlyonnais.fr\/site\/wp-content\/uploads\/2019\/05\/NEWSESTLYONNAIS-VBAL-FEM-10-1000x750.jpg 1000w, https:\/\/newsestlyonnais.fr\/site\/wp-content\/uploads\/2019\/05\/NEWSESTLYONNAIS-VBAL-FEM-10-600x450.jpg 600w, https:\/\/newsestlyonnais.fr\/site\/wp-content\/uploads\/2019\/05\/NEWSESTLYONNAIS-VBAL-FEM-10-100x75.jpg 100w\" sizes=\"auto, (max-width: 2048px) 100vw, 2048px\" \/><\/figure>\r\n<\/li>\r\n<\/ul>\r\n<div class=\"wp-block-jetpack-slideshow_pagination swiper-pagination swiper-pagination-white\">\u00a0<\/div>\r\n<\/div>\r\n<\/div>\r\n","protected":false},"excerpt":{"rendered":"<p>Le Volley Bron Lyon Lumi\u00e8re accueillait dimanche au Gymnase Longchambon une finale f\u00e9minine \u00e0 4 d&rsquo;accession au championnat pr\u00e9-national.<\/p>\n","protected":false},"author":4,"featured_media":73716,"comment_status":"open","ping_status":"open","sticky":false,"template":"","format":"standard","meta":{"footnotes":""},"categories":[2975,19,1625,2976],"tags":[2072,2578,2507],"class_list":["post-73707","post","type-post","status-publish","format-standard","has-post-thumbnail","hentry","category-basket-hand-volley-sports","category-bron","category-lyon","category-volley-sports","tag-bron","tag-vball","tag-volley"],"yoast_head":"<!-- This site is optimized with the Yoast SEO plugin v27.2 - https:\/\/yoast.com\/product\/yoast-seo-wordpress\/ -->\n<title>BRON \/ LYON | Maintien en r\u00e9gionale des filles du Vball - News Est Lyonnais<\/title>\n<meta name=\"description\" content=\"maintien en r\u00e9gionale des filles du Volley Bron Lyon Lumi\u00e8re au Gymnase lyonnais Longchambon finale f\u00e9minine \u00e0 4 d&#039;accession au championnat pr\u00e9-national.\" \/>\n<meta name=\"robots\" content=\"index, follow, max-snippet:-1, max-image-preview:large, max-video-preview:-1\" \/>\n<link rel=\"canonical\" href=\"https:\/\/newsestlyonnais.fr\/site\/2019\/05\/14\/bron-lyon-maintien-en-regionale-des-filles-du-vball\/\" \/>\n<meta property=\"og:locale\" content=\"fr_FR\" \/>\n<meta property=\"og:type\" content=\"article\" \/>\n<meta property=\"og:title\" content=\"BRON \/ LYON | Maintien en r\u00e9gionale des filles du Vball - News Est Lyonnais\" \/>\n<meta property=\"og:description\" content=\"maintien en r\u00e9gionale des filles du Volley Bron Lyon Lumi\u00e8re au Gymnase lyonnais Longchambon finale f\u00e9minine \u00e0 4 d&#039;accession au championnat pr\u00e9-national.\" \/>\n<meta property=\"og:url\" content=\"https:\/\/newsestlyonnais.fr\/site\/2019\/05\/14\/bron-lyon-maintien-en-regionale-des-filles-du-vball\/\" \/>\n<meta property=\"og:site_name\" content=\"News Est Lyonnais\" \/>\n<meta property=\"article:author\" content=\"https:\/\/www.facebook.com\/pascal.oberson.1?fref=ts\" \/>\n<meta property=\"article:published_time\" content=\"2019-05-14T07:12:08+00:00\" \/>\n<meta property=\"article:modified_time\" content=\"2020-11-16T13:57:23+00:00\" \/>\n<meta property=\"og:image\" content=\"https:\/\/i2.wp.com\/newsestlyonnais.fr\/site\/wp-content\/uploads\/2019\/05\/NEWSESTLYONNAIS-VBAL-FEM-05.jpg?fit=2048%2C1536&ssl=1\" \/>\n\t<meta property=\"og:image:width\" content=\"2048\" \/>\n\t<meta property=\"og:image:height\" content=\"1536\" \/>\n\t<meta property=\"og:image:type\" content=\"image\/jpeg\" \/>\n<meta name=\"author\" content=\"R\u00e9dac. NEWS\" \/>\n<meta name=\"twitter:card\" content=\"summary_large_image\" \/>\n<meta name=\"twitter:label1\" content=\"\u00c9crit par\" \/>\n\t<meta name=\"twitter:data1\" content=\"R\u00e9dac. NEWS\" \/>\n\t<meta name=\"twitter:label2\" content=\"Dur\u00e9e de lecture estim\u00e9e\" \/>\n\t<meta name=\"twitter:data2\" content=\"1 minute\" \/>\n<script type=\"application\/ld+json\" class=\"yoast-schema-graph\">{\"@context\":\"https:\/\/schema.org\",\"@graph\":[{\"@type\":\"Article\",\"@id\":\"https:\/\/newsestlyonnais.fr\/site\/2019\/05\/14\/bron-lyon-maintien-en-regionale-des-filles-du-vball\/#article\",\"isPartOf\":{\"@id\":\"https:\/\/newsestlyonnais.fr\/site\/2019\/05\/14\/bron-lyon-maintien-en-regionale-des-filles-du-vball\/\"},\"author\":{\"name\":\"R\u00e9dac. NEWS\",\"@id\":\"https:\/\/newsestlyonnais.fr\/site\/#\/schema\/person\/3230d5615f390bb808365d673001e887\"},\"headline\":\"BRON \/ LYON | Maintien en r\u00e9gionale des filles du Vball\",\"datePublished\":\"2019-05-14T07:12:08+00:00\",\"dateModified\":\"2020-11-16T13:57:23+00:00\",\"mainEntityOfPage\":{\"@id\":\"https:\/\/newsestlyonnais.fr\/site\/2019\/05\/14\/bron-lyon-maintien-en-regionale-des-filles-du-vball\/\"},\"wordCount\":257,\"commentCount\":0,\"publisher\":{\"@id\":\"https:\/\/newsestlyonnais.fr\/site\/#organization\"},\"image\":{\"@id\":\"https:\/\/newsestlyonnais.fr\/site\/2019\/05\/14\/bron-lyon-maintien-en-regionale-des-filles-du-vball\/#primaryimage\"},\"thumbnailUrl\":\"https:\/\/newsestlyonnais.fr\/site\/wp-content\/uploads\/2019\/05\/NEWSESTLYONNAIS-VBAL-FEM-05.jpg\",\"keywords\":[\"BRON\",\"VBALL\",\"VOLLEY\"],\"articleSection\":[\"Basket | Hand | Volley\",\"Bron\",\"Lyon\",\"Volley\"],\"inLanguage\":\"fr-FR\",\"potentialAction\":[{\"@type\":\"CommentAction\",\"name\":\"Comment\",\"target\":[\"https:\/\/newsestlyonnais.fr\/site\/2019\/05\/14\/bron-lyon-maintien-en-regionale-des-filles-du-vball\/#respond\"]}]},{\"@type\":\"WebPage\",\"@id\":\"https:\/\/newsestlyonnais.fr\/site\/2019\/05\/14\/bron-lyon-maintien-en-regionale-des-filles-du-vball\/\",\"url\":\"https:\/\/newsestlyonnais.fr\/site\/2019\/05\/14\/bron-lyon-maintien-en-regionale-des-filles-du-vball\/\",\"name\":\"BRON \/ LYON | Maintien en r\u00e9gionale des filles du Vball - News Est Lyonnais\",\"isPartOf\":{\"@id\":\"https:\/\/newsestlyonnais.fr\/site\/#website\"},\"primaryImageOfPage\":{\"@id\":\"https:\/\/newsestlyonnais.fr\/site\/2019\/05\/14\/bron-lyon-maintien-en-regionale-des-filles-du-vball\/#primaryimage\"},\"image\":{\"@id\":\"https:\/\/newsestlyonnais.fr\/site\/2019\/05\/14\/bron-lyon-maintien-en-regionale-des-filles-du-vball\/#primaryimage\"},\"thumbnailUrl\":\"https:\/\/newsestlyonnais.fr\/site\/wp-content\/uploads\/2019\/05\/NEWSESTLYONNAIS-VBAL-FEM-05.jpg\",\"datePublished\":\"2019-05-14T07:12:08+00:00\",\"dateModified\":\"2020-11-16T13:57:23+00:00\",\"description\":\"maintien en r\u00e9gionale des filles du Volley Bron Lyon Lumi\u00e8re au Gymnase lyonnais Longchambon finale f\u00e9minine \u00e0 4 d'accession au championnat pr\u00e9-national.\",\"breadcrumb\":{\"@id\":\"https:\/\/newsestlyonnais.fr\/site\/2019\/05\/14\/bron-lyon-maintien-en-regionale-des-filles-du-vball\/#breadcrumb\"},\"inLanguage\":\"fr-FR\",\"potentialAction\":[{\"@type\":\"ReadAction\",\"target\":[\"https:\/\/newsestlyonnais.fr\/site\/2019\/05\/14\/bron-lyon-maintien-en-regionale-des-filles-du-vball\/\"]}]},{\"@type\":\"ImageObject\",\"inLanguage\":\"fr-FR\",\"@id\":\"https:\/\/newsestlyonnais.fr\/site\/2019\/05\/14\/bron-lyon-maintien-en-regionale-des-filles-du-vball\/#primaryimage\",\"url\":\"https:\/\/newsestlyonnais.fr\/site\/wp-content\/uploads\/2019\/05\/NEWSESTLYONNAIS-VBAL-FEM-05.jpg\",\"contentUrl\":\"https:\/\/newsestlyonnais.fr\/site\/wp-content\/uploads\/2019\/05\/NEWSESTLYONNAIS-VBAL-FEM-05.jpg\",\"width\":2048,\"height\":1536,\"caption\":\"NEWSESTLYONNAIS VBAL FEM 05\"},{\"@type\":\"BreadcrumbList\",\"@id\":\"https:\/\/newsestlyonnais.fr\/site\/2019\/05\/14\/bron-lyon-maintien-en-regionale-des-filles-du-vball\/#breadcrumb\",\"itemListElement\":[{\"@type\":\"ListItem\",\"position\":1,\"name\":\"Accueil\",\"item\":\"https:\/\/newsestlyonnais.fr\/site\/\"},{\"@type\":\"ListItem\",\"position\":2,\"name\":\"BRON \/ LYON | Maintien en r\u00e9gionale des filles du Vball\"}]},{\"@type\":\"WebSite\",\"@id\":\"https:\/\/newsestlyonnais.fr\/site\/#website\",\"url\":\"https:\/\/newsestlyonnais.fr\/site\/\",\"name\":\"News Est Lyonnais\",\"description\":\"L&#039;actualit\u00e9 au plus pr\u00e8s\",\"publisher\":{\"@id\":\"https:\/\/newsestlyonnais.fr\/site\/#organization\"},\"potentialAction\":[{\"@type\":\"SearchAction\",\"target\":{\"@type\":\"EntryPoint\",\"urlTemplate\":\"https:\/\/newsestlyonnais.fr\/site\/?s={search_term_string}\"},\"query-input\":{\"@type\":\"PropertyValueSpecification\",\"valueRequired\":true,\"valueName\":\"search_term_string\"}}],\"inLanguage\":\"fr-FR\"},{\"@type\":\"Organization\",\"@id\":\"https:\/\/newsestlyonnais.fr\/site\/#organization\",\"name\":\"News EST LYONNAIS\",\"url\":\"https:\/\/newsestlyonnais.fr\/site\/\",\"logo\":{\"@type\":\"ImageObject\",\"inLanguage\":\"fr-FR\",\"@id\":\"https:\/\/newsestlyonnais.fr\/site\/#\/schema\/logo\/image\/\",\"url\":\"\",\"contentUrl\":\"\",\"caption\":\"News EST LYONNAIS\"},\"image\":{\"@id\":\"https:\/\/newsestlyonnais.fr\/site\/#\/schema\/logo\/image\/\"}},{\"@type\":\"Person\",\"@id\":\"https:\/\/newsestlyonnais.fr\/site\/#\/schema\/person\/3230d5615f390bb808365d673001e887\",\"name\":\"R\u00e9dac. NEWS\",\"sameAs\":[\"http:\/\/www.newsestlyonnais.fr\",\"https:\/\/www.facebook.com\/pascal.oberson.1?fref=ts\",\"https:\/\/fr.linkedin.com\/in\/pascal-oberson-b17045113\"],\"url\":\"https:\/\/newsestlyonnais.fr\/site\/author\/nel\/\"}]}<\/script>\n<!-- \/ Yoast SEO plugin. -->","yoast_head_json":{"title":"BRON \/ LYON | Maintien en r\u00e9gionale des filles du Vball - News Est Lyonnais","description":"maintien en r\u00e9gionale des filles du Volley Bron Lyon Lumi\u00e8re au Gymnase lyonnais Longchambon finale f\u00e9minine \u00e0 4 d'accession au championnat pr\u00e9-national.","robots":{"index":"index","follow":"follow","max-snippet":"max-snippet:-1","max-image-preview":"max-image-preview:large","max-video-preview":"max-video-preview:-1"},"canonical":"https:\/\/newsestlyonnais.fr\/site\/2019\/05\/14\/bron-lyon-maintien-en-regionale-des-filles-du-vball\/","og_locale":"fr_FR","og_type":"article","og_title":"BRON \/ LYON | Maintien en r\u00e9gionale des filles du Vball - News Est Lyonnais","og_description":"maintien en r\u00e9gionale des filles du Volley Bron Lyon Lumi\u00e8re au Gymnase lyonnais Longchambon finale f\u00e9minine \u00e0 4 d'accession au championnat pr\u00e9-national.","og_url":"https:\/\/newsestlyonnais.fr\/site\/2019\/05\/14\/bron-lyon-maintien-en-regionale-des-filles-du-vball\/","og_site_name":"News Est Lyonnais","article_author":"https:\/\/www.facebook.com\/pascal.oberson.1?fref=ts","article_published_time":"2019-05-14T07:12:08+00:00","article_modified_time":"2020-11-16T13:57:23+00:00","og_image":[{"width":2048,"height":1536,"url":"https:\/\/i2.wp.com\/newsestlyonnais.fr\/site\/wp-content\/uploads\/2019\/05\/NEWSESTLYONNAIS-VBAL-FEM-05.jpg?fit=2048%2C1536&ssl=1","type":"image\/jpeg"}],"author":"R\u00e9dac. NEWS","twitter_card":"summary_large_image","twitter_misc":{"\u00c9crit par":"R\u00e9dac. NEWS","Dur\u00e9e de lecture estim\u00e9e":"1 minute"},"schema":{"@context":"https:\/\/schema.org","@graph":[{"@type":"Article","@id":"https:\/\/newsestlyonnais.fr\/site\/2019\/05\/14\/bron-lyon-maintien-en-regionale-des-filles-du-vball\/#article","isPartOf":{"@id":"https:\/\/newsestlyonnais.fr\/site\/2019\/05\/14\/bron-lyon-maintien-en-regionale-des-filles-du-vball\/"},"author":{"name":"R\u00e9dac. NEWS","@id":"https:\/\/newsestlyonnais.fr\/site\/#\/schema\/person\/3230d5615f390bb808365d673001e887"},"headline":"BRON \/ LYON | Maintien en r\u00e9gionale des filles du Vball","datePublished":"2019-05-14T07:12:08+00:00","dateModified":"2020-11-16T13:57:23+00:00","mainEntityOfPage":{"@id":"https:\/\/newsestlyonnais.fr\/site\/2019\/05\/14\/bron-lyon-maintien-en-regionale-des-filles-du-vball\/"},"wordCount":257,"commentCount":0,"publisher":{"@id":"https:\/\/newsestlyonnais.fr\/site\/#organization"},"image":{"@id":"https:\/\/newsestlyonnais.fr\/site\/2019\/05\/14\/bron-lyon-maintien-en-regionale-des-filles-du-vball\/#primaryimage"},"thumbnailUrl":"https:\/\/newsestlyonnais.fr\/site\/wp-content\/uploads\/2019\/05\/NEWSESTLYONNAIS-VBAL-FEM-05.jpg","keywords":["BRON","VBALL","VOLLEY"],"articleSection":["Basket | Hand | Volley","Bron","Lyon","Volley"],"inLanguage":"fr-FR","potentialAction":[{"@type":"CommentAction","name":"Comment","target":["https:\/\/newsestlyonnais.fr\/site\/2019\/05\/14\/bron-lyon-maintien-en-regionale-des-filles-du-vball\/#respond"]}]},{"@type":"WebPage","@id":"https:\/\/newsestlyonnais.fr\/site\/2019\/05\/14\/bron-lyon-maintien-en-regionale-des-filles-du-vball\/","url":"https:\/\/newsestlyonnais.fr\/site\/2019\/05\/14\/bron-lyon-maintien-en-regionale-des-filles-du-vball\/","name":"BRON \/ LYON | Maintien en r\u00e9gionale des filles du Vball - News Est Lyonnais","isPartOf":{"@id":"https:\/\/newsestlyonnais.fr\/site\/#website"},"primaryImageOfPage":{"@id":"https:\/\/newsestlyonnais.fr\/site\/2019\/05\/14\/bron-lyon-maintien-en-regionale-des-filles-du-vball\/#primaryimage"},"image":{"@id":"https:\/\/newsestlyonnais.fr\/site\/2019\/05\/14\/bron-lyon-maintien-en-regionale-des-filles-du-vball\/#primaryimage"},"thumbnailUrl":"https:\/\/newsestlyonnais.fr\/site\/wp-content\/uploads\/2019\/05\/NEWSESTLYONNAIS-VBAL-FEM-05.jpg","datePublished":"2019-05-14T07:12:08+00:00","dateModified":"2020-11-16T13:57:23+00:00","description":"maintien en r\u00e9gionale des filles du Volley Bron Lyon Lumi\u00e8re au Gymnase lyonnais Longchambon finale f\u00e9minine \u00e0 4 d'accession au championnat pr\u00e9-national.","breadcrumb":{"@id":"https:\/\/newsestlyonnais.fr\/site\/2019\/05\/14\/bron-lyon-maintien-en-regionale-des-filles-du-vball\/#breadcrumb"},"inLanguage":"fr-FR","potentialAction":[{"@type":"ReadAction","target":["https:\/\/newsestlyonnais.fr\/site\/2019\/05\/14\/bron-lyon-maintien-en-regionale-des-filles-du-vball\/"]}]},{"@type":"ImageObject","inLanguage":"fr-FR","@id":"https:\/\/newsestlyonnais.fr\/site\/2019\/05\/14\/bron-lyon-maintien-en-regionale-des-filles-du-vball\/#primaryimage","url":"https:\/\/newsestlyonnais.fr\/site\/wp-content\/uploads\/2019\/05\/NEWSESTLYONNAIS-VBAL-FEM-05.jpg","contentUrl":"https:\/\/newsestlyonnais.fr\/site\/wp-content\/uploads\/2019\/05\/NEWSESTLYONNAIS-VBAL-FEM-05.jpg","width":2048,"height":1536,"caption":"NEWSESTLYONNAIS VBAL FEM 05"},{"@type":"BreadcrumbList","@id":"https:\/\/newsestlyonnais.fr\/site\/2019\/05\/14\/bron-lyon-maintien-en-regionale-des-filles-du-vball\/#breadcrumb","itemListElement":[{"@type":"ListItem","position":1,"name":"Accueil","item":"https:\/\/newsestlyonnais.fr\/site\/"},{"@type":"ListItem","position":2,"name":"BRON \/ LYON | Maintien en r\u00e9gionale des filles du Vball"}]},{"@type":"WebSite","@id":"https:\/\/newsestlyonnais.fr\/site\/#website","url":"https:\/\/newsestlyonnais.fr\/site\/","name":"News Est Lyonnais","description":"L&#039;actualit\u00e9 au plus pr\u00e8s","publisher":{"@id":"https:\/\/newsestlyonnais.fr\/site\/#organization"},"potentialAction":[{"@type":"SearchAction","target":{"@type":"EntryPoint","urlTemplate":"https:\/\/newsestlyonnais.fr\/site\/?s={search_term_string}"},"query-input":{"@type":"PropertyValueSpecification","valueRequired":true,"valueName":"search_term_string"}}],"inLanguage":"fr-FR"},{"@type":"Organization","@id":"https:\/\/newsestlyonnais.fr\/site\/#organization","name":"News EST LYONNAIS","url":"https:\/\/newsestlyonnais.fr\/site\/","logo":{"@type":"ImageObject","inLanguage":"fr-FR","@id":"https:\/\/newsestlyonnais.fr\/site\/#\/schema\/logo\/image\/","url":"","contentUrl":"","caption":"News EST LYONNAIS"},"image":{"@id":"https:\/\/newsestlyonnais.fr\/site\/#\/schema\/logo\/image\/"}},{"@type":"Person","@id":"https:\/\/newsestlyonnais.fr\/site\/#\/schema\/person\/3230d5615f390bb808365d673001e887","name":"R\u00e9dac. NEWS","sameAs":["http:\/\/www.newsestlyonnais.fr","https:\/\/www.facebook.com\/pascal.oberson.1?fref=ts","https:\/\/fr.linkedin.com\/in\/pascal-oberson-b17045113"],"url":"https:\/\/newsestlyonnais.fr\/site\/author\/nel\/"}]}},"_links":{"self":[{"href":"https:\/\/newsestlyonnais.fr\/site\/wp-json\/wp\/v2\/posts\/73707","targetHints":{"allow":["GET"]}}],"collection":[{"href":"https:\/\/newsestlyonnais.fr\/site\/wp-json\/wp\/v2\/posts"}],"about":[{"href":"https:\/\/newsestlyonnais.fr\/site\/wp-json\/wp\/v2\/types\/post"}],"author":[{"embeddable":true,"href":"https:\/\/newsestlyonnais.fr\/site\/wp-json\/wp\/v2\/users\/4"}],"replies":[{"embeddable":true,"href":"https:\/\/newsestlyonnais.fr\/site\/wp-json\/wp\/v2\/comments?post=73707"}],"version-history":[{"count":0,"href":"https:\/\/newsestlyonnais.fr\/site\/wp-json\/wp\/v2\/posts\/73707\/revisions"}],"wp:featuredmedia":[{"embeddable":true,"href":"https:\/\/newsestlyonnais.fr\/site\/wp-json\/wp\/v2\/media\/73716"}],"wp:attachment":[{"href":"https:\/\/newsestlyonnais.fr\/site\/wp-json\/wp\/v2\/media?parent=73707"}],"wp:term":[{"taxonomy":"category","embeddable":true,"href":"https:\/\/newsestlyonnais.fr\/site\/wp-json\/wp\/v2\/categories?post=73707"},{"taxonomy":"post_tag","embeddable":true,"href":"https:\/\/newsestlyonnais.fr\/site\/wp-json\/wp\/v2\/tags?post=73707"}],"curies":[{"name":"wp","href":"https:\/\/api.w.org\/{rel}","templated":true}]}}