{"id":74871,"date":"2019-05-28T11:35:59","date_gmt":"2019-05-28T10:35:59","guid":{"rendered":"http:\/\/newsestlyonnais.fr\/site\/?p=74871"},"modified":"2020-11-20T11:25:17","modified_gmt":"2020-11-20T10:25:17","slug":"meyzieu-la-fete-du-nautisme","status":"publish","type":"post","link":"https:\/\/newsestlyonnais.fr\/site\/2019\/05\/28\/meyzieu-la-fete-du-nautisme\/","title":{"rendered":"MEYZIEU | La f\u00eate du nautisme"},"content":{"rendered":"\r\n\r\n\r\n<p>Rendez-vous annuel pour d\u00e9couvrir les acteurs et disciplines du plan d\u2019eau, sous forme de bapt\u00eames ouvert \u00e0 tous.<\/p>\r\n\r\n\r\n\r\n<p class=\"has-drop-cap\">Venez essayer gratuitement toutes les embarcations ! Paddle, kayak, habitable, d\u00e9riveur, optimist, catamaran. Les plus petits pourront aussi s\u2019adonner \u00e0 la p\u00eache \u00e0 la ligne.<\/p>\r\n<p class=\"has-drop-cap\">Manifestation organis\u00e9e avec le soutien de l\u2019Aviron Majolan, de Lyon Sport M\u00e9tropole, de l\u2019ASPTT, du Club de kayak de D\u00e9cines Meyzieu (CKDM), du Cercle de voile de Lyon et le CPGL (comit\u00e9 des p\u00eacheurs du Grand Large).<\/p>\r\n\r\n\r\n\r\n<p>Venez \u00e0 v\u00e9lo et gagnez des lots ! Un parking \u00e0 v\u00e9lo surveill\u00e9 gratuit sera \u00e0 votre disposition.<\/p>\r\n<p>______________________________________________________________________________<\/p>\r\n\r\n\r\n\r\n<ul class=\"wp-block-list\">\r\n<li><strong><em>Dimanche 2 juin \/ 9 h 30 \u00e0 12 h &amp; 13 h 30 \u00e0 18 h \/ Base nautique municipale &#8211; Meyzieu Grand Large <\/em><\/strong><\/li>\r\n<\/ul>\r\n\r\n\r\n\r\n<figure class=\"wp-block-image\"><img loading=\"lazy\" decoding=\"async\" width=\"1000\" height=\"446\" class=\"wp-image-74939\" src=\"https:\/\/newsestlyonnais.fr\/site\/medias\/2019\/05\/NEWSESTLYONANIS-FETE-NAUTISME-2019-1000x446.png\" alt=\"NEWSESTLYONANIS FETE NAUTISME 2019\" srcset=\"https:\/\/newsestlyonnais.fr\/site\/wp-content\/uploads\/2019\/05\/NEWSESTLYONANIS-FETE-NAUTISME-2019-1000x446.png 1000w, https:\/\/newsestlyonnais.fr\/site\/wp-content\/uploads\/2019\/05\/NEWSESTLYONANIS-FETE-NAUTISME-2019-400x178.png 400w, https:\/\/newsestlyonnais.fr\/site\/wp-content\/uploads\/2019\/05\/NEWSESTLYONANIS-FETE-NAUTISME-2019-768x342.png 768w, https:\/\/newsestlyonnais.fr\/site\/wp-content\/uploads\/2019\/05\/NEWSESTLYONANIS-FETE-NAUTISME-2019-600x267.png 600w\" sizes=\"auto, (max-width: 1000px) 100vw, 1000px\" \/><\/figure>\r\n","protected":false},"excerpt":{"rendered":"<p>En 2018, plus de 2 800 bapt\u00eames ont \u00e9t\u00e9 d\u00e9livr\u00e9s pour valider la d\u00e9couverte de nouvelles activit\u00e9s !<\/p>\n","protected":false},"author":4,"featured_media":0,"comment_status":"open","ping_status":"open","sticky":false,"template":"","format":"standard","meta":{"footnotes":""},"categories":[3443,1347,2973,1348,24,2,1349],"tags":[2770,2081,2769],"class_list":["post-74871","post","type-post","status-publish","format-standard","hentry","category-aviation-nautisme","category-aviron","category-aviron-kayak-voile-sports","category-kayak","category-meyzieu","category-sports","category-voile","tag-fete-du-nautisme","tag-meyzieu","tag-nautisme"],"yoast_head":"<!-- This site is optimized with the Yoast SEO plugin v27.2 - https:\/\/yoast.com\/product\/yoast-seo-wordpress\/ -->\n<title>MEYZIEU | La f\u00eate du nautisme - News Est Lyonnais<\/title>\n<meta name=\"description\" content=\"MEYZIEU : la f\u00eate du nautisme\" \/>\n<meta name=\"robots\" content=\"index, follow, max-snippet:-1, max-image-preview:large, max-video-preview:-1\" \/>\n<link rel=\"canonical\" href=\"https:\/\/newsestlyonnais.fr\/site\/2019\/05\/28\/meyzieu-la-fete-du-nautisme\/\" \/>\n<meta property=\"og:locale\" content=\"fr_FR\" \/>\n<meta property=\"og:type\" content=\"article\" \/>\n<meta property=\"og:title\" content=\"MEYZIEU | La f\u00eate du nautisme - News Est Lyonnais\" \/>\n<meta property=\"og:description\" content=\"MEYZIEU : la f\u00eate du nautisme\" \/>\n<meta property=\"og:url\" content=\"https:\/\/newsestlyonnais.fr\/site\/2019\/05\/28\/meyzieu-la-fete-du-nautisme\/\" \/>\n<meta property=\"og:site_name\" content=\"News Est Lyonnais\" \/>\n<meta property=\"article:author\" content=\"https:\/\/www.facebook.com\/pascal.oberson.1?fref=ts\" \/>\n<meta property=\"article:published_time\" content=\"2019-05-28T10:35:59+00:00\" \/>\n<meta property=\"article:modified_time\" content=\"2020-11-20T10:25:17+00:00\" \/>\n<meta property=\"og:image\" content=\"https:\/\/newsestlyonnais.fr\/site\/medias\/2019\/05\/NEWSESTLYONANIS-FETE-NAUTISME-2019-1000x446.png\" \/>\n<meta name=\"author\" content=\"R\u00e9dac. NEWS\" \/>\n<meta name=\"twitter:card\" content=\"summary_large_image\" \/>\n<meta name=\"twitter:label1\" content=\"\u00c9crit par\" \/>\n\t<meta name=\"twitter:data1\" content=\"R\u00e9dac. NEWS\" \/>\n\t<meta name=\"twitter:label2\" content=\"Dur\u00e9e de lecture estim\u00e9e\" \/>\n\t<meta name=\"twitter:data2\" content=\"1 minute\" \/>\n<script type=\"application\/ld+json\" class=\"yoast-schema-graph\">{\"@context\":\"https:\/\/schema.org\",\"@graph\":[{\"@type\":\"Article\",\"@id\":\"https:\/\/newsestlyonnais.fr\/site\/2019\/05\/28\/meyzieu-la-fete-du-nautisme\/#article\",\"isPartOf\":{\"@id\":\"https:\/\/newsestlyonnais.fr\/site\/2019\/05\/28\/meyzieu-la-fete-du-nautisme\/\"},\"author\":{\"name\":\"R\u00e9dac. NEWS\",\"@id\":\"https:\/\/newsestlyonnais.fr\/site\/#\/schema\/person\/3230d5615f390bb808365d673001e887\"},\"headline\":\"MEYZIEU | La f\u00eate du nautisme\",\"datePublished\":\"2019-05-28T10:35:59+00:00\",\"dateModified\":\"2020-11-20T10:25:17+00:00\",\"mainEntityOfPage\":{\"@id\":\"https:\/\/newsestlyonnais.fr\/site\/2019\/05\/28\/meyzieu-la-fete-du-nautisme\/\"},\"wordCount\":124,\"commentCount\":0,\"publisher\":{\"@id\":\"https:\/\/newsestlyonnais.fr\/site\/#organization\"},\"image\":{\"@id\":\"https:\/\/newsestlyonnais.fr\/site\/2019\/05\/28\/meyzieu-la-fete-du-nautisme\/#primaryimage\"},\"thumbnailUrl\":\"https:\/\/newsestlyonnais.fr\/site\/medias\/2019\/05\/NEWSESTLYONANIS-FETE-NAUTISME-2019-1000x446.png\",\"keywords\":[\"FETE DU NAUTISME\",\"MEYZIEU\",\"NAUTISME\"],\"articleSection\":[\"Aviation | Nautisme\",\"Aviron\",\"Aviron | Kayak | Voile\",\"Kayak\",\"Meyzieu\",\"Sports\",\"Voile\"],\"inLanguage\":\"fr-FR\",\"potentialAction\":[{\"@type\":\"CommentAction\",\"name\":\"Comment\",\"target\":[\"https:\/\/newsestlyonnais.fr\/site\/2019\/05\/28\/meyzieu-la-fete-du-nautisme\/#respond\"]}]},{\"@type\":\"WebPage\",\"@id\":\"https:\/\/newsestlyonnais.fr\/site\/2019\/05\/28\/meyzieu-la-fete-du-nautisme\/\",\"url\":\"https:\/\/newsestlyonnais.fr\/site\/2019\/05\/28\/meyzieu-la-fete-du-nautisme\/\",\"name\":\"MEYZIEU | La f\u00eate du nautisme - News Est Lyonnais\",\"isPartOf\":{\"@id\":\"https:\/\/newsestlyonnais.fr\/site\/#website\"},\"primaryImageOfPage\":{\"@id\":\"https:\/\/newsestlyonnais.fr\/site\/2019\/05\/28\/meyzieu-la-fete-du-nautisme\/#primaryimage\"},\"image\":{\"@id\":\"https:\/\/newsestlyonnais.fr\/site\/2019\/05\/28\/meyzieu-la-fete-du-nautisme\/#primaryimage\"},\"thumbnailUrl\":\"https:\/\/newsestlyonnais.fr\/site\/medias\/2019\/05\/NEWSESTLYONANIS-FETE-NAUTISME-2019-1000x446.png\",\"datePublished\":\"2019-05-28T10:35:59+00:00\",\"dateModified\":\"2020-11-20T10:25:17+00:00\",\"description\":\"MEYZIEU : la f\u00eate du nautisme\",\"breadcrumb\":{\"@id\":\"https:\/\/newsestlyonnais.fr\/site\/2019\/05\/28\/meyzieu-la-fete-du-nautisme\/#breadcrumb\"},\"inLanguage\":\"fr-FR\",\"potentialAction\":[{\"@type\":\"ReadAction\",\"target\":[\"https:\/\/newsestlyonnais.fr\/site\/2019\/05\/28\/meyzieu-la-fete-du-nautisme\/\"]}]},{\"@type\":\"ImageObject\",\"inLanguage\":\"fr-FR\",\"@id\":\"https:\/\/newsestlyonnais.fr\/site\/2019\/05\/28\/meyzieu-la-fete-du-nautisme\/#primaryimage\",\"url\":\"https:\/\/newsestlyonnais.fr\/site\/medias\/2019\/05\/NEWSESTLYONANIS-FETE-NAUTISME-2019-1000x446.png\",\"contentUrl\":\"https:\/\/newsestlyonnais.fr\/site\/medias\/2019\/05\/NEWSESTLYONANIS-FETE-NAUTISME-2019-1000x446.png\"},{\"@type\":\"BreadcrumbList\",\"@id\":\"https:\/\/newsestlyonnais.fr\/site\/2019\/05\/28\/meyzieu-la-fete-du-nautisme\/#breadcrumb\",\"itemListElement\":[{\"@type\":\"ListItem\",\"position\":1,\"name\":\"Accueil\",\"item\":\"https:\/\/newsestlyonnais.fr\/site\/\"},{\"@type\":\"ListItem\",\"position\":2,\"name\":\"MEYZIEU | La f\u00eate du nautisme\"}]},{\"@type\":\"WebSite\",\"@id\":\"https:\/\/newsestlyonnais.fr\/site\/#website\",\"url\":\"https:\/\/newsestlyonnais.fr\/site\/\",\"name\":\"News Est Lyonnais\",\"description\":\"L&#039;actualit\u00e9 au plus pr\u00e8s\",\"publisher\":{\"@id\":\"https:\/\/newsestlyonnais.fr\/site\/#organization\"},\"potentialAction\":[{\"@type\":\"SearchAction\",\"target\":{\"@type\":\"EntryPoint\",\"urlTemplate\":\"https:\/\/newsestlyonnais.fr\/site\/?s={search_term_string}\"},\"query-input\":{\"@type\":\"PropertyValueSpecification\",\"valueRequired\":true,\"valueName\":\"search_term_string\"}}],\"inLanguage\":\"fr-FR\"},{\"@type\":\"Organization\",\"@id\":\"https:\/\/newsestlyonnais.fr\/site\/#organization\",\"name\":\"News EST LYONNAIS\",\"url\":\"https:\/\/newsestlyonnais.fr\/site\/\",\"logo\":{\"@type\":\"ImageObject\",\"inLanguage\":\"fr-FR\",\"@id\":\"https:\/\/newsestlyonnais.fr\/site\/#\/schema\/logo\/image\/\",\"url\":\"\",\"contentUrl\":\"\",\"caption\":\"News EST LYONNAIS\"},\"image\":{\"@id\":\"https:\/\/newsestlyonnais.fr\/site\/#\/schema\/logo\/image\/\"}},{\"@type\":\"Person\",\"@id\":\"https:\/\/newsestlyonnais.fr\/site\/#\/schema\/person\/3230d5615f390bb808365d673001e887\",\"name\":\"R\u00e9dac. NEWS\",\"sameAs\":[\"http:\/\/www.newsestlyonnais.fr\",\"https:\/\/www.facebook.com\/pascal.oberson.1?fref=ts\",\"https:\/\/fr.linkedin.com\/in\/pascal-oberson-b17045113\"],\"url\":\"https:\/\/newsestlyonnais.fr\/site\/author\/nel\/\"}]}<\/script>\n<!-- \/ Yoast SEO plugin. -->","yoast_head_json":{"title":"MEYZIEU | La f\u00eate du nautisme - News Est Lyonnais","description":"MEYZIEU : la f\u00eate du nautisme","robots":{"index":"index","follow":"follow","max-snippet":"max-snippet:-1","max-image-preview":"max-image-preview:large","max-video-preview":"max-video-preview:-1"},"canonical":"https:\/\/newsestlyonnais.fr\/site\/2019\/05\/28\/meyzieu-la-fete-du-nautisme\/","og_locale":"fr_FR","og_type":"article","og_title":"MEYZIEU | La f\u00eate du nautisme - News Est Lyonnais","og_description":"MEYZIEU : la f\u00eate du nautisme","og_url":"https:\/\/newsestlyonnais.fr\/site\/2019\/05\/28\/meyzieu-la-fete-du-nautisme\/","og_site_name":"News Est Lyonnais","article_author":"https:\/\/www.facebook.com\/pascal.oberson.1?fref=ts","article_published_time":"2019-05-28T10:35:59+00:00","article_modified_time":"2020-11-20T10:25:17+00:00","og_image":[{"url":"https:\/\/newsestlyonnais.fr\/site\/medias\/2019\/05\/NEWSESTLYONANIS-FETE-NAUTISME-2019-1000x446.png","type":"","width":"","height":""}],"author":"R\u00e9dac. NEWS","twitter_card":"summary_large_image","twitter_misc":{"\u00c9crit par":"R\u00e9dac. NEWS","Dur\u00e9e de lecture estim\u00e9e":"1 minute"},"schema":{"@context":"https:\/\/schema.org","@graph":[{"@type":"Article","@id":"https:\/\/newsestlyonnais.fr\/site\/2019\/05\/28\/meyzieu-la-fete-du-nautisme\/#article","isPartOf":{"@id":"https:\/\/newsestlyonnais.fr\/site\/2019\/05\/28\/meyzieu-la-fete-du-nautisme\/"},"author":{"name":"R\u00e9dac. NEWS","@id":"https:\/\/newsestlyonnais.fr\/site\/#\/schema\/person\/3230d5615f390bb808365d673001e887"},"headline":"MEYZIEU | La f\u00eate du nautisme","datePublished":"2019-05-28T10:35:59+00:00","dateModified":"2020-11-20T10:25:17+00:00","mainEntityOfPage":{"@id":"https:\/\/newsestlyonnais.fr\/site\/2019\/05\/28\/meyzieu-la-fete-du-nautisme\/"},"wordCount":124,"commentCount":0,"publisher":{"@id":"https:\/\/newsestlyonnais.fr\/site\/#organization"},"image":{"@id":"https:\/\/newsestlyonnais.fr\/site\/2019\/05\/28\/meyzieu-la-fete-du-nautisme\/#primaryimage"},"thumbnailUrl":"https:\/\/newsestlyonnais.fr\/site\/medias\/2019\/05\/NEWSESTLYONANIS-FETE-NAUTISME-2019-1000x446.png","keywords":["FETE DU NAUTISME","MEYZIEU","NAUTISME"],"articleSection":["Aviation | Nautisme","Aviron","Aviron | Kayak | Voile","Kayak","Meyzieu","Sports","Voile"],"inLanguage":"fr-FR","potentialAction":[{"@type":"CommentAction","name":"Comment","target":["https:\/\/newsestlyonnais.fr\/site\/2019\/05\/28\/meyzieu-la-fete-du-nautisme\/#respond"]}]},{"@type":"WebPage","@id":"https:\/\/newsestlyonnais.fr\/site\/2019\/05\/28\/meyzieu-la-fete-du-nautisme\/","url":"https:\/\/newsestlyonnais.fr\/site\/2019\/05\/28\/meyzieu-la-fete-du-nautisme\/","name":"MEYZIEU | La f\u00eate du nautisme - News Est Lyonnais","isPartOf":{"@id":"https:\/\/newsestlyonnais.fr\/site\/#website"},"primaryImageOfPage":{"@id":"https:\/\/newsestlyonnais.fr\/site\/2019\/05\/28\/meyzieu-la-fete-du-nautisme\/#primaryimage"},"image":{"@id":"https:\/\/newsestlyonnais.fr\/site\/2019\/05\/28\/meyzieu-la-fete-du-nautisme\/#primaryimage"},"thumbnailUrl":"https:\/\/newsestlyonnais.fr\/site\/medias\/2019\/05\/NEWSESTLYONANIS-FETE-NAUTISME-2019-1000x446.png","datePublished":"2019-05-28T10:35:59+00:00","dateModified":"2020-11-20T10:25:17+00:00","description":"MEYZIEU : la f\u00eate du nautisme","breadcrumb":{"@id":"https:\/\/newsestlyonnais.fr\/site\/2019\/05\/28\/meyzieu-la-fete-du-nautisme\/#breadcrumb"},"inLanguage":"fr-FR","potentialAction":[{"@type":"ReadAction","target":["https:\/\/newsestlyonnais.fr\/site\/2019\/05\/28\/meyzieu-la-fete-du-nautisme\/"]}]},{"@type":"ImageObject","inLanguage":"fr-FR","@id":"https:\/\/newsestlyonnais.fr\/site\/2019\/05\/28\/meyzieu-la-fete-du-nautisme\/#primaryimage","url":"https:\/\/newsestlyonnais.fr\/site\/medias\/2019\/05\/NEWSESTLYONANIS-FETE-NAUTISME-2019-1000x446.png","contentUrl":"https:\/\/newsestlyonnais.fr\/site\/medias\/2019\/05\/NEWSESTLYONANIS-FETE-NAUTISME-2019-1000x446.png"},{"@type":"BreadcrumbList","@id":"https:\/\/newsestlyonnais.fr\/site\/2019\/05\/28\/meyzieu-la-fete-du-nautisme\/#breadcrumb","itemListElement":[{"@type":"ListItem","position":1,"name":"Accueil","item":"https:\/\/newsestlyonnais.fr\/site\/"},{"@type":"ListItem","position":2,"name":"MEYZIEU | La f\u00eate du nautisme"}]},{"@type":"WebSite","@id":"https:\/\/newsestlyonnais.fr\/site\/#website","url":"https:\/\/newsestlyonnais.fr\/site\/","name":"News Est Lyonnais","description":"L&#039;actualit\u00e9 au plus pr\u00e8s","publisher":{"@id":"https:\/\/newsestlyonnais.fr\/site\/#organization"},"potentialAction":[{"@type":"SearchAction","target":{"@type":"EntryPoint","urlTemplate":"https:\/\/newsestlyonnais.fr\/site\/?s={search_term_string}"},"query-input":{"@type":"PropertyValueSpecification","valueRequired":true,"valueName":"search_term_string"}}],"inLanguage":"fr-FR"},{"@type":"Organization","@id":"https:\/\/newsestlyonnais.fr\/site\/#organization","name":"News EST LYONNAIS","url":"https:\/\/newsestlyonnais.fr\/site\/","logo":{"@type":"ImageObject","inLanguage":"fr-FR","@id":"https:\/\/newsestlyonnais.fr\/site\/#\/schema\/logo\/image\/","url":"","contentUrl":"","caption":"News EST LYONNAIS"},"image":{"@id":"https:\/\/newsestlyonnais.fr\/site\/#\/schema\/logo\/image\/"}},{"@type":"Person","@id":"https:\/\/newsestlyonnais.fr\/site\/#\/schema\/person\/3230d5615f390bb808365d673001e887","name":"R\u00e9dac. NEWS","sameAs":["http:\/\/www.newsestlyonnais.fr","https:\/\/www.facebook.com\/pascal.oberson.1?fref=ts","https:\/\/fr.linkedin.com\/in\/pascal-oberson-b17045113"],"url":"https:\/\/newsestlyonnais.fr\/site\/author\/nel\/"}]}},"_links":{"self":[{"href":"https:\/\/newsestlyonnais.fr\/site\/wp-json\/wp\/v2\/posts\/74871","targetHints":{"allow":["GET"]}}],"collection":[{"href":"https:\/\/newsestlyonnais.fr\/site\/wp-json\/wp\/v2\/posts"}],"about":[{"href":"https:\/\/newsestlyonnais.fr\/site\/wp-json\/wp\/v2\/types\/post"}],"author":[{"embeddable":true,"href":"https:\/\/newsestlyonnais.fr\/site\/wp-json\/wp\/v2\/users\/4"}],"replies":[{"embeddable":true,"href":"https:\/\/newsestlyonnais.fr\/site\/wp-json\/wp\/v2\/comments?post=74871"}],"version-history":[{"count":0,"href":"https:\/\/newsestlyonnais.fr\/site\/wp-json\/wp\/v2\/posts\/74871\/revisions"}],"wp:attachment":[{"href":"https:\/\/newsestlyonnais.fr\/site\/wp-json\/wp\/v2\/media?parent=74871"}],"wp:term":[{"taxonomy":"category","embeddable":true,"href":"https:\/\/newsestlyonnais.fr\/site\/wp-json\/wp\/v2\/categories?post=74871"},{"taxonomy":"post_tag","embeddable":true,"href":"https:\/\/newsestlyonnais.fr\/site\/wp-json\/wp\/v2\/tags?post=74871"}],"curies":[{"name":"wp","href":"https:\/\/api.w.org\/{rel}","templated":true}]}}