{"id":74969,"date":"2019-05-29T06:17:49","date_gmt":"2019-05-29T05:17:49","guid":{"rendered":"http:\/\/newsestlyonnais.fr\/site\/?p=74969"},"modified":"2020-11-15T15:19:07","modified_gmt":"2020-11-15T14:19:07","slug":"genas-un-nouveau-bureau-a-la-petanque-genassienne","status":"publish","type":"post","link":"https:\/\/newsestlyonnais.fr\/site\/2019\/05\/29\/genas-un-nouveau-bureau-a-la-petanque-genassienne\/","title":{"rendered":"GENAS | Un nouveau bureau \u00e0 la P\u00e9tanque Genassienne"},"content":{"rendered":"\r\n<h4 class=\"wp-block-heading\">Suite \u00e0 l&rsquo;assembl\u00e9e g\u00e9n\u00e9rale extraordinaire tenue le mercredi 22 mai dernier, une nouvelle \u00e9quipe dirigeante a \u00e9t\u00e9 constitu\u00e9e.<\/h4>\r\n\r\n\r\n\r\n<p>C&rsquo;est d\u00e9sormais <strong>Louis Peix, auparavant vice-pr\u00e9sident qui a \u00e9t\u00e9 \u00e9lu \u00e0 la pr\u00e9sidence<\/strong>, Joseph Asnar assurant la tr\u00e9sorerie et Laure Lecussan le secr\u00e9tariat.  <\/p>\r\n\r\n\r\n\r\n<p>Un club qui d\u00e9nombre \u00e0 ce jour <strong>36 licenci\u00e9s<\/strong>, dont 8 f\u00e9minines sans compter les 20 cartes de soci\u00e9taires et tient avant tout \u00e0 garder son esprit convivial.  Sur le plan sportif, la P\u00e9tanque Genassienne a align\u00e9 plusieurs \u00e9quipes en championnat des clubs : <\/p>\r\n\r\n\r\n\r\n<ul class=\"wp-block-list\"><li>deux masculines (une en D3 et descend en D4, l&rsquo;autre qui se maintient en D4).<\/li><li>une en f\u00e9minine (qui descend de D1 en D2)<\/li><li>une en v\u00e9t\u00e9rans (d\u00e9faite en 1\/4 de finale en D3 face \u00e0 Pusignan mais acc\u00e8de \u00e0 la D2). <\/li><\/ul>\r\n\r\n\r\n\r\n<p>Aux r\u00e9cents championnats du Rh\u00f4ne,  plusieurs membres du club ont r\u00e9alis\u00e9 de belles perfs \u00e0 l&rsquo;image de :<\/p>\r\n\r\n\r\n\r\n<ul class=\"wp-block-list\"><li>Brigitte Pechoux &amp; Laure Lecussan (1\/4 de finaliste) en doublettes f\u00e9minines. <\/li><li>Kevin Lepetit &amp; Laure Lecussan (1\/2 finalistes) en doublettes mixtes qui se sont qualifi\u00e9s pour la Ligue et se sont inclin\u00e9s en barrages \u00e0 Saint Peray.<\/li><\/ul>\r\n\r\n\r\n\r\n<p><strong>NOTA <\/strong>: le club organisera prochainement plusieurs <strong>concours officiels <\/strong>\u00e0 l&rsquo;espace Marius Berliet:<\/p>\r\n\r\n\r\n\r\n<ul class=\"wp-block-list\"><li>Samedi 1\u00b0 juin : T\u00eate \u00e0 t\u00eate le matin et en doublettes l&rsquo;apr\u00e8s-midi.<\/li><li>Dimanche 30 juin : doublettes l&rsquo;apr\u00e8s-midi. <\/li><li>Samedi 6 juillet : GP mixtes en doublettes<\/li><\/ul>\r\n\r\n\r\n\r\n<p><strong><em>Contact club<\/em><\/strong> : eric.lecussan69@gmail.com ou 06.41.05.99.73 <\/p>\r\n\r\n\r\n\r\n<p><strong><em>PHOTO A LA UNE<\/em><\/strong> (de gauche \u00e0 droite) : Louis Peix (pr\u00e9sident), Laure Lecussan (secr\u00e9taire) &amp; Joseph Asnar (tr\u00e9sorier). <\/p>\r\n\r\n\r\n\r\n<figure class=\"wp-block-image\"><img loading=\"lazy\" decoding=\"async\" width=\"1000\" height=\"750\" src=\"https:\/\/newsestlyonnais.fr\/site\/medias\/2019\/05\/NEWSESTLYONNAIS-PET-GENAS-BURO-01-1000x750.jpg\" alt=\"\" class=\"wp-image-74982\" srcset=\"https:\/\/newsestlyonnais.fr\/site\/wp-content\/uploads\/2019\/05\/NEWSESTLYONNAIS-PET-GENAS-BURO-01-1000x750.jpg 1000w, https:\/\/newsestlyonnais.fr\/site\/wp-content\/uploads\/2019\/05\/NEWSESTLYONNAIS-PET-GENAS-BURO-01-400x300.jpg 400w, https:\/\/newsestlyonnais.fr\/site\/wp-content\/uploads\/2019\/05\/NEWSESTLYONNAIS-PET-GENAS-BURO-01-768x576.jpg 768w, https:\/\/newsestlyonnais.fr\/site\/wp-content\/uploads\/2019\/05\/NEWSESTLYONNAIS-PET-GENAS-BURO-01-600x450.jpg 600w, https:\/\/newsestlyonnais.fr\/site\/wp-content\/uploads\/2019\/05\/NEWSESTLYONNAIS-PET-GENAS-BURO-01-100x75.jpg 100w\" sizes=\"auto, (max-width: 1000px) 100vw, 1000px\" \/><figcaption>Les \u00e9quipes v\u00e9t\u00e9rans de Genas et Pusignan se sont affront\u00e9s mardi apr\u00e8s-midi<\/figcaption><\/figure>\r\n\r\n\r\n","protected":false},"excerpt":{"rendered":"<p>Suite \u00e0 l&rsquo;assembl\u00e9e g\u00e9n\u00e9rale extraordinaire tenue le mercredi 22 mai dernier, une nouvelle \u00e9quipe dirigeante a \u00e9t\u00e9 constitu\u00e9e.<\/p>\n","protected":false},"author":4,"featured_media":74972,"comment_status":"open","ping_status":"open","sticky":false,"template":"","format":"standard","meta":{"footnotes":""},"categories":[2977,270,1598,2978],"tags":[2005,2017,2526],"class_list":["post-74969","post","type-post","status-publish","format-standard","has-post-thumbnail","hentry","category-boules-petanque-sports","category-cte-de-communes-c-c-e-l","category-genas","category-petanque-sports","tag-genas","tag-petanque","tag-petanque-genassienne"],"yoast_head":"<!-- This site is optimized with the Yoast SEO plugin v27.2 - https:\/\/yoast.com\/product\/yoast-seo-wordpress\/ -->\n<title>GENAS | Un nouveau bureau \u00e0 la P\u00e9tanque Genassienne - News Est Lyonnais GENAS : un nouveau bureau \u00e0 la P\u00e9tanque Genassienne<\/title>\n<meta name=\"description\" content=\"nouveau bureau \u00e0 la P\u00e9tanque Genassienne.Suite \u00e0 l&#039;assembl\u00e9e g\u00e9n\u00e9rale extraordinaire tenue le mercredi 22 mai, une \u00e9quipe dirigeante a \u00e9t\u00e9 constitu\u00e9e.\" \/>\n<meta name=\"robots\" content=\"index, follow, max-snippet:-1, max-image-preview:large, max-video-preview:-1\" \/>\n<link rel=\"canonical\" href=\"https:\/\/newsestlyonnais.fr\/site\/2019\/05\/29\/genas-un-nouveau-bureau-a-la-petanque-genassienne\/\" \/>\n<meta property=\"og:locale\" content=\"fr_FR\" \/>\n<meta property=\"og:type\" content=\"article\" \/>\n<meta property=\"og:title\" content=\"GENAS | Un nouveau bureau \u00e0 la P\u00e9tanque Genassienne - News Est Lyonnais GENAS : un nouveau bureau \u00e0 la P\u00e9tanque Genassienne\" \/>\n<meta property=\"og:description\" content=\"nouveau bureau \u00e0 la P\u00e9tanque Genassienne.Suite \u00e0 l&#039;assembl\u00e9e g\u00e9n\u00e9rale extraordinaire tenue le mercredi 22 mai, une \u00e9quipe dirigeante a \u00e9t\u00e9 constitu\u00e9e.\" \/>\n<meta property=\"og:url\" content=\"https:\/\/newsestlyonnais.fr\/site\/2019\/05\/29\/genas-un-nouveau-bureau-a-la-petanque-genassienne\/\" \/>\n<meta property=\"og:site_name\" content=\"News Est Lyonnais\" \/>\n<meta property=\"article:author\" content=\"https:\/\/www.facebook.com\/pascal.oberson.1?fref=ts\" \/>\n<meta property=\"article:published_time\" content=\"2019-05-29T05:17:49+00:00\" \/>\n<meta property=\"article:modified_time\" content=\"2020-11-15T14:19:07+00:00\" \/>\n<meta property=\"og:image\" content=\"https:\/\/newsestlyonnais.fr\/site\/wp-content\/uploads\/2019\/05\/NEWSESTLYONNAIS-PET-GENAS-BURO-1000x750.jpg\" \/>\n\t<meta property=\"og:image:width\" content=\"1000\" \/>\n\t<meta property=\"og:image:height\" content=\"750\" \/>\n\t<meta property=\"og:image:type\" content=\"image\/jpeg\" \/>\n<meta name=\"author\" content=\"R\u00e9dac. NEWS\" \/>\n<meta name=\"twitter:card\" content=\"summary_large_image\" \/>\n<meta name=\"twitter:label1\" content=\"\u00c9crit par\" \/>\n\t<meta name=\"twitter:data1\" content=\"R\u00e9dac. NEWS\" \/>\n\t<meta name=\"twitter:label2\" content=\"Dur\u00e9e de lecture estim\u00e9e\" \/>\n\t<meta name=\"twitter:data2\" content=\"1 minute\" \/>\n<script type=\"application\/ld+json\" class=\"yoast-schema-graph\">{\"@context\":\"https:\/\/schema.org\",\"@graph\":[{\"@type\":\"Article\",\"@id\":\"https:\/\/newsestlyonnais.fr\/site\/2019\/05\/29\/genas-un-nouveau-bureau-a-la-petanque-genassienne\/#article\",\"isPartOf\":{\"@id\":\"https:\/\/newsestlyonnais.fr\/site\/2019\/05\/29\/genas-un-nouveau-bureau-a-la-petanque-genassienne\/\"},\"author\":{\"name\":\"R\u00e9dac. NEWS\",\"@id\":\"https:\/\/newsestlyonnais.fr\/site\/#\/schema\/person\/3230d5615f390bb808365d673001e887\"},\"headline\":\"GENAS | Un nouveau bureau \u00e0 la P\u00e9tanque Genassienne\",\"datePublished\":\"2019-05-29T05:17:49+00:00\",\"dateModified\":\"2020-11-15T14:19:07+00:00\",\"mainEntityOfPage\":{\"@id\":\"https:\/\/newsestlyonnais.fr\/site\/2019\/05\/29\/genas-un-nouveau-bureau-a-la-petanque-genassienne\/\"},\"wordCount\":283,\"commentCount\":0,\"publisher\":{\"@id\":\"https:\/\/newsestlyonnais.fr\/site\/#organization\"},\"image\":{\"@id\":\"https:\/\/newsestlyonnais.fr\/site\/2019\/05\/29\/genas-un-nouveau-bureau-a-la-petanque-genassienne\/#primaryimage\"},\"thumbnailUrl\":\"https:\/\/newsestlyonnais.fr\/site\/wp-content\/uploads\/2019\/05\/NEWSESTLYONNAIS-PET-GENAS-BURO.jpg\",\"keywords\":[\"GENAS\",\"PETANQUE\",\"PETANQUE GENASSIENNE\"],\"articleSection\":[\"Boules | P\u00e9tanque\",\"CCEL | Communes\",\"Genas\",\"P\u00e9tanque\"],\"inLanguage\":\"fr-FR\",\"potentialAction\":[{\"@type\":\"CommentAction\",\"name\":\"Comment\",\"target\":[\"https:\/\/newsestlyonnais.fr\/site\/2019\/05\/29\/genas-un-nouveau-bureau-a-la-petanque-genassienne\/#respond\"]}]},{\"@type\":\"WebPage\",\"@id\":\"https:\/\/newsestlyonnais.fr\/site\/2019\/05\/29\/genas-un-nouveau-bureau-a-la-petanque-genassienne\/\",\"url\":\"https:\/\/newsestlyonnais.fr\/site\/2019\/05\/29\/genas-un-nouveau-bureau-a-la-petanque-genassienne\/\",\"name\":\"GENAS | Un nouveau bureau \u00e0 la P\u00e9tanque Genassienne - News Est Lyonnais GENAS : un nouveau bureau \u00e0 la P\u00e9tanque Genassienne\",\"isPartOf\":{\"@id\":\"https:\/\/newsestlyonnais.fr\/site\/#website\"},\"primaryImageOfPage\":{\"@id\":\"https:\/\/newsestlyonnais.fr\/site\/2019\/05\/29\/genas-un-nouveau-bureau-a-la-petanque-genassienne\/#primaryimage\"},\"image\":{\"@id\":\"https:\/\/newsestlyonnais.fr\/site\/2019\/05\/29\/genas-un-nouveau-bureau-a-la-petanque-genassienne\/#primaryimage\"},\"thumbnailUrl\":\"https:\/\/newsestlyonnais.fr\/site\/wp-content\/uploads\/2019\/05\/NEWSESTLYONNAIS-PET-GENAS-BURO.jpg\",\"datePublished\":\"2019-05-29T05:17:49+00:00\",\"dateModified\":\"2020-11-15T14:19:07+00:00\",\"description\":\"nouveau bureau \u00e0 la P\u00e9tanque Genassienne.Suite \u00e0 l'assembl\u00e9e g\u00e9n\u00e9rale extraordinaire tenue le mercredi 22 mai, une \u00e9quipe dirigeante a \u00e9t\u00e9 constitu\u00e9e.\",\"breadcrumb\":{\"@id\":\"https:\/\/newsestlyonnais.fr\/site\/2019\/05\/29\/genas-un-nouveau-bureau-a-la-petanque-genassienne\/#breadcrumb\"},\"inLanguage\":\"fr-FR\",\"potentialAction\":[{\"@type\":\"ReadAction\",\"target\":[\"https:\/\/newsestlyonnais.fr\/site\/2019\/05\/29\/genas-un-nouveau-bureau-a-la-petanque-genassienne\/\"]}]},{\"@type\":\"ImageObject\",\"inLanguage\":\"fr-FR\",\"@id\":\"https:\/\/newsestlyonnais.fr\/site\/2019\/05\/29\/genas-un-nouveau-bureau-a-la-petanque-genassienne\/#primaryimage\",\"url\":\"https:\/\/newsestlyonnais.fr\/site\/wp-content\/uploads\/2019\/05\/NEWSESTLYONNAIS-PET-GENAS-BURO.jpg\",\"contentUrl\":\"https:\/\/newsestlyonnais.fr\/site\/wp-content\/uploads\/2019\/05\/NEWSESTLYONNAIS-PET-GENAS-BURO.jpg\",\"width\":4608,\"height\":3456},{\"@type\":\"BreadcrumbList\",\"@id\":\"https:\/\/newsestlyonnais.fr\/site\/2019\/05\/29\/genas-un-nouveau-bureau-a-la-petanque-genassienne\/#breadcrumb\",\"itemListElement\":[{\"@type\":\"ListItem\",\"position\":1,\"name\":\"Accueil\",\"item\":\"https:\/\/newsestlyonnais.fr\/site\/\"},{\"@type\":\"ListItem\",\"position\":2,\"name\":\"GENAS | Un nouveau bureau \u00e0 la P\u00e9tanque Genassienne\"}]},{\"@type\":\"WebSite\",\"@id\":\"https:\/\/newsestlyonnais.fr\/site\/#website\",\"url\":\"https:\/\/newsestlyonnais.fr\/site\/\",\"name\":\"News Est Lyonnais\",\"description\":\"L&#039;actualit\u00e9 au plus pr\u00e8s\",\"publisher\":{\"@id\":\"https:\/\/newsestlyonnais.fr\/site\/#organization\"},\"potentialAction\":[{\"@type\":\"SearchAction\",\"target\":{\"@type\":\"EntryPoint\",\"urlTemplate\":\"https:\/\/newsestlyonnais.fr\/site\/?s={search_term_string}\"},\"query-input\":{\"@type\":\"PropertyValueSpecification\",\"valueRequired\":true,\"valueName\":\"search_term_string\"}}],\"inLanguage\":\"fr-FR\"},{\"@type\":\"Organization\",\"@id\":\"https:\/\/newsestlyonnais.fr\/site\/#organization\",\"name\":\"News EST LYONNAIS\",\"url\":\"https:\/\/newsestlyonnais.fr\/site\/\",\"logo\":{\"@type\":\"ImageObject\",\"inLanguage\":\"fr-FR\",\"@id\":\"https:\/\/newsestlyonnais.fr\/site\/#\/schema\/logo\/image\/\",\"url\":\"\",\"contentUrl\":\"\",\"caption\":\"News EST LYONNAIS\"},\"image\":{\"@id\":\"https:\/\/newsestlyonnais.fr\/site\/#\/schema\/logo\/image\/\"}},{\"@type\":\"Person\",\"@id\":\"https:\/\/newsestlyonnais.fr\/site\/#\/schema\/person\/3230d5615f390bb808365d673001e887\",\"name\":\"R\u00e9dac. NEWS\",\"sameAs\":[\"http:\/\/www.newsestlyonnais.fr\",\"https:\/\/www.facebook.com\/pascal.oberson.1?fref=ts\",\"https:\/\/fr.linkedin.com\/in\/pascal-oberson-b17045113\"],\"url\":\"https:\/\/newsestlyonnais.fr\/site\/author\/nel\/\"}]}<\/script>\n<!-- \/ Yoast SEO plugin. -->","yoast_head_json":{"title":"GENAS | Un nouveau bureau \u00e0 la P\u00e9tanque Genassienne - News Est Lyonnais GENAS : un nouveau bureau \u00e0 la P\u00e9tanque Genassienne","description":"nouveau bureau \u00e0 la P\u00e9tanque Genassienne.Suite \u00e0 l'assembl\u00e9e g\u00e9n\u00e9rale extraordinaire tenue le mercredi 22 mai, une \u00e9quipe dirigeante a \u00e9t\u00e9 constitu\u00e9e.","robots":{"index":"index","follow":"follow","max-snippet":"max-snippet:-1","max-image-preview":"max-image-preview:large","max-video-preview":"max-video-preview:-1"},"canonical":"https:\/\/newsestlyonnais.fr\/site\/2019\/05\/29\/genas-un-nouveau-bureau-a-la-petanque-genassienne\/","og_locale":"fr_FR","og_type":"article","og_title":"GENAS | Un nouveau bureau \u00e0 la P\u00e9tanque Genassienne - News Est Lyonnais GENAS : un nouveau bureau \u00e0 la P\u00e9tanque Genassienne","og_description":"nouveau bureau \u00e0 la P\u00e9tanque Genassienne.Suite \u00e0 l'assembl\u00e9e g\u00e9n\u00e9rale extraordinaire tenue le mercredi 22 mai, une \u00e9quipe dirigeante a \u00e9t\u00e9 constitu\u00e9e.","og_url":"https:\/\/newsestlyonnais.fr\/site\/2019\/05\/29\/genas-un-nouveau-bureau-a-la-petanque-genassienne\/","og_site_name":"News Est Lyonnais","article_author":"https:\/\/www.facebook.com\/pascal.oberson.1?fref=ts","article_published_time":"2019-05-29T05:17:49+00:00","article_modified_time":"2020-11-15T14:19:07+00:00","og_image":[{"width":1000,"height":750,"url":"https:\/\/newsestlyonnais.fr\/site\/wp-content\/uploads\/2019\/05\/NEWSESTLYONNAIS-PET-GENAS-BURO-1000x750.jpg","type":"image\/jpeg"}],"author":"R\u00e9dac. NEWS","twitter_card":"summary_large_image","twitter_misc":{"\u00c9crit par":"R\u00e9dac. NEWS","Dur\u00e9e de lecture estim\u00e9e":"1 minute"},"schema":{"@context":"https:\/\/schema.org","@graph":[{"@type":"Article","@id":"https:\/\/newsestlyonnais.fr\/site\/2019\/05\/29\/genas-un-nouveau-bureau-a-la-petanque-genassienne\/#article","isPartOf":{"@id":"https:\/\/newsestlyonnais.fr\/site\/2019\/05\/29\/genas-un-nouveau-bureau-a-la-petanque-genassienne\/"},"author":{"name":"R\u00e9dac. NEWS","@id":"https:\/\/newsestlyonnais.fr\/site\/#\/schema\/person\/3230d5615f390bb808365d673001e887"},"headline":"GENAS | Un nouveau bureau \u00e0 la P\u00e9tanque Genassienne","datePublished":"2019-05-29T05:17:49+00:00","dateModified":"2020-11-15T14:19:07+00:00","mainEntityOfPage":{"@id":"https:\/\/newsestlyonnais.fr\/site\/2019\/05\/29\/genas-un-nouveau-bureau-a-la-petanque-genassienne\/"},"wordCount":283,"commentCount":0,"publisher":{"@id":"https:\/\/newsestlyonnais.fr\/site\/#organization"},"image":{"@id":"https:\/\/newsestlyonnais.fr\/site\/2019\/05\/29\/genas-un-nouveau-bureau-a-la-petanque-genassienne\/#primaryimage"},"thumbnailUrl":"https:\/\/newsestlyonnais.fr\/site\/wp-content\/uploads\/2019\/05\/NEWSESTLYONNAIS-PET-GENAS-BURO.jpg","keywords":["GENAS","PETANQUE","PETANQUE GENASSIENNE"],"articleSection":["Boules | P\u00e9tanque","CCEL | Communes","Genas","P\u00e9tanque"],"inLanguage":"fr-FR","potentialAction":[{"@type":"CommentAction","name":"Comment","target":["https:\/\/newsestlyonnais.fr\/site\/2019\/05\/29\/genas-un-nouveau-bureau-a-la-petanque-genassienne\/#respond"]}]},{"@type":"WebPage","@id":"https:\/\/newsestlyonnais.fr\/site\/2019\/05\/29\/genas-un-nouveau-bureau-a-la-petanque-genassienne\/","url":"https:\/\/newsestlyonnais.fr\/site\/2019\/05\/29\/genas-un-nouveau-bureau-a-la-petanque-genassienne\/","name":"GENAS | Un nouveau bureau \u00e0 la P\u00e9tanque Genassienne - News Est Lyonnais GENAS : un nouveau bureau \u00e0 la P\u00e9tanque Genassienne","isPartOf":{"@id":"https:\/\/newsestlyonnais.fr\/site\/#website"},"primaryImageOfPage":{"@id":"https:\/\/newsestlyonnais.fr\/site\/2019\/05\/29\/genas-un-nouveau-bureau-a-la-petanque-genassienne\/#primaryimage"},"image":{"@id":"https:\/\/newsestlyonnais.fr\/site\/2019\/05\/29\/genas-un-nouveau-bureau-a-la-petanque-genassienne\/#primaryimage"},"thumbnailUrl":"https:\/\/newsestlyonnais.fr\/site\/wp-content\/uploads\/2019\/05\/NEWSESTLYONNAIS-PET-GENAS-BURO.jpg","datePublished":"2019-05-29T05:17:49+00:00","dateModified":"2020-11-15T14:19:07+00:00","description":"nouveau bureau \u00e0 la P\u00e9tanque Genassienne.Suite \u00e0 l'assembl\u00e9e g\u00e9n\u00e9rale extraordinaire tenue le mercredi 22 mai, une \u00e9quipe dirigeante a \u00e9t\u00e9 constitu\u00e9e.","breadcrumb":{"@id":"https:\/\/newsestlyonnais.fr\/site\/2019\/05\/29\/genas-un-nouveau-bureau-a-la-petanque-genassienne\/#breadcrumb"},"inLanguage":"fr-FR","potentialAction":[{"@type":"ReadAction","target":["https:\/\/newsestlyonnais.fr\/site\/2019\/05\/29\/genas-un-nouveau-bureau-a-la-petanque-genassienne\/"]}]},{"@type":"ImageObject","inLanguage":"fr-FR","@id":"https:\/\/newsestlyonnais.fr\/site\/2019\/05\/29\/genas-un-nouveau-bureau-a-la-petanque-genassienne\/#primaryimage","url":"https:\/\/newsestlyonnais.fr\/site\/wp-content\/uploads\/2019\/05\/NEWSESTLYONNAIS-PET-GENAS-BURO.jpg","contentUrl":"https:\/\/newsestlyonnais.fr\/site\/wp-content\/uploads\/2019\/05\/NEWSESTLYONNAIS-PET-GENAS-BURO.jpg","width":4608,"height":3456},{"@type":"BreadcrumbList","@id":"https:\/\/newsestlyonnais.fr\/site\/2019\/05\/29\/genas-un-nouveau-bureau-a-la-petanque-genassienne\/#breadcrumb","itemListElement":[{"@type":"ListItem","position":1,"name":"Accueil","item":"https:\/\/newsestlyonnais.fr\/site\/"},{"@type":"ListItem","position":2,"name":"GENAS | Un nouveau bureau \u00e0 la P\u00e9tanque Genassienne"}]},{"@type":"WebSite","@id":"https:\/\/newsestlyonnais.fr\/site\/#website","url":"https:\/\/newsestlyonnais.fr\/site\/","name":"News Est Lyonnais","description":"L&#039;actualit\u00e9 au plus pr\u00e8s","publisher":{"@id":"https:\/\/newsestlyonnais.fr\/site\/#organization"},"potentialAction":[{"@type":"SearchAction","target":{"@type":"EntryPoint","urlTemplate":"https:\/\/newsestlyonnais.fr\/site\/?s={search_term_string}"},"query-input":{"@type":"PropertyValueSpecification","valueRequired":true,"valueName":"search_term_string"}}],"inLanguage":"fr-FR"},{"@type":"Organization","@id":"https:\/\/newsestlyonnais.fr\/site\/#organization","name":"News EST LYONNAIS","url":"https:\/\/newsestlyonnais.fr\/site\/","logo":{"@type":"ImageObject","inLanguage":"fr-FR","@id":"https:\/\/newsestlyonnais.fr\/site\/#\/schema\/logo\/image\/","url":"","contentUrl":"","caption":"News EST LYONNAIS"},"image":{"@id":"https:\/\/newsestlyonnais.fr\/site\/#\/schema\/logo\/image\/"}},{"@type":"Person","@id":"https:\/\/newsestlyonnais.fr\/site\/#\/schema\/person\/3230d5615f390bb808365d673001e887","name":"R\u00e9dac. NEWS","sameAs":["http:\/\/www.newsestlyonnais.fr","https:\/\/www.facebook.com\/pascal.oberson.1?fref=ts","https:\/\/fr.linkedin.com\/in\/pascal-oberson-b17045113"],"url":"https:\/\/newsestlyonnais.fr\/site\/author\/nel\/"}]}},"_links":{"self":[{"href":"https:\/\/newsestlyonnais.fr\/site\/wp-json\/wp\/v2\/posts\/74969","targetHints":{"allow":["GET"]}}],"collection":[{"href":"https:\/\/newsestlyonnais.fr\/site\/wp-json\/wp\/v2\/posts"}],"about":[{"href":"https:\/\/newsestlyonnais.fr\/site\/wp-json\/wp\/v2\/types\/post"}],"author":[{"embeddable":true,"href":"https:\/\/newsestlyonnais.fr\/site\/wp-json\/wp\/v2\/users\/4"}],"replies":[{"embeddable":true,"href":"https:\/\/newsestlyonnais.fr\/site\/wp-json\/wp\/v2\/comments?post=74969"}],"version-history":[{"count":0,"href":"https:\/\/newsestlyonnais.fr\/site\/wp-json\/wp\/v2\/posts\/74969\/revisions"}],"wp:featuredmedia":[{"embeddable":true,"href":"https:\/\/newsestlyonnais.fr\/site\/wp-json\/wp\/v2\/media\/74972"}],"wp:attachment":[{"href":"https:\/\/newsestlyonnais.fr\/site\/wp-json\/wp\/v2\/media?parent=74969"}],"wp:term":[{"taxonomy":"category","embeddable":true,"href":"https:\/\/newsestlyonnais.fr\/site\/wp-json\/wp\/v2\/categories?post=74969"},{"taxonomy":"post_tag","embeddable":true,"href":"https:\/\/newsestlyonnais.fr\/site\/wp-json\/wp\/v2\/tags?post=74969"}],"curies":[{"name":"wp","href":"https:\/\/api.w.org\/{rel}","templated":true}]}}