{"id":75014,"date":"2019-05-29T06:50:36","date_gmt":"2019-05-29T05:50:36","guid":{"rendered":"http:\/\/newsestlyonnais.fr\/site\/?p=75014"},"modified":"2020-11-12T11:22:12","modified_gmt":"2020-11-12T10:22:12","slug":"lyon-le-funiculaire-de-saint-just-renove-a-nouveau-sur-les-rails","status":"publish","type":"post","link":"https:\/\/newsestlyonnais.fr\/site\/2019\/05\/29\/lyon-le-funiculaire-de-saint-just-renove-a-nouveau-sur-les-rails\/","title":{"rendered":"LYON | Le funiculaire de St Just \u00e0 nouveau sur les rails !"},"content":{"rendered":"\n<h4 class=\"wp-block-heading\"><span style=\"color: #444444;font-family: Arial, Verdana, Helvetica, sans-serif;font-size: small\" class=\"color\"><strong>Les 10.000 lyonnais et visiteurs<\/strong> <strong>qui empruntent quotidiennement le funiculaire de Saint Just pourront d\u00e8s le samedi 1\u00b0 juin,d\u00e9couvrir le nouveau design des rames \u00e0 l\u2019occasion de sa remise en service.<\/strong><\/span><\/h4>\n\n\n\n<p>Un an apr\u00e8s le funiculaire de Fourvi\u00e8re, c\u2019est celui de Saint Just qui a quitt\u00e9 Lyon en d\u00e9cembre 2018 pour sa grande inspection. Men\u00e9e par le SYTRAL tous les 10 ans, cette op\u00e9ration vise \u00e0 contr\u00f4ler les principaux composants du mat\u00e9riel roulant des funiculaires, ayant une fonction de s\u00e9curit\u00e9. Il s\u2019agit d\u2019un important contr\u00f4le technique des v\u00e9hicules (structure de caisse, freins, portes) et de la station motrice qui tracte les v\u00e9hicules (moteur, r\u00e9ducteur, poulies et freins). Cette op\u00e9ration a \u00e9galement \u00e9t\u00e9 l\u2019occasion pour le SYTRAL, de proc\u00e9der \u00e0 une grande r\u00e9novation pour prolonger la dur\u00e9e de vie des installations d\u2019une vingtaine d\u2019ann\u00e9es. A cette occasion, la livr\u00e9e ext\u00e9rieure et l\u2019am\u00e9nagement int\u00e9rieur des 2 rames ont \u00e9t\u00e9 enti\u00e8rement revus.<\/p>\n\n\n\n<p><strong>3 mois auront \u00e9t\u00e9 n\u00e9cessaires pour mener \u00e0 bien ce vaste chantier<\/strong>. Le 29 mars, les 2 rames ont \u00e9t\u00e9 achemin\u00e9es en convoi exceptionnel depuis les ateliers m\u00e9tro du SYTRAL situ\u00e9s \u00e0 Vaulx-en-Velin, puis transport\u00e9es par les airs pour retrouver leurs rails, \u00e0 la station Minimes\u2013Th\u00e9\u00e2tres Romains.<\/p>\n\n\n\n<ul class=\"wp-block-list\"><li><strong>Plus d&rsquo;infos sur<\/strong> : <a href=\"http:\/\/www.datapressepremium.com\/rmdiff\/2006336\/cpfuniculairestjustrenove.pdf\" target=\"_blank\" rel=\"noopener noreferrer\">http:\/\/www.datapressepremium.com\/rmdiff\/2006336\/cpfuniculairestjustrenove.pdf<\/a><\/li><\/ul>\n","protected":false},"excerpt":{"rendered":"<p>Les 10 000 lyonnais et visiteurs qui empruntent quotidiennement le funiculaire de Saint Just pourront d\u00e8s le samedi 1\u00b0 juin, d\u00e9couvrir le nouveau design des rames \u00e0 l\u2019occasion de sa remise en service.<\/p>\n","protected":false},"author":4,"featured_media":0,"comment_status":"open","ping_status":"open","sticky":false,"template":"","format":"standard","meta":{"footnotes":""},"categories":[1625,309,13,172],"tags":[2775,2455,2127],"class_list":["post-75014","post","type-post","status-publish","format-standard","hentry","category-lyon","category-pratique","category-transports-circulation","category-travaux-amenagements","tag-funiculaire","tag-sytral","tag-travaux"],"yoast_head":"<!-- This site is optimized with the Yoast SEO plugin v27.2 - https:\/\/yoast.com\/product\/yoast-seo-wordpress\/ -->\n<title>LYON | Le funiculaire de St Just \u00e0 nouveau sur les rails ! - News Est Lyonnais<\/title>\n<meta name=\"description\" content=\"LYON : le funiculaire de St Just \u00e0 nouveau sur les rails ! Les 10.000 lyonnais et visiteurs qui l&#039;empruntent quotidiennement pourront d\u00e8s le samedi 1\u00b0 juin\" \/>\n<meta name=\"robots\" content=\"index, follow, max-snippet:-1, max-image-preview:large, max-video-preview:-1\" \/>\n<link rel=\"canonical\" href=\"https:\/\/newsestlyonnais.fr\/site\/2019\/05\/29\/lyon-le-funiculaire-de-saint-just-renove-a-nouveau-sur-les-rails\/\" \/>\n<meta property=\"og:locale\" content=\"fr_FR\" \/>\n<meta property=\"og:type\" content=\"article\" \/>\n<meta property=\"og:title\" content=\"LYON | Le funiculaire de St Just \u00e0 nouveau sur les rails ! - News Est Lyonnais\" \/>\n<meta property=\"og:description\" content=\"LYON : le funiculaire de St Just \u00e0 nouveau sur les rails ! Les 10.000 lyonnais et visiteurs qui l&#039;empruntent quotidiennement pourront d\u00e8s le samedi 1\u00b0 juin\" \/>\n<meta property=\"og:url\" content=\"https:\/\/newsestlyonnais.fr\/site\/2019\/05\/29\/lyon-le-funiculaire-de-saint-just-renove-a-nouveau-sur-les-rails\/\" \/>\n<meta property=\"og:site_name\" content=\"News Est Lyonnais\" \/>\n<meta property=\"article:author\" content=\"https:\/\/www.facebook.com\/pascal.oberson.1?fref=ts\" \/>\n<meta property=\"article:published_time\" content=\"2019-05-29T05:50:36+00:00\" \/>\n<meta property=\"article:modified_time\" content=\"2020-11-12T10:22:12+00:00\" \/>\n<meta name=\"author\" content=\"R\u00e9dac. NEWS\" \/>\n<meta name=\"twitter:card\" content=\"summary_large_image\" \/>\n<meta name=\"twitter:label1\" content=\"\u00c9crit par\" \/>\n\t<meta name=\"twitter:data1\" content=\"R\u00e9dac. NEWS\" \/>\n\t<meta name=\"twitter:label2\" content=\"Dur\u00e9e de lecture estim\u00e9e\" \/>\n\t<meta name=\"twitter:data2\" content=\"1 minute\" \/>\n<script type=\"application\/ld+json\" class=\"yoast-schema-graph\">{\"@context\":\"https:\/\/schema.org\",\"@graph\":[{\"@type\":\"Article\",\"@id\":\"https:\/\/newsestlyonnais.fr\/site\/2019\/05\/29\/lyon-le-funiculaire-de-saint-just-renove-a-nouveau-sur-les-rails\/#article\",\"isPartOf\":{\"@id\":\"https:\/\/newsestlyonnais.fr\/site\/2019\/05\/29\/lyon-le-funiculaire-de-saint-just-renove-a-nouveau-sur-les-rails\/\"},\"author\":{\"name\":\"R\u00e9dac. NEWS\",\"@id\":\"https:\/\/newsestlyonnais.fr\/site\/#\/schema\/person\/3230d5615f390bb808365d673001e887\"},\"headline\":\"LYON | Le funiculaire de St Just \u00e0 nouveau sur les rails !\",\"datePublished\":\"2019-05-29T05:50:36+00:00\",\"dateModified\":\"2020-11-12T10:22:12+00:00\",\"mainEntityOfPage\":{\"@id\":\"https:\/\/newsestlyonnais.fr\/site\/2019\/05\/29\/lyon-le-funiculaire-de-saint-just-renove-a-nouveau-sur-les-rails\/\"},\"wordCount\":243,\"commentCount\":0,\"publisher\":{\"@id\":\"https:\/\/newsestlyonnais.fr\/site\/#organization\"},\"keywords\":[\"FUNICULAIRE\",\"SYTRAL\",\"TRAVAUX\"],\"articleSection\":[\"Lyon\",\"Pratique\",\"Transports | Circulation\",\"Travaux | Am\u00e9nagements\"],\"inLanguage\":\"fr-FR\",\"potentialAction\":[{\"@type\":\"CommentAction\",\"name\":\"Comment\",\"target\":[\"https:\/\/newsestlyonnais.fr\/site\/2019\/05\/29\/lyon-le-funiculaire-de-saint-just-renove-a-nouveau-sur-les-rails\/#respond\"]}]},{\"@type\":\"WebPage\",\"@id\":\"https:\/\/newsestlyonnais.fr\/site\/2019\/05\/29\/lyon-le-funiculaire-de-saint-just-renove-a-nouveau-sur-les-rails\/\",\"url\":\"https:\/\/newsestlyonnais.fr\/site\/2019\/05\/29\/lyon-le-funiculaire-de-saint-just-renove-a-nouveau-sur-les-rails\/\",\"name\":\"LYON | Le funiculaire de St Just \u00e0 nouveau sur les rails ! - News Est Lyonnais\",\"isPartOf\":{\"@id\":\"https:\/\/newsestlyonnais.fr\/site\/#website\"},\"datePublished\":\"2019-05-29T05:50:36+00:00\",\"dateModified\":\"2020-11-12T10:22:12+00:00\",\"description\":\"LYON : le funiculaire de St Just \u00e0 nouveau sur les rails ! Les 10.000 lyonnais et visiteurs qui l'empruntent quotidiennement pourront d\u00e8s le samedi 1\u00b0 juin\",\"breadcrumb\":{\"@id\":\"https:\/\/newsestlyonnais.fr\/site\/2019\/05\/29\/lyon-le-funiculaire-de-saint-just-renove-a-nouveau-sur-les-rails\/#breadcrumb\"},\"inLanguage\":\"fr-FR\",\"potentialAction\":[{\"@type\":\"ReadAction\",\"target\":[\"https:\/\/newsestlyonnais.fr\/site\/2019\/05\/29\/lyon-le-funiculaire-de-saint-just-renove-a-nouveau-sur-les-rails\/\"]}]},{\"@type\":\"BreadcrumbList\",\"@id\":\"https:\/\/newsestlyonnais.fr\/site\/2019\/05\/29\/lyon-le-funiculaire-de-saint-just-renove-a-nouveau-sur-les-rails\/#breadcrumb\",\"itemListElement\":[{\"@type\":\"ListItem\",\"position\":1,\"name\":\"Accueil\",\"item\":\"https:\/\/newsestlyonnais.fr\/site\/\"},{\"@type\":\"ListItem\",\"position\":2,\"name\":\"LYON | Le funiculaire de St Just \u00e0 nouveau sur les rails !\"}]},{\"@type\":\"WebSite\",\"@id\":\"https:\/\/newsestlyonnais.fr\/site\/#website\",\"url\":\"https:\/\/newsestlyonnais.fr\/site\/\",\"name\":\"News Est Lyonnais\",\"description\":\"L&#039;actualit\u00e9 au plus pr\u00e8s\",\"publisher\":{\"@id\":\"https:\/\/newsestlyonnais.fr\/site\/#organization\"},\"potentialAction\":[{\"@type\":\"SearchAction\",\"target\":{\"@type\":\"EntryPoint\",\"urlTemplate\":\"https:\/\/newsestlyonnais.fr\/site\/?s={search_term_string}\"},\"query-input\":{\"@type\":\"PropertyValueSpecification\",\"valueRequired\":true,\"valueName\":\"search_term_string\"}}],\"inLanguage\":\"fr-FR\"},{\"@type\":\"Organization\",\"@id\":\"https:\/\/newsestlyonnais.fr\/site\/#organization\",\"name\":\"News EST LYONNAIS\",\"url\":\"https:\/\/newsestlyonnais.fr\/site\/\",\"logo\":{\"@type\":\"ImageObject\",\"inLanguage\":\"fr-FR\",\"@id\":\"https:\/\/newsestlyonnais.fr\/site\/#\/schema\/logo\/image\/\",\"url\":\"\",\"contentUrl\":\"\",\"caption\":\"News EST LYONNAIS\"},\"image\":{\"@id\":\"https:\/\/newsestlyonnais.fr\/site\/#\/schema\/logo\/image\/\"}},{\"@type\":\"Person\",\"@id\":\"https:\/\/newsestlyonnais.fr\/site\/#\/schema\/person\/3230d5615f390bb808365d673001e887\",\"name\":\"R\u00e9dac. NEWS\",\"sameAs\":[\"http:\/\/www.newsestlyonnais.fr\",\"https:\/\/www.facebook.com\/pascal.oberson.1?fref=ts\",\"https:\/\/fr.linkedin.com\/in\/pascal-oberson-b17045113\"],\"url\":\"https:\/\/newsestlyonnais.fr\/site\/author\/nel\/\"}]}<\/script>\n<!-- \/ Yoast SEO plugin. -->","yoast_head_json":{"title":"LYON | Le funiculaire de St Just \u00e0 nouveau sur les rails ! - News Est Lyonnais","description":"LYON : le funiculaire de St Just \u00e0 nouveau sur les rails ! Les 10.000 lyonnais et visiteurs qui l'empruntent quotidiennement pourront d\u00e8s le samedi 1\u00b0 juin","robots":{"index":"index","follow":"follow","max-snippet":"max-snippet:-1","max-image-preview":"max-image-preview:large","max-video-preview":"max-video-preview:-1"},"canonical":"https:\/\/newsestlyonnais.fr\/site\/2019\/05\/29\/lyon-le-funiculaire-de-saint-just-renove-a-nouveau-sur-les-rails\/","og_locale":"fr_FR","og_type":"article","og_title":"LYON | Le funiculaire de St Just \u00e0 nouveau sur les rails ! - News Est Lyonnais","og_description":"LYON : le funiculaire de St Just \u00e0 nouveau sur les rails ! Les 10.000 lyonnais et visiteurs qui l'empruntent quotidiennement pourront d\u00e8s le samedi 1\u00b0 juin","og_url":"https:\/\/newsestlyonnais.fr\/site\/2019\/05\/29\/lyon-le-funiculaire-de-saint-just-renove-a-nouveau-sur-les-rails\/","og_site_name":"News Est Lyonnais","article_author":"https:\/\/www.facebook.com\/pascal.oberson.1?fref=ts","article_published_time":"2019-05-29T05:50:36+00:00","article_modified_time":"2020-11-12T10:22:12+00:00","author":"R\u00e9dac. NEWS","twitter_card":"summary_large_image","twitter_misc":{"\u00c9crit par":"R\u00e9dac. NEWS","Dur\u00e9e de lecture estim\u00e9e":"1 minute"},"schema":{"@context":"https:\/\/schema.org","@graph":[{"@type":"Article","@id":"https:\/\/newsestlyonnais.fr\/site\/2019\/05\/29\/lyon-le-funiculaire-de-saint-just-renove-a-nouveau-sur-les-rails\/#article","isPartOf":{"@id":"https:\/\/newsestlyonnais.fr\/site\/2019\/05\/29\/lyon-le-funiculaire-de-saint-just-renove-a-nouveau-sur-les-rails\/"},"author":{"name":"R\u00e9dac. NEWS","@id":"https:\/\/newsestlyonnais.fr\/site\/#\/schema\/person\/3230d5615f390bb808365d673001e887"},"headline":"LYON | Le funiculaire de St Just \u00e0 nouveau sur les rails !","datePublished":"2019-05-29T05:50:36+00:00","dateModified":"2020-11-12T10:22:12+00:00","mainEntityOfPage":{"@id":"https:\/\/newsestlyonnais.fr\/site\/2019\/05\/29\/lyon-le-funiculaire-de-saint-just-renove-a-nouveau-sur-les-rails\/"},"wordCount":243,"commentCount":0,"publisher":{"@id":"https:\/\/newsestlyonnais.fr\/site\/#organization"},"keywords":["FUNICULAIRE","SYTRAL","TRAVAUX"],"articleSection":["Lyon","Pratique","Transports | Circulation","Travaux | Am\u00e9nagements"],"inLanguage":"fr-FR","potentialAction":[{"@type":"CommentAction","name":"Comment","target":["https:\/\/newsestlyonnais.fr\/site\/2019\/05\/29\/lyon-le-funiculaire-de-saint-just-renove-a-nouveau-sur-les-rails\/#respond"]}]},{"@type":"WebPage","@id":"https:\/\/newsestlyonnais.fr\/site\/2019\/05\/29\/lyon-le-funiculaire-de-saint-just-renove-a-nouveau-sur-les-rails\/","url":"https:\/\/newsestlyonnais.fr\/site\/2019\/05\/29\/lyon-le-funiculaire-de-saint-just-renove-a-nouveau-sur-les-rails\/","name":"LYON | Le funiculaire de St Just \u00e0 nouveau sur les rails ! - News Est Lyonnais","isPartOf":{"@id":"https:\/\/newsestlyonnais.fr\/site\/#website"},"datePublished":"2019-05-29T05:50:36+00:00","dateModified":"2020-11-12T10:22:12+00:00","description":"LYON : le funiculaire de St Just \u00e0 nouveau sur les rails ! Les 10.000 lyonnais et visiteurs qui l'empruntent quotidiennement pourront d\u00e8s le samedi 1\u00b0 juin","breadcrumb":{"@id":"https:\/\/newsestlyonnais.fr\/site\/2019\/05\/29\/lyon-le-funiculaire-de-saint-just-renove-a-nouveau-sur-les-rails\/#breadcrumb"},"inLanguage":"fr-FR","potentialAction":[{"@type":"ReadAction","target":["https:\/\/newsestlyonnais.fr\/site\/2019\/05\/29\/lyon-le-funiculaire-de-saint-just-renove-a-nouveau-sur-les-rails\/"]}]},{"@type":"BreadcrumbList","@id":"https:\/\/newsestlyonnais.fr\/site\/2019\/05\/29\/lyon-le-funiculaire-de-saint-just-renove-a-nouveau-sur-les-rails\/#breadcrumb","itemListElement":[{"@type":"ListItem","position":1,"name":"Accueil","item":"https:\/\/newsestlyonnais.fr\/site\/"},{"@type":"ListItem","position":2,"name":"LYON | Le funiculaire de St Just \u00e0 nouveau sur les rails !"}]},{"@type":"WebSite","@id":"https:\/\/newsestlyonnais.fr\/site\/#website","url":"https:\/\/newsestlyonnais.fr\/site\/","name":"News Est Lyonnais","description":"L&#039;actualit\u00e9 au plus pr\u00e8s","publisher":{"@id":"https:\/\/newsestlyonnais.fr\/site\/#organization"},"potentialAction":[{"@type":"SearchAction","target":{"@type":"EntryPoint","urlTemplate":"https:\/\/newsestlyonnais.fr\/site\/?s={search_term_string}"},"query-input":{"@type":"PropertyValueSpecification","valueRequired":true,"valueName":"search_term_string"}}],"inLanguage":"fr-FR"},{"@type":"Organization","@id":"https:\/\/newsestlyonnais.fr\/site\/#organization","name":"News EST LYONNAIS","url":"https:\/\/newsestlyonnais.fr\/site\/","logo":{"@type":"ImageObject","inLanguage":"fr-FR","@id":"https:\/\/newsestlyonnais.fr\/site\/#\/schema\/logo\/image\/","url":"","contentUrl":"","caption":"News EST LYONNAIS"},"image":{"@id":"https:\/\/newsestlyonnais.fr\/site\/#\/schema\/logo\/image\/"}},{"@type":"Person","@id":"https:\/\/newsestlyonnais.fr\/site\/#\/schema\/person\/3230d5615f390bb808365d673001e887","name":"R\u00e9dac. NEWS","sameAs":["http:\/\/www.newsestlyonnais.fr","https:\/\/www.facebook.com\/pascal.oberson.1?fref=ts","https:\/\/fr.linkedin.com\/in\/pascal-oberson-b17045113"],"url":"https:\/\/newsestlyonnais.fr\/site\/author\/nel\/"}]}},"_links":{"self":[{"href":"https:\/\/newsestlyonnais.fr\/site\/wp-json\/wp\/v2\/posts\/75014","targetHints":{"allow":["GET"]}}],"collection":[{"href":"https:\/\/newsestlyonnais.fr\/site\/wp-json\/wp\/v2\/posts"}],"about":[{"href":"https:\/\/newsestlyonnais.fr\/site\/wp-json\/wp\/v2\/types\/post"}],"author":[{"embeddable":true,"href":"https:\/\/newsestlyonnais.fr\/site\/wp-json\/wp\/v2\/users\/4"}],"replies":[{"embeddable":true,"href":"https:\/\/newsestlyonnais.fr\/site\/wp-json\/wp\/v2\/comments?post=75014"}],"version-history":[{"count":0,"href":"https:\/\/newsestlyonnais.fr\/site\/wp-json\/wp\/v2\/posts\/75014\/revisions"}],"wp:attachment":[{"href":"https:\/\/newsestlyonnais.fr\/site\/wp-json\/wp\/v2\/media?parent=75014"}],"wp:term":[{"taxonomy":"category","embeddable":true,"href":"https:\/\/newsestlyonnais.fr\/site\/wp-json\/wp\/v2\/categories?post=75014"},{"taxonomy":"post_tag","embeddable":true,"href":"https:\/\/newsestlyonnais.fr\/site\/wp-json\/wp\/v2\/tags?post=75014"}],"curies":[{"name":"wp","href":"https:\/\/api.w.org\/{rel}","templated":true}]}}