{"id":75030,"date":"2019-05-29T10:03:02","date_gmt":"2019-05-29T09:03:02","guid":{"rendered":"http:\/\/newsestlyonnais.fr\/site\/?p=75030"},"modified":"2020-11-12T11:21:57","modified_gmt":"2020-11-12T10:21:57","slug":"lyon-poursuite-des-travaux-de-nuit-pour-automatisation-metro-b","status":"publish","type":"post","link":"https:\/\/newsestlyonnais.fr\/site\/2019\/05\/29\/lyon-poursuite-des-travaux-de-nuit-pour-automatisation-metro-b\/","title":{"rendered":"LYON | Poursuite des travaux de nuit pour automatisation m\u00e9tro B"},"content":{"rendered":"\n<h4 class=\"wp-block-heading\">Pour permettre <b>l\u2019automatisation du m\u00e9tro B<\/b>, les travaux de nuit vont se poursuivre en tunnel lors du mois de juin.<\/h4>\n\n\n\n<p><strong>A partir de 2020, la ligne B sera exploit\u00e9e progressivement en pilotage automatique int\u00e9gral<\/strong> avec les nouvelles rames, en cohabitation avec les rames actuelles (avec conducteur). La mise en \u0153uvre de ce nouveau syst\u00e8me permettra d\u2019augmenter la fr\u00e9quence de passage et donc la capacit\u00e9 de la ligne.<br> Alors que les travaux d\u2019automatisation se poursuivent quotidiennement en tunnel durant les heures de fermeture du m\u00e9tro, <strong>des \u00ab nuits longues \u00bb<\/strong> sont ponctuellement organis\u00e9es afin de permettre aux entreprises d\u2019intervenir sur de plus grandes plages horaires.<\/p>\n\n\n\n<p>Dans le cadre de ces interventions, les<strong> lundis 3, 17 et 24, les mardis 11 et 18 juin, les derniers d\u00e9parts seront avanc\u00e9s :<\/strong><\/p>\n\n\n\n<ul class=\"wp-block-list\"><li>de Charpennes direction Gare d\u2019Oullins \u00e0 21 h 15. <\/li><li>de Gare d\u2019Oullins direction Charpennes \u00e0 21 h 25.<\/li><\/ul>\n\n\n\n<p><strong><em>MISE EN PLACE DE BUS RELAIS <\/em><\/strong>: Afin d\u2019assurer la continuit\u00e9 de service, des bus relais desserviront l\u2019ensemble des stations de la ligne avec une fr\u00e9quence de 10 minutes.<\/p>\n","protected":false},"excerpt":{"rendered":"<p>Pour permettre l\u2019automatisation du m\u00e9tro B, les travaux de nuit vont se poursuivre en tunnel lors du mois de juin.<\/p>\n","protected":false},"author":4,"featured_media":0,"comment_status":"open","ping_status":"open","sticky":false,"template":"","format":"standard","meta":{"footnotes":""},"categories":[2217,1625,309,13,172,29],"tags":[2777,2077,2776,2127],"class_list":["post-75030","post","type-post","status-publish","format-standard","hentry","category-breves-de-lest-lyonnais","category-lyon","category-pratique","category-transports-circulation","category-travaux-amenagements","category-villeurbanne","tag-automatisation","tag-lyon","tag-metro-b","tag-travaux"],"yoast_head":"<!-- This site is optimized with the Yoast SEO plugin v27.2 - https:\/\/yoast.com\/product\/yoast-seo-wordpress\/ -->\n<title>LYON | Poursuite des travaux de nuit pour automatisation m\u00e9tro B - News Est Lyonnais<\/title>\n<meta name=\"description\" content=\"LYON : poursuite des travaux de nuit pour l&#039;automatisation du m\u00e9tro B. les travaux de nuit vont se poursuivre en tunnel lors du mois de juin.\" \/>\n<meta name=\"robots\" content=\"index, follow, max-snippet:-1, max-image-preview:large, max-video-preview:-1\" \/>\n<link rel=\"canonical\" href=\"https:\/\/newsestlyonnais.fr\/site\/2019\/05\/29\/lyon-poursuite-des-travaux-de-nuit-pour-automatisation-metro-b\/\" \/>\n<meta property=\"og:locale\" content=\"fr_FR\" \/>\n<meta property=\"og:type\" content=\"article\" \/>\n<meta property=\"og:title\" content=\"LYON | Poursuite des travaux de nuit pour automatisation m\u00e9tro B - News Est Lyonnais\" \/>\n<meta property=\"og:description\" content=\"LYON : poursuite des travaux de nuit pour l&#039;automatisation du m\u00e9tro B. les travaux de nuit vont se poursuivre en tunnel lors du mois de juin.\" \/>\n<meta property=\"og:url\" content=\"https:\/\/newsestlyonnais.fr\/site\/2019\/05\/29\/lyon-poursuite-des-travaux-de-nuit-pour-automatisation-metro-b\/\" \/>\n<meta property=\"og:site_name\" content=\"News Est Lyonnais\" \/>\n<meta property=\"article:author\" content=\"https:\/\/www.facebook.com\/pascal.oberson.1?fref=ts\" \/>\n<meta property=\"article:published_time\" content=\"2019-05-29T09:03:02+00:00\" \/>\n<meta property=\"article:modified_time\" content=\"2020-11-12T10:21:57+00:00\" \/>\n<meta name=\"author\" content=\"R\u00e9dac. NEWS\" \/>\n<meta name=\"twitter:card\" content=\"summary_large_image\" \/>\n<meta name=\"twitter:label1\" content=\"\u00c9crit par\" \/>\n\t<meta name=\"twitter:data1\" content=\"R\u00e9dac. NEWS\" \/>\n\t<meta name=\"twitter:label2\" content=\"Dur\u00e9e de lecture estim\u00e9e\" \/>\n\t<meta name=\"twitter:data2\" content=\"1 minute\" \/>\n<script type=\"application\/ld+json\" class=\"yoast-schema-graph\">{\"@context\":\"https:\/\/schema.org\",\"@graph\":[{\"@type\":\"Article\",\"@id\":\"https:\/\/newsestlyonnais.fr\/site\/2019\/05\/29\/lyon-poursuite-des-travaux-de-nuit-pour-automatisation-metro-b\/#article\",\"isPartOf\":{\"@id\":\"https:\/\/newsestlyonnais.fr\/site\/2019\/05\/29\/lyon-poursuite-des-travaux-de-nuit-pour-automatisation-metro-b\/\"},\"author\":{\"name\":\"R\u00e9dac. NEWS\",\"@id\":\"https:\/\/newsestlyonnais.fr\/site\/#\/schema\/person\/3230d5615f390bb808365d673001e887\"},\"headline\":\"LYON | Poursuite des travaux de nuit pour automatisation m\u00e9tro B\",\"datePublished\":\"2019-05-29T09:03:02+00:00\",\"dateModified\":\"2020-11-12T10:21:57+00:00\",\"mainEntityOfPage\":{\"@id\":\"https:\/\/newsestlyonnais.fr\/site\/2019\/05\/29\/lyon-poursuite-des-travaux-de-nuit-pour-automatisation-metro-b\/\"},\"wordCount\":187,\"commentCount\":0,\"publisher\":{\"@id\":\"https:\/\/newsestlyonnais.fr\/site\/#organization\"},\"keywords\":[\"AUTOMATISATION\",\"LYON\",\"METRO B\",\"TRAVAUX\"],\"articleSection\":[\"Br\u00e8ves de l'Est lyonnais\",\"Lyon\",\"Pratique\",\"Transports | Circulation\",\"Travaux | Am\u00e9nagements\",\"Villeurbanne\"],\"inLanguage\":\"fr-FR\",\"potentialAction\":[{\"@type\":\"CommentAction\",\"name\":\"Comment\",\"target\":[\"https:\/\/newsestlyonnais.fr\/site\/2019\/05\/29\/lyon-poursuite-des-travaux-de-nuit-pour-automatisation-metro-b\/#respond\"]}]},{\"@type\":\"WebPage\",\"@id\":\"https:\/\/newsestlyonnais.fr\/site\/2019\/05\/29\/lyon-poursuite-des-travaux-de-nuit-pour-automatisation-metro-b\/\",\"url\":\"https:\/\/newsestlyonnais.fr\/site\/2019\/05\/29\/lyon-poursuite-des-travaux-de-nuit-pour-automatisation-metro-b\/\",\"name\":\"LYON | Poursuite des travaux de nuit pour automatisation m\u00e9tro B - News Est Lyonnais\",\"isPartOf\":{\"@id\":\"https:\/\/newsestlyonnais.fr\/site\/#website\"},\"datePublished\":\"2019-05-29T09:03:02+00:00\",\"dateModified\":\"2020-11-12T10:21:57+00:00\",\"description\":\"LYON : poursuite des travaux de nuit pour l'automatisation du m\u00e9tro B. les travaux de nuit vont se poursuivre en tunnel lors du mois de juin.\",\"breadcrumb\":{\"@id\":\"https:\/\/newsestlyonnais.fr\/site\/2019\/05\/29\/lyon-poursuite-des-travaux-de-nuit-pour-automatisation-metro-b\/#breadcrumb\"},\"inLanguage\":\"fr-FR\",\"potentialAction\":[{\"@type\":\"ReadAction\",\"target\":[\"https:\/\/newsestlyonnais.fr\/site\/2019\/05\/29\/lyon-poursuite-des-travaux-de-nuit-pour-automatisation-metro-b\/\"]}]},{\"@type\":\"BreadcrumbList\",\"@id\":\"https:\/\/newsestlyonnais.fr\/site\/2019\/05\/29\/lyon-poursuite-des-travaux-de-nuit-pour-automatisation-metro-b\/#breadcrumb\",\"itemListElement\":[{\"@type\":\"ListItem\",\"position\":1,\"name\":\"Accueil\",\"item\":\"https:\/\/newsestlyonnais.fr\/site\/\"},{\"@type\":\"ListItem\",\"position\":2,\"name\":\"LYON | Poursuite des travaux de nuit pour automatisation m\u00e9tro B\"}]},{\"@type\":\"WebSite\",\"@id\":\"https:\/\/newsestlyonnais.fr\/site\/#website\",\"url\":\"https:\/\/newsestlyonnais.fr\/site\/\",\"name\":\"News Est Lyonnais\",\"description\":\"L&#039;actualit\u00e9 au plus pr\u00e8s\",\"publisher\":{\"@id\":\"https:\/\/newsestlyonnais.fr\/site\/#organization\"},\"potentialAction\":[{\"@type\":\"SearchAction\",\"target\":{\"@type\":\"EntryPoint\",\"urlTemplate\":\"https:\/\/newsestlyonnais.fr\/site\/?s={search_term_string}\"},\"query-input\":{\"@type\":\"PropertyValueSpecification\",\"valueRequired\":true,\"valueName\":\"search_term_string\"}}],\"inLanguage\":\"fr-FR\"},{\"@type\":\"Organization\",\"@id\":\"https:\/\/newsestlyonnais.fr\/site\/#organization\",\"name\":\"News EST LYONNAIS\",\"url\":\"https:\/\/newsestlyonnais.fr\/site\/\",\"logo\":{\"@type\":\"ImageObject\",\"inLanguage\":\"fr-FR\",\"@id\":\"https:\/\/newsestlyonnais.fr\/site\/#\/schema\/logo\/image\/\",\"url\":\"\",\"contentUrl\":\"\",\"caption\":\"News EST LYONNAIS\"},\"image\":{\"@id\":\"https:\/\/newsestlyonnais.fr\/site\/#\/schema\/logo\/image\/\"}},{\"@type\":\"Person\",\"@id\":\"https:\/\/newsestlyonnais.fr\/site\/#\/schema\/person\/3230d5615f390bb808365d673001e887\",\"name\":\"R\u00e9dac. NEWS\",\"sameAs\":[\"http:\/\/www.newsestlyonnais.fr\",\"https:\/\/www.facebook.com\/pascal.oberson.1?fref=ts\",\"https:\/\/fr.linkedin.com\/in\/pascal-oberson-b17045113\"],\"url\":\"https:\/\/newsestlyonnais.fr\/site\/author\/nel\/\"}]}<\/script>\n<!-- \/ Yoast SEO plugin. -->","yoast_head_json":{"title":"LYON | Poursuite des travaux de nuit pour automatisation m\u00e9tro B - News Est Lyonnais","description":"LYON : poursuite des travaux de nuit pour l'automatisation du m\u00e9tro B. les travaux de nuit vont se poursuivre en tunnel lors du mois de juin.","robots":{"index":"index","follow":"follow","max-snippet":"max-snippet:-1","max-image-preview":"max-image-preview:large","max-video-preview":"max-video-preview:-1"},"canonical":"https:\/\/newsestlyonnais.fr\/site\/2019\/05\/29\/lyon-poursuite-des-travaux-de-nuit-pour-automatisation-metro-b\/","og_locale":"fr_FR","og_type":"article","og_title":"LYON | Poursuite des travaux de nuit pour automatisation m\u00e9tro B - News Est Lyonnais","og_description":"LYON : poursuite des travaux de nuit pour l'automatisation du m\u00e9tro B. les travaux de nuit vont se poursuivre en tunnel lors du mois de juin.","og_url":"https:\/\/newsestlyonnais.fr\/site\/2019\/05\/29\/lyon-poursuite-des-travaux-de-nuit-pour-automatisation-metro-b\/","og_site_name":"News Est Lyonnais","article_author":"https:\/\/www.facebook.com\/pascal.oberson.1?fref=ts","article_published_time":"2019-05-29T09:03:02+00:00","article_modified_time":"2020-11-12T10:21:57+00:00","author":"R\u00e9dac. NEWS","twitter_card":"summary_large_image","twitter_misc":{"\u00c9crit par":"R\u00e9dac. NEWS","Dur\u00e9e de lecture estim\u00e9e":"1 minute"},"schema":{"@context":"https:\/\/schema.org","@graph":[{"@type":"Article","@id":"https:\/\/newsestlyonnais.fr\/site\/2019\/05\/29\/lyon-poursuite-des-travaux-de-nuit-pour-automatisation-metro-b\/#article","isPartOf":{"@id":"https:\/\/newsestlyonnais.fr\/site\/2019\/05\/29\/lyon-poursuite-des-travaux-de-nuit-pour-automatisation-metro-b\/"},"author":{"name":"R\u00e9dac. NEWS","@id":"https:\/\/newsestlyonnais.fr\/site\/#\/schema\/person\/3230d5615f390bb808365d673001e887"},"headline":"LYON | Poursuite des travaux de nuit pour automatisation m\u00e9tro B","datePublished":"2019-05-29T09:03:02+00:00","dateModified":"2020-11-12T10:21:57+00:00","mainEntityOfPage":{"@id":"https:\/\/newsestlyonnais.fr\/site\/2019\/05\/29\/lyon-poursuite-des-travaux-de-nuit-pour-automatisation-metro-b\/"},"wordCount":187,"commentCount":0,"publisher":{"@id":"https:\/\/newsestlyonnais.fr\/site\/#organization"},"keywords":["AUTOMATISATION","LYON","METRO B","TRAVAUX"],"articleSection":["Br\u00e8ves de l'Est lyonnais","Lyon","Pratique","Transports | Circulation","Travaux | Am\u00e9nagements","Villeurbanne"],"inLanguage":"fr-FR","potentialAction":[{"@type":"CommentAction","name":"Comment","target":["https:\/\/newsestlyonnais.fr\/site\/2019\/05\/29\/lyon-poursuite-des-travaux-de-nuit-pour-automatisation-metro-b\/#respond"]}]},{"@type":"WebPage","@id":"https:\/\/newsestlyonnais.fr\/site\/2019\/05\/29\/lyon-poursuite-des-travaux-de-nuit-pour-automatisation-metro-b\/","url":"https:\/\/newsestlyonnais.fr\/site\/2019\/05\/29\/lyon-poursuite-des-travaux-de-nuit-pour-automatisation-metro-b\/","name":"LYON | Poursuite des travaux de nuit pour automatisation m\u00e9tro B - News Est Lyonnais","isPartOf":{"@id":"https:\/\/newsestlyonnais.fr\/site\/#website"},"datePublished":"2019-05-29T09:03:02+00:00","dateModified":"2020-11-12T10:21:57+00:00","description":"LYON : poursuite des travaux de nuit pour l'automatisation du m\u00e9tro B. les travaux de nuit vont se poursuivre en tunnel lors du mois de juin.","breadcrumb":{"@id":"https:\/\/newsestlyonnais.fr\/site\/2019\/05\/29\/lyon-poursuite-des-travaux-de-nuit-pour-automatisation-metro-b\/#breadcrumb"},"inLanguage":"fr-FR","potentialAction":[{"@type":"ReadAction","target":["https:\/\/newsestlyonnais.fr\/site\/2019\/05\/29\/lyon-poursuite-des-travaux-de-nuit-pour-automatisation-metro-b\/"]}]},{"@type":"BreadcrumbList","@id":"https:\/\/newsestlyonnais.fr\/site\/2019\/05\/29\/lyon-poursuite-des-travaux-de-nuit-pour-automatisation-metro-b\/#breadcrumb","itemListElement":[{"@type":"ListItem","position":1,"name":"Accueil","item":"https:\/\/newsestlyonnais.fr\/site\/"},{"@type":"ListItem","position":2,"name":"LYON | Poursuite des travaux de nuit pour automatisation m\u00e9tro B"}]},{"@type":"WebSite","@id":"https:\/\/newsestlyonnais.fr\/site\/#website","url":"https:\/\/newsestlyonnais.fr\/site\/","name":"News Est Lyonnais","description":"L&#039;actualit\u00e9 au plus pr\u00e8s","publisher":{"@id":"https:\/\/newsestlyonnais.fr\/site\/#organization"},"potentialAction":[{"@type":"SearchAction","target":{"@type":"EntryPoint","urlTemplate":"https:\/\/newsestlyonnais.fr\/site\/?s={search_term_string}"},"query-input":{"@type":"PropertyValueSpecification","valueRequired":true,"valueName":"search_term_string"}}],"inLanguage":"fr-FR"},{"@type":"Organization","@id":"https:\/\/newsestlyonnais.fr\/site\/#organization","name":"News EST LYONNAIS","url":"https:\/\/newsestlyonnais.fr\/site\/","logo":{"@type":"ImageObject","inLanguage":"fr-FR","@id":"https:\/\/newsestlyonnais.fr\/site\/#\/schema\/logo\/image\/","url":"","contentUrl":"","caption":"News EST LYONNAIS"},"image":{"@id":"https:\/\/newsestlyonnais.fr\/site\/#\/schema\/logo\/image\/"}},{"@type":"Person","@id":"https:\/\/newsestlyonnais.fr\/site\/#\/schema\/person\/3230d5615f390bb808365d673001e887","name":"R\u00e9dac. NEWS","sameAs":["http:\/\/www.newsestlyonnais.fr","https:\/\/www.facebook.com\/pascal.oberson.1?fref=ts","https:\/\/fr.linkedin.com\/in\/pascal-oberson-b17045113"],"url":"https:\/\/newsestlyonnais.fr\/site\/author\/nel\/"}]}},"_links":{"self":[{"href":"https:\/\/newsestlyonnais.fr\/site\/wp-json\/wp\/v2\/posts\/75030","targetHints":{"allow":["GET"]}}],"collection":[{"href":"https:\/\/newsestlyonnais.fr\/site\/wp-json\/wp\/v2\/posts"}],"about":[{"href":"https:\/\/newsestlyonnais.fr\/site\/wp-json\/wp\/v2\/types\/post"}],"author":[{"embeddable":true,"href":"https:\/\/newsestlyonnais.fr\/site\/wp-json\/wp\/v2\/users\/4"}],"replies":[{"embeddable":true,"href":"https:\/\/newsestlyonnais.fr\/site\/wp-json\/wp\/v2\/comments?post=75030"}],"version-history":[{"count":0,"href":"https:\/\/newsestlyonnais.fr\/site\/wp-json\/wp\/v2\/posts\/75030\/revisions"}],"wp:attachment":[{"href":"https:\/\/newsestlyonnais.fr\/site\/wp-json\/wp\/v2\/media?parent=75030"}],"wp:term":[{"taxonomy":"category","embeddable":true,"href":"https:\/\/newsestlyonnais.fr\/site\/wp-json\/wp\/v2\/categories?post=75030"},{"taxonomy":"post_tag","embeddable":true,"href":"https:\/\/newsestlyonnais.fr\/site\/wp-json\/wp\/v2\/tags?post=75030"}],"curies":[{"name":"wp","href":"https:\/\/api.w.org\/{rel}","templated":true}]}}