{"id":75043,"date":"2019-05-29T13:10:12","date_gmt":"2019-05-29T12:10:12","guid":{"rendered":"http:\/\/newsestlyonnais.fr\/site\/?p=75043"},"modified":"2020-06-11T08:33:52","modified_gmt":"2020-06-11T07:33:52","slug":"saint-pierre-de-chandieu-les-manifestations-a-fin-juin","status":"publish","type":"post","link":"https:\/\/newsestlyonnais.fr\/site\/2019\/05\/29\/saint-pierre-de-chandieu-les-manifestations-a-fin-juin\/","title":{"rendered":"SAINT-PIERRE-DE-CHANDIEU | Les manifestations \u00e0 fin juin"},"content":{"rendered":"\n<h4 class=\"wp-block-heading\">Diverses f\u00eates, rassemblement et comm\u00e9moration sont parmi les \u00e9v\u00e8nements \u00e0 venir sur la commune.<\/h4>\n\n\n\n<ul>\n<li><strong>Samedi 1\u00b0 juin : Matin\u00e9e Samoussas<\/strong> (d\u00e8s 9h, Local Festif). Les Amis de la 6.<\/li>\n<li><strong>Mardi 4 juin : LireELire 2019<\/strong> : vote du laur\u00e9at (\u00e0 19 h, M\u00e9diath\u00e8que Pierre Gamache).<\/li>\n<li><strong>Vendredi 7 juin : La permaculture dans mon jardin<\/strong> (\u00e0 20 h, Centre des Arts). Camille FloretRoul \u2019ta graine<\/li>\n<li><strong>Samedi 8 juin : La cr\u00e8che f\u00eate ses 30 ans<\/strong>. (de 10 h \u00e0 14 h, pavillon Saint Pierre, parc de Rajat). Cr\u00e8che associative l\u2019Arbre qui Danse.<\/li>\n<li><strong>Dimanche 9 juin : 8\u00b0 Rassemblement de V\u00e9hicules Anciens<\/strong>. (de 9 h \u00e0 18 h, parking espace DesLyres). Les A\u00efeules de la Route.<\/li>\n<li>J<strong>eudi 13 juin : R\u00e9union Participation Citoyenne<\/strong> (\u00e0 14 h, mairie). Municipalit\u00e9.<\/li>\n<li><strong>Vendredi 14 juin : F\u00eate de la MJC.<\/strong> (D\u00e8s 18 h, espace DesLyres). MJC Adosph\u00e8re5 <strong>&amp; Carnaval 51 suite et fin. (<\/strong>\u00e0 19 h, ateliers du Carnaval). Comit\u00e9 des F\u00eates<\/li>\n<li><strong>Samedi 15 juin : Cr\u00e9atives de l\u2019Ozon :<\/strong> journ\u00e9e portes ouvertes &#8211; atelier libre. (De 10 h \u00e0 17 h, salle Le Cercle) &amp;<strong> Gala de danse<\/strong> \u00ab Une parade \u00e0 Disco \u00bb. (\u00e0 20 h, espace DesLyres). Modern\u2019 Danse.<\/li>\n<li><strong>Dimanche 16 juin : Com\u00e9die musicale \u00ab\u00a0LA BELLE ET LA B\u00caTE\u00a0\u00bb<\/strong>. (\u00e0 19 h 30, espace DesLyres). Association Com\u00e9die.<\/li>\n<li><strong>Mardi 18 juin :&nbsp; S\u00e9ance d\u00e9dicaces ouverte \u00e0 tous<\/strong> : Christel Mouchard. (de 17 h \u00e0 18 h 30). M\u00e9diath\u00e8que Pierre Gamache &amp;&nbsp;&nbsp; <strong>Comm\u00e9moration appel du 18 juin 1940<\/strong> (\u00e0 19 h, place Charles de Gaulle). Anciens Combattants et Municipalit\u00e9.<\/li>\n<li><strong>Jeudi 20 juin : Assembl\u00e9e G\u00e9n\u00e9rale du Comit\u00e9 des F\u00eates<\/strong>. (\u00e0 20 h 30, espace Pierre Savatier). Comit\u00e9 des F\u00eates.<\/li>\n<li><strong>Vendredi 21 juin : F\u00eate de la Musique<\/strong>. (D\u00e8s 19 h 30, espace Mezzago). Municipalit\u00e9.<\/li>\n<li><strong>Lundi 24 juin : Don du sang<\/strong>. (De 16 h \u00e0 19 h, espace Des Lyres). Etablissement Fran\u00e7ais du Sang.<\/li>\n<li><strong>Samedi 29 juin : MJC<\/strong> : inscriptions rentr\u00e9e 2019. (D\u00e8s 9 h 30, MJC Adosph\u00e8re).<\/li>\n<li><strong>Dimanche 30 juin : F\u00eate de l\u2019\u00e9cole<\/strong>. (de 9 h 30 \u00e0 18 h, espace Des Lyres). Sou des \u00c9coles.&nbsp;<\/li>\n<\/ul>\n<h5>L\u2019ACTU de la commune est \u00e0 retrouver sur : <a href=\"http:\/\/www.mairie-stpierredechandieu.com\" target=\"_blank\" rel=\"noreferrer noopener\">http:\/\/www.mairie-stpierredechandieu.com<\/a><\/h5>\n","protected":false},"excerpt":{"rendered":"<p>Diverses f\u00eates, rassemblement et comm\u00e9moration sont parmi les \u00e9v\u00e8nements \u00e0 venir sur la commune.<\/p>\n","protected":false},"author":4,"featured_media":56029,"comment_status":"open","ping_status":"open","sticky":false,"template":"","format":"standard","meta":{"footnotes":""},"categories":[270,1293],"tags":[1991,2059,2288],"class_list":["post-75043","post","type-post","status-publish","format-standard","has-post-thumbnail","hentry","category-cte-de-communes-c-c-e-l","category-st-pierre-de-chandieu-toussieu","tag-agenda","tag-manifestations","tag-saint-pierre-chandieu"],"yoast_head":"<!-- This site is optimized with the Yoast SEO plugin v27.2 - https:\/\/yoast.com\/product\/yoast-seo-wordpress\/ -->\n<title>SAINT-PIERRE-DE-CHANDIEU | Les manifestations \u00e0 fin juin - News Est Lyonnais<\/title>\n<meta name=\"description\" content=\"SAINT-PIERRE-DE-CHANDIEU : les manifestations \u00e0 fin juin. Diverses f\u00eates, rassemblement et comm\u00e9moration sont parmi les \u00e9v\u00e8nements \u00e0 venir sur la commune.\" \/>\n<meta name=\"robots\" content=\"index, follow, max-snippet:-1, max-image-preview:large, max-video-preview:-1\" \/>\n<link rel=\"canonical\" href=\"https:\/\/newsestlyonnais.fr\/site\/2019\/05\/29\/saint-pierre-de-chandieu-les-manifestations-a-fin-juin\/\" \/>\n<meta property=\"og:locale\" content=\"fr_FR\" \/>\n<meta property=\"og:type\" content=\"article\" \/>\n<meta property=\"og:title\" content=\"SAINT-PIERRE-DE-CHANDIEU | Les manifestations \u00e0 fin juin - News Est Lyonnais\" \/>\n<meta property=\"og:description\" content=\"SAINT-PIERRE-DE-CHANDIEU : les manifestations \u00e0 fin juin. Diverses f\u00eates, rassemblement et comm\u00e9moration sont parmi les \u00e9v\u00e8nements \u00e0 venir sur la commune.\" \/>\n<meta property=\"og:url\" content=\"https:\/\/newsestlyonnais.fr\/site\/2019\/05\/29\/saint-pierre-de-chandieu-les-manifestations-a-fin-juin\/\" \/>\n<meta property=\"og:site_name\" content=\"News Est Lyonnais\" \/>\n<meta property=\"article:author\" content=\"https:\/\/www.facebook.com\/pascal.oberson.1?fref=ts\" \/>\n<meta property=\"article:published_time\" content=\"2019-05-29T12:10:12+00:00\" \/>\n<meta property=\"article:modified_time\" content=\"2020-06-11T07:33:52+00:00\" \/>\n<meta property=\"og:image\" content=\"https:\/\/i2.wp.com\/newsestlyonnais.fr\/site\/wp-content\/uploads\/2018\/09\/P1290862-e1571059478125.jpg?fit=1200%2C900&ssl=1\" \/>\n\t<meta property=\"og:image:width\" content=\"1200\" \/>\n\t<meta property=\"og:image:height\" content=\"900\" \/>\n\t<meta property=\"og:image:type\" content=\"image\/jpeg\" \/>\n<meta name=\"author\" content=\"R\u00e9dac. NEWS\" \/>\n<meta name=\"twitter:card\" content=\"summary_large_image\" \/>\n<meta name=\"twitter:label1\" content=\"\u00c9crit par\" \/>\n\t<meta name=\"twitter:data1\" content=\"R\u00e9dac. NEWS\" \/>\n\t<meta name=\"twitter:label2\" content=\"Dur\u00e9e de lecture estim\u00e9e\" \/>\n\t<meta name=\"twitter:data2\" content=\"2 minutes\" \/>\n<script type=\"application\/ld+json\" class=\"yoast-schema-graph\">{\"@context\":\"https:\/\/schema.org\",\"@graph\":[{\"@type\":\"Article\",\"@id\":\"https:\/\/newsestlyonnais.fr\/site\/2019\/05\/29\/saint-pierre-de-chandieu-les-manifestations-a-fin-juin\/#article\",\"isPartOf\":{\"@id\":\"https:\/\/newsestlyonnais.fr\/site\/2019\/05\/29\/saint-pierre-de-chandieu-les-manifestations-a-fin-juin\/\"},\"author\":{\"name\":\"R\u00e9dac. NEWS\",\"@id\":\"https:\/\/newsestlyonnais.fr\/site\/#\/schema\/person\/3230d5615f390bb808365d673001e887\"},\"headline\":\"SAINT-PIERRE-DE-CHANDIEU | Les manifestations \u00e0 fin juin\",\"datePublished\":\"2019-05-29T12:10:12+00:00\",\"dateModified\":\"2020-06-11T07:33:52+00:00\",\"mainEntityOfPage\":{\"@id\":\"https:\/\/newsestlyonnais.fr\/site\/2019\/05\/29\/saint-pierre-de-chandieu-les-manifestations-a-fin-juin\/\"},\"wordCount\":319,\"commentCount\":0,\"publisher\":{\"@id\":\"https:\/\/newsestlyonnais.fr\/site\/#organization\"},\"image\":{\"@id\":\"https:\/\/newsestlyonnais.fr\/site\/2019\/05\/29\/saint-pierre-de-chandieu-les-manifestations-a-fin-juin\/#primaryimage\"},\"thumbnailUrl\":\"https:\/\/newsestlyonnais.fr\/site\/wp-content\/uploads\/2018\/09\/P1290862-e1571059478125.jpg\",\"keywords\":[\"AGENDA\",\"MANIFESTATIONS\",\"SAINT PIERRE CHANDIEU\"],\"articleSection\":[\"CCEL | Communes\",\"St Pierre de Chandieu | Toussieu\"],\"inLanguage\":\"fr-FR\",\"potentialAction\":[{\"@type\":\"CommentAction\",\"name\":\"Comment\",\"target\":[\"https:\/\/newsestlyonnais.fr\/site\/2019\/05\/29\/saint-pierre-de-chandieu-les-manifestations-a-fin-juin\/#respond\"]}]},{\"@type\":\"WebPage\",\"@id\":\"https:\/\/newsestlyonnais.fr\/site\/2019\/05\/29\/saint-pierre-de-chandieu-les-manifestations-a-fin-juin\/\",\"url\":\"https:\/\/newsestlyonnais.fr\/site\/2019\/05\/29\/saint-pierre-de-chandieu-les-manifestations-a-fin-juin\/\",\"name\":\"SAINT-PIERRE-DE-CHANDIEU | Les manifestations \u00e0 fin juin - News Est Lyonnais\",\"isPartOf\":{\"@id\":\"https:\/\/newsestlyonnais.fr\/site\/#website\"},\"primaryImageOfPage\":{\"@id\":\"https:\/\/newsestlyonnais.fr\/site\/2019\/05\/29\/saint-pierre-de-chandieu-les-manifestations-a-fin-juin\/#primaryimage\"},\"image\":{\"@id\":\"https:\/\/newsestlyonnais.fr\/site\/2019\/05\/29\/saint-pierre-de-chandieu-les-manifestations-a-fin-juin\/#primaryimage\"},\"thumbnailUrl\":\"https:\/\/newsestlyonnais.fr\/site\/wp-content\/uploads\/2018\/09\/P1290862-e1571059478125.jpg\",\"datePublished\":\"2019-05-29T12:10:12+00:00\",\"dateModified\":\"2020-06-11T07:33:52+00:00\",\"description\":\"SAINT-PIERRE-DE-CHANDIEU : les manifestations \u00e0 fin juin. Diverses f\u00eates, rassemblement et comm\u00e9moration sont parmi les \u00e9v\u00e8nements \u00e0 venir sur la commune.\",\"breadcrumb\":{\"@id\":\"https:\/\/newsestlyonnais.fr\/site\/2019\/05\/29\/saint-pierre-de-chandieu-les-manifestations-a-fin-juin\/#breadcrumb\"},\"inLanguage\":\"fr-FR\",\"potentialAction\":[{\"@type\":\"ReadAction\",\"target\":[\"https:\/\/newsestlyonnais.fr\/site\/2019\/05\/29\/saint-pierre-de-chandieu-les-manifestations-a-fin-juin\/\"]}]},{\"@type\":\"ImageObject\",\"inLanguage\":\"fr-FR\",\"@id\":\"https:\/\/newsestlyonnais.fr\/site\/2019\/05\/29\/saint-pierre-de-chandieu-les-manifestations-a-fin-juin\/#primaryimage\",\"url\":\"https:\/\/newsestlyonnais.fr\/site\/wp-content\/uploads\/2018\/09\/P1290862-e1571059478125.jpg\",\"contentUrl\":\"https:\/\/newsestlyonnais.fr\/site\/wp-content\/uploads\/2018\/09\/P1290862-e1571059478125.jpg\",\"width\":1200,\"height\":900,\"caption\":\"NEWSESTLYONNAIS PANNEAU ST PIERRE CHANDIEU\"},{\"@type\":\"BreadcrumbList\",\"@id\":\"https:\/\/newsestlyonnais.fr\/site\/2019\/05\/29\/saint-pierre-de-chandieu-les-manifestations-a-fin-juin\/#breadcrumb\",\"itemListElement\":[{\"@type\":\"ListItem\",\"position\":1,\"name\":\"Accueil\",\"item\":\"https:\/\/newsestlyonnais.fr\/site\/\"},{\"@type\":\"ListItem\",\"position\":2,\"name\":\"SAINT-PIERRE-DE-CHANDIEU | Les manifestations \u00e0 fin juin\"}]},{\"@type\":\"WebSite\",\"@id\":\"https:\/\/newsestlyonnais.fr\/site\/#website\",\"url\":\"https:\/\/newsestlyonnais.fr\/site\/\",\"name\":\"News Est Lyonnais\",\"description\":\"L&#039;actualit\u00e9 au plus pr\u00e8s\",\"publisher\":{\"@id\":\"https:\/\/newsestlyonnais.fr\/site\/#organization\"},\"potentialAction\":[{\"@type\":\"SearchAction\",\"target\":{\"@type\":\"EntryPoint\",\"urlTemplate\":\"https:\/\/newsestlyonnais.fr\/site\/?s={search_term_string}\"},\"query-input\":{\"@type\":\"PropertyValueSpecification\",\"valueRequired\":true,\"valueName\":\"search_term_string\"}}],\"inLanguage\":\"fr-FR\"},{\"@type\":\"Organization\",\"@id\":\"https:\/\/newsestlyonnais.fr\/site\/#organization\",\"name\":\"News EST LYONNAIS\",\"url\":\"https:\/\/newsestlyonnais.fr\/site\/\",\"logo\":{\"@type\":\"ImageObject\",\"inLanguage\":\"fr-FR\",\"@id\":\"https:\/\/newsestlyonnais.fr\/site\/#\/schema\/logo\/image\/\",\"url\":\"\",\"contentUrl\":\"\",\"caption\":\"News EST LYONNAIS\"},\"image\":{\"@id\":\"https:\/\/newsestlyonnais.fr\/site\/#\/schema\/logo\/image\/\"}},{\"@type\":\"Person\",\"@id\":\"https:\/\/newsestlyonnais.fr\/site\/#\/schema\/person\/3230d5615f390bb808365d673001e887\",\"name\":\"R\u00e9dac. NEWS\",\"sameAs\":[\"http:\/\/www.newsestlyonnais.fr\",\"https:\/\/www.facebook.com\/pascal.oberson.1?fref=ts\",\"https:\/\/fr.linkedin.com\/in\/pascal-oberson-b17045113\"],\"url\":\"https:\/\/newsestlyonnais.fr\/site\/author\/nel\/\"}]}<\/script>\n<!-- \/ Yoast SEO plugin. -->","yoast_head_json":{"title":"SAINT-PIERRE-DE-CHANDIEU | Les manifestations \u00e0 fin juin - News Est Lyonnais","description":"SAINT-PIERRE-DE-CHANDIEU : les manifestations \u00e0 fin juin. Diverses f\u00eates, rassemblement et comm\u00e9moration sont parmi les \u00e9v\u00e8nements \u00e0 venir sur la commune.","robots":{"index":"index","follow":"follow","max-snippet":"max-snippet:-1","max-image-preview":"max-image-preview:large","max-video-preview":"max-video-preview:-1"},"canonical":"https:\/\/newsestlyonnais.fr\/site\/2019\/05\/29\/saint-pierre-de-chandieu-les-manifestations-a-fin-juin\/","og_locale":"fr_FR","og_type":"article","og_title":"SAINT-PIERRE-DE-CHANDIEU | Les manifestations \u00e0 fin juin - News Est Lyonnais","og_description":"SAINT-PIERRE-DE-CHANDIEU : les manifestations \u00e0 fin juin. Diverses f\u00eates, rassemblement et comm\u00e9moration sont parmi les \u00e9v\u00e8nements \u00e0 venir sur la commune.","og_url":"https:\/\/newsestlyonnais.fr\/site\/2019\/05\/29\/saint-pierre-de-chandieu-les-manifestations-a-fin-juin\/","og_site_name":"News Est Lyonnais","article_author":"https:\/\/www.facebook.com\/pascal.oberson.1?fref=ts","article_published_time":"2019-05-29T12:10:12+00:00","article_modified_time":"2020-06-11T07:33:52+00:00","og_image":[{"width":1200,"height":900,"url":"https:\/\/i2.wp.com\/newsestlyonnais.fr\/site\/wp-content\/uploads\/2018\/09\/P1290862-e1571059478125.jpg?fit=1200%2C900&ssl=1","type":"image\/jpeg"}],"author":"R\u00e9dac. NEWS","twitter_card":"summary_large_image","twitter_misc":{"\u00c9crit par":"R\u00e9dac. NEWS","Dur\u00e9e de lecture estim\u00e9e":"2 minutes"},"schema":{"@context":"https:\/\/schema.org","@graph":[{"@type":"Article","@id":"https:\/\/newsestlyonnais.fr\/site\/2019\/05\/29\/saint-pierre-de-chandieu-les-manifestations-a-fin-juin\/#article","isPartOf":{"@id":"https:\/\/newsestlyonnais.fr\/site\/2019\/05\/29\/saint-pierre-de-chandieu-les-manifestations-a-fin-juin\/"},"author":{"name":"R\u00e9dac. NEWS","@id":"https:\/\/newsestlyonnais.fr\/site\/#\/schema\/person\/3230d5615f390bb808365d673001e887"},"headline":"SAINT-PIERRE-DE-CHANDIEU | Les manifestations \u00e0 fin juin","datePublished":"2019-05-29T12:10:12+00:00","dateModified":"2020-06-11T07:33:52+00:00","mainEntityOfPage":{"@id":"https:\/\/newsestlyonnais.fr\/site\/2019\/05\/29\/saint-pierre-de-chandieu-les-manifestations-a-fin-juin\/"},"wordCount":319,"commentCount":0,"publisher":{"@id":"https:\/\/newsestlyonnais.fr\/site\/#organization"},"image":{"@id":"https:\/\/newsestlyonnais.fr\/site\/2019\/05\/29\/saint-pierre-de-chandieu-les-manifestations-a-fin-juin\/#primaryimage"},"thumbnailUrl":"https:\/\/newsestlyonnais.fr\/site\/wp-content\/uploads\/2018\/09\/P1290862-e1571059478125.jpg","keywords":["AGENDA","MANIFESTATIONS","SAINT PIERRE CHANDIEU"],"articleSection":["CCEL | Communes","St Pierre de Chandieu | Toussieu"],"inLanguage":"fr-FR","potentialAction":[{"@type":"CommentAction","name":"Comment","target":["https:\/\/newsestlyonnais.fr\/site\/2019\/05\/29\/saint-pierre-de-chandieu-les-manifestations-a-fin-juin\/#respond"]}]},{"@type":"WebPage","@id":"https:\/\/newsestlyonnais.fr\/site\/2019\/05\/29\/saint-pierre-de-chandieu-les-manifestations-a-fin-juin\/","url":"https:\/\/newsestlyonnais.fr\/site\/2019\/05\/29\/saint-pierre-de-chandieu-les-manifestations-a-fin-juin\/","name":"SAINT-PIERRE-DE-CHANDIEU | Les manifestations \u00e0 fin juin - News Est Lyonnais","isPartOf":{"@id":"https:\/\/newsestlyonnais.fr\/site\/#website"},"primaryImageOfPage":{"@id":"https:\/\/newsestlyonnais.fr\/site\/2019\/05\/29\/saint-pierre-de-chandieu-les-manifestations-a-fin-juin\/#primaryimage"},"image":{"@id":"https:\/\/newsestlyonnais.fr\/site\/2019\/05\/29\/saint-pierre-de-chandieu-les-manifestations-a-fin-juin\/#primaryimage"},"thumbnailUrl":"https:\/\/newsestlyonnais.fr\/site\/wp-content\/uploads\/2018\/09\/P1290862-e1571059478125.jpg","datePublished":"2019-05-29T12:10:12+00:00","dateModified":"2020-06-11T07:33:52+00:00","description":"SAINT-PIERRE-DE-CHANDIEU : les manifestations \u00e0 fin juin. Diverses f\u00eates, rassemblement et comm\u00e9moration sont parmi les \u00e9v\u00e8nements \u00e0 venir sur la commune.","breadcrumb":{"@id":"https:\/\/newsestlyonnais.fr\/site\/2019\/05\/29\/saint-pierre-de-chandieu-les-manifestations-a-fin-juin\/#breadcrumb"},"inLanguage":"fr-FR","potentialAction":[{"@type":"ReadAction","target":["https:\/\/newsestlyonnais.fr\/site\/2019\/05\/29\/saint-pierre-de-chandieu-les-manifestations-a-fin-juin\/"]}]},{"@type":"ImageObject","inLanguage":"fr-FR","@id":"https:\/\/newsestlyonnais.fr\/site\/2019\/05\/29\/saint-pierre-de-chandieu-les-manifestations-a-fin-juin\/#primaryimage","url":"https:\/\/newsestlyonnais.fr\/site\/wp-content\/uploads\/2018\/09\/P1290862-e1571059478125.jpg","contentUrl":"https:\/\/newsestlyonnais.fr\/site\/wp-content\/uploads\/2018\/09\/P1290862-e1571059478125.jpg","width":1200,"height":900,"caption":"NEWSESTLYONNAIS PANNEAU ST PIERRE CHANDIEU"},{"@type":"BreadcrumbList","@id":"https:\/\/newsestlyonnais.fr\/site\/2019\/05\/29\/saint-pierre-de-chandieu-les-manifestations-a-fin-juin\/#breadcrumb","itemListElement":[{"@type":"ListItem","position":1,"name":"Accueil","item":"https:\/\/newsestlyonnais.fr\/site\/"},{"@type":"ListItem","position":2,"name":"SAINT-PIERRE-DE-CHANDIEU | Les manifestations \u00e0 fin juin"}]},{"@type":"WebSite","@id":"https:\/\/newsestlyonnais.fr\/site\/#website","url":"https:\/\/newsestlyonnais.fr\/site\/","name":"News Est Lyonnais","description":"L&#039;actualit\u00e9 au plus pr\u00e8s","publisher":{"@id":"https:\/\/newsestlyonnais.fr\/site\/#organization"},"potentialAction":[{"@type":"SearchAction","target":{"@type":"EntryPoint","urlTemplate":"https:\/\/newsestlyonnais.fr\/site\/?s={search_term_string}"},"query-input":{"@type":"PropertyValueSpecification","valueRequired":true,"valueName":"search_term_string"}}],"inLanguage":"fr-FR"},{"@type":"Organization","@id":"https:\/\/newsestlyonnais.fr\/site\/#organization","name":"News EST LYONNAIS","url":"https:\/\/newsestlyonnais.fr\/site\/","logo":{"@type":"ImageObject","inLanguage":"fr-FR","@id":"https:\/\/newsestlyonnais.fr\/site\/#\/schema\/logo\/image\/","url":"","contentUrl":"","caption":"News EST LYONNAIS"},"image":{"@id":"https:\/\/newsestlyonnais.fr\/site\/#\/schema\/logo\/image\/"}},{"@type":"Person","@id":"https:\/\/newsestlyonnais.fr\/site\/#\/schema\/person\/3230d5615f390bb808365d673001e887","name":"R\u00e9dac. NEWS","sameAs":["http:\/\/www.newsestlyonnais.fr","https:\/\/www.facebook.com\/pascal.oberson.1?fref=ts","https:\/\/fr.linkedin.com\/in\/pascal-oberson-b17045113"],"url":"https:\/\/newsestlyonnais.fr\/site\/author\/nel\/"}]}},"_links":{"self":[{"href":"https:\/\/newsestlyonnais.fr\/site\/wp-json\/wp\/v2\/posts\/75043","targetHints":{"allow":["GET"]}}],"collection":[{"href":"https:\/\/newsestlyonnais.fr\/site\/wp-json\/wp\/v2\/posts"}],"about":[{"href":"https:\/\/newsestlyonnais.fr\/site\/wp-json\/wp\/v2\/types\/post"}],"author":[{"embeddable":true,"href":"https:\/\/newsestlyonnais.fr\/site\/wp-json\/wp\/v2\/users\/4"}],"replies":[{"embeddable":true,"href":"https:\/\/newsestlyonnais.fr\/site\/wp-json\/wp\/v2\/comments?post=75043"}],"version-history":[{"count":0,"href":"https:\/\/newsestlyonnais.fr\/site\/wp-json\/wp\/v2\/posts\/75043\/revisions"}],"wp:featuredmedia":[{"embeddable":true,"href":"https:\/\/newsestlyonnais.fr\/site\/wp-json\/wp\/v2\/media\/56029"}],"wp:attachment":[{"href":"https:\/\/newsestlyonnais.fr\/site\/wp-json\/wp\/v2\/media?parent=75043"}],"wp:term":[{"taxonomy":"category","embeddable":true,"href":"https:\/\/newsestlyonnais.fr\/site\/wp-json\/wp\/v2\/categories?post=75043"},{"taxonomy":"post_tag","embeddable":true,"href":"https:\/\/newsestlyonnais.fr\/site\/wp-json\/wp\/v2\/tags?post=75043"}],"curies":[{"name":"wp","href":"https:\/\/api.w.org\/{rel}","templated":true}]}}