{"id":75527,"date":"2019-06-04T07:03:38","date_gmt":"2019-06-04T06:03:38","guid":{"rendered":"http:\/\/newsestlyonnais.fr\/site\/?p=75527"},"modified":"2020-11-30T09:17:16","modified_gmt":"2020-11-30T08:17:16","slug":"bron-lassociation-sportive-bouliste-est-en-deuil","status":"publish","type":"post","link":"https:\/\/newsestlyonnais.fr\/site\/2019\/06\/04\/bron-lassociation-sportive-bouliste-est-en-deuil\/","title":{"rendered":"BRON | l&rsquo;association sportive bouliste est en deuil"},"content":{"rendered":"\r\n<p><strong>Une triste nouvelle est tomb\u00e9e ce lundi avec le d\u00e9c\u00e8s de Gilbert Pedrazzoli \u00e0 l&rsquo;\u00e2ge de 72 ans qui assurait la pr\u00e9sidence du club bouliste brondillant depuis 2012.<\/strong><\/p>\r\n<p>Ce passionn\u00e9 de boules lyonnaises qui avait d\u00e9but\u00e9 dans la discipline d\u00e8s l&rsquo;age de 11 ans a remport\u00e9 tout au long de sa longue carri\u00e8re sportive de nombreux concours et grands prix en quadrettes.<\/p>\r\n<p>C&rsquo;est ensuite comme dirigeant qu&rsquo;il a oeuvr\u00e9, d&rsquo;abord comme secr\u00e9taire puis au poste de pr\u00e9sident du club de l&rsquo;Association Bouliste de Bron. Il avait \u00e9t\u00e9 honor\u00e9 en 2014 par le Comit\u00e9 du Rh\u00f4ne de Sports Boules qui lui avait remis un Lion d&rsquo;Argent.<\/p>\r\n<ul>\r\n<li><strong>Fun\u00e9railles vendredi 7 juin \u00e0 16 heures au cr\u00e9matorium de Bron.<\/strong><\/li>\r\n<\/ul>\r\n","protected":false},"excerpt":{"rendered":"<p>Une triste nouvelle est tomb\u00e9e ce lundi avec le d\u00e9c\u00e8s de Gilbert Pedrazzoli \u00e0 l&rsquo;\u00e2ge de 72 ans qui assurait la pr\u00e9sidence du club bouliste brondillant depuis 2012.<\/p>\n","protected":false},"author":4,"featured_media":75535,"comment_status":"open","ping_status":"open","sticky":false,"template":"","format":"standard","meta":{"footnotes":""},"categories":[2977,1341,19,3454],"tags":[2797,2013,2072,2799,2798],"class_list":["post-75527","post","type-post","status-publish","format-standard","has-post-thumbnail","hentry","category-boules-petanque-sports","category-boules-lyonnaises","category-bron","category-ils-nous-ont-quittes","tag-association-sportive-bouliste-bron","tag-boules-lyonnaises","tag-bron","tag-deces","tag-gilbert-pedrazzoli"],"yoast_head":"<!-- This site is optimized with the Yoast SEO plugin v27.2 - https:\/\/yoast.com\/product\/yoast-seo-wordpress\/ -->\n<title>BRON | l&#039;association sportive bouliste est en deuil - News Est Lyonnais<\/title>\n<meta name=\"description\" content=\"BRON : l&#039;association sportive bouliste est en deuil avec le d\u00e9c\u00e8s de Gilbert Pedrazzoli qui assurait la pr\u00e9sidence du club\" \/>\n<meta name=\"robots\" content=\"index, follow, max-snippet:-1, max-image-preview:large, max-video-preview:-1\" \/>\n<link rel=\"canonical\" href=\"https:\/\/newsestlyonnais.fr\/site\/2019\/06\/04\/bron-lassociation-sportive-bouliste-est-en-deuil\/\" \/>\n<meta property=\"og:locale\" content=\"fr_FR\" \/>\n<meta property=\"og:type\" content=\"article\" \/>\n<meta property=\"og:title\" content=\"BRON | l&#039;association sportive bouliste est en deuil - News Est Lyonnais\" \/>\n<meta property=\"og:description\" content=\"BRON : l&#039;association sportive bouliste est en deuil avec le d\u00e9c\u00e8s de Gilbert Pedrazzoli qui assurait la pr\u00e9sidence du club\" \/>\n<meta property=\"og:url\" content=\"https:\/\/newsestlyonnais.fr\/site\/2019\/06\/04\/bron-lassociation-sportive-bouliste-est-en-deuil\/\" \/>\n<meta property=\"og:site_name\" content=\"News Est Lyonnais\" \/>\n<meta property=\"article:author\" content=\"https:\/\/www.facebook.com\/pascal.oberson.1?fref=ts\" \/>\n<meta property=\"article:published_time\" content=\"2019-06-04T06:03:38+00:00\" \/>\n<meta property=\"article:modified_time\" content=\"2020-11-30T08:17:16+00:00\" \/>\n<meta property=\"og:image\" content=\"https:\/\/i0.wp.com\/newsestlyonnais.fr\/site\/wp-content\/uploads\/2019\/06\/NEWSESTLYONNAIS-G.-PEDRAZZOLI.jpg?fit=2048%2C1536&ssl=1\" \/>\n\t<meta property=\"og:image:width\" content=\"2048\" \/>\n\t<meta property=\"og:image:height\" content=\"1536\" \/>\n\t<meta property=\"og:image:type\" content=\"image\/jpeg\" \/>\n<meta name=\"author\" content=\"R\u00e9dac. NEWS\" \/>\n<meta name=\"twitter:card\" content=\"summary_large_image\" \/>\n<meta name=\"twitter:label1\" content=\"\u00c9crit par\" \/>\n\t<meta name=\"twitter:data1\" content=\"R\u00e9dac. NEWS\" \/>\n\t<meta name=\"twitter:label2\" content=\"Dur\u00e9e de lecture estim\u00e9e\" \/>\n\t<meta name=\"twitter:data2\" content=\"1 minute\" \/>\n<script type=\"application\/ld+json\" class=\"yoast-schema-graph\">{\"@context\":\"https:\/\/schema.org\",\"@graph\":[{\"@type\":\"Article\",\"@id\":\"https:\/\/newsestlyonnais.fr\/site\/2019\/06\/04\/bron-lassociation-sportive-bouliste-est-en-deuil\/#article\",\"isPartOf\":{\"@id\":\"https:\/\/newsestlyonnais.fr\/site\/2019\/06\/04\/bron-lassociation-sportive-bouliste-est-en-deuil\/\"},\"author\":{\"name\":\"R\u00e9dac. NEWS\",\"@id\":\"https:\/\/newsestlyonnais.fr\/site\/#\/schema\/person\/3230d5615f390bb808365d673001e887\"},\"headline\":\"BRON | l&rsquo;association sportive bouliste est en deuil\",\"datePublished\":\"2019-06-04T06:03:38+00:00\",\"dateModified\":\"2020-11-30T08:17:16+00:00\",\"mainEntityOfPage\":{\"@id\":\"https:\/\/newsestlyonnais.fr\/site\/2019\/06\/04\/bron-lassociation-sportive-bouliste-est-en-deuil\/\"},\"wordCount\":135,\"commentCount\":0,\"publisher\":{\"@id\":\"https:\/\/newsestlyonnais.fr\/site\/#organization\"},\"image\":{\"@id\":\"https:\/\/newsestlyonnais.fr\/site\/2019\/06\/04\/bron-lassociation-sportive-bouliste-est-en-deuil\/#primaryimage\"},\"thumbnailUrl\":\"https:\/\/newsestlyonnais.fr\/site\/wp-content\/uploads\/2019\/06\/NEWSESTLYONNAIS-G.-PEDRAZZOLI.jpg\",\"keywords\":[\"ASSOCIATION SPORTIVE BOULISTE BRON\",\"BOULES LYONNAISES\",\"BRON\",\"DECES\",\"Gilbert Pedrazzoli\"],\"articleSection\":[\"Boules | P\u00e9tanque\",\"Boules Lyonnaises\",\"Bron\",\"Ils nous ont quitt\u00e9s !\"],\"inLanguage\":\"fr-FR\",\"potentialAction\":[{\"@type\":\"CommentAction\",\"name\":\"Comment\",\"target\":[\"https:\/\/newsestlyonnais.fr\/site\/2019\/06\/04\/bron-lassociation-sportive-bouliste-est-en-deuil\/#respond\"]}]},{\"@type\":\"WebPage\",\"@id\":\"https:\/\/newsestlyonnais.fr\/site\/2019\/06\/04\/bron-lassociation-sportive-bouliste-est-en-deuil\/\",\"url\":\"https:\/\/newsestlyonnais.fr\/site\/2019\/06\/04\/bron-lassociation-sportive-bouliste-est-en-deuil\/\",\"name\":\"BRON | l'association sportive bouliste est en deuil - News Est Lyonnais\",\"isPartOf\":{\"@id\":\"https:\/\/newsestlyonnais.fr\/site\/#website\"},\"primaryImageOfPage\":{\"@id\":\"https:\/\/newsestlyonnais.fr\/site\/2019\/06\/04\/bron-lassociation-sportive-bouliste-est-en-deuil\/#primaryimage\"},\"image\":{\"@id\":\"https:\/\/newsestlyonnais.fr\/site\/2019\/06\/04\/bron-lassociation-sportive-bouliste-est-en-deuil\/#primaryimage\"},\"thumbnailUrl\":\"https:\/\/newsestlyonnais.fr\/site\/wp-content\/uploads\/2019\/06\/NEWSESTLYONNAIS-G.-PEDRAZZOLI.jpg\",\"datePublished\":\"2019-06-04T06:03:38+00:00\",\"dateModified\":\"2020-11-30T08:17:16+00:00\",\"description\":\"BRON : l'association sportive bouliste est en deuil avec le d\u00e9c\u00e8s de Gilbert Pedrazzoli qui assurait la pr\u00e9sidence du club\",\"breadcrumb\":{\"@id\":\"https:\/\/newsestlyonnais.fr\/site\/2019\/06\/04\/bron-lassociation-sportive-bouliste-est-en-deuil\/#breadcrumb\"},\"inLanguage\":\"fr-FR\",\"potentialAction\":[{\"@type\":\"ReadAction\",\"target\":[\"https:\/\/newsestlyonnais.fr\/site\/2019\/06\/04\/bron-lassociation-sportive-bouliste-est-en-deuil\/\"]}]},{\"@type\":\"ImageObject\",\"inLanguage\":\"fr-FR\",\"@id\":\"https:\/\/newsestlyonnais.fr\/site\/2019\/06\/04\/bron-lassociation-sportive-bouliste-est-en-deuil\/#primaryimage\",\"url\":\"https:\/\/newsestlyonnais.fr\/site\/wp-content\/uploads\/2019\/06\/NEWSESTLYONNAIS-G.-PEDRAZZOLI.jpg\",\"contentUrl\":\"https:\/\/newsestlyonnais.fr\/site\/wp-content\/uploads\/2019\/06\/NEWSESTLYONNAIS-G.-PEDRAZZOLI.jpg\",\"width\":2048,\"height\":1536},{\"@type\":\"BreadcrumbList\",\"@id\":\"https:\/\/newsestlyonnais.fr\/site\/2019\/06\/04\/bron-lassociation-sportive-bouliste-est-en-deuil\/#breadcrumb\",\"itemListElement\":[{\"@type\":\"ListItem\",\"position\":1,\"name\":\"Accueil\",\"item\":\"https:\/\/newsestlyonnais.fr\/site\/\"},{\"@type\":\"ListItem\",\"position\":2,\"name\":\"BRON | l&rsquo;association sportive bouliste est en deuil\"}]},{\"@type\":\"WebSite\",\"@id\":\"https:\/\/newsestlyonnais.fr\/site\/#website\",\"url\":\"https:\/\/newsestlyonnais.fr\/site\/\",\"name\":\"News Est Lyonnais\",\"description\":\"L&#039;actualit\u00e9 au plus pr\u00e8s\",\"publisher\":{\"@id\":\"https:\/\/newsestlyonnais.fr\/site\/#organization\"},\"potentialAction\":[{\"@type\":\"SearchAction\",\"target\":{\"@type\":\"EntryPoint\",\"urlTemplate\":\"https:\/\/newsestlyonnais.fr\/site\/?s={search_term_string}\"},\"query-input\":{\"@type\":\"PropertyValueSpecification\",\"valueRequired\":true,\"valueName\":\"search_term_string\"}}],\"inLanguage\":\"fr-FR\"},{\"@type\":\"Organization\",\"@id\":\"https:\/\/newsestlyonnais.fr\/site\/#organization\",\"name\":\"News EST LYONNAIS\",\"url\":\"https:\/\/newsestlyonnais.fr\/site\/\",\"logo\":{\"@type\":\"ImageObject\",\"inLanguage\":\"fr-FR\",\"@id\":\"https:\/\/newsestlyonnais.fr\/site\/#\/schema\/logo\/image\/\",\"url\":\"\",\"contentUrl\":\"\",\"caption\":\"News EST LYONNAIS\"},\"image\":{\"@id\":\"https:\/\/newsestlyonnais.fr\/site\/#\/schema\/logo\/image\/\"}},{\"@type\":\"Person\",\"@id\":\"https:\/\/newsestlyonnais.fr\/site\/#\/schema\/person\/3230d5615f390bb808365d673001e887\",\"name\":\"R\u00e9dac. NEWS\",\"sameAs\":[\"http:\/\/www.newsestlyonnais.fr\",\"https:\/\/www.facebook.com\/pascal.oberson.1?fref=ts\",\"https:\/\/fr.linkedin.com\/in\/pascal-oberson-b17045113\"],\"url\":\"https:\/\/newsestlyonnais.fr\/site\/author\/nel\/\"}]}<\/script>\n<!-- \/ Yoast SEO plugin. -->","yoast_head_json":{"title":"BRON | l'association sportive bouliste est en deuil - News Est Lyonnais","description":"BRON : l'association sportive bouliste est en deuil avec le d\u00e9c\u00e8s de Gilbert Pedrazzoli qui assurait la pr\u00e9sidence du club","robots":{"index":"index","follow":"follow","max-snippet":"max-snippet:-1","max-image-preview":"max-image-preview:large","max-video-preview":"max-video-preview:-1"},"canonical":"https:\/\/newsestlyonnais.fr\/site\/2019\/06\/04\/bron-lassociation-sportive-bouliste-est-en-deuil\/","og_locale":"fr_FR","og_type":"article","og_title":"BRON | l'association sportive bouliste est en deuil - News Est Lyonnais","og_description":"BRON : l'association sportive bouliste est en deuil avec le d\u00e9c\u00e8s de Gilbert Pedrazzoli qui assurait la pr\u00e9sidence du club","og_url":"https:\/\/newsestlyonnais.fr\/site\/2019\/06\/04\/bron-lassociation-sportive-bouliste-est-en-deuil\/","og_site_name":"News Est Lyonnais","article_author":"https:\/\/www.facebook.com\/pascal.oberson.1?fref=ts","article_published_time":"2019-06-04T06:03:38+00:00","article_modified_time":"2020-11-30T08:17:16+00:00","og_image":[{"width":2048,"height":1536,"url":"https:\/\/i0.wp.com\/newsestlyonnais.fr\/site\/wp-content\/uploads\/2019\/06\/NEWSESTLYONNAIS-G.-PEDRAZZOLI.jpg?fit=2048%2C1536&ssl=1","type":"image\/jpeg"}],"author":"R\u00e9dac. NEWS","twitter_card":"summary_large_image","twitter_misc":{"\u00c9crit par":"R\u00e9dac. NEWS","Dur\u00e9e de lecture estim\u00e9e":"1 minute"},"schema":{"@context":"https:\/\/schema.org","@graph":[{"@type":"Article","@id":"https:\/\/newsestlyonnais.fr\/site\/2019\/06\/04\/bron-lassociation-sportive-bouliste-est-en-deuil\/#article","isPartOf":{"@id":"https:\/\/newsestlyonnais.fr\/site\/2019\/06\/04\/bron-lassociation-sportive-bouliste-est-en-deuil\/"},"author":{"name":"R\u00e9dac. NEWS","@id":"https:\/\/newsestlyonnais.fr\/site\/#\/schema\/person\/3230d5615f390bb808365d673001e887"},"headline":"BRON | l&rsquo;association sportive bouliste est en deuil","datePublished":"2019-06-04T06:03:38+00:00","dateModified":"2020-11-30T08:17:16+00:00","mainEntityOfPage":{"@id":"https:\/\/newsestlyonnais.fr\/site\/2019\/06\/04\/bron-lassociation-sportive-bouliste-est-en-deuil\/"},"wordCount":135,"commentCount":0,"publisher":{"@id":"https:\/\/newsestlyonnais.fr\/site\/#organization"},"image":{"@id":"https:\/\/newsestlyonnais.fr\/site\/2019\/06\/04\/bron-lassociation-sportive-bouliste-est-en-deuil\/#primaryimage"},"thumbnailUrl":"https:\/\/newsestlyonnais.fr\/site\/wp-content\/uploads\/2019\/06\/NEWSESTLYONNAIS-G.-PEDRAZZOLI.jpg","keywords":["ASSOCIATION SPORTIVE BOULISTE BRON","BOULES LYONNAISES","BRON","DECES","Gilbert Pedrazzoli"],"articleSection":["Boules | P\u00e9tanque","Boules Lyonnaises","Bron","Ils nous ont quitt\u00e9s !"],"inLanguage":"fr-FR","potentialAction":[{"@type":"CommentAction","name":"Comment","target":["https:\/\/newsestlyonnais.fr\/site\/2019\/06\/04\/bron-lassociation-sportive-bouliste-est-en-deuil\/#respond"]}]},{"@type":"WebPage","@id":"https:\/\/newsestlyonnais.fr\/site\/2019\/06\/04\/bron-lassociation-sportive-bouliste-est-en-deuil\/","url":"https:\/\/newsestlyonnais.fr\/site\/2019\/06\/04\/bron-lassociation-sportive-bouliste-est-en-deuil\/","name":"BRON | l'association sportive bouliste est en deuil - News Est Lyonnais","isPartOf":{"@id":"https:\/\/newsestlyonnais.fr\/site\/#website"},"primaryImageOfPage":{"@id":"https:\/\/newsestlyonnais.fr\/site\/2019\/06\/04\/bron-lassociation-sportive-bouliste-est-en-deuil\/#primaryimage"},"image":{"@id":"https:\/\/newsestlyonnais.fr\/site\/2019\/06\/04\/bron-lassociation-sportive-bouliste-est-en-deuil\/#primaryimage"},"thumbnailUrl":"https:\/\/newsestlyonnais.fr\/site\/wp-content\/uploads\/2019\/06\/NEWSESTLYONNAIS-G.-PEDRAZZOLI.jpg","datePublished":"2019-06-04T06:03:38+00:00","dateModified":"2020-11-30T08:17:16+00:00","description":"BRON : l'association sportive bouliste est en deuil avec le d\u00e9c\u00e8s de Gilbert Pedrazzoli qui assurait la pr\u00e9sidence du club","breadcrumb":{"@id":"https:\/\/newsestlyonnais.fr\/site\/2019\/06\/04\/bron-lassociation-sportive-bouliste-est-en-deuil\/#breadcrumb"},"inLanguage":"fr-FR","potentialAction":[{"@type":"ReadAction","target":["https:\/\/newsestlyonnais.fr\/site\/2019\/06\/04\/bron-lassociation-sportive-bouliste-est-en-deuil\/"]}]},{"@type":"ImageObject","inLanguage":"fr-FR","@id":"https:\/\/newsestlyonnais.fr\/site\/2019\/06\/04\/bron-lassociation-sportive-bouliste-est-en-deuil\/#primaryimage","url":"https:\/\/newsestlyonnais.fr\/site\/wp-content\/uploads\/2019\/06\/NEWSESTLYONNAIS-G.-PEDRAZZOLI.jpg","contentUrl":"https:\/\/newsestlyonnais.fr\/site\/wp-content\/uploads\/2019\/06\/NEWSESTLYONNAIS-G.-PEDRAZZOLI.jpg","width":2048,"height":1536},{"@type":"BreadcrumbList","@id":"https:\/\/newsestlyonnais.fr\/site\/2019\/06\/04\/bron-lassociation-sportive-bouliste-est-en-deuil\/#breadcrumb","itemListElement":[{"@type":"ListItem","position":1,"name":"Accueil","item":"https:\/\/newsestlyonnais.fr\/site\/"},{"@type":"ListItem","position":2,"name":"BRON | l&rsquo;association sportive bouliste est en deuil"}]},{"@type":"WebSite","@id":"https:\/\/newsestlyonnais.fr\/site\/#website","url":"https:\/\/newsestlyonnais.fr\/site\/","name":"News Est Lyonnais","description":"L&#039;actualit\u00e9 au plus pr\u00e8s","publisher":{"@id":"https:\/\/newsestlyonnais.fr\/site\/#organization"},"potentialAction":[{"@type":"SearchAction","target":{"@type":"EntryPoint","urlTemplate":"https:\/\/newsestlyonnais.fr\/site\/?s={search_term_string}"},"query-input":{"@type":"PropertyValueSpecification","valueRequired":true,"valueName":"search_term_string"}}],"inLanguage":"fr-FR"},{"@type":"Organization","@id":"https:\/\/newsestlyonnais.fr\/site\/#organization","name":"News EST LYONNAIS","url":"https:\/\/newsestlyonnais.fr\/site\/","logo":{"@type":"ImageObject","inLanguage":"fr-FR","@id":"https:\/\/newsestlyonnais.fr\/site\/#\/schema\/logo\/image\/","url":"","contentUrl":"","caption":"News EST LYONNAIS"},"image":{"@id":"https:\/\/newsestlyonnais.fr\/site\/#\/schema\/logo\/image\/"}},{"@type":"Person","@id":"https:\/\/newsestlyonnais.fr\/site\/#\/schema\/person\/3230d5615f390bb808365d673001e887","name":"R\u00e9dac. NEWS","sameAs":["http:\/\/www.newsestlyonnais.fr","https:\/\/www.facebook.com\/pascal.oberson.1?fref=ts","https:\/\/fr.linkedin.com\/in\/pascal-oberson-b17045113"],"url":"https:\/\/newsestlyonnais.fr\/site\/author\/nel\/"}]}},"_links":{"self":[{"href":"https:\/\/newsestlyonnais.fr\/site\/wp-json\/wp\/v2\/posts\/75527","targetHints":{"allow":["GET"]}}],"collection":[{"href":"https:\/\/newsestlyonnais.fr\/site\/wp-json\/wp\/v2\/posts"}],"about":[{"href":"https:\/\/newsestlyonnais.fr\/site\/wp-json\/wp\/v2\/types\/post"}],"author":[{"embeddable":true,"href":"https:\/\/newsestlyonnais.fr\/site\/wp-json\/wp\/v2\/users\/4"}],"replies":[{"embeddable":true,"href":"https:\/\/newsestlyonnais.fr\/site\/wp-json\/wp\/v2\/comments?post=75527"}],"version-history":[{"count":0,"href":"https:\/\/newsestlyonnais.fr\/site\/wp-json\/wp\/v2\/posts\/75527\/revisions"}],"wp:featuredmedia":[{"embeddable":true,"href":"https:\/\/newsestlyonnais.fr\/site\/wp-json\/wp\/v2\/media\/75535"}],"wp:attachment":[{"href":"https:\/\/newsestlyonnais.fr\/site\/wp-json\/wp\/v2\/media?parent=75527"}],"wp:term":[{"taxonomy":"category","embeddable":true,"href":"https:\/\/newsestlyonnais.fr\/site\/wp-json\/wp\/v2\/categories?post=75527"},{"taxonomy":"post_tag","embeddable":true,"href":"https:\/\/newsestlyonnais.fr\/site\/wp-json\/wp\/v2\/tags?post=75527"}],"curies":[{"name":"wp","href":"https:\/\/api.w.org\/{rel}","templated":true}]}}