{"id":76060,"date":"2019-06-08T08:35:26","date_gmt":"2019-06-08T07:35:26","guid":{"rendered":"http:\/\/newsestlyonnais.fr\/site\/?p=76060"},"modified":"2020-11-15T15:40:25","modified_gmt":"2020-11-15T14:40:25","slug":"bron-le-livre-sur-les-100-ans-de-las-bron-est-sorti","status":"publish","type":"post","link":"https:\/\/newsestlyonnais.fr\/site\/2019\/06\/08\/bron-le-livre-sur-les-100-ans-de-las-bron-est-sorti\/","title":{"rendered":"BRON | Le livre sur les 100 ans de l&rsquo;AS Bron est sorti"},"content":{"rendered":"\r\n<p><strong>Tir\u00e9 \u00e0 300 exemplaires, il sera disponible d\u00e8s ce samedi matin dans le cadre des 100 ans du club c\u00e9l\u00e9br\u00e9s ce jour au boulodrome et au stade Jean Jaur\u00e8s<\/strong>.<\/p>\r\n<p>Un livre revenant sur un si\u00e8cle de foot au sein d&rsquo;un club qui a form\u00e9 de nombreux jeunes dont certains ont connu un beau destin professionnel.<\/p>\r\n<p>Il a \u00e9t\u00e9 \u00e9crit par Marc Chal\u00e9ard, pr\u00e9sident de l&rsquo;association des Anciens de l&rsquo;AS Bron, qu&rsquo;il a fond\u00e9 en 2012.<\/p>\r\n<ul>\r\n<li><strong>Retrouvez l&rsquo;ACTU du club sur :\u00a0<a href=\"http:\/\/www.as-bron.fr\">http:\/\/www.as-bron.fr<\/a> <\/strong><\/li>\r\n<\/ul>\r\n<div id='gallery-1' class='gallery galleryid-76060 gallery-columns-3 gallery-size-thumbnail'><figure class='gallery-item'>\n\t\t\t<div class='gallery-icon portrait'>\n\t\t\t\t<a href='https:\/\/newsestlyonnais.fr\/site\/2019\/06\/08\/bron-le-livre-sur-les-100-ans-de-las-bron-est-sorti\/newsestlyonnais-100-ans-asbgl\/'><img loading=\"lazy\" decoding=\"async\" width=\"150\" height=\"150\" src=\"https:\/\/newsestlyonnais.fr\/site\/wp-content\/uploads\/2019\/06\/NEWSESTLYONNAIS-100-ANS-ASBGL-150x150.jpg\" class=\"attachment-thumbnail size-thumbnail\" alt=\"\" aria-describedby=\"gallery-1-76067\" \/><\/a>\n\t\t\t<\/div>\n\t\t\t\t<figcaption class='wp-caption-text gallery-caption' id='gallery-1-76067'>\n\t\t\t\tLe club f\u00eate ce jour ses 100 ans !\n\t\t\t\t<\/figcaption><\/figure><figure class='gallery-item'>\n\t\t\t<div class='gallery-icon landscape'>\n\t\t\t\t<a href='https:\/\/newsestlyonnais.fr\/site\/2019\/06\/08\/bron-le-livre-sur-les-100-ans-de-las-bron-est-sorti\/newsestlyonnais-100-ans-asbgl-02\/'><img loading=\"lazy\" decoding=\"async\" width=\"150\" height=\"150\" src=\"https:\/\/newsestlyonnais.fr\/site\/wp-content\/uploads\/2019\/06\/NEWSESTLYONNAIS-100-ANS-ASBGL-02-150x150.jpg\" class=\"attachment-thumbnail size-thumbnail\" alt=\"\" aria-describedby=\"gallery-1-76068\" \/><\/a>\n\t\t\t<\/div>\n\t\t\t\t<figcaption class='wp-caption-text gallery-caption' id='gallery-1-76068'>\n\t\t\t\tMarc Chal\u00e9ard (Pt Anciens AS Bron) et Jacques Champier (membre association) pr\u00e9sentent le livre\n\t\t\t\t<\/figcaption><\/figure>\n\t\t<\/div>\n\r\n<p>&nbsp;<\/p>\r\n<p>&nbsp;<\/p>\r\n<p>&nbsp;<\/p>\r\n<p>&nbsp;<\/p>\r\n","protected":false},"excerpt":{"rendered":"<p>Tir\u00e9 \u00e0 300 exemplaires, il sera disponible d\u00e8s ce samedi matin dans le cadre des 100 ans du club c\u00e9l\u00e9br\u00e9s ce jour au boulodrome et au stade Jean Jaur\u00e8s.<\/p>\n","protected":false},"author":4,"featured_media":76064,"comment_status":"open","ping_status":"open","sticky":false,"template":"","format":"standard","meta":{"footnotes":""},"categories":[19,1329,2996,2983,2],"tags":[2806,2072],"class_list":["post-76060","post","type-post","status-publish","format-standard","has-post-thumbnail","hentry","category-bron","category-foot","category-football-rugby","category-litterature-bd-mags-2","category-sports","tag-as-bron-grand-lyon","tag-bron"],"yoast_head":"<!-- This site is optimized with the Yoast SEO plugin v27.2 - https:\/\/yoast.com\/product\/yoast-seo-wordpress\/ -->\n<title>BRON | Le livre sur les 100 ans de l&#039;AS Bron est sorti - News Est Lyonnais<\/title>\n<meta name=\"description\" content=\"le livre sur les 100 ans de l&#039;AS Bron est sorti ! Tir\u00e9 \u00e0 300 exemplaires, il sera disponible d\u00e8s ce samedi matin dans le cadre des 100 ans du club\" \/>\n<meta name=\"robots\" content=\"index, follow, max-snippet:-1, max-image-preview:large, max-video-preview:-1\" \/>\n<link rel=\"canonical\" href=\"https:\/\/newsestlyonnais.fr\/site\/2019\/06\/08\/bron-le-livre-sur-les-100-ans-de-las-bron-est-sorti\/\" \/>\n<meta property=\"og:locale\" content=\"fr_FR\" \/>\n<meta property=\"og:type\" content=\"article\" \/>\n<meta property=\"og:title\" content=\"BRON | Le livre sur les 100 ans de l&#039;AS Bron est sorti - News Est Lyonnais\" \/>\n<meta property=\"og:description\" content=\"le livre sur les 100 ans de l&#039;AS Bron est sorti ! Tir\u00e9 \u00e0 300 exemplaires, il sera disponible d\u00e8s ce samedi matin dans le cadre des 100 ans du club\" \/>\n<meta property=\"og:url\" content=\"https:\/\/newsestlyonnais.fr\/site\/2019\/06\/08\/bron-le-livre-sur-les-100-ans-de-las-bron-est-sorti\/\" \/>\n<meta property=\"og:site_name\" content=\"News Est Lyonnais\" \/>\n<meta property=\"article:author\" content=\"https:\/\/www.facebook.com\/pascal.oberson.1?fref=ts\" \/>\n<meta property=\"article:published_time\" content=\"2019-06-08T07:35:26+00:00\" \/>\n<meta property=\"article:modified_time\" content=\"2020-11-15T14:40:25+00:00\" \/>\n<meta property=\"og:image\" content=\"https:\/\/i2.wp.com\/newsestlyonnais.fr\/site\/wp-content\/uploads\/2019\/06\/NEWSESTLYONNAIS-LIVRE-100-ANS-AS-BRON-01.jpg?fit=960%2C720&ssl=1\" \/>\n\t<meta property=\"og:image:width\" content=\"960\" \/>\n\t<meta property=\"og:image:height\" content=\"720\" \/>\n\t<meta property=\"og:image:type\" content=\"image\/jpeg\" \/>\n<meta name=\"author\" content=\"R\u00e9dac. NEWS\" \/>\n<meta name=\"twitter:card\" content=\"summary_large_image\" \/>\n<meta name=\"twitter:label1\" content=\"\u00c9crit par\" \/>\n\t<meta name=\"twitter:data1\" content=\"R\u00e9dac. NEWS\" \/>\n<script type=\"application\/ld+json\" class=\"yoast-schema-graph\">{\"@context\":\"https:\/\/schema.org\",\"@graph\":[{\"@type\":\"Article\",\"@id\":\"https:\/\/newsestlyonnais.fr\/site\/2019\/06\/08\/bron-le-livre-sur-les-100-ans-de-las-bron-est-sorti\/#article\",\"isPartOf\":{\"@id\":\"https:\/\/newsestlyonnais.fr\/site\/2019\/06\/08\/bron-le-livre-sur-les-100-ans-de-las-bron-est-sorti\/\"},\"author\":{\"name\":\"R\u00e9dac. NEWS\",\"@id\":\"https:\/\/newsestlyonnais.fr\/site\/#\/schema\/person\/3230d5615f390bb808365d673001e887\"},\"headline\":\"BRON | Le livre sur les 100 ans de l&rsquo;AS Bron est sorti\",\"datePublished\":\"2019-06-08T07:35:26+00:00\",\"dateModified\":\"2020-11-15T14:40:25+00:00\",\"mainEntityOfPage\":{\"@id\":\"https:\/\/newsestlyonnais.fr\/site\/2019\/06\/08\/bron-le-livre-sur-les-100-ans-de-las-bron-est-sorti\/\"},\"wordCount\":113,\"commentCount\":0,\"publisher\":{\"@id\":\"https:\/\/newsestlyonnais.fr\/site\/#organization\"},\"image\":{\"@id\":\"https:\/\/newsestlyonnais.fr\/site\/2019\/06\/08\/bron-le-livre-sur-les-100-ans-de-las-bron-est-sorti\/#primaryimage\"},\"thumbnailUrl\":\"https:\/\/newsestlyonnais.fr\/site\/wp-content\/uploads\/2019\/06\/NEWSESTLYONNAIS-LIVRE-100-ANS-AS-BRON-01.jpg\",\"keywords\":[\"AS BRON GRAND LYON\",\"BRON\"],\"articleSection\":[\"Bron\",\"Foot | Futsal\",\"Foot | Rugby\",\"Litt\u00e9rature | Bd | Mags\",\"Sports\"],\"inLanguage\":\"fr-FR\",\"potentialAction\":[{\"@type\":\"CommentAction\",\"name\":\"Comment\",\"target\":[\"https:\/\/newsestlyonnais.fr\/site\/2019\/06\/08\/bron-le-livre-sur-les-100-ans-de-las-bron-est-sorti\/#respond\"]}]},{\"@type\":\"WebPage\",\"@id\":\"https:\/\/newsestlyonnais.fr\/site\/2019\/06\/08\/bron-le-livre-sur-les-100-ans-de-las-bron-est-sorti\/\",\"url\":\"https:\/\/newsestlyonnais.fr\/site\/2019\/06\/08\/bron-le-livre-sur-les-100-ans-de-las-bron-est-sorti\/\",\"name\":\"BRON | Le livre sur les 100 ans de l'AS Bron est sorti - News Est Lyonnais\",\"isPartOf\":{\"@id\":\"https:\/\/newsestlyonnais.fr\/site\/#website\"},\"primaryImageOfPage\":{\"@id\":\"https:\/\/newsestlyonnais.fr\/site\/2019\/06\/08\/bron-le-livre-sur-les-100-ans-de-las-bron-est-sorti\/#primaryimage\"},\"image\":{\"@id\":\"https:\/\/newsestlyonnais.fr\/site\/2019\/06\/08\/bron-le-livre-sur-les-100-ans-de-las-bron-est-sorti\/#primaryimage\"},\"thumbnailUrl\":\"https:\/\/newsestlyonnais.fr\/site\/wp-content\/uploads\/2019\/06\/NEWSESTLYONNAIS-LIVRE-100-ANS-AS-BRON-01.jpg\",\"datePublished\":\"2019-06-08T07:35:26+00:00\",\"dateModified\":\"2020-11-15T14:40:25+00:00\",\"description\":\"le livre sur les 100 ans de l'AS Bron est sorti ! Tir\u00e9 \u00e0 300 exemplaires, il sera disponible d\u00e8s ce samedi matin dans le cadre des 100 ans du club\",\"breadcrumb\":{\"@id\":\"https:\/\/newsestlyonnais.fr\/site\/2019\/06\/08\/bron-le-livre-sur-les-100-ans-de-las-bron-est-sorti\/#breadcrumb\"},\"inLanguage\":\"fr-FR\",\"potentialAction\":[{\"@type\":\"ReadAction\",\"target\":[\"https:\/\/newsestlyonnais.fr\/site\/2019\/06\/08\/bron-le-livre-sur-les-100-ans-de-las-bron-est-sorti\/\"]}]},{\"@type\":\"ImageObject\",\"inLanguage\":\"fr-FR\",\"@id\":\"https:\/\/newsestlyonnais.fr\/site\/2019\/06\/08\/bron-le-livre-sur-les-100-ans-de-las-bron-est-sorti\/#primaryimage\",\"url\":\"https:\/\/newsestlyonnais.fr\/site\/wp-content\/uploads\/2019\/06\/NEWSESTLYONNAIS-LIVRE-100-ANS-AS-BRON-01.jpg\",\"contentUrl\":\"https:\/\/newsestlyonnais.fr\/site\/wp-content\/uploads\/2019\/06\/NEWSESTLYONNAIS-LIVRE-100-ANS-AS-BRON-01.jpg\",\"width\":960,\"height\":720},{\"@type\":\"BreadcrumbList\",\"@id\":\"https:\/\/newsestlyonnais.fr\/site\/2019\/06\/08\/bron-le-livre-sur-les-100-ans-de-las-bron-est-sorti\/#breadcrumb\",\"itemListElement\":[{\"@type\":\"ListItem\",\"position\":1,\"name\":\"Accueil\",\"item\":\"https:\/\/newsestlyonnais.fr\/site\/\"},{\"@type\":\"ListItem\",\"position\":2,\"name\":\"BRON | Le livre sur les 100 ans de l&rsquo;AS Bron est sorti\"}]},{\"@type\":\"WebSite\",\"@id\":\"https:\/\/newsestlyonnais.fr\/site\/#website\",\"url\":\"https:\/\/newsestlyonnais.fr\/site\/\",\"name\":\"News Est Lyonnais\",\"description\":\"L&#039;actualit\u00e9 au plus pr\u00e8s\",\"publisher\":{\"@id\":\"https:\/\/newsestlyonnais.fr\/site\/#organization\"},\"potentialAction\":[{\"@type\":\"SearchAction\",\"target\":{\"@type\":\"EntryPoint\",\"urlTemplate\":\"https:\/\/newsestlyonnais.fr\/site\/?s={search_term_string}\"},\"query-input\":{\"@type\":\"PropertyValueSpecification\",\"valueRequired\":true,\"valueName\":\"search_term_string\"}}],\"inLanguage\":\"fr-FR\"},{\"@type\":\"Organization\",\"@id\":\"https:\/\/newsestlyonnais.fr\/site\/#organization\",\"name\":\"News EST LYONNAIS\",\"url\":\"https:\/\/newsestlyonnais.fr\/site\/\",\"logo\":{\"@type\":\"ImageObject\",\"inLanguage\":\"fr-FR\",\"@id\":\"https:\/\/newsestlyonnais.fr\/site\/#\/schema\/logo\/image\/\",\"url\":\"\",\"contentUrl\":\"\",\"caption\":\"News EST LYONNAIS\"},\"image\":{\"@id\":\"https:\/\/newsestlyonnais.fr\/site\/#\/schema\/logo\/image\/\"}},{\"@type\":\"Person\",\"@id\":\"https:\/\/newsestlyonnais.fr\/site\/#\/schema\/person\/3230d5615f390bb808365d673001e887\",\"name\":\"R\u00e9dac. NEWS\",\"sameAs\":[\"http:\/\/www.newsestlyonnais.fr\",\"https:\/\/www.facebook.com\/pascal.oberson.1?fref=ts\",\"https:\/\/fr.linkedin.com\/in\/pascal-oberson-b17045113\"],\"url\":\"https:\/\/newsestlyonnais.fr\/site\/author\/nel\/\"}]}<\/script>\n<!-- \/ Yoast SEO plugin. -->","yoast_head_json":{"title":"BRON | Le livre sur les 100 ans de l'AS Bron est sorti - News Est Lyonnais","description":"le livre sur les 100 ans de l'AS Bron est sorti ! Tir\u00e9 \u00e0 300 exemplaires, il sera disponible d\u00e8s ce samedi matin dans le cadre des 100 ans du club","robots":{"index":"index","follow":"follow","max-snippet":"max-snippet:-1","max-image-preview":"max-image-preview:large","max-video-preview":"max-video-preview:-1"},"canonical":"https:\/\/newsestlyonnais.fr\/site\/2019\/06\/08\/bron-le-livre-sur-les-100-ans-de-las-bron-est-sorti\/","og_locale":"fr_FR","og_type":"article","og_title":"BRON | Le livre sur les 100 ans de l'AS Bron est sorti - News Est Lyonnais","og_description":"le livre sur les 100 ans de l'AS Bron est sorti ! Tir\u00e9 \u00e0 300 exemplaires, il sera disponible d\u00e8s ce samedi matin dans le cadre des 100 ans du club","og_url":"https:\/\/newsestlyonnais.fr\/site\/2019\/06\/08\/bron-le-livre-sur-les-100-ans-de-las-bron-est-sorti\/","og_site_name":"News Est Lyonnais","article_author":"https:\/\/www.facebook.com\/pascal.oberson.1?fref=ts","article_published_time":"2019-06-08T07:35:26+00:00","article_modified_time":"2020-11-15T14:40:25+00:00","og_image":[{"width":960,"height":720,"url":"https:\/\/i2.wp.com\/newsestlyonnais.fr\/site\/wp-content\/uploads\/2019\/06\/NEWSESTLYONNAIS-LIVRE-100-ANS-AS-BRON-01.jpg?fit=960%2C720&ssl=1","type":"image\/jpeg"}],"author":"R\u00e9dac. NEWS","twitter_card":"summary_large_image","twitter_misc":{"\u00c9crit par":"R\u00e9dac. NEWS"},"schema":{"@context":"https:\/\/schema.org","@graph":[{"@type":"Article","@id":"https:\/\/newsestlyonnais.fr\/site\/2019\/06\/08\/bron-le-livre-sur-les-100-ans-de-las-bron-est-sorti\/#article","isPartOf":{"@id":"https:\/\/newsestlyonnais.fr\/site\/2019\/06\/08\/bron-le-livre-sur-les-100-ans-de-las-bron-est-sorti\/"},"author":{"name":"R\u00e9dac. NEWS","@id":"https:\/\/newsestlyonnais.fr\/site\/#\/schema\/person\/3230d5615f390bb808365d673001e887"},"headline":"BRON | Le livre sur les 100 ans de l&rsquo;AS Bron est sorti","datePublished":"2019-06-08T07:35:26+00:00","dateModified":"2020-11-15T14:40:25+00:00","mainEntityOfPage":{"@id":"https:\/\/newsestlyonnais.fr\/site\/2019\/06\/08\/bron-le-livre-sur-les-100-ans-de-las-bron-est-sorti\/"},"wordCount":113,"commentCount":0,"publisher":{"@id":"https:\/\/newsestlyonnais.fr\/site\/#organization"},"image":{"@id":"https:\/\/newsestlyonnais.fr\/site\/2019\/06\/08\/bron-le-livre-sur-les-100-ans-de-las-bron-est-sorti\/#primaryimage"},"thumbnailUrl":"https:\/\/newsestlyonnais.fr\/site\/wp-content\/uploads\/2019\/06\/NEWSESTLYONNAIS-LIVRE-100-ANS-AS-BRON-01.jpg","keywords":["AS BRON GRAND LYON","BRON"],"articleSection":["Bron","Foot | Futsal","Foot | Rugby","Litt\u00e9rature | Bd | Mags","Sports"],"inLanguage":"fr-FR","potentialAction":[{"@type":"CommentAction","name":"Comment","target":["https:\/\/newsestlyonnais.fr\/site\/2019\/06\/08\/bron-le-livre-sur-les-100-ans-de-las-bron-est-sorti\/#respond"]}]},{"@type":"WebPage","@id":"https:\/\/newsestlyonnais.fr\/site\/2019\/06\/08\/bron-le-livre-sur-les-100-ans-de-las-bron-est-sorti\/","url":"https:\/\/newsestlyonnais.fr\/site\/2019\/06\/08\/bron-le-livre-sur-les-100-ans-de-las-bron-est-sorti\/","name":"BRON | Le livre sur les 100 ans de l'AS Bron est sorti - News Est Lyonnais","isPartOf":{"@id":"https:\/\/newsestlyonnais.fr\/site\/#website"},"primaryImageOfPage":{"@id":"https:\/\/newsestlyonnais.fr\/site\/2019\/06\/08\/bron-le-livre-sur-les-100-ans-de-las-bron-est-sorti\/#primaryimage"},"image":{"@id":"https:\/\/newsestlyonnais.fr\/site\/2019\/06\/08\/bron-le-livre-sur-les-100-ans-de-las-bron-est-sorti\/#primaryimage"},"thumbnailUrl":"https:\/\/newsestlyonnais.fr\/site\/wp-content\/uploads\/2019\/06\/NEWSESTLYONNAIS-LIVRE-100-ANS-AS-BRON-01.jpg","datePublished":"2019-06-08T07:35:26+00:00","dateModified":"2020-11-15T14:40:25+00:00","description":"le livre sur les 100 ans de l'AS Bron est sorti ! Tir\u00e9 \u00e0 300 exemplaires, il sera disponible d\u00e8s ce samedi matin dans le cadre des 100 ans du club","breadcrumb":{"@id":"https:\/\/newsestlyonnais.fr\/site\/2019\/06\/08\/bron-le-livre-sur-les-100-ans-de-las-bron-est-sorti\/#breadcrumb"},"inLanguage":"fr-FR","potentialAction":[{"@type":"ReadAction","target":["https:\/\/newsestlyonnais.fr\/site\/2019\/06\/08\/bron-le-livre-sur-les-100-ans-de-las-bron-est-sorti\/"]}]},{"@type":"ImageObject","inLanguage":"fr-FR","@id":"https:\/\/newsestlyonnais.fr\/site\/2019\/06\/08\/bron-le-livre-sur-les-100-ans-de-las-bron-est-sorti\/#primaryimage","url":"https:\/\/newsestlyonnais.fr\/site\/wp-content\/uploads\/2019\/06\/NEWSESTLYONNAIS-LIVRE-100-ANS-AS-BRON-01.jpg","contentUrl":"https:\/\/newsestlyonnais.fr\/site\/wp-content\/uploads\/2019\/06\/NEWSESTLYONNAIS-LIVRE-100-ANS-AS-BRON-01.jpg","width":960,"height":720},{"@type":"BreadcrumbList","@id":"https:\/\/newsestlyonnais.fr\/site\/2019\/06\/08\/bron-le-livre-sur-les-100-ans-de-las-bron-est-sorti\/#breadcrumb","itemListElement":[{"@type":"ListItem","position":1,"name":"Accueil","item":"https:\/\/newsestlyonnais.fr\/site\/"},{"@type":"ListItem","position":2,"name":"BRON | Le livre sur les 100 ans de l&rsquo;AS Bron est sorti"}]},{"@type":"WebSite","@id":"https:\/\/newsestlyonnais.fr\/site\/#website","url":"https:\/\/newsestlyonnais.fr\/site\/","name":"News Est Lyonnais","description":"L&#039;actualit\u00e9 au plus pr\u00e8s","publisher":{"@id":"https:\/\/newsestlyonnais.fr\/site\/#organization"},"potentialAction":[{"@type":"SearchAction","target":{"@type":"EntryPoint","urlTemplate":"https:\/\/newsestlyonnais.fr\/site\/?s={search_term_string}"},"query-input":{"@type":"PropertyValueSpecification","valueRequired":true,"valueName":"search_term_string"}}],"inLanguage":"fr-FR"},{"@type":"Organization","@id":"https:\/\/newsestlyonnais.fr\/site\/#organization","name":"News EST LYONNAIS","url":"https:\/\/newsestlyonnais.fr\/site\/","logo":{"@type":"ImageObject","inLanguage":"fr-FR","@id":"https:\/\/newsestlyonnais.fr\/site\/#\/schema\/logo\/image\/","url":"","contentUrl":"","caption":"News EST LYONNAIS"},"image":{"@id":"https:\/\/newsestlyonnais.fr\/site\/#\/schema\/logo\/image\/"}},{"@type":"Person","@id":"https:\/\/newsestlyonnais.fr\/site\/#\/schema\/person\/3230d5615f390bb808365d673001e887","name":"R\u00e9dac. NEWS","sameAs":["http:\/\/www.newsestlyonnais.fr","https:\/\/www.facebook.com\/pascal.oberson.1?fref=ts","https:\/\/fr.linkedin.com\/in\/pascal-oberson-b17045113"],"url":"https:\/\/newsestlyonnais.fr\/site\/author\/nel\/"}]}},"_links":{"self":[{"href":"https:\/\/newsestlyonnais.fr\/site\/wp-json\/wp\/v2\/posts\/76060","targetHints":{"allow":["GET"]}}],"collection":[{"href":"https:\/\/newsestlyonnais.fr\/site\/wp-json\/wp\/v2\/posts"}],"about":[{"href":"https:\/\/newsestlyonnais.fr\/site\/wp-json\/wp\/v2\/types\/post"}],"author":[{"embeddable":true,"href":"https:\/\/newsestlyonnais.fr\/site\/wp-json\/wp\/v2\/users\/4"}],"replies":[{"embeddable":true,"href":"https:\/\/newsestlyonnais.fr\/site\/wp-json\/wp\/v2\/comments?post=76060"}],"version-history":[{"count":0,"href":"https:\/\/newsestlyonnais.fr\/site\/wp-json\/wp\/v2\/posts\/76060\/revisions"}],"wp:featuredmedia":[{"embeddable":true,"href":"https:\/\/newsestlyonnais.fr\/site\/wp-json\/wp\/v2\/media\/76064"}],"wp:attachment":[{"href":"https:\/\/newsestlyonnais.fr\/site\/wp-json\/wp\/v2\/media?parent=76060"}],"wp:term":[{"taxonomy":"category","embeddable":true,"href":"https:\/\/newsestlyonnais.fr\/site\/wp-json\/wp\/v2\/categories?post=76060"},{"taxonomy":"post_tag","embeddable":true,"href":"https:\/\/newsestlyonnais.fr\/site\/wp-json\/wp\/v2\/tags?post=76060"}],"curies":[{"name":"wp","href":"https:\/\/api.w.org\/{rel}","templated":true}]}}