{"id":77427,"date":"2019-06-22T09:01:57","date_gmt":"2019-06-22T08:01:57","guid":{"rendered":"http:\/\/newsestlyonnais.fr\/site\/?p=77427"},"modified":"2020-11-09T17:22:41","modified_gmt":"2020-11-09T16:22:41","slug":"meyzieu-les-resultats-de-vendredi-a-lopen-de-tennis-2","status":"publish","type":"post","link":"https:\/\/newsestlyonnais.fr\/site\/2019\/06\/22\/meyzieu-les-resultats-de-vendredi-a-lopen-de-tennis-2\/","title":{"rendered":"MEYZIEU | Les r\u00e9sultats de vendredi \u00e0 l\u2019Open de tennis"},"content":{"rendered":"\n<h4><strong>4<\/strong> matchs \u00e9taient programm\u00e9s, retrouvez chaque jour les r\u00e9sultats, suite partenariat mis en place avec Meyzieu Tennis.<\/h4>\n<p><span style=\"text-decoration: underline\"><strong><em>Tableau<\/em> masculin<em> :<\/em><\/strong><\/span><\/p>\n<ul>\n<li><strong>Vincent Angonin<\/strong> (RC Montluel, 30\/2) bat Djamel Gana (TC Charbonni\u00e8res, 15\/5) \u00a0 3\/6, 6\/4, 7\/6.<\/li>\n<\/ul>\n<p><strong><span style=\"text-decoration: underline\"><em>Tableau<\/em> masculin<\/span><\/strong><em><span style=\"text-decoration: underline\"> + <\/span><\/em><strong><em><span style=\"text-decoration: underline\">35 ans :<\/span><\/em><\/strong><\/p>\n<ul>\n<li><strong>Patrice Baa-Puyoulet<\/strong> (Meyzieu Tennis, 30\/2) bat Toni Guasto (TC D\u00e9cines, 30\/2)\u00a0 par WO.<\/li>\n<li><strong>Anthony<\/strong> <strong>Septier<\/strong> (TC Jonage, 30\/2) bat Cl\u00e9ment Millier (TC La Ciotat, 30\/2)\u00a0\u00a0\u00a0 6\/1, 6\/2.<\/li>\n<li><strong>Emmanuel Gros <\/strong>(Meyzieu Tennis, 40) bat Matthieu Langlois (Meyzieu Tennis, 30\/3)\u00a0 2\/6, 6\/3, 6\/0.<\/li>\n<\/ul>\n<p>Au programme de la journ\u00e9e de samedi : 10 rencontres pr\u00e9vues dans 4\u00a0 tableaux masculins<strong>.<\/strong><\/p>\n","protected":false},"excerpt":{"rendered":"<p>4 matchs \u00e9taient programm\u00e9s, retrouvez chaque jour les r\u00e9sultats, suite partenariat mis en place avec Meyzieu Tennis.<\/p>\n","protected":false},"author":4,"featured_media":76548,"comment_status":"open","ping_status":"open","sticky":false,"template":"","format":"standard","meta":{"footnotes":""},"categories":[4,24,2992,2991],"tags":[2081,2548,2049],"class_list":["post-77427","post","type-post","status-publish","format-standard","has-post-thumbnail","hentry","category-evenements-divers","category-meyzieu","category-tennis-padel","category-tennis-tennis-table-sports","tag-meyzieu","tag-meyzieu-tennis","tag-tennis"],"yoast_head":"<!-- This site is optimized with the Yoast SEO plugin v27.2 - https:\/\/yoast.com\/product\/yoast-seo-wordpress\/ -->\n<title>MEYZIEU | Les r\u00e9sultats de vendredi \u00e0 l\u2019Open de tennis - News Est Lyonnais<\/title>\n<meta name=\"description\" content=\"MEYZIEU : les r\u00e9sultats de vendredi \u00e0 l\u2019Open de tennis. retrouvez chaque jour suite partenariat mis en place avec Meyzieu Tennis.\" \/>\n<meta name=\"robots\" content=\"index, follow, max-snippet:-1, max-image-preview:large, max-video-preview:-1\" \/>\n<link rel=\"canonical\" href=\"https:\/\/newsestlyonnais.fr\/site\/2019\/06\/22\/meyzieu-les-resultats-de-vendredi-a-lopen-de-tennis-2\/\" \/>\n<meta property=\"og:locale\" content=\"fr_FR\" \/>\n<meta property=\"og:type\" content=\"article\" \/>\n<meta property=\"og:title\" content=\"MEYZIEU | Les r\u00e9sultats de vendredi \u00e0 l\u2019Open de tennis - News Est Lyonnais\" \/>\n<meta property=\"og:description\" content=\"MEYZIEU : les r\u00e9sultats de vendredi \u00e0 l\u2019Open de tennis. retrouvez chaque jour suite partenariat mis en place avec Meyzieu Tennis.\" \/>\n<meta property=\"og:url\" content=\"https:\/\/newsestlyonnais.fr\/site\/2019\/06\/22\/meyzieu-les-resultats-de-vendredi-a-lopen-de-tennis-2\/\" \/>\n<meta property=\"og:site_name\" content=\"News Est Lyonnais\" \/>\n<meta property=\"article:author\" content=\"https:\/\/www.facebook.com\/pascal.oberson.1?fref=ts\" \/>\n<meta property=\"article:published_time\" content=\"2019-06-22T08:01:57+00:00\" \/>\n<meta property=\"article:modified_time\" content=\"2020-11-09T16:22:41+00:00\" \/>\n<meta property=\"og:image\" content=\"https:\/\/i1.wp.com\/newsestlyonnais.fr\/site\/wp-content\/uploads\/2019\/06\/Logo_meyzieutennis-transp.png?fit=100%2C132&ssl=1\" \/>\n\t<meta property=\"og:image:width\" content=\"100\" \/>\n\t<meta property=\"og:image:height\" content=\"132\" \/>\n\t<meta property=\"og:image:type\" content=\"image\/png\" \/>\n<meta name=\"author\" content=\"R\u00e9dac. NEWS\" \/>\n<meta name=\"twitter:card\" content=\"summary_large_image\" \/>\n<meta name=\"twitter:label1\" content=\"\u00c9crit par\" \/>\n\t<meta name=\"twitter:data1\" content=\"R\u00e9dac. NEWS\" \/>\n<script type=\"application\/ld+json\" class=\"yoast-schema-graph\">{\"@context\":\"https:\/\/schema.org\",\"@graph\":[{\"@type\":\"Article\",\"@id\":\"https:\/\/newsestlyonnais.fr\/site\/2019\/06\/22\/meyzieu-les-resultats-de-vendredi-a-lopen-de-tennis-2\/#article\",\"isPartOf\":{\"@id\":\"https:\/\/newsestlyonnais.fr\/site\/2019\/06\/22\/meyzieu-les-resultats-de-vendredi-a-lopen-de-tennis-2\/\"},\"author\":{\"name\":\"R\u00e9dac. NEWS\",\"@id\":\"https:\/\/newsestlyonnais.fr\/site\/#\/schema\/person\/3230d5615f390bb808365d673001e887\"},\"headline\":\"MEYZIEU | Les r\u00e9sultats de vendredi \u00e0 l\u2019Open de tennis\",\"datePublished\":\"2019-06-22T08:01:57+00:00\",\"dateModified\":\"2020-11-09T16:22:41+00:00\",\"mainEntityOfPage\":{\"@id\":\"https:\/\/newsestlyonnais.fr\/site\/2019\/06\/22\/meyzieu-les-resultats-de-vendredi-a-lopen-de-tennis-2\/\"},\"wordCount\":89,\"commentCount\":0,\"publisher\":{\"@id\":\"https:\/\/newsestlyonnais.fr\/site\/#organization\"},\"image\":{\"@id\":\"https:\/\/newsestlyonnais.fr\/site\/2019\/06\/22\/meyzieu-les-resultats-de-vendredi-a-lopen-de-tennis-2\/#primaryimage\"},\"thumbnailUrl\":\"https:\/\/newsestlyonnais.fr\/site\/wp-content\/uploads\/2019\/06\/Logo_meyzieutennis-transp.png\",\"keywords\":[\"MEYZIEU\",\"MEYZIEU TENNIS\",\"TENNIS\"],\"articleSection\":[\"Ev\u00e8nements divers\",\"Meyzieu\",\"Tennis | Padel\",\"Tennis | Tennis de table\"],\"inLanguage\":\"fr-FR\",\"potentialAction\":[{\"@type\":\"CommentAction\",\"name\":\"Comment\",\"target\":[\"https:\/\/newsestlyonnais.fr\/site\/2019\/06\/22\/meyzieu-les-resultats-de-vendredi-a-lopen-de-tennis-2\/#respond\"]}]},{\"@type\":\"WebPage\",\"@id\":\"https:\/\/newsestlyonnais.fr\/site\/2019\/06\/22\/meyzieu-les-resultats-de-vendredi-a-lopen-de-tennis-2\/\",\"url\":\"https:\/\/newsestlyonnais.fr\/site\/2019\/06\/22\/meyzieu-les-resultats-de-vendredi-a-lopen-de-tennis-2\/\",\"name\":\"MEYZIEU | Les r\u00e9sultats de vendredi \u00e0 l\u2019Open de tennis - News Est Lyonnais\",\"isPartOf\":{\"@id\":\"https:\/\/newsestlyonnais.fr\/site\/#website\"},\"primaryImageOfPage\":{\"@id\":\"https:\/\/newsestlyonnais.fr\/site\/2019\/06\/22\/meyzieu-les-resultats-de-vendredi-a-lopen-de-tennis-2\/#primaryimage\"},\"image\":{\"@id\":\"https:\/\/newsestlyonnais.fr\/site\/2019\/06\/22\/meyzieu-les-resultats-de-vendredi-a-lopen-de-tennis-2\/#primaryimage\"},\"thumbnailUrl\":\"https:\/\/newsestlyonnais.fr\/site\/wp-content\/uploads\/2019\/06\/Logo_meyzieutennis-transp.png\",\"datePublished\":\"2019-06-22T08:01:57+00:00\",\"dateModified\":\"2020-11-09T16:22:41+00:00\",\"description\":\"MEYZIEU : les r\u00e9sultats de vendredi \u00e0 l\u2019Open de tennis. retrouvez chaque jour suite partenariat mis en place avec Meyzieu Tennis.\",\"breadcrumb\":{\"@id\":\"https:\/\/newsestlyonnais.fr\/site\/2019\/06\/22\/meyzieu-les-resultats-de-vendredi-a-lopen-de-tennis-2\/#breadcrumb\"},\"inLanguage\":\"fr-FR\",\"potentialAction\":[{\"@type\":\"ReadAction\",\"target\":[\"https:\/\/newsestlyonnais.fr\/site\/2019\/06\/22\/meyzieu-les-resultats-de-vendredi-a-lopen-de-tennis-2\/\"]}]},{\"@type\":\"ImageObject\",\"inLanguage\":\"fr-FR\",\"@id\":\"https:\/\/newsestlyonnais.fr\/site\/2019\/06\/22\/meyzieu-les-resultats-de-vendredi-a-lopen-de-tennis-2\/#primaryimage\",\"url\":\"https:\/\/newsestlyonnais.fr\/site\/wp-content\/uploads\/2019\/06\/Logo_meyzieutennis-transp.png\",\"contentUrl\":\"https:\/\/newsestlyonnais.fr\/site\/wp-content\/uploads\/2019\/06\/Logo_meyzieutennis-transp.png\",\"width\":100,\"height\":132},{\"@type\":\"BreadcrumbList\",\"@id\":\"https:\/\/newsestlyonnais.fr\/site\/2019\/06\/22\/meyzieu-les-resultats-de-vendredi-a-lopen-de-tennis-2\/#breadcrumb\",\"itemListElement\":[{\"@type\":\"ListItem\",\"position\":1,\"name\":\"Accueil\",\"item\":\"https:\/\/newsestlyonnais.fr\/site\/\"},{\"@type\":\"ListItem\",\"position\":2,\"name\":\"MEYZIEU | Les r\u00e9sultats de vendredi \u00e0 l\u2019Open de tennis\"}]},{\"@type\":\"WebSite\",\"@id\":\"https:\/\/newsestlyonnais.fr\/site\/#website\",\"url\":\"https:\/\/newsestlyonnais.fr\/site\/\",\"name\":\"News Est Lyonnais\",\"description\":\"L&#039;actualit\u00e9 au plus pr\u00e8s\",\"publisher\":{\"@id\":\"https:\/\/newsestlyonnais.fr\/site\/#organization\"},\"potentialAction\":[{\"@type\":\"SearchAction\",\"target\":{\"@type\":\"EntryPoint\",\"urlTemplate\":\"https:\/\/newsestlyonnais.fr\/site\/?s={search_term_string}\"},\"query-input\":{\"@type\":\"PropertyValueSpecification\",\"valueRequired\":true,\"valueName\":\"search_term_string\"}}],\"inLanguage\":\"fr-FR\"},{\"@type\":\"Organization\",\"@id\":\"https:\/\/newsestlyonnais.fr\/site\/#organization\",\"name\":\"News EST LYONNAIS\",\"url\":\"https:\/\/newsestlyonnais.fr\/site\/\",\"logo\":{\"@type\":\"ImageObject\",\"inLanguage\":\"fr-FR\",\"@id\":\"https:\/\/newsestlyonnais.fr\/site\/#\/schema\/logo\/image\/\",\"url\":\"\",\"contentUrl\":\"\",\"caption\":\"News EST LYONNAIS\"},\"image\":{\"@id\":\"https:\/\/newsestlyonnais.fr\/site\/#\/schema\/logo\/image\/\"}},{\"@type\":\"Person\",\"@id\":\"https:\/\/newsestlyonnais.fr\/site\/#\/schema\/person\/3230d5615f390bb808365d673001e887\",\"name\":\"R\u00e9dac. NEWS\",\"sameAs\":[\"http:\/\/www.newsestlyonnais.fr\",\"https:\/\/www.facebook.com\/pascal.oberson.1?fref=ts\",\"https:\/\/fr.linkedin.com\/in\/pascal-oberson-b17045113\"],\"url\":\"https:\/\/newsestlyonnais.fr\/site\/author\/nel\/\"}]}<\/script>\n<!-- \/ Yoast SEO plugin. -->","yoast_head_json":{"title":"MEYZIEU | Les r\u00e9sultats de vendredi \u00e0 l\u2019Open de tennis - News Est Lyonnais","description":"MEYZIEU : les r\u00e9sultats de vendredi \u00e0 l\u2019Open de tennis. retrouvez chaque jour suite partenariat mis en place avec Meyzieu Tennis.","robots":{"index":"index","follow":"follow","max-snippet":"max-snippet:-1","max-image-preview":"max-image-preview:large","max-video-preview":"max-video-preview:-1"},"canonical":"https:\/\/newsestlyonnais.fr\/site\/2019\/06\/22\/meyzieu-les-resultats-de-vendredi-a-lopen-de-tennis-2\/","og_locale":"fr_FR","og_type":"article","og_title":"MEYZIEU | Les r\u00e9sultats de vendredi \u00e0 l\u2019Open de tennis - News Est Lyonnais","og_description":"MEYZIEU : les r\u00e9sultats de vendredi \u00e0 l\u2019Open de tennis. retrouvez chaque jour suite partenariat mis en place avec Meyzieu Tennis.","og_url":"https:\/\/newsestlyonnais.fr\/site\/2019\/06\/22\/meyzieu-les-resultats-de-vendredi-a-lopen-de-tennis-2\/","og_site_name":"News Est Lyonnais","article_author":"https:\/\/www.facebook.com\/pascal.oberson.1?fref=ts","article_published_time":"2019-06-22T08:01:57+00:00","article_modified_time":"2020-11-09T16:22:41+00:00","og_image":[{"width":100,"height":132,"url":"https:\/\/i1.wp.com\/newsestlyonnais.fr\/site\/wp-content\/uploads\/2019\/06\/Logo_meyzieutennis-transp.png?fit=100%2C132&ssl=1","type":"image\/png"}],"author":"R\u00e9dac. NEWS","twitter_card":"summary_large_image","twitter_misc":{"\u00c9crit par":"R\u00e9dac. NEWS"},"schema":{"@context":"https:\/\/schema.org","@graph":[{"@type":"Article","@id":"https:\/\/newsestlyonnais.fr\/site\/2019\/06\/22\/meyzieu-les-resultats-de-vendredi-a-lopen-de-tennis-2\/#article","isPartOf":{"@id":"https:\/\/newsestlyonnais.fr\/site\/2019\/06\/22\/meyzieu-les-resultats-de-vendredi-a-lopen-de-tennis-2\/"},"author":{"name":"R\u00e9dac. NEWS","@id":"https:\/\/newsestlyonnais.fr\/site\/#\/schema\/person\/3230d5615f390bb808365d673001e887"},"headline":"MEYZIEU | Les r\u00e9sultats de vendredi \u00e0 l\u2019Open de tennis","datePublished":"2019-06-22T08:01:57+00:00","dateModified":"2020-11-09T16:22:41+00:00","mainEntityOfPage":{"@id":"https:\/\/newsestlyonnais.fr\/site\/2019\/06\/22\/meyzieu-les-resultats-de-vendredi-a-lopen-de-tennis-2\/"},"wordCount":89,"commentCount":0,"publisher":{"@id":"https:\/\/newsestlyonnais.fr\/site\/#organization"},"image":{"@id":"https:\/\/newsestlyonnais.fr\/site\/2019\/06\/22\/meyzieu-les-resultats-de-vendredi-a-lopen-de-tennis-2\/#primaryimage"},"thumbnailUrl":"https:\/\/newsestlyonnais.fr\/site\/wp-content\/uploads\/2019\/06\/Logo_meyzieutennis-transp.png","keywords":["MEYZIEU","MEYZIEU TENNIS","TENNIS"],"articleSection":["Ev\u00e8nements divers","Meyzieu","Tennis | Padel","Tennis | Tennis de table"],"inLanguage":"fr-FR","potentialAction":[{"@type":"CommentAction","name":"Comment","target":["https:\/\/newsestlyonnais.fr\/site\/2019\/06\/22\/meyzieu-les-resultats-de-vendredi-a-lopen-de-tennis-2\/#respond"]}]},{"@type":"WebPage","@id":"https:\/\/newsestlyonnais.fr\/site\/2019\/06\/22\/meyzieu-les-resultats-de-vendredi-a-lopen-de-tennis-2\/","url":"https:\/\/newsestlyonnais.fr\/site\/2019\/06\/22\/meyzieu-les-resultats-de-vendredi-a-lopen-de-tennis-2\/","name":"MEYZIEU | Les r\u00e9sultats de vendredi \u00e0 l\u2019Open de tennis - News Est Lyonnais","isPartOf":{"@id":"https:\/\/newsestlyonnais.fr\/site\/#website"},"primaryImageOfPage":{"@id":"https:\/\/newsestlyonnais.fr\/site\/2019\/06\/22\/meyzieu-les-resultats-de-vendredi-a-lopen-de-tennis-2\/#primaryimage"},"image":{"@id":"https:\/\/newsestlyonnais.fr\/site\/2019\/06\/22\/meyzieu-les-resultats-de-vendredi-a-lopen-de-tennis-2\/#primaryimage"},"thumbnailUrl":"https:\/\/newsestlyonnais.fr\/site\/wp-content\/uploads\/2019\/06\/Logo_meyzieutennis-transp.png","datePublished":"2019-06-22T08:01:57+00:00","dateModified":"2020-11-09T16:22:41+00:00","description":"MEYZIEU : les r\u00e9sultats de vendredi \u00e0 l\u2019Open de tennis. retrouvez chaque jour suite partenariat mis en place avec Meyzieu Tennis.","breadcrumb":{"@id":"https:\/\/newsestlyonnais.fr\/site\/2019\/06\/22\/meyzieu-les-resultats-de-vendredi-a-lopen-de-tennis-2\/#breadcrumb"},"inLanguage":"fr-FR","potentialAction":[{"@type":"ReadAction","target":["https:\/\/newsestlyonnais.fr\/site\/2019\/06\/22\/meyzieu-les-resultats-de-vendredi-a-lopen-de-tennis-2\/"]}]},{"@type":"ImageObject","inLanguage":"fr-FR","@id":"https:\/\/newsestlyonnais.fr\/site\/2019\/06\/22\/meyzieu-les-resultats-de-vendredi-a-lopen-de-tennis-2\/#primaryimage","url":"https:\/\/newsestlyonnais.fr\/site\/wp-content\/uploads\/2019\/06\/Logo_meyzieutennis-transp.png","contentUrl":"https:\/\/newsestlyonnais.fr\/site\/wp-content\/uploads\/2019\/06\/Logo_meyzieutennis-transp.png","width":100,"height":132},{"@type":"BreadcrumbList","@id":"https:\/\/newsestlyonnais.fr\/site\/2019\/06\/22\/meyzieu-les-resultats-de-vendredi-a-lopen-de-tennis-2\/#breadcrumb","itemListElement":[{"@type":"ListItem","position":1,"name":"Accueil","item":"https:\/\/newsestlyonnais.fr\/site\/"},{"@type":"ListItem","position":2,"name":"MEYZIEU | Les r\u00e9sultats de vendredi \u00e0 l\u2019Open de tennis"}]},{"@type":"WebSite","@id":"https:\/\/newsestlyonnais.fr\/site\/#website","url":"https:\/\/newsestlyonnais.fr\/site\/","name":"News Est Lyonnais","description":"L&#039;actualit\u00e9 au plus pr\u00e8s","publisher":{"@id":"https:\/\/newsestlyonnais.fr\/site\/#organization"},"potentialAction":[{"@type":"SearchAction","target":{"@type":"EntryPoint","urlTemplate":"https:\/\/newsestlyonnais.fr\/site\/?s={search_term_string}"},"query-input":{"@type":"PropertyValueSpecification","valueRequired":true,"valueName":"search_term_string"}}],"inLanguage":"fr-FR"},{"@type":"Organization","@id":"https:\/\/newsestlyonnais.fr\/site\/#organization","name":"News EST LYONNAIS","url":"https:\/\/newsestlyonnais.fr\/site\/","logo":{"@type":"ImageObject","inLanguage":"fr-FR","@id":"https:\/\/newsestlyonnais.fr\/site\/#\/schema\/logo\/image\/","url":"","contentUrl":"","caption":"News EST LYONNAIS"},"image":{"@id":"https:\/\/newsestlyonnais.fr\/site\/#\/schema\/logo\/image\/"}},{"@type":"Person","@id":"https:\/\/newsestlyonnais.fr\/site\/#\/schema\/person\/3230d5615f390bb808365d673001e887","name":"R\u00e9dac. NEWS","sameAs":["http:\/\/www.newsestlyonnais.fr","https:\/\/www.facebook.com\/pascal.oberson.1?fref=ts","https:\/\/fr.linkedin.com\/in\/pascal-oberson-b17045113"],"url":"https:\/\/newsestlyonnais.fr\/site\/author\/nel\/"}]}},"_links":{"self":[{"href":"https:\/\/newsestlyonnais.fr\/site\/wp-json\/wp\/v2\/posts\/77427","targetHints":{"allow":["GET"]}}],"collection":[{"href":"https:\/\/newsestlyonnais.fr\/site\/wp-json\/wp\/v2\/posts"}],"about":[{"href":"https:\/\/newsestlyonnais.fr\/site\/wp-json\/wp\/v2\/types\/post"}],"author":[{"embeddable":true,"href":"https:\/\/newsestlyonnais.fr\/site\/wp-json\/wp\/v2\/users\/4"}],"replies":[{"embeddable":true,"href":"https:\/\/newsestlyonnais.fr\/site\/wp-json\/wp\/v2\/comments?post=77427"}],"version-history":[{"count":0,"href":"https:\/\/newsestlyonnais.fr\/site\/wp-json\/wp\/v2\/posts\/77427\/revisions"}],"wp:featuredmedia":[{"embeddable":true,"href":"https:\/\/newsestlyonnais.fr\/site\/wp-json\/wp\/v2\/media\/76548"}],"wp:attachment":[{"href":"https:\/\/newsestlyonnais.fr\/site\/wp-json\/wp\/v2\/media?parent=77427"}],"wp:term":[{"taxonomy":"category","embeddable":true,"href":"https:\/\/newsestlyonnais.fr\/site\/wp-json\/wp\/v2\/categories?post=77427"},{"taxonomy":"post_tag","embeddable":true,"href":"https:\/\/newsestlyonnais.fr\/site\/wp-json\/wp\/v2\/tags?post=77427"}],"curies":[{"name":"wp","href":"https:\/\/api.w.org\/{rel}","templated":true}]}}