{"id":78129,"date":"2019-06-27T04:58:20","date_gmt":"2019-06-27T03:58:20","guid":{"rendered":"http:\/\/newsestlyonnais.fr\/site\/?p=78129"},"modified":"2020-11-19T08:56:26","modified_gmt":"2020-11-19T07:56:26","slug":"meyzieu-autorisation-dabsence-pour-les-ecoliers","status":"publish","type":"post","link":"https:\/\/newsestlyonnais.fr\/site\/2019\/06\/27\/meyzieu-autorisation-dabsence-pour-les-ecoliers\/","title":{"rendered":"MEYZIEU | Autorisation d\u2019absence pour les \u00e9coliers"},"content":{"rendered":"\r\n<p><strong>En raison des fortes chaleurs, les parents des \u00e9coliers Majolans sont autoris\u00e9s \u00e0 garder leurs enfants \u00e0 domicile ce jeudi 27 et vendredi 28 juin.<\/strong><\/p>\r\n<p>Ceci dans l\u2019int\u00e9r\u00eat du bien-\u00eatre des enfants et avec l\u2019accord de l\u2019\u00c9ducation Nationale.<\/p>\r\n<p><strong>Cette situation \u00e9tant exceptionnelle<\/strong>, en cas d\u2019absence des enfants, les temps p\u00e9riscolaires (cantine et garderies) ne seront pas factur\u00e9s aux familles.<br \/>Malgr\u00e9 la recommandation de garder les enfants \u00e0 domicile, l\u2019accueil des enfants reste possible ces deux jours dans les \u00e9coles majolanes (<span style=\"text-decoration: underline\">hors cas particuliers : voir ci-dessous<\/span>), dans lesquelles la Ville de Meyzieu d\u00e9ploie des dispositifs afin d\u2019accueillir dans les meilleures conditions possibles les enfants.<\/p>\r\n<p>En raison des fortes chaleurs exceptionnelles qui persistent, et malgr\u00e9 l\u2019ensemble des dispositions mises en place dans le souci de pr\u00e9server au maximum le bien-\u00eatre des enfants, Christophe Quiniou, maire de Meyzieu, en concertation avec l\u2019Inspecteur d\u2019Acad\u00e9mie et les directeurs d\u2019\u00e9cole des groupes scolaires concern\u00e9s a <strong>pris la d\u00e9cision de fermer le b\u00e2timent <\/strong><br \/><strong>Jacqui\u00e8re de l\u2019\u00e9cole Pagnol\/Jacqui\u00e8re, ainsi que l\u2019\u00e9cole maternelle Grand Large, ce jeudi 27 juin 2019.<\/strong><\/p>\r\n<p><span style=\"text-decoration: underline\"><em><strong>NOTA<\/strong><\/em><\/span> :<\/p>\r\n<ul>\r\n<li>Les enfants ne pouvant \u00eatre gard\u00e9s seront accueillis dans d\u2019autres \u00e9coles municipales.<\/li>\r\n<\/ul>\r\n","protected":false},"excerpt":{"rendered":"<p>En raison des fortes chaleurs, les parents des \u00e9coliers Majolans sont autoris\u00e9s \u00e0 garder leurs enfants \u00e0 domicile ce jeudi 27 et vendredi 28 juin.<\/p>\n","protected":false},"author":4,"featured_media":0,"comment_status":"open","ping_status":"open","sticky":false,"template":"","format":"standard","meta":{"footnotes":""},"categories":[171,24,173],"tags":[],"class_list":["post-78129","post","type-post","status-publish","format-standard","hentry","category-enfance-jeunesse","category-meyzieu","category-scolaire"],"yoast_head":"<!-- This site is optimized with the Yoast SEO plugin v27.2 - https:\/\/yoast.com\/product\/yoast-seo-wordpress\/ -->\n<title>MEYZIEU | Autorisation d\u2019absence pour les \u00e9coliers - News Est Lyonnais<\/title>\n<meta name=\"description\" content=\"En raison des fortes chaleurs, les parents des \u00e9coliers Majolans sont autoris\u00e9s \u00e0 garder leurs enfants \u00e0 domicile jeudi 27,vendredi 28 juin.\" \/>\n<meta name=\"robots\" content=\"index, follow, max-snippet:-1, max-image-preview:large, max-video-preview:-1\" \/>\n<link rel=\"canonical\" href=\"https:\/\/newsestlyonnais.fr\/site\/2019\/06\/27\/meyzieu-autorisation-dabsence-pour-les-ecoliers\/\" \/>\n<meta property=\"og:locale\" content=\"fr_FR\" \/>\n<meta property=\"og:type\" content=\"article\" \/>\n<meta property=\"og:title\" content=\"MEYZIEU | Autorisation d\u2019absence pour les \u00e9coliers - News Est Lyonnais\" \/>\n<meta property=\"og:description\" content=\"En raison des fortes chaleurs, les parents des \u00e9coliers Majolans sont autoris\u00e9s \u00e0 garder leurs enfants \u00e0 domicile jeudi 27,vendredi 28 juin.\" \/>\n<meta property=\"og:url\" content=\"https:\/\/newsestlyonnais.fr\/site\/2019\/06\/27\/meyzieu-autorisation-dabsence-pour-les-ecoliers\/\" \/>\n<meta property=\"og:site_name\" content=\"News Est Lyonnais\" \/>\n<meta property=\"article:author\" content=\"https:\/\/www.facebook.com\/pascal.oberson.1?fref=ts\" \/>\n<meta property=\"article:published_time\" content=\"2019-06-27T03:58:20+00:00\" \/>\n<meta property=\"article:modified_time\" content=\"2020-11-19T07:56:26+00:00\" \/>\n<meta name=\"author\" content=\"R\u00e9dac. NEWS\" \/>\n<meta name=\"twitter:card\" content=\"summary_large_image\" \/>\n<meta name=\"twitter:label1\" content=\"\u00c9crit par\" \/>\n\t<meta name=\"twitter:data1\" content=\"R\u00e9dac. NEWS\" \/>\n\t<meta name=\"twitter:label2\" content=\"Dur\u00e9e de lecture estim\u00e9e\" \/>\n\t<meta name=\"twitter:data2\" content=\"1 minute\" \/>\n<script type=\"application\/ld+json\" class=\"yoast-schema-graph\">{\"@context\":\"https:\/\/schema.org\",\"@graph\":[{\"@type\":\"Article\",\"@id\":\"https:\/\/newsestlyonnais.fr\/site\/2019\/06\/27\/meyzieu-autorisation-dabsence-pour-les-ecoliers\/#article\",\"isPartOf\":{\"@id\":\"https:\/\/newsestlyonnais.fr\/site\/2019\/06\/27\/meyzieu-autorisation-dabsence-pour-les-ecoliers\/\"},\"author\":{\"name\":\"R\u00e9dac. NEWS\",\"@id\":\"https:\/\/newsestlyonnais.fr\/site\/#\/schema\/person\/3230d5615f390bb808365d673001e887\"},\"headline\":\"MEYZIEU | Autorisation d\u2019absence pour les \u00e9coliers\",\"datePublished\":\"2019-06-27T03:58:20+00:00\",\"dateModified\":\"2020-11-19T07:56:26+00:00\",\"mainEntityOfPage\":{\"@id\":\"https:\/\/newsestlyonnais.fr\/site\/2019\/06\/27\/meyzieu-autorisation-dabsence-pour-les-ecoliers\/\"},\"wordCount\":214,\"commentCount\":0,\"publisher\":{\"@id\":\"https:\/\/newsestlyonnais.fr\/site\/#organization\"},\"articleSection\":[\"Enfance | Jeunesse\",\"Meyzieu\",\"Scolaire\"],\"inLanguage\":\"fr-FR\",\"potentialAction\":[{\"@type\":\"CommentAction\",\"name\":\"Comment\",\"target\":[\"https:\/\/newsestlyonnais.fr\/site\/2019\/06\/27\/meyzieu-autorisation-dabsence-pour-les-ecoliers\/#respond\"]}]},{\"@type\":\"WebPage\",\"@id\":\"https:\/\/newsestlyonnais.fr\/site\/2019\/06\/27\/meyzieu-autorisation-dabsence-pour-les-ecoliers\/\",\"url\":\"https:\/\/newsestlyonnais.fr\/site\/2019\/06\/27\/meyzieu-autorisation-dabsence-pour-les-ecoliers\/\",\"name\":\"MEYZIEU | Autorisation d\u2019absence pour les \u00e9coliers - News Est Lyonnais\",\"isPartOf\":{\"@id\":\"https:\/\/newsestlyonnais.fr\/site\/#website\"},\"datePublished\":\"2019-06-27T03:58:20+00:00\",\"dateModified\":\"2020-11-19T07:56:26+00:00\",\"description\":\"En raison des fortes chaleurs, les parents des \u00e9coliers Majolans sont autoris\u00e9s \u00e0 garder leurs enfants \u00e0 domicile jeudi 27,vendredi 28 juin.\",\"breadcrumb\":{\"@id\":\"https:\/\/newsestlyonnais.fr\/site\/2019\/06\/27\/meyzieu-autorisation-dabsence-pour-les-ecoliers\/#breadcrumb\"},\"inLanguage\":\"fr-FR\",\"potentialAction\":[{\"@type\":\"ReadAction\",\"target\":[\"https:\/\/newsestlyonnais.fr\/site\/2019\/06\/27\/meyzieu-autorisation-dabsence-pour-les-ecoliers\/\"]}]},{\"@type\":\"BreadcrumbList\",\"@id\":\"https:\/\/newsestlyonnais.fr\/site\/2019\/06\/27\/meyzieu-autorisation-dabsence-pour-les-ecoliers\/#breadcrumb\",\"itemListElement\":[{\"@type\":\"ListItem\",\"position\":1,\"name\":\"Accueil\",\"item\":\"https:\/\/newsestlyonnais.fr\/site\/\"},{\"@type\":\"ListItem\",\"position\":2,\"name\":\"MEYZIEU | Autorisation d\u2019absence pour les \u00e9coliers\"}]},{\"@type\":\"WebSite\",\"@id\":\"https:\/\/newsestlyonnais.fr\/site\/#website\",\"url\":\"https:\/\/newsestlyonnais.fr\/site\/\",\"name\":\"News Est Lyonnais\",\"description\":\"L&#039;actualit\u00e9 au plus pr\u00e8s\",\"publisher\":{\"@id\":\"https:\/\/newsestlyonnais.fr\/site\/#organization\"},\"potentialAction\":[{\"@type\":\"SearchAction\",\"target\":{\"@type\":\"EntryPoint\",\"urlTemplate\":\"https:\/\/newsestlyonnais.fr\/site\/?s={search_term_string}\"},\"query-input\":{\"@type\":\"PropertyValueSpecification\",\"valueRequired\":true,\"valueName\":\"search_term_string\"}}],\"inLanguage\":\"fr-FR\"},{\"@type\":\"Organization\",\"@id\":\"https:\/\/newsestlyonnais.fr\/site\/#organization\",\"name\":\"News EST LYONNAIS\",\"url\":\"https:\/\/newsestlyonnais.fr\/site\/\",\"logo\":{\"@type\":\"ImageObject\",\"inLanguage\":\"fr-FR\",\"@id\":\"https:\/\/newsestlyonnais.fr\/site\/#\/schema\/logo\/image\/\",\"url\":\"\",\"contentUrl\":\"\",\"caption\":\"News EST LYONNAIS\"},\"image\":{\"@id\":\"https:\/\/newsestlyonnais.fr\/site\/#\/schema\/logo\/image\/\"}},{\"@type\":\"Person\",\"@id\":\"https:\/\/newsestlyonnais.fr\/site\/#\/schema\/person\/3230d5615f390bb808365d673001e887\",\"name\":\"R\u00e9dac. NEWS\",\"sameAs\":[\"http:\/\/www.newsestlyonnais.fr\",\"https:\/\/www.facebook.com\/pascal.oberson.1?fref=ts\",\"https:\/\/fr.linkedin.com\/in\/pascal-oberson-b17045113\"],\"url\":\"https:\/\/newsestlyonnais.fr\/site\/author\/nel\/\"}]}<\/script>\n<!-- \/ Yoast SEO plugin. -->","yoast_head_json":{"title":"MEYZIEU | Autorisation d\u2019absence pour les \u00e9coliers - News Est Lyonnais","description":"En raison des fortes chaleurs, les parents des \u00e9coliers Majolans sont autoris\u00e9s \u00e0 garder leurs enfants \u00e0 domicile jeudi 27,vendredi 28 juin.","robots":{"index":"index","follow":"follow","max-snippet":"max-snippet:-1","max-image-preview":"max-image-preview:large","max-video-preview":"max-video-preview:-1"},"canonical":"https:\/\/newsestlyonnais.fr\/site\/2019\/06\/27\/meyzieu-autorisation-dabsence-pour-les-ecoliers\/","og_locale":"fr_FR","og_type":"article","og_title":"MEYZIEU | Autorisation d\u2019absence pour les \u00e9coliers - News Est Lyonnais","og_description":"En raison des fortes chaleurs, les parents des \u00e9coliers Majolans sont autoris\u00e9s \u00e0 garder leurs enfants \u00e0 domicile jeudi 27,vendredi 28 juin.","og_url":"https:\/\/newsestlyonnais.fr\/site\/2019\/06\/27\/meyzieu-autorisation-dabsence-pour-les-ecoliers\/","og_site_name":"News Est Lyonnais","article_author":"https:\/\/www.facebook.com\/pascal.oberson.1?fref=ts","article_published_time":"2019-06-27T03:58:20+00:00","article_modified_time":"2020-11-19T07:56:26+00:00","author":"R\u00e9dac. NEWS","twitter_card":"summary_large_image","twitter_misc":{"\u00c9crit par":"R\u00e9dac. NEWS","Dur\u00e9e de lecture estim\u00e9e":"1 minute"},"schema":{"@context":"https:\/\/schema.org","@graph":[{"@type":"Article","@id":"https:\/\/newsestlyonnais.fr\/site\/2019\/06\/27\/meyzieu-autorisation-dabsence-pour-les-ecoliers\/#article","isPartOf":{"@id":"https:\/\/newsestlyonnais.fr\/site\/2019\/06\/27\/meyzieu-autorisation-dabsence-pour-les-ecoliers\/"},"author":{"name":"R\u00e9dac. NEWS","@id":"https:\/\/newsestlyonnais.fr\/site\/#\/schema\/person\/3230d5615f390bb808365d673001e887"},"headline":"MEYZIEU | Autorisation d\u2019absence pour les \u00e9coliers","datePublished":"2019-06-27T03:58:20+00:00","dateModified":"2020-11-19T07:56:26+00:00","mainEntityOfPage":{"@id":"https:\/\/newsestlyonnais.fr\/site\/2019\/06\/27\/meyzieu-autorisation-dabsence-pour-les-ecoliers\/"},"wordCount":214,"commentCount":0,"publisher":{"@id":"https:\/\/newsestlyonnais.fr\/site\/#organization"},"articleSection":["Enfance | Jeunesse","Meyzieu","Scolaire"],"inLanguage":"fr-FR","potentialAction":[{"@type":"CommentAction","name":"Comment","target":["https:\/\/newsestlyonnais.fr\/site\/2019\/06\/27\/meyzieu-autorisation-dabsence-pour-les-ecoliers\/#respond"]}]},{"@type":"WebPage","@id":"https:\/\/newsestlyonnais.fr\/site\/2019\/06\/27\/meyzieu-autorisation-dabsence-pour-les-ecoliers\/","url":"https:\/\/newsestlyonnais.fr\/site\/2019\/06\/27\/meyzieu-autorisation-dabsence-pour-les-ecoliers\/","name":"MEYZIEU | Autorisation d\u2019absence pour les \u00e9coliers - News Est Lyonnais","isPartOf":{"@id":"https:\/\/newsestlyonnais.fr\/site\/#website"},"datePublished":"2019-06-27T03:58:20+00:00","dateModified":"2020-11-19T07:56:26+00:00","description":"En raison des fortes chaleurs, les parents des \u00e9coliers Majolans sont autoris\u00e9s \u00e0 garder leurs enfants \u00e0 domicile jeudi 27,vendredi 28 juin.","breadcrumb":{"@id":"https:\/\/newsestlyonnais.fr\/site\/2019\/06\/27\/meyzieu-autorisation-dabsence-pour-les-ecoliers\/#breadcrumb"},"inLanguage":"fr-FR","potentialAction":[{"@type":"ReadAction","target":["https:\/\/newsestlyonnais.fr\/site\/2019\/06\/27\/meyzieu-autorisation-dabsence-pour-les-ecoliers\/"]}]},{"@type":"BreadcrumbList","@id":"https:\/\/newsestlyonnais.fr\/site\/2019\/06\/27\/meyzieu-autorisation-dabsence-pour-les-ecoliers\/#breadcrumb","itemListElement":[{"@type":"ListItem","position":1,"name":"Accueil","item":"https:\/\/newsestlyonnais.fr\/site\/"},{"@type":"ListItem","position":2,"name":"MEYZIEU | Autorisation d\u2019absence pour les \u00e9coliers"}]},{"@type":"WebSite","@id":"https:\/\/newsestlyonnais.fr\/site\/#website","url":"https:\/\/newsestlyonnais.fr\/site\/","name":"News Est Lyonnais","description":"L&#039;actualit\u00e9 au plus pr\u00e8s","publisher":{"@id":"https:\/\/newsestlyonnais.fr\/site\/#organization"},"potentialAction":[{"@type":"SearchAction","target":{"@type":"EntryPoint","urlTemplate":"https:\/\/newsestlyonnais.fr\/site\/?s={search_term_string}"},"query-input":{"@type":"PropertyValueSpecification","valueRequired":true,"valueName":"search_term_string"}}],"inLanguage":"fr-FR"},{"@type":"Organization","@id":"https:\/\/newsestlyonnais.fr\/site\/#organization","name":"News EST LYONNAIS","url":"https:\/\/newsestlyonnais.fr\/site\/","logo":{"@type":"ImageObject","inLanguage":"fr-FR","@id":"https:\/\/newsestlyonnais.fr\/site\/#\/schema\/logo\/image\/","url":"","contentUrl":"","caption":"News EST LYONNAIS"},"image":{"@id":"https:\/\/newsestlyonnais.fr\/site\/#\/schema\/logo\/image\/"}},{"@type":"Person","@id":"https:\/\/newsestlyonnais.fr\/site\/#\/schema\/person\/3230d5615f390bb808365d673001e887","name":"R\u00e9dac. NEWS","sameAs":["http:\/\/www.newsestlyonnais.fr","https:\/\/www.facebook.com\/pascal.oberson.1?fref=ts","https:\/\/fr.linkedin.com\/in\/pascal-oberson-b17045113"],"url":"https:\/\/newsestlyonnais.fr\/site\/author\/nel\/"}]}},"_links":{"self":[{"href":"https:\/\/newsestlyonnais.fr\/site\/wp-json\/wp\/v2\/posts\/78129","targetHints":{"allow":["GET"]}}],"collection":[{"href":"https:\/\/newsestlyonnais.fr\/site\/wp-json\/wp\/v2\/posts"}],"about":[{"href":"https:\/\/newsestlyonnais.fr\/site\/wp-json\/wp\/v2\/types\/post"}],"author":[{"embeddable":true,"href":"https:\/\/newsestlyonnais.fr\/site\/wp-json\/wp\/v2\/users\/4"}],"replies":[{"embeddable":true,"href":"https:\/\/newsestlyonnais.fr\/site\/wp-json\/wp\/v2\/comments?post=78129"}],"version-history":[{"count":0,"href":"https:\/\/newsestlyonnais.fr\/site\/wp-json\/wp\/v2\/posts\/78129\/revisions"}],"wp:attachment":[{"href":"https:\/\/newsestlyonnais.fr\/site\/wp-json\/wp\/v2\/media?parent=78129"}],"wp:term":[{"taxonomy":"category","embeddable":true,"href":"https:\/\/newsestlyonnais.fr\/site\/wp-json\/wp\/v2\/categories?post=78129"},{"taxonomy":"post_tag","embeddable":true,"href":"https:\/\/newsestlyonnais.fr\/site\/wp-json\/wp\/v2\/tags?post=78129"}],"curies":[{"name":"wp","href":"https:\/\/api.w.org\/{rel}","templated":true}]}}