{"id":78819,"date":"2019-07-05T06:31:29","date_gmt":"2019-07-05T05:31:29","guid":{"rendered":"http:\/\/newsestlyonnais.fr\/site\/?p=78819"},"modified":"2020-11-15T12:35:04","modified_gmt":"2020-11-15T11:35:04","slug":"lyon-cerisaie-en-sport-et-en-fete","status":"publish","type":"post","link":"https:\/\/newsestlyonnais.fr\/site\/2019\/07\/05\/lyon-cerisaie-en-sport-et-en-fete\/","title":{"rendered":"LYON 4 | Cerisaie en sports et en f\u00eate"},"content":{"rendered":"\n<div class=\"_5wd4 _1nc7\">\n<div class=\"._1dlq _h8t\">\n<div class=\"_5wd9 direction_ltr clearfix\">\n<div class=\"_1e-x _n4o\">\n<div class=\"_3_bl\">\n<div class=\"_5w1r _3_om _5wdf\">\n<div class=\"_4gx_\">\n<div class=\"_1aa6\"><strong><span class=\"_5yl5\">Pr\u00e8s de 3.000 visiteurs enregistr\u00e9s pour la 4\u00b0 \u00e9dition d\u00e9roul\u00e9e le dernier samedi de juin sur le site croix-roussien du Parc de la Cerisaie.<\/span><\/strong><\/div>\n<div>\u00a0<\/div>\n<div>Une centaine de b\u00e9n\u00e9voles mobilis\u00e9s pour cet \u00e9v\u00e8nement qui avait programm\u00e9 des nouveaut\u00e9s (mur d&rsquo;escalade et 20 d\u00e9fis sportifs). Une chaude et active journ\u00e9e plac\u00e9e sous le th\u00e8me du sport sant\u00e9, de la f\u00e9minit\u00e9 et de la mixit\u00e9. Une belle occasion pour petits et grands de d\u00e9couvrir et tester une vingtaine d&rsquo;activit\u00e9s sportives gr\u00e2ce aux stands d&rsquo;associations locales.<\/div>\n<\/div>\n<\/div>\n<\/div>\n<\/div>\n<\/div>\n<\/div>\n<\/div>\n<div>\u00a0<\/div>\n<div class=\"_5wd4 _1nc7\">\n<div class=\"_1aa6\">\n<blockquote>\u00a0\u00bb Il <span class=\"_5yl5\"><span class=\"_5yl5\">y avait une belle dynamique ma<\/span><\/span><span class=\"_5yl5\">lgr\u00e9 la chaleur gr\u00e2ce \u00e0 toutes les mesures pr\u00e9ventives mises en \u0153uvre (jeu<\/span><span class=\"_5yl5\">x d&rsquo;eaux, toutes les associations mises \u00e0 l&rsquo;ombre sous les arbres, distributions d&rsquo;eau, points frais au sein de la villa Gillet). M<\/span><span class=\"_5yl5\">\u00e9decins des HCL et pompiers \u00e9taient en veille et nous avons install\u00e9s <\/span><span class=\"_5yl5\">des d\u00e9ffibrillateurs un peu partout dans le parc.<\/span><\/blockquote>\n<div class=\"_5wd4 _1nc7\">\n<div class=\"._1dlq _h8t\">\n<div class=\"_5wd9 direction_ltr clearfix\">\n<div class=\"_1e-x _n4o\">\n<div class=\"_3_bl\">\n<div class=\"_5w1r _3_om _5wdf\">\n<div class=\"_4gx_\">\n<blockquote>\n<div class=\"_1aa6\"><span class=\"_5yl5\">\u00c0 noter le gros succ\u00e8s des stands de l&rsquo;Haltero Club Lyonnais avec le \u00ab\u00a0thor challenge\u00a0\u00bb, des d\u00e9fis Cerisaie de Co-Sportners et du sport boules avec la CRO LYON. En fin d&rsquo;\u00e9v\u00e9nement, beau concert de Claire Days et un set DJ de Solar Dj uniquement fourni avec panneaux photovolta\u00efques. \u00a0\u00bb confie <span style=\"text-decoration: underline\">Florent Tosello<\/span> (Pr\u00e9sident de l&rsquo;Office des sports de Lyon 4\u00b0 et charg\u00e9 de l&rsquo;organisation)<br \/><\/span><\/div>\n<\/blockquote>\n<\/div>\n<\/div>\n<\/div>\n<\/div>\n<\/div>\n<\/div>\n<\/div>\n<\/div>\n<\/div>\n<div>\u00a0<\/div>\n<div>\n<div id='gallery-1' class='gallery galleryid-78819 gallery-columns-3 gallery-size-thumbnail'><figure class='gallery-item'>\n\t\t\t<div class='gallery-icon portrait'>\n\t\t\t\t<a href='https:\/\/newsestlyonnais.fr\/site\/newsestlyonnais-4-cerisaie\/'><img loading=\"lazy\" decoding=\"async\" width=\"150\" height=\"150\" src=\"https:\/\/newsestlyonnais.fr\/site\/wp-content\/uploads\/2019\/03\/NEWSESTLYONNAIS-4\u00b0-CERISAIE-150x150.jpg\" class=\"attachment-thumbnail size-thumbnail\" alt=\"NEWSESTLYONNAIS 4\u00b0 CERISAIE\" aria-describedby=\"gallery-1-73692\" \/><\/a>\n\t\t\t<\/div>\n\t\t\t\t<figcaption class='wp-caption-text gallery-caption' id='gallery-1-73692'>\n\t\t\t\t L&rsquo;affiche de l&rsquo;\u00e9v\u00e8nement\n\t\t\t\t<\/figcaption><\/figure><figure class='gallery-item'>\n\t\t\t<div class='gallery-icon landscape'>\n\t\t\t\t<a href='https:\/\/newsestlyonnais.fr\/site\/2019\/07\/05\/lyon-cerisaie-en-sport-et-en-fete\/newsestlyonnais-cerisaie-2019-01\/'><img loading=\"lazy\" decoding=\"async\" width=\"150\" height=\"150\" src=\"https:\/\/newsestlyonnais.fr\/site\/wp-content\/uploads\/2019\/07\/NEWSESTLYONNAIS-CERISAIE-2019-01-150x150.jpg\" class=\"attachment-thumbnail size-thumbnail\" alt=\"\" \/><\/a>\n\t\t\t<\/div><\/figure><figure class='gallery-item'>\n\t\t\t<div class='gallery-icon landscape'>\n\t\t\t\t<a href='https:\/\/newsestlyonnais.fr\/site\/2019\/07\/05\/lyon-cerisaie-en-sport-et-en-fete\/newsestlyonnais-cerisaie-2019-03\/'><img loading=\"lazy\" decoding=\"async\" width=\"150\" height=\"150\" src=\"https:\/\/newsestlyonnais.fr\/site\/wp-content\/uploads\/2019\/07\/NEWSESTLYONNAIS-CERISAIE-2019-03-150x150.jpg\" class=\"attachment-thumbnail size-thumbnail\" alt=\"\" aria-describedby=\"gallery-1-78826\" \/><\/a>\n\t\t\t<\/div>\n\t\t\t\t<figcaption class='wp-caption-text gallery-caption' id='gallery-1-78826'>\n\t\t\t\tOn pouvait se tester au sabre cor\u00e9en\n\t\t\t\t<\/figcaption><\/figure><figure class='gallery-item'>\n\t\t\t<div class='gallery-icon landscape'>\n\t\t\t\t<a href='https:\/\/newsestlyonnais.fr\/site\/2019\/07\/05\/lyon-cerisaie-en-sport-et-en-fete\/newsestlyonnais-cerisaie-2019-05\/'><img loading=\"lazy\" decoding=\"async\" width=\"150\" height=\"150\" src=\"https:\/\/newsestlyonnais.fr\/site\/wp-content\/uploads\/2019\/07\/NEWSESTLYONNAIS-CERISAIE-2019-05-150x150.jpg\" class=\"attachment-thumbnail size-thumbnail\" alt=\"\" aria-describedby=\"gallery-1-78828\" \/><\/a>\n\t\t\t<\/div>\n\t\t\t\t<figcaption class='wp-caption-text gallery-caption' id='gallery-1-78828'>\n\t\t\t\t       au bike polo\n\t\t\t\t<\/figcaption><\/figure><figure class='gallery-item'>\n\t\t\t<div class='gallery-icon landscape'>\n\t\t\t\t<a href='https:\/\/newsestlyonnais.fr\/site\/2019\/07\/05\/lyon-cerisaie-en-sport-et-en-fete\/newsestlyonnais-cerisaie-2019-06\/'><img loading=\"lazy\" decoding=\"async\" width=\"150\" height=\"150\" src=\"https:\/\/newsestlyonnais.fr\/site\/wp-content\/uploads\/2019\/07\/NEWSESTLYONNAIS-CERISAIE-2019-06-150x150.jpg\" class=\"attachment-thumbnail size-thumbnail\" alt=\"\" aria-describedby=\"gallery-1-78829\" \/><\/a>\n\t\t\t<\/div>\n\t\t\t\t<figcaption class='wp-caption-text gallery-caption' id='gallery-1-78829'>\n\t\t\t\t         au golf street\n\t\t\t\t<\/figcaption><\/figure><figure class='gallery-item'>\n\t\t\t<div class='gallery-icon landscape'>\n\t\t\t\t<a href='https:\/\/newsestlyonnais.fr\/site\/2019\/07\/05\/lyon-cerisaie-en-sport-et-en-fete\/newsestlyonnais-cerisaie-2019-07\/'><img loading=\"lazy\" decoding=\"async\" width=\"150\" height=\"150\" src=\"https:\/\/newsestlyonnais.fr\/site\/wp-content\/uploads\/2019\/07\/NEWSESTLYONNAIS-CERISAIE-2019-07-150x150.jpg\" class=\"attachment-thumbnail size-thumbnail\" alt=\"\" aria-describedby=\"gallery-1-78830\" \/><\/a>\n\t\t\t<\/div>\n\t\t\t\t<figcaption class='wp-caption-text gallery-caption' id='gallery-1-78830'>\n\t\t\t\t \u00e0 la boxe anglaise \u00e9ducative\n\t\t\t\t<\/figcaption><\/figure><figure class='gallery-item'>\n\t\t\t<div class='gallery-icon portrait'>\n\t\t\t\t<a href='https:\/\/newsestlyonnais.fr\/site\/2019\/07\/05\/lyon-cerisaie-en-sport-et-en-fete\/newsestlyonnais-cerisaie-2019-08\/'><img loading=\"lazy\" decoding=\"async\" width=\"150\" height=\"150\" src=\"https:\/\/newsestlyonnais.fr\/site\/wp-content\/uploads\/2019\/07\/NEWSESTLYONNAIS-CERISAIE-2019-08-150x150.jpg\" class=\"attachment-thumbnail size-thumbnail\" alt=\"\" aria-describedby=\"gallery-1-78831\" \/><\/a>\n\t\t\t<\/div>\n\t\t\t\t<figcaption class='wp-caption-text gallery-caption' id='gallery-1-78831'>\n\t\t\t\t  \u00e0 l&rsquo;escalade sur un mini-bloc \n\t\t\t\t<\/figcaption><\/figure>\n\t\t<\/div>\n\n<\/div>\n<div>\u00a0<\/div>\n<div>\u00a0<\/div>\n<div>\u00a0<\/div>\n<div>\u00a0<\/div>\n<div>\u00a0<\/div>\n<div>\u00a0<\/div>\n<div>\u00a0<\/div>\n<div>\u00a0<\/div>\n<div>\u00a0<\/div>\n<div>\u00a0<\/div>\n<div>\u00a0<\/div>\n<div>\u00a0<\/div>\n","protected":false},"excerpt":{"rendered":"<p>Pr\u00e8s de 3.000 visiteurs enregistr\u00e9s pour la 4\u00b0 \u00e9dition d\u00e9roul\u00e9e le dernier samedi de juin sur le site croix-roussien du Parc de la Cerisaie.<\/p>\n","protected":false},"author":4,"featured_media":78823,"comment_status":"open","ping_status":"open","sticky":false,"template":"","format":"standard","meta":{"footnotes":""},"categories":[574,166,1625],"tags":[2543,2077],"class_list":["post-78819","post","type-post","status-publish","format-standard","has-post-thumbnail","hentry","category-autres-sports","category-divers-sports","category-lyon","tag-cerisaie-en-sports","tag-lyon"],"yoast_head":"<!-- This site is optimized with the Yoast SEO plugin v27.2 - https:\/\/yoast.com\/product\/yoast-seo-wordpress\/ -->\n<title>LYON 4 | Cerisaie en sports et en f\u00eate - News Est Lyonnais<\/title>\n<meta name=\"description\" content=\"Cerisaie en sports et en f\u00eate. Pr\u00e8s de 3.000 visiteurs pour la 4\u00b0 \u00e9dition dernier samedi de juin sur le site croix-roussien du Parc de la Cerisaie.\" \/>\n<meta name=\"robots\" content=\"index, follow, max-snippet:-1, max-image-preview:large, max-video-preview:-1\" \/>\n<link rel=\"canonical\" href=\"https:\/\/newsestlyonnais.fr\/site\/2019\/07\/05\/lyon-cerisaie-en-sport-et-en-fete\/\" \/>\n<meta property=\"og:locale\" content=\"fr_FR\" \/>\n<meta property=\"og:type\" content=\"article\" \/>\n<meta property=\"og:title\" content=\"LYON 4 | Cerisaie en sports et en f\u00eate - News Est Lyonnais\" \/>\n<meta property=\"og:description\" content=\"Cerisaie en sports et en f\u00eate. Pr\u00e8s de 3.000 visiteurs pour la 4\u00b0 \u00e9dition dernier samedi de juin sur le site croix-roussien du Parc de la Cerisaie.\" \/>\n<meta property=\"og:url\" content=\"https:\/\/newsestlyonnais.fr\/site\/2019\/07\/05\/lyon-cerisaie-en-sport-et-en-fete\/\" \/>\n<meta property=\"og:site_name\" content=\"News Est Lyonnais\" \/>\n<meta property=\"article:author\" content=\"https:\/\/www.facebook.com\/pascal.oberson.1?fref=ts\" \/>\n<meta property=\"article:published_time\" content=\"2019-07-05T05:31:29+00:00\" \/>\n<meta property=\"article:modified_time\" content=\"2020-11-15T11:35:04+00:00\" \/>\n<meta property=\"og:image\" content=\"https:\/\/newsestlyonnais.fr\/site\/wp-content\/uploads\/2019\/07\/NEWSESTLYONNAIS-CERISAIE-2019-02-1000x750.jpg\" \/>\n\t<meta property=\"og:image:width\" content=\"1000\" \/>\n\t<meta property=\"og:image:height\" content=\"750\" \/>\n\t<meta property=\"og:image:type\" content=\"image\/jpeg\" \/>\n<meta name=\"author\" content=\"R\u00e9dac. NEWS\" \/>\n<meta name=\"twitter:card\" content=\"summary_large_image\" \/>\n<meta name=\"twitter:label1\" content=\"\u00c9crit par\" \/>\n\t<meta name=\"twitter:data1\" content=\"R\u00e9dac. NEWS\" \/>\n\t<meta name=\"twitter:label2\" content=\"Dur\u00e9e de lecture estim\u00e9e\" \/>\n\t<meta name=\"twitter:data2\" content=\"1 minute\" \/>\n<script type=\"application\/ld+json\" class=\"yoast-schema-graph\">{\"@context\":\"https:\/\/schema.org\",\"@graph\":[{\"@type\":\"Article\",\"@id\":\"https:\/\/newsestlyonnais.fr\/site\/2019\/07\/05\/lyon-cerisaie-en-sport-et-en-fete\/#article\",\"isPartOf\":{\"@id\":\"https:\/\/newsestlyonnais.fr\/site\/2019\/07\/05\/lyon-cerisaie-en-sport-et-en-fete\/\"},\"author\":{\"name\":\"R\u00e9dac. NEWS\",\"@id\":\"https:\/\/newsestlyonnais.fr\/site\/#\/schema\/person\/3230d5615f390bb808365d673001e887\"},\"headline\":\"LYON 4 | Cerisaie en sports et en f\u00eate\",\"datePublished\":\"2019-07-05T05:31:29+00:00\",\"dateModified\":\"2020-11-15T11:35:04+00:00\",\"mainEntityOfPage\":{\"@id\":\"https:\/\/newsestlyonnais.fr\/site\/2019\/07\/05\/lyon-cerisaie-en-sport-et-en-fete\/\"},\"wordCount\":248,\"commentCount\":0,\"publisher\":{\"@id\":\"https:\/\/newsestlyonnais.fr\/site\/#organization\"},\"image\":{\"@id\":\"https:\/\/newsestlyonnais.fr\/site\/2019\/07\/05\/lyon-cerisaie-en-sport-et-en-fete\/#primaryimage\"},\"thumbnailUrl\":\"https:\/\/newsestlyonnais.fr\/site\/wp-content\/uploads\/2019\/07\/NEWSESTLYONNAIS-CERISAIE-2019-02.jpg\",\"keywords\":[\"CERISAIE EN SPORTS\",\"LYON\"],\"articleSection\":[\"Autres sports\",\"Divers Sports\",\"Lyon\"],\"inLanguage\":\"fr-FR\",\"potentialAction\":[{\"@type\":\"CommentAction\",\"name\":\"Comment\",\"target\":[\"https:\/\/newsestlyonnais.fr\/site\/2019\/07\/05\/lyon-cerisaie-en-sport-et-en-fete\/#respond\"]}]},{\"@type\":\"WebPage\",\"@id\":\"https:\/\/newsestlyonnais.fr\/site\/2019\/07\/05\/lyon-cerisaie-en-sport-et-en-fete\/\",\"url\":\"https:\/\/newsestlyonnais.fr\/site\/2019\/07\/05\/lyon-cerisaie-en-sport-et-en-fete\/\",\"name\":\"LYON 4 | Cerisaie en sports et en f\u00eate - News Est Lyonnais\",\"isPartOf\":{\"@id\":\"https:\/\/newsestlyonnais.fr\/site\/#website\"},\"primaryImageOfPage\":{\"@id\":\"https:\/\/newsestlyonnais.fr\/site\/2019\/07\/05\/lyon-cerisaie-en-sport-et-en-fete\/#primaryimage\"},\"image\":{\"@id\":\"https:\/\/newsestlyonnais.fr\/site\/2019\/07\/05\/lyon-cerisaie-en-sport-et-en-fete\/#primaryimage\"},\"thumbnailUrl\":\"https:\/\/newsestlyonnais.fr\/site\/wp-content\/uploads\/2019\/07\/NEWSESTLYONNAIS-CERISAIE-2019-02.jpg\",\"datePublished\":\"2019-07-05T05:31:29+00:00\",\"dateModified\":\"2020-11-15T11:35:04+00:00\",\"description\":\"Cerisaie en sports et en f\u00eate. Pr\u00e8s de 3.000 visiteurs pour la 4\u00b0 \u00e9dition dernier samedi de juin sur le site croix-roussien du Parc de la Cerisaie.\",\"breadcrumb\":{\"@id\":\"https:\/\/newsestlyonnais.fr\/site\/2019\/07\/05\/lyon-cerisaie-en-sport-et-en-fete\/#breadcrumb\"},\"inLanguage\":\"fr-FR\",\"potentialAction\":[{\"@type\":\"ReadAction\",\"target\":[\"https:\/\/newsestlyonnais.fr\/site\/2019\/07\/05\/lyon-cerisaie-en-sport-et-en-fete\/\"]}]},{\"@type\":\"ImageObject\",\"inLanguage\":\"fr-FR\",\"@id\":\"https:\/\/newsestlyonnais.fr\/site\/2019\/07\/05\/lyon-cerisaie-en-sport-et-en-fete\/#primaryimage\",\"url\":\"https:\/\/newsestlyonnais.fr\/site\/wp-content\/uploads\/2019\/07\/NEWSESTLYONNAIS-CERISAIE-2019-02.jpg\",\"contentUrl\":\"https:\/\/newsestlyonnais.fr\/site\/wp-content\/uploads\/2019\/07\/NEWSESTLYONNAIS-CERISAIE-2019-02.jpg\",\"width\":4608,\"height\":3456},{\"@type\":\"BreadcrumbList\",\"@id\":\"https:\/\/newsestlyonnais.fr\/site\/2019\/07\/05\/lyon-cerisaie-en-sport-et-en-fete\/#breadcrumb\",\"itemListElement\":[{\"@type\":\"ListItem\",\"position\":1,\"name\":\"Accueil\",\"item\":\"https:\/\/newsestlyonnais.fr\/site\/\"},{\"@type\":\"ListItem\",\"position\":2,\"name\":\"LYON 4 | Cerisaie en sports et en f\u00eate\"}]},{\"@type\":\"WebSite\",\"@id\":\"https:\/\/newsestlyonnais.fr\/site\/#website\",\"url\":\"https:\/\/newsestlyonnais.fr\/site\/\",\"name\":\"News Est Lyonnais\",\"description\":\"L&#039;actualit\u00e9 au plus pr\u00e8s\",\"publisher\":{\"@id\":\"https:\/\/newsestlyonnais.fr\/site\/#organization\"},\"potentialAction\":[{\"@type\":\"SearchAction\",\"target\":{\"@type\":\"EntryPoint\",\"urlTemplate\":\"https:\/\/newsestlyonnais.fr\/site\/?s={search_term_string}\"},\"query-input\":{\"@type\":\"PropertyValueSpecification\",\"valueRequired\":true,\"valueName\":\"search_term_string\"}}],\"inLanguage\":\"fr-FR\"},{\"@type\":\"Organization\",\"@id\":\"https:\/\/newsestlyonnais.fr\/site\/#organization\",\"name\":\"News EST LYONNAIS\",\"url\":\"https:\/\/newsestlyonnais.fr\/site\/\",\"logo\":{\"@type\":\"ImageObject\",\"inLanguage\":\"fr-FR\",\"@id\":\"https:\/\/newsestlyonnais.fr\/site\/#\/schema\/logo\/image\/\",\"url\":\"\",\"contentUrl\":\"\",\"caption\":\"News EST LYONNAIS\"},\"image\":{\"@id\":\"https:\/\/newsestlyonnais.fr\/site\/#\/schema\/logo\/image\/\"}},{\"@type\":\"Person\",\"@id\":\"https:\/\/newsestlyonnais.fr\/site\/#\/schema\/person\/3230d5615f390bb808365d673001e887\",\"name\":\"R\u00e9dac. NEWS\",\"sameAs\":[\"http:\/\/www.newsestlyonnais.fr\",\"https:\/\/www.facebook.com\/pascal.oberson.1?fref=ts\",\"https:\/\/fr.linkedin.com\/in\/pascal-oberson-b17045113\"],\"url\":\"https:\/\/newsestlyonnais.fr\/site\/author\/nel\/\"}]}<\/script>\n<!-- \/ Yoast SEO plugin. -->","yoast_head_json":{"title":"LYON 4 | Cerisaie en sports et en f\u00eate - News Est Lyonnais","description":"Cerisaie en sports et en f\u00eate. Pr\u00e8s de 3.000 visiteurs pour la 4\u00b0 \u00e9dition dernier samedi de juin sur le site croix-roussien du Parc de la Cerisaie.","robots":{"index":"index","follow":"follow","max-snippet":"max-snippet:-1","max-image-preview":"max-image-preview:large","max-video-preview":"max-video-preview:-1"},"canonical":"https:\/\/newsestlyonnais.fr\/site\/2019\/07\/05\/lyon-cerisaie-en-sport-et-en-fete\/","og_locale":"fr_FR","og_type":"article","og_title":"LYON 4 | Cerisaie en sports et en f\u00eate - News Est Lyonnais","og_description":"Cerisaie en sports et en f\u00eate. Pr\u00e8s de 3.000 visiteurs pour la 4\u00b0 \u00e9dition dernier samedi de juin sur le site croix-roussien du Parc de la Cerisaie.","og_url":"https:\/\/newsestlyonnais.fr\/site\/2019\/07\/05\/lyon-cerisaie-en-sport-et-en-fete\/","og_site_name":"News Est Lyonnais","article_author":"https:\/\/www.facebook.com\/pascal.oberson.1?fref=ts","article_published_time":"2019-07-05T05:31:29+00:00","article_modified_time":"2020-11-15T11:35:04+00:00","og_image":[{"width":1000,"height":750,"url":"https:\/\/newsestlyonnais.fr\/site\/wp-content\/uploads\/2019\/07\/NEWSESTLYONNAIS-CERISAIE-2019-02-1000x750.jpg","type":"image\/jpeg"}],"author":"R\u00e9dac. NEWS","twitter_card":"summary_large_image","twitter_misc":{"\u00c9crit par":"R\u00e9dac. NEWS","Dur\u00e9e de lecture estim\u00e9e":"1 minute"},"schema":{"@context":"https:\/\/schema.org","@graph":[{"@type":"Article","@id":"https:\/\/newsestlyonnais.fr\/site\/2019\/07\/05\/lyon-cerisaie-en-sport-et-en-fete\/#article","isPartOf":{"@id":"https:\/\/newsestlyonnais.fr\/site\/2019\/07\/05\/lyon-cerisaie-en-sport-et-en-fete\/"},"author":{"name":"R\u00e9dac. NEWS","@id":"https:\/\/newsestlyonnais.fr\/site\/#\/schema\/person\/3230d5615f390bb808365d673001e887"},"headline":"LYON 4 | Cerisaie en sports et en f\u00eate","datePublished":"2019-07-05T05:31:29+00:00","dateModified":"2020-11-15T11:35:04+00:00","mainEntityOfPage":{"@id":"https:\/\/newsestlyonnais.fr\/site\/2019\/07\/05\/lyon-cerisaie-en-sport-et-en-fete\/"},"wordCount":248,"commentCount":0,"publisher":{"@id":"https:\/\/newsestlyonnais.fr\/site\/#organization"},"image":{"@id":"https:\/\/newsestlyonnais.fr\/site\/2019\/07\/05\/lyon-cerisaie-en-sport-et-en-fete\/#primaryimage"},"thumbnailUrl":"https:\/\/newsestlyonnais.fr\/site\/wp-content\/uploads\/2019\/07\/NEWSESTLYONNAIS-CERISAIE-2019-02.jpg","keywords":["CERISAIE EN SPORTS","LYON"],"articleSection":["Autres sports","Divers Sports","Lyon"],"inLanguage":"fr-FR","potentialAction":[{"@type":"CommentAction","name":"Comment","target":["https:\/\/newsestlyonnais.fr\/site\/2019\/07\/05\/lyon-cerisaie-en-sport-et-en-fete\/#respond"]}]},{"@type":"WebPage","@id":"https:\/\/newsestlyonnais.fr\/site\/2019\/07\/05\/lyon-cerisaie-en-sport-et-en-fete\/","url":"https:\/\/newsestlyonnais.fr\/site\/2019\/07\/05\/lyon-cerisaie-en-sport-et-en-fete\/","name":"LYON 4 | Cerisaie en sports et en f\u00eate - News Est Lyonnais","isPartOf":{"@id":"https:\/\/newsestlyonnais.fr\/site\/#website"},"primaryImageOfPage":{"@id":"https:\/\/newsestlyonnais.fr\/site\/2019\/07\/05\/lyon-cerisaie-en-sport-et-en-fete\/#primaryimage"},"image":{"@id":"https:\/\/newsestlyonnais.fr\/site\/2019\/07\/05\/lyon-cerisaie-en-sport-et-en-fete\/#primaryimage"},"thumbnailUrl":"https:\/\/newsestlyonnais.fr\/site\/wp-content\/uploads\/2019\/07\/NEWSESTLYONNAIS-CERISAIE-2019-02.jpg","datePublished":"2019-07-05T05:31:29+00:00","dateModified":"2020-11-15T11:35:04+00:00","description":"Cerisaie en sports et en f\u00eate. Pr\u00e8s de 3.000 visiteurs pour la 4\u00b0 \u00e9dition dernier samedi de juin sur le site croix-roussien du Parc de la Cerisaie.","breadcrumb":{"@id":"https:\/\/newsestlyonnais.fr\/site\/2019\/07\/05\/lyon-cerisaie-en-sport-et-en-fete\/#breadcrumb"},"inLanguage":"fr-FR","potentialAction":[{"@type":"ReadAction","target":["https:\/\/newsestlyonnais.fr\/site\/2019\/07\/05\/lyon-cerisaie-en-sport-et-en-fete\/"]}]},{"@type":"ImageObject","inLanguage":"fr-FR","@id":"https:\/\/newsestlyonnais.fr\/site\/2019\/07\/05\/lyon-cerisaie-en-sport-et-en-fete\/#primaryimage","url":"https:\/\/newsestlyonnais.fr\/site\/wp-content\/uploads\/2019\/07\/NEWSESTLYONNAIS-CERISAIE-2019-02.jpg","contentUrl":"https:\/\/newsestlyonnais.fr\/site\/wp-content\/uploads\/2019\/07\/NEWSESTLYONNAIS-CERISAIE-2019-02.jpg","width":4608,"height":3456},{"@type":"BreadcrumbList","@id":"https:\/\/newsestlyonnais.fr\/site\/2019\/07\/05\/lyon-cerisaie-en-sport-et-en-fete\/#breadcrumb","itemListElement":[{"@type":"ListItem","position":1,"name":"Accueil","item":"https:\/\/newsestlyonnais.fr\/site\/"},{"@type":"ListItem","position":2,"name":"LYON 4 | Cerisaie en sports et en f\u00eate"}]},{"@type":"WebSite","@id":"https:\/\/newsestlyonnais.fr\/site\/#website","url":"https:\/\/newsestlyonnais.fr\/site\/","name":"News Est Lyonnais","description":"L&#039;actualit\u00e9 au plus pr\u00e8s","publisher":{"@id":"https:\/\/newsestlyonnais.fr\/site\/#organization"},"potentialAction":[{"@type":"SearchAction","target":{"@type":"EntryPoint","urlTemplate":"https:\/\/newsestlyonnais.fr\/site\/?s={search_term_string}"},"query-input":{"@type":"PropertyValueSpecification","valueRequired":true,"valueName":"search_term_string"}}],"inLanguage":"fr-FR"},{"@type":"Organization","@id":"https:\/\/newsestlyonnais.fr\/site\/#organization","name":"News EST LYONNAIS","url":"https:\/\/newsestlyonnais.fr\/site\/","logo":{"@type":"ImageObject","inLanguage":"fr-FR","@id":"https:\/\/newsestlyonnais.fr\/site\/#\/schema\/logo\/image\/","url":"","contentUrl":"","caption":"News EST LYONNAIS"},"image":{"@id":"https:\/\/newsestlyonnais.fr\/site\/#\/schema\/logo\/image\/"}},{"@type":"Person","@id":"https:\/\/newsestlyonnais.fr\/site\/#\/schema\/person\/3230d5615f390bb808365d673001e887","name":"R\u00e9dac. NEWS","sameAs":["http:\/\/www.newsestlyonnais.fr","https:\/\/www.facebook.com\/pascal.oberson.1?fref=ts","https:\/\/fr.linkedin.com\/in\/pascal-oberson-b17045113"],"url":"https:\/\/newsestlyonnais.fr\/site\/author\/nel\/"}]}},"_links":{"self":[{"href":"https:\/\/newsestlyonnais.fr\/site\/wp-json\/wp\/v2\/posts\/78819","targetHints":{"allow":["GET"]}}],"collection":[{"href":"https:\/\/newsestlyonnais.fr\/site\/wp-json\/wp\/v2\/posts"}],"about":[{"href":"https:\/\/newsestlyonnais.fr\/site\/wp-json\/wp\/v2\/types\/post"}],"author":[{"embeddable":true,"href":"https:\/\/newsestlyonnais.fr\/site\/wp-json\/wp\/v2\/users\/4"}],"replies":[{"embeddable":true,"href":"https:\/\/newsestlyonnais.fr\/site\/wp-json\/wp\/v2\/comments?post=78819"}],"version-history":[{"count":0,"href":"https:\/\/newsestlyonnais.fr\/site\/wp-json\/wp\/v2\/posts\/78819\/revisions"}],"wp:featuredmedia":[{"embeddable":true,"href":"https:\/\/newsestlyonnais.fr\/site\/wp-json\/wp\/v2\/media\/78823"}],"wp:attachment":[{"href":"https:\/\/newsestlyonnais.fr\/site\/wp-json\/wp\/v2\/media?parent=78819"}],"wp:term":[{"taxonomy":"category","embeddable":true,"href":"https:\/\/newsestlyonnais.fr\/site\/wp-json\/wp\/v2\/categories?post=78819"},{"taxonomy":"post_tag","embeddable":true,"href":"https:\/\/newsestlyonnais.fr\/site\/wp-json\/wp\/v2\/tags?post=78819"}],"curies":[{"name":"wp","href":"https:\/\/api.w.org\/{rel}","templated":true}]}}