{"id":78922,"date":"2019-07-03T07:02:39","date_gmt":"2019-07-03T06:02:39","guid":{"rendered":"http:\/\/newsestlyonnais.fr\/site\/?p=78922"},"modified":"2020-10-22T09:07:54","modified_gmt":"2020-10-22T08:07:54","slug":"miribel-jonage-5","status":"publish","type":"post","link":"https:\/\/newsestlyonnais.fr\/site\/2019\/07\/03\/miribel-jonage-5\/","title":{"rendered":"MIRIBEL-JONAGE : \u00ab Livres \u00e0 l\u2019eau \u00bb de retour"},"content":{"rendered":"\n<p><strong>Le Grand Parc Miribel Jonage accueille la biblioth\u00e8que estivale \u00ab Livres \u00e0 l\u2019eau \u00bb du mercredi 10 au dimanche 21 juillet.<\/strong><\/p>\n<p>Un \u00e9v\u00e9nement labellis\u00e9 Centre National du Livre <strong>dans le cadre de l\u2019 op\u00e9ration nationale \u00ab Partir en livre \u00bb<\/strong>, qui offre au public un moment de d\u00e9tente et d\u2019\u00e9vasion autour de la lecture.<\/p>\n<p><strong><em>LIVRES \u00c0 L\u2019EAU investit 2 lieux<\/em><\/strong> : <\/p>\n<ul>\n<li>Une v\u00e9ritable biblioth\u00e8que d\u2019\u00e9t\u00e9 s\u2019installera sur <strong>la plage du Fontanil<\/strong>, et offrira au public un moment de d\u00e9tente et d\u2019\u00e9vasion. A l\u2019ombre des arbres, sous une tente berb\u00e8re, sur des coussins ou transats, parents et enfants auront acc\u00e8s tous les apr\u00e8s-midis (de 15 h \u00e0 19 h) \u00e0 un large choix de livres (BD, mangas, albums, magazines) ainsi qu\u2019\u00e0 la presse quotidienne. Des activit\u00e9s pour petits et grands seront organis\u00e9es tout au long de l\u2019\u00e9v\u00e9nement. <br \/><span style=\"text-decoration: underline\">Nouveaut\u00e9s cette ann\u00e9e<\/span> : Les vendredi 12, samedi 13 et dimanche 14 juillet : ateliers d\u2019illustration, contes sonores et\u00a0 spectacle autour de l\u2019histoire \u00ab La dr\u00f4le d\u2019histoire de Joey \u00bb gr\u00e2ce au partenariat avec la maison d\u2019\u00e9dition \u00ab\u00a0Trois Petits Points\u00a0\u00bb.<\/li>\n<li>Du c\u00f4t\u00e9 de l\u2019<strong>Aire de jeux du castor<\/strong>, un <strong>bibliobus<\/strong> sera pr\u00e9sent les mercredis 10 et 17 juillet, les vendredis 12 et 19 et les samedis 13 et 20, (de 15 h \u00e0 19 h). Celui-ci proposera un espace avec des lectures sp\u00e9cialement s\u00e9lectionn\u00e9es pour les familles ainsi que des animations telles que le Kamishiba\u00ef et le tapis lecture.<\/li>\n<\/ul>\n<p><span style=\"text-decoration: underline\"><strong><em><span id=\"agenda-gros-prix\">Gratuit. <\/span>Pour tous. En famille. D\u00e8s 3 ans.<\/em><\/strong><\/span><\/p>\n","protected":false},"excerpt":{"rendered":"<p>Le Grand Parc Miribel Jonage accueille la biblioth\u00e8que estivale \u00ab Livres \u00e0 l\u2019eau \u00bb du mercredi 10 au dimanche 21 juillet.<\/p>\n","protected":false},"author":4,"featured_media":78856,"comment_status":"open","ping_status":"open","sticky":false,"template":"","format":"standard","meta":{"footnotes":""},"categories":[30,2983,28],"tags":[2857,2234],"class_list":["post-78922","post","type-post","status-publish","format-standard","has-post-thumbnail","hentry","category-a-la-une","category-litterature-bd-mags-2","category-vaulx-en-velin","tag-livre","tag-miribel-jonage"],"yoast_head":"<!-- This site is optimized with the Yoast SEO plugin v27.2 - https:\/\/yoast.com\/product\/yoast-seo-wordpress\/ -->\n<title>MIRIBEL-JONAGE : \u00ab Livres \u00e0 l\u2019eau \u00bb de retour - News Est Lyonnais<\/title>\n<meta name=\"description\" content=\"MIRIBEL-JONAGE : \u00ab Livres \u00e0 l\u2019eau \u00bb de retour. Le Grand Parc Miribel Jonage accueille la biblioth\u00e8que estivale du mercredi 10 au dimanche 21 juillet.\" \/>\n<meta name=\"robots\" content=\"index, follow, max-snippet:-1, max-image-preview:large, max-video-preview:-1\" \/>\n<link rel=\"canonical\" href=\"https:\/\/newsestlyonnais.fr\/site\/2019\/07\/03\/miribel-jonage-5\/\" \/>\n<meta property=\"og:locale\" content=\"fr_FR\" \/>\n<meta property=\"og:type\" content=\"article\" \/>\n<meta property=\"og:title\" content=\"MIRIBEL-JONAGE : \u00ab Livres \u00e0 l\u2019eau \u00bb de retour - News Est Lyonnais\" \/>\n<meta property=\"og:description\" content=\"MIRIBEL-JONAGE : \u00ab Livres \u00e0 l\u2019eau \u00bb de retour. Le Grand Parc Miribel Jonage accueille la biblioth\u00e8que estivale du mercredi 10 au dimanche 21 juillet.\" \/>\n<meta property=\"og:url\" content=\"https:\/\/newsestlyonnais.fr\/site\/2019\/07\/03\/miribel-jonage-5\/\" \/>\n<meta property=\"og:site_name\" content=\"News Est Lyonnais\" \/>\n<meta property=\"article:author\" content=\"https:\/\/www.facebook.com\/pascal.oberson.1?fref=ts\" \/>\n<meta property=\"article:published_time\" content=\"2019-07-03T06:02:39+00:00\" \/>\n<meta property=\"article:modified_time\" content=\"2020-10-22T08:07:54+00:00\" \/>\n<meta property=\"og:image\" content=\"https:\/\/i0.wp.com\/newsestlyonnais.fr\/site\/wp-content\/uploads\/2019\/07\/livres-a-l-eau-2019.jpg?fit=960%2C640&ssl=1\" \/>\n\t<meta property=\"og:image:width\" content=\"960\" \/>\n\t<meta property=\"og:image:height\" content=\"640\" \/>\n\t<meta property=\"og:image:type\" content=\"image\/jpeg\" \/>\n<meta name=\"author\" content=\"R\u00e9dac. NEWS\" \/>\n<meta name=\"twitter:card\" content=\"summary_large_image\" \/>\n<meta name=\"twitter:label1\" content=\"\u00c9crit par\" \/>\n\t<meta name=\"twitter:data1\" content=\"R\u00e9dac. NEWS\" \/>\n\t<meta name=\"twitter:label2\" content=\"Dur\u00e9e de lecture estim\u00e9e\" \/>\n\t<meta name=\"twitter:data2\" content=\"1 minute\" \/>\n<script type=\"application\/ld+json\" class=\"yoast-schema-graph\">{\"@context\":\"https:\/\/schema.org\",\"@graph\":[{\"@type\":\"Article\",\"@id\":\"https:\/\/newsestlyonnais.fr\/site\/2019\/07\/03\/miribel-jonage-5\/#article\",\"isPartOf\":{\"@id\":\"https:\/\/newsestlyonnais.fr\/site\/2019\/07\/03\/miribel-jonage-5\/\"},\"author\":{\"name\":\"R\u00e9dac. NEWS\",\"@id\":\"https:\/\/newsestlyonnais.fr\/site\/#\/schema\/person\/3230d5615f390bb808365d673001e887\"},\"headline\":\"MIRIBEL-JONAGE : \u00ab Livres \u00e0 l\u2019eau \u00bb de retour\",\"datePublished\":\"2019-07-03T06:02:39+00:00\",\"dateModified\":\"2020-10-22T08:07:54+00:00\",\"mainEntityOfPage\":{\"@id\":\"https:\/\/newsestlyonnais.fr\/site\/2019\/07\/03\/miribel-jonage-5\/\"},\"wordCount\":254,\"commentCount\":0,\"publisher\":{\"@id\":\"https:\/\/newsestlyonnais.fr\/site\/#organization\"},\"image\":{\"@id\":\"https:\/\/newsestlyonnais.fr\/site\/2019\/07\/03\/miribel-jonage-5\/#primaryimage\"},\"thumbnailUrl\":\"https:\/\/newsestlyonnais.fr\/site\/wp-content\/uploads\/2019\/07\/livres-a-l-eau-2019.jpg\",\"keywords\":[\"LIVRE\",\"MIRIBEL JONAGE\"],\"articleSection\":[\"\u00e0 la une\",\"Litt\u00e9rature | Bd | Mags\",\"Vaulx-en-Velin\"],\"inLanguage\":\"fr-FR\",\"potentialAction\":[{\"@type\":\"CommentAction\",\"name\":\"Comment\",\"target\":[\"https:\/\/newsestlyonnais.fr\/site\/2019\/07\/03\/miribel-jonage-5\/#respond\"]}]},{\"@type\":\"WebPage\",\"@id\":\"https:\/\/newsestlyonnais.fr\/site\/2019\/07\/03\/miribel-jonage-5\/\",\"url\":\"https:\/\/newsestlyonnais.fr\/site\/2019\/07\/03\/miribel-jonage-5\/\",\"name\":\"MIRIBEL-JONAGE : \u00ab Livres \u00e0 l\u2019eau \u00bb de retour - News Est Lyonnais\",\"isPartOf\":{\"@id\":\"https:\/\/newsestlyonnais.fr\/site\/#website\"},\"primaryImageOfPage\":{\"@id\":\"https:\/\/newsestlyonnais.fr\/site\/2019\/07\/03\/miribel-jonage-5\/#primaryimage\"},\"image\":{\"@id\":\"https:\/\/newsestlyonnais.fr\/site\/2019\/07\/03\/miribel-jonage-5\/#primaryimage\"},\"thumbnailUrl\":\"https:\/\/newsestlyonnais.fr\/site\/wp-content\/uploads\/2019\/07\/livres-a-l-eau-2019.jpg\",\"datePublished\":\"2019-07-03T06:02:39+00:00\",\"dateModified\":\"2020-10-22T08:07:54+00:00\",\"description\":\"MIRIBEL-JONAGE : \u00ab Livres \u00e0 l\u2019eau \u00bb de retour. Le Grand Parc Miribel Jonage accueille la biblioth\u00e8que estivale du mercredi 10 au dimanche 21 juillet.\",\"breadcrumb\":{\"@id\":\"https:\/\/newsestlyonnais.fr\/site\/2019\/07\/03\/miribel-jonage-5\/#breadcrumb\"},\"inLanguage\":\"fr-FR\",\"potentialAction\":[{\"@type\":\"ReadAction\",\"target\":[\"https:\/\/newsestlyonnais.fr\/site\/2019\/07\/03\/miribel-jonage-5\/\"]}]},{\"@type\":\"ImageObject\",\"inLanguage\":\"fr-FR\",\"@id\":\"https:\/\/newsestlyonnais.fr\/site\/2019\/07\/03\/miribel-jonage-5\/#primaryimage\",\"url\":\"https:\/\/newsestlyonnais.fr\/site\/wp-content\/uploads\/2019\/07\/livres-a-l-eau-2019.jpg\",\"contentUrl\":\"https:\/\/newsestlyonnais.fr\/site\/wp-content\/uploads\/2019\/07\/livres-a-l-eau-2019.jpg\",\"width\":960,\"height\":640},{\"@type\":\"BreadcrumbList\",\"@id\":\"https:\/\/newsestlyonnais.fr\/site\/2019\/07\/03\/miribel-jonage-5\/#breadcrumb\",\"itemListElement\":[{\"@type\":\"ListItem\",\"position\":1,\"name\":\"Accueil\",\"item\":\"https:\/\/newsestlyonnais.fr\/site\/\"},{\"@type\":\"ListItem\",\"position\":2,\"name\":\"MIRIBEL-JONAGE : \u00ab Livres \u00e0 l\u2019eau \u00bb de retour\"}]},{\"@type\":\"WebSite\",\"@id\":\"https:\/\/newsestlyonnais.fr\/site\/#website\",\"url\":\"https:\/\/newsestlyonnais.fr\/site\/\",\"name\":\"News Est Lyonnais\",\"description\":\"L&#039;actualit\u00e9 au plus pr\u00e8s\",\"publisher\":{\"@id\":\"https:\/\/newsestlyonnais.fr\/site\/#organization\"},\"potentialAction\":[{\"@type\":\"SearchAction\",\"target\":{\"@type\":\"EntryPoint\",\"urlTemplate\":\"https:\/\/newsestlyonnais.fr\/site\/?s={search_term_string}\"},\"query-input\":{\"@type\":\"PropertyValueSpecification\",\"valueRequired\":true,\"valueName\":\"search_term_string\"}}],\"inLanguage\":\"fr-FR\"},{\"@type\":\"Organization\",\"@id\":\"https:\/\/newsestlyonnais.fr\/site\/#organization\",\"name\":\"News EST LYONNAIS\",\"url\":\"https:\/\/newsestlyonnais.fr\/site\/\",\"logo\":{\"@type\":\"ImageObject\",\"inLanguage\":\"fr-FR\",\"@id\":\"https:\/\/newsestlyonnais.fr\/site\/#\/schema\/logo\/image\/\",\"url\":\"\",\"contentUrl\":\"\",\"caption\":\"News EST LYONNAIS\"},\"image\":{\"@id\":\"https:\/\/newsestlyonnais.fr\/site\/#\/schema\/logo\/image\/\"}},{\"@type\":\"Person\",\"@id\":\"https:\/\/newsestlyonnais.fr\/site\/#\/schema\/person\/3230d5615f390bb808365d673001e887\",\"name\":\"R\u00e9dac. NEWS\",\"sameAs\":[\"http:\/\/www.newsestlyonnais.fr\",\"https:\/\/www.facebook.com\/pascal.oberson.1?fref=ts\",\"https:\/\/fr.linkedin.com\/in\/pascal-oberson-b17045113\"],\"url\":\"https:\/\/newsestlyonnais.fr\/site\/author\/nel\/\"}]}<\/script>\n<!-- \/ Yoast SEO plugin. -->","yoast_head_json":{"title":"MIRIBEL-JONAGE : \u00ab Livres \u00e0 l\u2019eau \u00bb de retour - News Est Lyonnais","description":"MIRIBEL-JONAGE : \u00ab Livres \u00e0 l\u2019eau \u00bb de retour. Le Grand Parc Miribel Jonage accueille la biblioth\u00e8que estivale du mercredi 10 au dimanche 21 juillet.","robots":{"index":"index","follow":"follow","max-snippet":"max-snippet:-1","max-image-preview":"max-image-preview:large","max-video-preview":"max-video-preview:-1"},"canonical":"https:\/\/newsestlyonnais.fr\/site\/2019\/07\/03\/miribel-jonage-5\/","og_locale":"fr_FR","og_type":"article","og_title":"MIRIBEL-JONAGE : \u00ab Livres \u00e0 l\u2019eau \u00bb de retour - News Est Lyonnais","og_description":"MIRIBEL-JONAGE : \u00ab Livres \u00e0 l\u2019eau \u00bb de retour. Le Grand Parc Miribel Jonage accueille la biblioth\u00e8que estivale du mercredi 10 au dimanche 21 juillet.","og_url":"https:\/\/newsestlyonnais.fr\/site\/2019\/07\/03\/miribel-jonage-5\/","og_site_name":"News Est Lyonnais","article_author":"https:\/\/www.facebook.com\/pascal.oberson.1?fref=ts","article_published_time":"2019-07-03T06:02:39+00:00","article_modified_time":"2020-10-22T08:07:54+00:00","og_image":[{"width":960,"height":640,"url":"https:\/\/i0.wp.com\/newsestlyonnais.fr\/site\/wp-content\/uploads\/2019\/07\/livres-a-l-eau-2019.jpg?fit=960%2C640&ssl=1","type":"image\/jpeg"}],"author":"R\u00e9dac. NEWS","twitter_card":"summary_large_image","twitter_misc":{"\u00c9crit par":"R\u00e9dac. NEWS","Dur\u00e9e de lecture estim\u00e9e":"1 minute"},"schema":{"@context":"https:\/\/schema.org","@graph":[{"@type":"Article","@id":"https:\/\/newsestlyonnais.fr\/site\/2019\/07\/03\/miribel-jonage-5\/#article","isPartOf":{"@id":"https:\/\/newsestlyonnais.fr\/site\/2019\/07\/03\/miribel-jonage-5\/"},"author":{"name":"R\u00e9dac. NEWS","@id":"https:\/\/newsestlyonnais.fr\/site\/#\/schema\/person\/3230d5615f390bb808365d673001e887"},"headline":"MIRIBEL-JONAGE : \u00ab Livres \u00e0 l\u2019eau \u00bb de retour","datePublished":"2019-07-03T06:02:39+00:00","dateModified":"2020-10-22T08:07:54+00:00","mainEntityOfPage":{"@id":"https:\/\/newsestlyonnais.fr\/site\/2019\/07\/03\/miribel-jonage-5\/"},"wordCount":254,"commentCount":0,"publisher":{"@id":"https:\/\/newsestlyonnais.fr\/site\/#organization"},"image":{"@id":"https:\/\/newsestlyonnais.fr\/site\/2019\/07\/03\/miribel-jonage-5\/#primaryimage"},"thumbnailUrl":"https:\/\/newsestlyonnais.fr\/site\/wp-content\/uploads\/2019\/07\/livres-a-l-eau-2019.jpg","keywords":["LIVRE","MIRIBEL JONAGE"],"articleSection":["\u00e0 la une","Litt\u00e9rature | Bd | Mags","Vaulx-en-Velin"],"inLanguage":"fr-FR","potentialAction":[{"@type":"CommentAction","name":"Comment","target":["https:\/\/newsestlyonnais.fr\/site\/2019\/07\/03\/miribel-jonage-5\/#respond"]}]},{"@type":"WebPage","@id":"https:\/\/newsestlyonnais.fr\/site\/2019\/07\/03\/miribel-jonage-5\/","url":"https:\/\/newsestlyonnais.fr\/site\/2019\/07\/03\/miribel-jonage-5\/","name":"MIRIBEL-JONAGE : \u00ab Livres \u00e0 l\u2019eau \u00bb de retour - News Est Lyonnais","isPartOf":{"@id":"https:\/\/newsestlyonnais.fr\/site\/#website"},"primaryImageOfPage":{"@id":"https:\/\/newsestlyonnais.fr\/site\/2019\/07\/03\/miribel-jonage-5\/#primaryimage"},"image":{"@id":"https:\/\/newsestlyonnais.fr\/site\/2019\/07\/03\/miribel-jonage-5\/#primaryimage"},"thumbnailUrl":"https:\/\/newsestlyonnais.fr\/site\/wp-content\/uploads\/2019\/07\/livres-a-l-eau-2019.jpg","datePublished":"2019-07-03T06:02:39+00:00","dateModified":"2020-10-22T08:07:54+00:00","description":"MIRIBEL-JONAGE : \u00ab Livres \u00e0 l\u2019eau \u00bb de retour. Le Grand Parc Miribel Jonage accueille la biblioth\u00e8que estivale du mercredi 10 au dimanche 21 juillet.","breadcrumb":{"@id":"https:\/\/newsestlyonnais.fr\/site\/2019\/07\/03\/miribel-jonage-5\/#breadcrumb"},"inLanguage":"fr-FR","potentialAction":[{"@type":"ReadAction","target":["https:\/\/newsestlyonnais.fr\/site\/2019\/07\/03\/miribel-jonage-5\/"]}]},{"@type":"ImageObject","inLanguage":"fr-FR","@id":"https:\/\/newsestlyonnais.fr\/site\/2019\/07\/03\/miribel-jonage-5\/#primaryimage","url":"https:\/\/newsestlyonnais.fr\/site\/wp-content\/uploads\/2019\/07\/livres-a-l-eau-2019.jpg","contentUrl":"https:\/\/newsestlyonnais.fr\/site\/wp-content\/uploads\/2019\/07\/livres-a-l-eau-2019.jpg","width":960,"height":640},{"@type":"BreadcrumbList","@id":"https:\/\/newsestlyonnais.fr\/site\/2019\/07\/03\/miribel-jonage-5\/#breadcrumb","itemListElement":[{"@type":"ListItem","position":1,"name":"Accueil","item":"https:\/\/newsestlyonnais.fr\/site\/"},{"@type":"ListItem","position":2,"name":"MIRIBEL-JONAGE : \u00ab Livres \u00e0 l\u2019eau \u00bb de retour"}]},{"@type":"WebSite","@id":"https:\/\/newsestlyonnais.fr\/site\/#website","url":"https:\/\/newsestlyonnais.fr\/site\/","name":"News Est Lyonnais","description":"L&#039;actualit\u00e9 au plus pr\u00e8s","publisher":{"@id":"https:\/\/newsestlyonnais.fr\/site\/#organization"},"potentialAction":[{"@type":"SearchAction","target":{"@type":"EntryPoint","urlTemplate":"https:\/\/newsestlyonnais.fr\/site\/?s={search_term_string}"},"query-input":{"@type":"PropertyValueSpecification","valueRequired":true,"valueName":"search_term_string"}}],"inLanguage":"fr-FR"},{"@type":"Organization","@id":"https:\/\/newsestlyonnais.fr\/site\/#organization","name":"News EST LYONNAIS","url":"https:\/\/newsestlyonnais.fr\/site\/","logo":{"@type":"ImageObject","inLanguage":"fr-FR","@id":"https:\/\/newsestlyonnais.fr\/site\/#\/schema\/logo\/image\/","url":"","contentUrl":"","caption":"News EST LYONNAIS"},"image":{"@id":"https:\/\/newsestlyonnais.fr\/site\/#\/schema\/logo\/image\/"}},{"@type":"Person","@id":"https:\/\/newsestlyonnais.fr\/site\/#\/schema\/person\/3230d5615f390bb808365d673001e887","name":"R\u00e9dac. NEWS","sameAs":["http:\/\/www.newsestlyonnais.fr","https:\/\/www.facebook.com\/pascal.oberson.1?fref=ts","https:\/\/fr.linkedin.com\/in\/pascal-oberson-b17045113"],"url":"https:\/\/newsestlyonnais.fr\/site\/author\/nel\/"}]}},"_links":{"self":[{"href":"https:\/\/newsestlyonnais.fr\/site\/wp-json\/wp\/v2\/posts\/78922","targetHints":{"allow":["GET"]}}],"collection":[{"href":"https:\/\/newsestlyonnais.fr\/site\/wp-json\/wp\/v2\/posts"}],"about":[{"href":"https:\/\/newsestlyonnais.fr\/site\/wp-json\/wp\/v2\/types\/post"}],"author":[{"embeddable":true,"href":"https:\/\/newsestlyonnais.fr\/site\/wp-json\/wp\/v2\/users\/4"}],"replies":[{"embeddable":true,"href":"https:\/\/newsestlyonnais.fr\/site\/wp-json\/wp\/v2\/comments?post=78922"}],"version-history":[{"count":0,"href":"https:\/\/newsestlyonnais.fr\/site\/wp-json\/wp\/v2\/posts\/78922\/revisions"}],"wp:featuredmedia":[{"embeddable":true,"href":"https:\/\/newsestlyonnais.fr\/site\/wp-json\/wp\/v2\/media\/78856"}],"wp:attachment":[{"href":"https:\/\/newsestlyonnais.fr\/site\/wp-json\/wp\/v2\/media?parent=78922"}],"wp:term":[{"taxonomy":"category","embeddable":true,"href":"https:\/\/newsestlyonnais.fr\/site\/wp-json\/wp\/v2\/categories?post=78922"},{"taxonomy":"post_tag","embeddable":true,"href":"https:\/\/newsestlyonnais.fr\/site\/wp-json\/wp\/v2\/tags?post=78922"}],"curies":[{"name":"wp","href":"https:\/\/api.w.org\/{rel}","templated":true}]}}