{"id":78931,"date":"2019-07-03T08:16:16","date_gmt":"2019-07-03T07:16:16","guid":{"rendered":"http:\/\/newsestlyonnais.fr\/site\/?p=78931"},"modified":"2020-11-07T08:46:34","modified_gmt":"2020-11-07T07:46:34","slug":"saint-priest-les-manifestations-de-juillet","status":"publish","type":"post","link":"https:\/\/newsestlyonnais.fr\/site\/2019\/07\/03\/saint-priest-les-manifestations-de-juillet\/","title":{"rendered":"SAINT-PRIEST | Les manifestations de juillet"},"content":{"rendered":"\n<p><strong>Les \u00e9v\u00e8nements ne vont pas manquer sur la commune san-priote durant ce mois.<\/strong><\/p>\n<ul>\n<li><strong>Mercredi 3 juillet de 17 h 30 \u00e0 19 h 30 : F\u00eate des familles<\/strong> de la MPE. (Courte \u00e9chelle MPE).<\/li>\n<li><strong>Samedi 6 juillet 2019 de 9 h 15 \u00e0 17 h 15 : concours jeunes de p\u00e9tanque<\/strong>. (Avenue des temps modernes), <strong>de 14 h \u00e0 22 h : Grande f\u00eate<\/strong> \/ association Femmes solidaires de Saint-Priest. (Fort de Saint-Priest), <strong>de 15 h \u00e0 22 h : F\u00eate du club Devils<\/strong>. (Stade Pierre Mend\u00e8s France) <strong>&amp; \u00e0 19 h 30: Spectacle de fin d&rsquo;ann\u00e9e de l&rsquo;\u00e9cole de cirque San- Priote<\/strong>. (Cirque Imagine, 5, avenue des Canuts \u00e0 Vaulx en Velin)<\/li>\n<li><strong>Dimanche 7 juillet de 12 h \u00e0 14 h : Finales Open d&rsquo;\u00e9t\u00e9 de Tennis<\/strong> de l&rsquo;ASPPT Grand Lyon. (Chemin des Bouchets).<\/li>\n<li><strong>Mardi 9 juillet de 19 h \u00e0 22 h : Pique nique<\/strong> suivi d&rsquo;un tour du monde des musiques avec le groupe Jam session. (Square des couleurs \u00e0 Bellevue).<\/li>\n<li><strong>Mercredi 10 juillet \u00e0 19 h : Conseil Municipal<\/strong>. (Salle du Conseil Municipal.<\/li>\n<li><strong>Jeudi 11 juillet de 9 h \u00e0 12 h : Animation des RAM<\/strong> Chat Perch\u00e9, Picoti Picota et les Petits Bateaux (RAM Picoti Picota &#8211; 14 rue Diderot) <strong>&amp; de <\/strong><br \/><strong>12 h \u00e0 14 h : Inauguration r\u00e9sidence<\/strong> \u00ab\u00a0Cour march\u00e9\u00a0\u00bb (Place Salengro).<\/li>\n<li><strong>Vendredi 12 juillet de 18 h \u00e0 20 h : initiation danses urbaines<\/strong> avec la compagnie Kadia Faraux. (Parvis maison de quartier Farr\u00e8re) <strong>&amp; \u00e0 <\/strong><br \/><strong>21 h : Summer party<\/strong> \/ Bal des sapeurs pompiers de Saint-Priest. (Caserne, 94, rue du Dauphin\u00e9).<\/li>\n<li><strong>Samedi 13 juillet \u00e0 21 h : Summer party<\/strong> \/ Bal des sapeurs pompiers de Saint-Priest. (Caserne, 94, rue du dauphin\u00e9) <strong>&amp; \u00e0 22 h 30 : Feu d&rsquo;artifice<\/strong>. (Parc du Ch\u00e2teau).<\/li>\n<li><strong>Mardi 16 juillet de 15 h \u00e0 18 h : Atelier \u00ab\u00a0Sant\u00e9 vous bien\u00a0\u00bb<\/strong>, atelier tout public sur une alimentation \u00e9quilibr\u00e9e. (Centre social l&rsquo;Olivier).<\/li>\n<li><strong>Mercredi 17 juillet \u00e0 21 h : Cin\u00e9 plein air<\/strong>, projection film d&rsquo;animation \u00ab\u00a0Pierre Lapin\u00a0\u00bb. (Parking \u00e9cole Hector Berlioz &#8211; rue Garibaldi).<\/li>\n<li><strong>Vendredi 19 juillet de 18 h \u00e0 20 h : Spectacle clownesque<\/strong> \u00ab\u00a0permis de planter\u00a0\u00bb avec la Cie La Rouquine. (Parvis maison de quartier Farr\u00e8re) <strong>\u00e0 19 h : M\u00e9lodies japonaises<\/strong>, concert de la cantatrice et ancienne San-Priote Orianne d&rsquo;Alieso, accompagn\u00e9e du pianiste Auric De Oliveira et de la Soprano Soma Staempli. (Eglise Manissieux) <strong>&amp; \u00e0 19 h : Cin\u00e9 plein air<\/strong>, projection film \u00ab\u00a0Taxi 5\u00a0\u00bb \/ Centre social l&rsquo;Olivier. (Square des couleurs \u00e0 Bellevue).<\/li>\n<li><strong>Mardi 23 juillet \u00e0 17 h : Soir\u00e9e Cirque<\/strong> \/ Centre social l&rsquo;Olivier. (Square des couleurs \u00e0 Bellevue).<\/li>\n<li><strong>Vendredi 26 juillet de 18 h \u00e0 20 h : Jeux g\u00e9ants en famille<\/strong>. (Parvis maison de quartier Farr\u00e8re).<\/li>\n<li><strong>Mercredi 31 juillet \u00e0 20 h : Cin\u00e9 plein air,<\/strong> projection tout public \/ Centre social Louis Braille. (Square Louis Braille).<\/li>\n<\/ul>\n<p><strong>Retrouvez toute l\u2019ACTU de la commune sur : <a href=\"http:\/\/www.ville-saint-priest.fr\/accueil.547.0.html\" target=\"_blank\" rel=\"noreferrer noopener\">http:\/\/www.ville-saint-priest.fr\/accueil.547.0.html<\/a><\/strong><\/p>\n","protected":false},"excerpt":{"rendered":"<p>Les \u00e9v\u00e8nements ne vont pas manquer sur la commune san-priote durant ce mois.<\/p>\n","protected":false},"author":4,"featured_media":45967,"comment_status":"open","ping_status":"open","sticky":false,"template":"","format":"standard","meta":{"footnotes":""},"categories":[1296],"tags":[1991,2059,2039],"class_list":["post-78931","post","type-post","status-publish","format-standard","has-post-thumbnail","hentry","category-sain-priest","tag-agenda","tag-manifestations","tag-saint-priest"],"yoast_head":"<!-- This site is optimized with the Yoast SEO plugin v27.2 - https:\/\/yoast.com\/product\/yoast-seo-wordpress\/ -->\n<title>SAINT-PRIEST | Les manifestations de juillet - News Est Lyonnais<\/title>\n<meta name=\"description\" content=\"SAINT-PRIEST : les manifestations de juillet. Les \u00e9v\u00e8nements ne vont pas manquer sur la commune san-priote durant ce mois.\" \/>\n<meta name=\"robots\" content=\"index, follow, max-snippet:-1, max-image-preview:large, max-video-preview:-1\" \/>\n<link rel=\"canonical\" href=\"https:\/\/newsestlyonnais.fr\/site\/2019\/07\/03\/saint-priest-les-manifestations-de-juillet\/\" \/>\n<meta property=\"og:locale\" content=\"fr_FR\" \/>\n<meta property=\"og:type\" content=\"article\" \/>\n<meta property=\"og:title\" content=\"SAINT-PRIEST | Les manifestations de juillet - News Est Lyonnais\" \/>\n<meta property=\"og:description\" content=\"SAINT-PRIEST : les manifestations de juillet. Les \u00e9v\u00e8nements ne vont pas manquer sur la commune san-priote durant ce mois.\" \/>\n<meta property=\"og:url\" content=\"https:\/\/newsestlyonnais.fr\/site\/2019\/07\/03\/saint-priest-les-manifestations-de-juillet\/\" \/>\n<meta property=\"og:site_name\" content=\"News Est Lyonnais\" \/>\n<meta property=\"article:author\" content=\"https:\/\/www.facebook.com\/pascal.oberson.1?fref=ts\" \/>\n<meta property=\"article:published_time\" content=\"2019-07-03T07:16:16+00:00\" \/>\n<meta property=\"article:modified_time\" content=\"2020-11-07T07:46:34+00:00\" \/>\n<meta property=\"og:image\" content=\"https:\/\/i1.wp.com\/newsestlyonnais.fr\/site\/wp-content\/uploads\/2018\/03\/NEWSESTLYONNAIS-PANNEAU-ST-PRIEST.png?fit=466%2C108&ssl=1\" \/>\n\t<meta property=\"og:image:width\" content=\"466\" \/>\n\t<meta property=\"og:image:height\" content=\"108\" \/>\n\t<meta property=\"og:image:type\" content=\"image\/png\" \/>\n<meta name=\"author\" content=\"R\u00e9dac. NEWS\" \/>\n<meta name=\"twitter:card\" content=\"summary_large_image\" \/>\n<meta name=\"twitter:label1\" content=\"\u00c9crit par\" \/>\n\t<meta name=\"twitter:data1\" content=\"R\u00e9dac. NEWS\" \/>\n\t<meta name=\"twitter:label2\" content=\"Dur\u00e9e de lecture estim\u00e9e\" \/>\n\t<meta name=\"twitter:data2\" content=\"2 minutes\" \/>\n<script type=\"application\/ld+json\" class=\"yoast-schema-graph\">{\"@context\":\"https:\/\/schema.org\",\"@graph\":[{\"@type\":\"Article\",\"@id\":\"https:\/\/newsestlyonnais.fr\/site\/2019\/07\/03\/saint-priest-les-manifestations-de-juillet\/#article\",\"isPartOf\":{\"@id\":\"https:\/\/newsestlyonnais.fr\/site\/2019\/07\/03\/saint-priest-les-manifestations-de-juillet\/\"},\"author\":{\"name\":\"R\u00e9dac. NEWS\",\"@id\":\"https:\/\/newsestlyonnais.fr\/site\/#\/schema\/person\/3230d5615f390bb808365d673001e887\"},\"headline\":\"SAINT-PRIEST | Les manifestations de juillet\",\"datePublished\":\"2019-07-03T07:16:16+00:00\",\"dateModified\":\"2020-11-07T07:46:34+00:00\",\"mainEntityOfPage\":{\"@id\":\"https:\/\/newsestlyonnais.fr\/site\/2019\/07\/03\/saint-priest-les-manifestations-de-juillet\/\"},\"wordCount\":406,\"commentCount\":0,\"publisher\":{\"@id\":\"https:\/\/newsestlyonnais.fr\/site\/#organization\"},\"image\":{\"@id\":\"https:\/\/newsestlyonnais.fr\/site\/2019\/07\/03\/saint-priest-les-manifestations-de-juillet\/#primaryimage\"},\"thumbnailUrl\":\"https:\/\/newsestlyonnais.fr\/site\/wp-content\/uploads\/2018\/03\/NEWSESTLYONNAIS-PANNEAU-ST-PRIEST.png\",\"keywords\":[\"AGENDA\",\"MANIFESTATIONS\",\"SAINT PRIEST\"],\"articleSection\":[\"Saint-Priest\"],\"inLanguage\":\"fr-FR\",\"potentialAction\":[{\"@type\":\"CommentAction\",\"name\":\"Comment\",\"target\":[\"https:\/\/newsestlyonnais.fr\/site\/2019\/07\/03\/saint-priest-les-manifestations-de-juillet\/#respond\"]}]},{\"@type\":\"WebPage\",\"@id\":\"https:\/\/newsestlyonnais.fr\/site\/2019\/07\/03\/saint-priest-les-manifestations-de-juillet\/\",\"url\":\"https:\/\/newsestlyonnais.fr\/site\/2019\/07\/03\/saint-priest-les-manifestations-de-juillet\/\",\"name\":\"SAINT-PRIEST | Les manifestations de juillet - News Est Lyonnais\",\"isPartOf\":{\"@id\":\"https:\/\/newsestlyonnais.fr\/site\/#website\"},\"primaryImageOfPage\":{\"@id\":\"https:\/\/newsestlyonnais.fr\/site\/2019\/07\/03\/saint-priest-les-manifestations-de-juillet\/#primaryimage\"},\"image\":{\"@id\":\"https:\/\/newsestlyonnais.fr\/site\/2019\/07\/03\/saint-priest-les-manifestations-de-juillet\/#primaryimage\"},\"thumbnailUrl\":\"https:\/\/newsestlyonnais.fr\/site\/wp-content\/uploads\/2018\/03\/NEWSESTLYONNAIS-PANNEAU-ST-PRIEST.png\",\"datePublished\":\"2019-07-03T07:16:16+00:00\",\"dateModified\":\"2020-11-07T07:46:34+00:00\",\"description\":\"SAINT-PRIEST : les manifestations de juillet. Les \u00e9v\u00e8nements ne vont pas manquer sur la commune san-priote durant ce mois.\",\"breadcrumb\":{\"@id\":\"https:\/\/newsestlyonnais.fr\/site\/2019\/07\/03\/saint-priest-les-manifestations-de-juillet\/#breadcrumb\"},\"inLanguage\":\"fr-FR\",\"potentialAction\":[{\"@type\":\"ReadAction\",\"target\":[\"https:\/\/newsestlyonnais.fr\/site\/2019\/07\/03\/saint-priest-les-manifestations-de-juillet\/\"]}]},{\"@type\":\"ImageObject\",\"inLanguage\":\"fr-FR\",\"@id\":\"https:\/\/newsestlyonnais.fr\/site\/2019\/07\/03\/saint-priest-les-manifestations-de-juillet\/#primaryimage\",\"url\":\"https:\/\/newsestlyonnais.fr\/site\/wp-content\/uploads\/2018\/03\/NEWSESTLYONNAIS-PANNEAU-ST-PRIEST.png\",\"contentUrl\":\"https:\/\/newsestlyonnais.fr\/site\/wp-content\/uploads\/2018\/03\/NEWSESTLYONNAIS-PANNEAU-ST-PRIEST.png\",\"width\":466,\"height\":108,\"caption\":\"NEWSESTLYONNAIS - PANNEAU ST PRIEST\"},{\"@type\":\"BreadcrumbList\",\"@id\":\"https:\/\/newsestlyonnais.fr\/site\/2019\/07\/03\/saint-priest-les-manifestations-de-juillet\/#breadcrumb\",\"itemListElement\":[{\"@type\":\"ListItem\",\"position\":1,\"name\":\"Accueil\",\"item\":\"https:\/\/newsestlyonnais.fr\/site\/\"},{\"@type\":\"ListItem\",\"position\":2,\"name\":\"SAINT-PRIEST | Les manifestations de juillet\"}]},{\"@type\":\"WebSite\",\"@id\":\"https:\/\/newsestlyonnais.fr\/site\/#website\",\"url\":\"https:\/\/newsestlyonnais.fr\/site\/\",\"name\":\"News Est Lyonnais\",\"description\":\"L&#039;actualit\u00e9 au plus pr\u00e8s\",\"publisher\":{\"@id\":\"https:\/\/newsestlyonnais.fr\/site\/#organization\"},\"potentialAction\":[{\"@type\":\"SearchAction\",\"target\":{\"@type\":\"EntryPoint\",\"urlTemplate\":\"https:\/\/newsestlyonnais.fr\/site\/?s={search_term_string}\"},\"query-input\":{\"@type\":\"PropertyValueSpecification\",\"valueRequired\":true,\"valueName\":\"search_term_string\"}}],\"inLanguage\":\"fr-FR\"},{\"@type\":\"Organization\",\"@id\":\"https:\/\/newsestlyonnais.fr\/site\/#organization\",\"name\":\"News EST LYONNAIS\",\"url\":\"https:\/\/newsestlyonnais.fr\/site\/\",\"logo\":{\"@type\":\"ImageObject\",\"inLanguage\":\"fr-FR\",\"@id\":\"https:\/\/newsestlyonnais.fr\/site\/#\/schema\/logo\/image\/\",\"url\":\"\",\"contentUrl\":\"\",\"caption\":\"News EST LYONNAIS\"},\"image\":{\"@id\":\"https:\/\/newsestlyonnais.fr\/site\/#\/schema\/logo\/image\/\"}},{\"@type\":\"Person\",\"@id\":\"https:\/\/newsestlyonnais.fr\/site\/#\/schema\/person\/3230d5615f390bb808365d673001e887\",\"name\":\"R\u00e9dac. NEWS\",\"sameAs\":[\"http:\/\/www.newsestlyonnais.fr\",\"https:\/\/www.facebook.com\/pascal.oberson.1?fref=ts\",\"https:\/\/fr.linkedin.com\/in\/pascal-oberson-b17045113\"],\"url\":\"https:\/\/newsestlyonnais.fr\/site\/author\/nel\/\"}]}<\/script>\n<!-- \/ Yoast SEO plugin. -->","yoast_head_json":{"title":"SAINT-PRIEST | Les manifestations de juillet - News Est Lyonnais","description":"SAINT-PRIEST : les manifestations de juillet. Les \u00e9v\u00e8nements ne vont pas manquer sur la commune san-priote durant ce mois.","robots":{"index":"index","follow":"follow","max-snippet":"max-snippet:-1","max-image-preview":"max-image-preview:large","max-video-preview":"max-video-preview:-1"},"canonical":"https:\/\/newsestlyonnais.fr\/site\/2019\/07\/03\/saint-priest-les-manifestations-de-juillet\/","og_locale":"fr_FR","og_type":"article","og_title":"SAINT-PRIEST | Les manifestations de juillet - News Est Lyonnais","og_description":"SAINT-PRIEST : les manifestations de juillet. Les \u00e9v\u00e8nements ne vont pas manquer sur la commune san-priote durant ce mois.","og_url":"https:\/\/newsestlyonnais.fr\/site\/2019\/07\/03\/saint-priest-les-manifestations-de-juillet\/","og_site_name":"News Est Lyonnais","article_author":"https:\/\/www.facebook.com\/pascal.oberson.1?fref=ts","article_published_time":"2019-07-03T07:16:16+00:00","article_modified_time":"2020-11-07T07:46:34+00:00","og_image":[{"width":466,"height":108,"url":"https:\/\/i1.wp.com\/newsestlyonnais.fr\/site\/wp-content\/uploads\/2018\/03\/NEWSESTLYONNAIS-PANNEAU-ST-PRIEST.png?fit=466%2C108&ssl=1","type":"image\/png"}],"author":"R\u00e9dac. NEWS","twitter_card":"summary_large_image","twitter_misc":{"\u00c9crit par":"R\u00e9dac. NEWS","Dur\u00e9e de lecture estim\u00e9e":"2 minutes"},"schema":{"@context":"https:\/\/schema.org","@graph":[{"@type":"Article","@id":"https:\/\/newsestlyonnais.fr\/site\/2019\/07\/03\/saint-priest-les-manifestations-de-juillet\/#article","isPartOf":{"@id":"https:\/\/newsestlyonnais.fr\/site\/2019\/07\/03\/saint-priest-les-manifestations-de-juillet\/"},"author":{"name":"R\u00e9dac. NEWS","@id":"https:\/\/newsestlyonnais.fr\/site\/#\/schema\/person\/3230d5615f390bb808365d673001e887"},"headline":"SAINT-PRIEST | Les manifestations de juillet","datePublished":"2019-07-03T07:16:16+00:00","dateModified":"2020-11-07T07:46:34+00:00","mainEntityOfPage":{"@id":"https:\/\/newsestlyonnais.fr\/site\/2019\/07\/03\/saint-priest-les-manifestations-de-juillet\/"},"wordCount":406,"commentCount":0,"publisher":{"@id":"https:\/\/newsestlyonnais.fr\/site\/#organization"},"image":{"@id":"https:\/\/newsestlyonnais.fr\/site\/2019\/07\/03\/saint-priest-les-manifestations-de-juillet\/#primaryimage"},"thumbnailUrl":"https:\/\/newsestlyonnais.fr\/site\/wp-content\/uploads\/2018\/03\/NEWSESTLYONNAIS-PANNEAU-ST-PRIEST.png","keywords":["AGENDA","MANIFESTATIONS","SAINT PRIEST"],"articleSection":["Saint-Priest"],"inLanguage":"fr-FR","potentialAction":[{"@type":"CommentAction","name":"Comment","target":["https:\/\/newsestlyonnais.fr\/site\/2019\/07\/03\/saint-priest-les-manifestations-de-juillet\/#respond"]}]},{"@type":"WebPage","@id":"https:\/\/newsestlyonnais.fr\/site\/2019\/07\/03\/saint-priest-les-manifestations-de-juillet\/","url":"https:\/\/newsestlyonnais.fr\/site\/2019\/07\/03\/saint-priest-les-manifestations-de-juillet\/","name":"SAINT-PRIEST | Les manifestations de juillet - News Est Lyonnais","isPartOf":{"@id":"https:\/\/newsestlyonnais.fr\/site\/#website"},"primaryImageOfPage":{"@id":"https:\/\/newsestlyonnais.fr\/site\/2019\/07\/03\/saint-priest-les-manifestations-de-juillet\/#primaryimage"},"image":{"@id":"https:\/\/newsestlyonnais.fr\/site\/2019\/07\/03\/saint-priest-les-manifestations-de-juillet\/#primaryimage"},"thumbnailUrl":"https:\/\/newsestlyonnais.fr\/site\/wp-content\/uploads\/2018\/03\/NEWSESTLYONNAIS-PANNEAU-ST-PRIEST.png","datePublished":"2019-07-03T07:16:16+00:00","dateModified":"2020-11-07T07:46:34+00:00","description":"SAINT-PRIEST : les manifestations de juillet. Les \u00e9v\u00e8nements ne vont pas manquer sur la commune san-priote durant ce mois.","breadcrumb":{"@id":"https:\/\/newsestlyonnais.fr\/site\/2019\/07\/03\/saint-priest-les-manifestations-de-juillet\/#breadcrumb"},"inLanguage":"fr-FR","potentialAction":[{"@type":"ReadAction","target":["https:\/\/newsestlyonnais.fr\/site\/2019\/07\/03\/saint-priest-les-manifestations-de-juillet\/"]}]},{"@type":"ImageObject","inLanguage":"fr-FR","@id":"https:\/\/newsestlyonnais.fr\/site\/2019\/07\/03\/saint-priest-les-manifestations-de-juillet\/#primaryimage","url":"https:\/\/newsestlyonnais.fr\/site\/wp-content\/uploads\/2018\/03\/NEWSESTLYONNAIS-PANNEAU-ST-PRIEST.png","contentUrl":"https:\/\/newsestlyonnais.fr\/site\/wp-content\/uploads\/2018\/03\/NEWSESTLYONNAIS-PANNEAU-ST-PRIEST.png","width":466,"height":108,"caption":"NEWSESTLYONNAIS - PANNEAU ST PRIEST"},{"@type":"BreadcrumbList","@id":"https:\/\/newsestlyonnais.fr\/site\/2019\/07\/03\/saint-priest-les-manifestations-de-juillet\/#breadcrumb","itemListElement":[{"@type":"ListItem","position":1,"name":"Accueil","item":"https:\/\/newsestlyonnais.fr\/site\/"},{"@type":"ListItem","position":2,"name":"SAINT-PRIEST | Les manifestations de juillet"}]},{"@type":"WebSite","@id":"https:\/\/newsestlyonnais.fr\/site\/#website","url":"https:\/\/newsestlyonnais.fr\/site\/","name":"News Est Lyonnais","description":"L&#039;actualit\u00e9 au plus pr\u00e8s","publisher":{"@id":"https:\/\/newsestlyonnais.fr\/site\/#organization"},"potentialAction":[{"@type":"SearchAction","target":{"@type":"EntryPoint","urlTemplate":"https:\/\/newsestlyonnais.fr\/site\/?s={search_term_string}"},"query-input":{"@type":"PropertyValueSpecification","valueRequired":true,"valueName":"search_term_string"}}],"inLanguage":"fr-FR"},{"@type":"Organization","@id":"https:\/\/newsestlyonnais.fr\/site\/#organization","name":"News EST LYONNAIS","url":"https:\/\/newsestlyonnais.fr\/site\/","logo":{"@type":"ImageObject","inLanguage":"fr-FR","@id":"https:\/\/newsestlyonnais.fr\/site\/#\/schema\/logo\/image\/","url":"","contentUrl":"","caption":"News EST LYONNAIS"},"image":{"@id":"https:\/\/newsestlyonnais.fr\/site\/#\/schema\/logo\/image\/"}},{"@type":"Person","@id":"https:\/\/newsestlyonnais.fr\/site\/#\/schema\/person\/3230d5615f390bb808365d673001e887","name":"R\u00e9dac. NEWS","sameAs":["http:\/\/www.newsestlyonnais.fr","https:\/\/www.facebook.com\/pascal.oberson.1?fref=ts","https:\/\/fr.linkedin.com\/in\/pascal-oberson-b17045113"],"url":"https:\/\/newsestlyonnais.fr\/site\/author\/nel\/"}]}},"_links":{"self":[{"href":"https:\/\/newsestlyonnais.fr\/site\/wp-json\/wp\/v2\/posts\/78931","targetHints":{"allow":["GET"]}}],"collection":[{"href":"https:\/\/newsestlyonnais.fr\/site\/wp-json\/wp\/v2\/posts"}],"about":[{"href":"https:\/\/newsestlyonnais.fr\/site\/wp-json\/wp\/v2\/types\/post"}],"author":[{"embeddable":true,"href":"https:\/\/newsestlyonnais.fr\/site\/wp-json\/wp\/v2\/users\/4"}],"replies":[{"embeddable":true,"href":"https:\/\/newsestlyonnais.fr\/site\/wp-json\/wp\/v2\/comments?post=78931"}],"version-history":[{"count":0,"href":"https:\/\/newsestlyonnais.fr\/site\/wp-json\/wp\/v2\/posts\/78931\/revisions"}],"wp:featuredmedia":[{"embeddable":true,"href":"https:\/\/newsestlyonnais.fr\/site\/wp-json\/wp\/v2\/media\/45967"}],"wp:attachment":[{"href":"https:\/\/newsestlyonnais.fr\/site\/wp-json\/wp\/v2\/media?parent=78931"}],"wp:term":[{"taxonomy":"category","embeddable":true,"href":"https:\/\/newsestlyonnais.fr\/site\/wp-json\/wp\/v2\/categories?post=78931"},{"taxonomy":"post_tag","embeddable":true,"href":"https:\/\/newsestlyonnais.fr\/site\/wp-json\/wp\/v2\/tags?post=78931"}],"curies":[{"name":"wp","href":"https:\/\/api.w.org\/{rel}","templated":true}]}}