{"id":79369,"date":"2019-07-07T15:34:20","date_gmt":"2019-07-07T14:34:20","guid":{"rendered":"http:\/\/newsestlyonnais.fr\/site\/?p=79369"},"modified":"2024-01-20T16:20:21","modified_gmt":"2024-01-20T15:20:21","slug":"meyzieu-lopen-de-tennis-a-rendu-son-verdict","status":"publish","type":"post","link":"https:\/\/newsestlyonnais.fr\/site\/2019\/07\/07\/meyzieu-lopen-de-tennis-a-rendu-son-verdict\/","title":{"rendered":"MEYZIEU | L&rsquo;Open de tennis a rendu son verdict"},"content":{"rendered":"\r\n<p>D&rsquo;ultimes parties qui se sont conclues en 2 sets, sous le soleil en un peu plus d&rsquo;une heure 45 minutes.\u00a0<\/p>\r\n<p><strong>En seniors<\/strong>, nouveau succ\u00e8s du chasseland <strong>Alexis Gerra <\/strong>(d\u00e9j\u00e0 vainqueur en terres majolanes \u00e0 3 reprises) qui s&rsquo;impose face \u00e0 Julien Couronne, finaliste mi-juin dernier \u00e0 Genas.<\/p>\r\n<p>Du c\u00f4t\u00e9 des <strong>seniors + 35 ans<\/strong>, <strong>Moussa Amari<\/strong> atteignait la finale pour la 4\u00b0 ann\u00e9e (apr\u00e8s 1 succ\u00e8s et 2 d\u00e9faites) pour l&#8217;emporter face au chasseland Pascal Pourchet. ________________________________________________________________________________<\/p>\r\n<p>Lors de la remise des prix \u00e0 laquelle \u00e9taient pr\u00e9sents Jacques Lapr\u00e9e (pr\u00e9sident comit\u00e9 du Rh\u00f4ne de tennis) &amp; G\u00e9rard Revellin (adjoint aux sports de la commune), le pr\u00e9sident du club organisateur, Robert Lassia, a \u00e9voqu\u00e9 la participation globale moindre pour cette ann\u00e9e. Une baisse constat\u00e9e pour diverses raisons (chaleur, tournois voisins et Mondial f\u00e9minin de foot). Il a d&rsquo;autre part annonc\u00e9 que le lancement d&rsquo;un circuit de 4 tournois de l&rsquo;Est Lyonnais a \u00e9t\u00e9 envisag\u00e9. ________________________________________________________________________________<\/p>\r\n\r\n\r\n\r\n<p style=\"text-align: center;\"><span style=\"font-size: 14pt; background-color: #000000; color: #ffcc00;\"><strong><span style=\"text-decoration: underline;\">Palmar\u00e8s 2019 par tableau<\/span> :<\/strong><\/span><\/p>\r\n<p><span style=\"background-color: #000000; color: #ffffff;\"><strong><span style=\"text-decoration: underline;\">Tableau f\u00e9minin<\/span> : <\/strong><\/span><\/p>\r\n<ul>\r\n<li><strong>Laurie Navarro <\/strong>(TC Chazay d\u2019Azergues) bat In\u00e8s Jendoubi (TC Lyon, 15)\u00a0 \u00a0 <strong>6\/3, 6\/2.<\/strong><\/li>\r\n<\/ul>\r\n<p><span style=\"background-color: #000000; color: #ffffff;\"><strong><span style=\"text-decoration: underline;\">Tableau masculin<\/span> : <\/strong><\/span><\/p>\r\n<ul>\r\n<li><strong>Alexis Gerra<\/strong> (Chassieu Tennis, 1\/6) bat Julien Couronne (TC St Georges d\u2019Orques, 1\/6)\u00a0 \u00a0\u00a0 <strong>6\/4, 6\/2.<\/strong><\/li>\r\n<\/ul>\r\n<p><strong><span style=\"background-color: #000000; color: #ffffff;\"><span style=\"text-decoration: underline;\">Tableau f\u00e9minin + 35 ans<\/span> :<\/span> <br \/><\/strong><\/p>\r\n<ul>\r\n<li><strong>V\u00e9ronique Hybord<\/strong> (Chassieu Tennis, 30\/1) bat Flore Burel (Meyzieu Tennis, 30\/2) \u00a0 \u00a0<strong> 6\/2, 6\/1.<\/strong><\/li>\r\n<\/ul>\r\n<p><span style=\"background-color: #000000; color: #ffffff;\"><strong><span style=\"text-decoration: underline;\">Tableau masculin + 35 ans<\/span> : <\/strong><\/span><\/p>\r\n<ul>\r\n<li><strong>Moussa Amari<\/strong> (TC Charvieu, 15\/2) bat Pascal Porchet (Chassieu Tennis, 15\/1) \u00a0\u00a0 <strong>6\/3, 6\/4.<\/strong><\/li>\r\n<\/ul>\r\n<p>________________________________________________________________________________<\/p>\r\n<p>&nbsp;<\/p>\r\n<div id='gallery-1' class='gallery galleryid-79369 gallery-columns-3 gallery-size-thumbnail'><figure class='gallery-item'>\n\t\t\t<div class='gallery-icon portrait'>\n\t\t\t\t<a href='https:\/\/newsestlyonnais.fr\/site\/affiche-open-a3-19-page-001\/'><img loading=\"lazy\" decoding=\"async\" width=\"150\" height=\"150\" src=\"https:\/\/newsestlyonnais.fr\/site\/wp-content\/uploads\/2019\/05\/Affiche-Open-A3-19-page-001-150x150.jpg\" class=\"attachment-thumbnail size-thumbnail\" alt=\"NEWSESTLYONNAIS OPEN MEYZIEU 2019\" aria-describedby=\"gallery-1-74937\" \/><\/a>\n\t\t\t<\/div>\n\t\t\t\t<figcaption class='wp-caption-text gallery-caption' id='gallery-1-74937'>\n\t\t\t\t   L&rsquo;affiche du tournoi \n\t\t\t\t<\/figcaption><\/figure><figure class='gallery-item'>\n\t\t\t<div class='gallery-icon landscape'>\n\t\t\t\t<a href='https:\/\/newsestlyonnais.fr\/site\/2019\/07\/07\/meyzieu-lopen-de-tennis-a-rendu-son-verdict\/newsestlyonnais-open-meyzieu-2019-f\/'><img loading=\"lazy\" decoding=\"async\" width=\"150\" height=\"150\" src=\"https:\/\/newsestlyonnais.fr\/site\/wp-content\/uploads\/2019\/07\/NEWSESTLYONNAIS-OPEN-MEYZIEU-2019-F-150x150.jpg\" class=\"attachment-thumbnail size-thumbnail\" alt=\"\" aria-describedby=\"gallery-1-79426\" \/><\/a>\n\t\t\t<\/div>\n\t\t\t\t<figcaption class='wp-caption-text gallery-caption' id='gallery-1-79426'>\n\t\t\t\tLes finalistes du tableau masculin\n\t\t\t\t<\/figcaption><\/figure><figure class='gallery-item'>\n\t\t\t<div class='gallery-icon landscape'>\n\t\t\t\t<a href='https:\/\/newsestlyonnais.fr\/site\/2019\/07\/07\/meyzieu-lopen-de-tennis-a-rendu-son-verdict\/newsestlyonnais-open-meyzieu-2019-e\/'><img loading=\"lazy\" decoding=\"async\" width=\"150\" height=\"150\" src=\"https:\/\/newsestlyonnais.fr\/site\/wp-content\/uploads\/2019\/07\/NEWSESTLYONNAIS-OPEN-MEYZIEU-2019-E-150x150.jpg\" class=\"attachment-thumbnail size-thumbnail\" alt=\"\" aria-describedby=\"gallery-1-79425\" \/><\/a>\n\t\t\t<\/div>\n\t\t\t\t<figcaption class='wp-caption-text gallery-caption' id='gallery-1-79425'>\n\t\t\t\tLes finalistes du tableau masculin + 35 ans\n\t\t\t\t<\/figcaption><\/figure><figure class='gallery-item'>\n\t\t\t<div class='gallery-icon landscape'>\n\t\t\t\t<a href='https:\/\/newsestlyonnais.fr\/site\/2019\/07\/07\/meyzieu-lopen-de-tennis-a-rendu-son-verdict\/newsestlyonnais-open-meyzieu-2019-d\/'><img loading=\"lazy\" decoding=\"async\" width=\"150\" height=\"150\" src=\"https:\/\/newsestlyonnais.fr\/site\/wp-content\/uploads\/2019\/07\/NEWSESTLYONNAIS-OPEN-MEYZIEU-2019-D-150x150.jpg\" class=\"attachment-thumbnail size-thumbnail\" alt=\"\" aria-describedby=\"gallery-1-79424\" \/><\/a>\n\t\t\t<\/div>\n\t\t\t\t<figcaption class='wp-caption-text gallery-caption' id='gallery-1-79424'>\n\t\t\t\tR. Lassia (Pt club), J. Lapr\u00e9e (Pt Ct\u00e9 Rh\u00f4ne Tennis), I. Ponsson (juge-arbitre), G. Revellin (adjoint aux sports.\n\t\t\t\t<\/figcaption><\/figure><figure class='gallery-item'>\n\t\t\t<div class='gallery-icon landscape'>\n\t\t\t\t<a href='https:\/\/newsestlyonnais.fr\/site\/2019\/07\/07\/meyzieu-lopen-de-tennis-a-rendu-son-verdict\/newsestlyonnais-open-meyzieu-2019-b\/'><img loading=\"lazy\" decoding=\"async\" width=\"150\" height=\"150\" src=\"https:\/\/newsestlyonnais.fr\/site\/wp-content\/uploads\/2019\/07\/NEWSESTLYONNAIS-OPEN-MEYZIEU-2019-B-150x150.jpg\" class=\"attachment-thumbnail size-thumbnail\" alt=\"\" aria-describedby=\"gallery-1-79422\" \/><\/a>\n\t\t\t<\/div>\n\t\t\t\t<figcaption class='wp-caption-text gallery-caption' id='gallery-1-79422'>\n\t\t\t\tLes finalistes du tableau f\u00e9minin + 35 ans \n\t\t\t\t<\/figcaption><\/figure><figure class='gallery-item'>\n\t\t\t<div class='gallery-icon portrait'>\n\t\t\t\t<a href='https:\/\/newsestlyonnais.fr\/site\/2019\/07\/07\/meyzieu-lopen-de-tennis-a-rendu-son-verdict\/newsestlyonnais-open-meyzieu-2019-c\/'><img loading=\"lazy\" decoding=\"async\" width=\"150\" height=\"150\" src=\"https:\/\/newsestlyonnais.fr\/site\/wp-content\/uploads\/2019\/07\/NEWSESTLYONNAIS-OPEN-MEYZIEU-2019-C-150x150.jpg\" class=\"attachment-thumbnail size-thumbnail\" alt=\"\" aria-describedby=\"gallery-1-79423\" \/><\/a>\n\t\t\t<\/div>\n\t\t\t\t<figcaption class='wp-caption-text gallery-caption' id='gallery-1-79423'>\n\t\t\t\tLes finalistes du tableau f\u00e9minin seniors \n\t\t\t\t<\/figcaption><\/figure>\n\t\t<\/div>\n\r\n<p>&nbsp;<\/p>\r\n","protected":false},"excerpt":{"rendered":"<p>Deux finales de tableaux masculins se d\u00e9roulaient ce dimanche matin sur les courts ext\u00e9rieurs du club de Meyzieu Tennis aux Servizi\u00e8res.\u00a0<\/p>\n","protected":false},"author":4,"featured_media":79417,"comment_status":"open","ping_status":"open","sticky":false,"template":"","format":"standard","meta":{"footnotes":""},"categories":[24,2992,2991],"tags":[2866,2869,2868,2081,2548,2867,2049],"class_list":["post-79369","post","type-post","status-publish","format-standard","has-post-thumbnail","hentry","category-meyzieu","category-tennis-padel","category-tennis-tennis-table-sports","tag-alexis-gerra","tag-julien-couronne","tag-laurie-navarro","tag-meyzieu","tag-meyzieu-tennis","tag-moussa-amari","tag-tennis"],"yoast_head":"<!-- This site is optimized with the Yoast SEO plugin v27.2 - https:\/\/yoast.com\/product\/yoast-seo-wordpress\/ -->\n<title>MEYZIEU | L&#039;Open de tennis a rendu son verdict - News Est Lyonnais<\/title>\n<meta name=\"description\" content=\"Open de tennis a rendu son verdict. 2 finales de tableaux masculins se d\u00e9roulaient au club de Meyzieu Tennis aux Servizi\u00e8res.\" \/>\n<meta name=\"robots\" content=\"index, follow, max-snippet:-1, max-image-preview:large, max-video-preview:-1\" \/>\n<link rel=\"canonical\" href=\"https:\/\/newsestlyonnais.fr\/site\/2019\/07\/07\/meyzieu-lopen-de-tennis-a-rendu-son-verdict\/\" \/>\n<meta property=\"og:locale\" content=\"fr_FR\" \/>\n<meta property=\"og:type\" content=\"article\" \/>\n<meta property=\"og:title\" content=\"MEYZIEU | L&#039;Open de tennis a rendu son verdict - News Est Lyonnais\" \/>\n<meta property=\"og:description\" content=\"Open de tennis a rendu son verdict. 2 finales de tableaux masculins se d\u00e9roulaient au club de Meyzieu Tennis aux Servizi\u00e8res.\" \/>\n<meta property=\"og:url\" content=\"https:\/\/newsestlyonnais.fr\/site\/2019\/07\/07\/meyzieu-lopen-de-tennis-a-rendu-son-verdict\/\" \/>\n<meta property=\"og:site_name\" content=\"News Est Lyonnais\" \/>\n<meta property=\"article:author\" content=\"https:\/\/www.facebook.com\/pascal.oberson.1?fref=ts\" \/>\n<meta property=\"article:published_time\" content=\"2019-07-07T14:34:20+00:00\" \/>\n<meta property=\"article:modified_time\" content=\"2024-01-20T15:20:21+00:00\" \/>\n<meta property=\"og:image\" content=\"https:\/\/newsestlyonnais.fr\/site\/wp-content\/uploads\/2019\/07\/NEWSESTLYONNAIS-OPEN-MEYZIEU-2019-A-1000x750.jpg\" \/>\n\t<meta property=\"og:image:width\" content=\"1000\" \/>\n\t<meta property=\"og:image:height\" content=\"750\" \/>\n\t<meta property=\"og:image:type\" content=\"image\/jpeg\" \/>\n<meta name=\"author\" content=\"R\u00e9dac. NEWS\" \/>\n<meta name=\"twitter:card\" content=\"summary_large_image\" \/>\n<meta name=\"twitter:label1\" content=\"\u00c9crit par\" \/>\n\t<meta name=\"twitter:data1\" content=\"R\u00e9dac. NEWS\" \/>\n\t<meta name=\"twitter:label2\" content=\"Dur\u00e9e de lecture estim\u00e9e\" \/>\n\t<meta name=\"twitter:data2\" content=\"2 minutes\" \/>\n<script type=\"application\/ld+json\" class=\"yoast-schema-graph\">{\"@context\":\"https:\/\/schema.org\",\"@graph\":[{\"@type\":\"Article\",\"@id\":\"https:\/\/newsestlyonnais.fr\/site\/2019\/07\/07\/meyzieu-lopen-de-tennis-a-rendu-son-verdict\/#article\",\"isPartOf\":{\"@id\":\"https:\/\/newsestlyonnais.fr\/site\/2019\/07\/07\/meyzieu-lopen-de-tennis-a-rendu-son-verdict\/\"},\"author\":{\"name\":\"R\u00e9dac. NEWS\",\"@id\":\"https:\/\/newsestlyonnais.fr\/site\/#\/schema\/person\/3230d5615f390bb808365d673001e887\"},\"headline\":\"MEYZIEU | L&rsquo;Open de tennis a rendu son verdict\",\"datePublished\":\"2019-07-07T14:34:20+00:00\",\"dateModified\":\"2024-01-20T15:20:21+00:00\",\"mainEntityOfPage\":{\"@id\":\"https:\/\/newsestlyonnais.fr\/site\/2019\/07\/07\/meyzieu-lopen-de-tennis-a-rendu-son-verdict\/\"},\"wordCount\":236,\"commentCount\":0,\"publisher\":{\"@id\":\"https:\/\/newsestlyonnais.fr\/site\/#organization\"},\"image\":{\"@id\":\"https:\/\/newsestlyonnais.fr\/site\/2019\/07\/07\/meyzieu-lopen-de-tennis-a-rendu-son-verdict\/#primaryimage\"},\"thumbnailUrl\":\"https:\/\/newsestlyonnais.fr\/site\/wp-content\/uploads\/2019\/07\/NEWSESTLYONNAIS-OPEN-MEYZIEU-2019-A.jpg\",\"keywords\":[\"Alexis Gerra\",\"Julien Couronne\",\"Laurie Navarro\",\"MEYZIEU\",\"MEYZIEU TENNIS\",\"Moussa Amari\",\"TENNIS\"],\"articleSection\":[\"Meyzieu\",\"Tennis | Padel\",\"Tennis | Tennis de table\"],\"inLanguage\":\"fr-FR\",\"potentialAction\":[{\"@type\":\"CommentAction\",\"name\":\"Comment\",\"target\":[\"https:\/\/newsestlyonnais.fr\/site\/2019\/07\/07\/meyzieu-lopen-de-tennis-a-rendu-son-verdict\/#respond\"]}]},{\"@type\":\"WebPage\",\"@id\":\"https:\/\/newsestlyonnais.fr\/site\/2019\/07\/07\/meyzieu-lopen-de-tennis-a-rendu-son-verdict\/\",\"url\":\"https:\/\/newsestlyonnais.fr\/site\/2019\/07\/07\/meyzieu-lopen-de-tennis-a-rendu-son-verdict\/\",\"name\":\"MEYZIEU | L'Open de tennis a rendu son verdict - News Est Lyonnais\",\"isPartOf\":{\"@id\":\"https:\/\/newsestlyonnais.fr\/site\/#website\"},\"primaryImageOfPage\":{\"@id\":\"https:\/\/newsestlyonnais.fr\/site\/2019\/07\/07\/meyzieu-lopen-de-tennis-a-rendu-son-verdict\/#primaryimage\"},\"image\":{\"@id\":\"https:\/\/newsestlyonnais.fr\/site\/2019\/07\/07\/meyzieu-lopen-de-tennis-a-rendu-son-verdict\/#primaryimage\"},\"thumbnailUrl\":\"https:\/\/newsestlyonnais.fr\/site\/wp-content\/uploads\/2019\/07\/NEWSESTLYONNAIS-OPEN-MEYZIEU-2019-A.jpg\",\"datePublished\":\"2019-07-07T14:34:20+00:00\",\"dateModified\":\"2024-01-20T15:20:21+00:00\",\"description\":\"Open de tennis a rendu son verdict. 2 finales de tableaux masculins se d\u00e9roulaient au club de Meyzieu Tennis aux Servizi\u00e8res.\",\"breadcrumb\":{\"@id\":\"https:\/\/newsestlyonnais.fr\/site\/2019\/07\/07\/meyzieu-lopen-de-tennis-a-rendu-son-verdict\/#breadcrumb\"},\"inLanguage\":\"fr-FR\",\"potentialAction\":[{\"@type\":\"ReadAction\",\"target\":[\"https:\/\/newsestlyonnais.fr\/site\/2019\/07\/07\/meyzieu-lopen-de-tennis-a-rendu-son-verdict\/\"]}]},{\"@type\":\"ImageObject\",\"inLanguage\":\"fr-FR\",\"@id\":\"https:\/\/newsestlyonnais.fr\/site\/2019\/07\/07\/meyzieu-lopen-de-tennis-a-rendu-son-verdict\/#primaryimage\",\"url\":\"https:\/\/newsestlyonnais.fr\/site\/wp-content\/uploads\/2019\/07\/NEWSESTLYONNAIS-OPEN-MEYZIEU-2019-A.jpg\",\"contentUrl\":\"https:\/\/newsestlyonnais.fr\/site\/wp-content\/uploads\/2019\/07\/NEWSESTLYONNAIS-OPEN-MEYZIEU-2019-A.jpg\",\"width\":4608,\"height\":3456},{\"@type\":\"BreadcrumbList\",\"@id\":\"https:\/\/newsestlyonnais.fr\/site\/2019\/07\/07\/meyzieu-lopen-de-tennis-a-rendu-son-verdict\/#breadcrumb\",\"itemListElement\":[{\"@type\":\"ListItem\",\"position\":1,\"name\":\"Accueil\",\"item\":\"https:\/\/newsestlyonnais.fr\/site\/\"},{\"@type\":\"ListItem\",\"position\":2,\"name\":\"MEYZIEU | L&rsquo;Open de tennis a rendu son verdict\"}]},{\"@type\":\"WebSite\",\"@id\":\"https:\/\/newsestlyonnais.fr\/site\/#website\",\"url\":\"https:\/\/newsestlyonnais.fr\/site\/\",\"name\":\"News Est Lyonnais\",\"description\":\"L&#039;actualit\u00e9 au plus pr\u00e8s\",\"publisher\":{\"@id\":\"https:\/\/newsestlyonnais.fr\/site\/#organization\"},\"potentialAction\":[{\"@type\":\"SearchAction\",\"target\":{\"@type\":\"EntryPoint\",\"urlTemplate\":\"https:\/\/newsestlyonnais.fr\/site\/?s={search_term_string}\"},\"query-input\":{\"@type\":\"PropertyValueSpecification\",\"valueRequired\":true,\"valueName\":\"search_term_string\"}}],\"inLanguage\":\"fr-FR\"},{\"@type\":\"Organization\",\"@id\":\"https:\/\/newsestlyonnais.fr\/site\/#organization\",\"name\":\"News EST LYONNAIS\",\"url\":\"https:\/\/newsestlyonnais.fr\/site\/\",\"logo\":{\"@type\":\"ImageObject\",\"inLanguage\":\"fr-FR\",\"@id\":\"https:\/\/newsestlyonnais.fr\/site\/#\/schema\/logo\/image\/\",\"url\":\"\",\"contentUrl\":\"\",\"caption\":\"News EST LYONNAIS\"},\"image\":{\"@id\":\"https:\/\/newsestlyonnais.fr\/site\/#\/schema\/logo\/image\/\"}},{\"@type\":\"Person\",\"@id\":\"https:\/\/newsestlyonnais.fr\/site\/#\/schema\/person\/3230d5615f390bb808365d673001e887\",\"name\":\"R\u00e9dac. NEWS\",\"sameAs\":[\"http:\/\/www.newsestlyonnais.fr\",\"https:\/\/www.facebook.com\/pascal.oberson.1?fref=ts\",\"https:\/\/fr.linkedin.com\/in\/pascal-oberson-b17045113\"],\"url\":\"https:\/\/newsestlyonnais.fr\/site\/author\/nel\/\"}]}<\/script>\n<!-- \/ Yoast SEO plugin. -->","yoast_head_json":{"title":"MEYZIEU | L'Open de tennis a rendu son verdict - News Est Lyonnais","description":"Open de tennis a rendu son verdict. 2 finales de tableaux masculins se d\u00e9roulaient au club de Meyzieu Tennis aux Servizi\u00e8res.","robots":{"index":"index","follow":"follow","max-snippet":"max-snippet:-1","max-image-preview":"max-image-preview:large","max-video-preview":"max-video-preview:-1"},"canonical":"https:\/\/newsestlyonnais.fr\/site\/2019\/07\/07\/meyzieu-lopen-de-tennis-a-rendu-son-verdict\/","og_locale":"fr_FR","og_type":"article","og_title":"MEYZIEU | L'Open de tennis a rendu son verdict - News Est Lyonnais","og_description":"Open de tennis a rendu son verdict. 2 finales de tableaux masculins se d\u00e9roulaient au club de Meyzieu Tennis aux Servizi\u00e8res.","og_url":"https:\/\/newsestlyonnais.fr\/site\/2019\/07\/07\/meyzieu-lopen-de-tennis-a-rendu-son-verdict\/","og_site_name":"News Est Lyonnais","article_author":"https:\/\/www.facebook.com\/pascal.oberson.1?fref=ts","article_published_time":"2019-07-07T14:34:20+00:00","article_modified_time":"2024-01-20T15:20:21+00:00","og_image":[{"width":1000,"height":750,"url":"https:\/\/newsestlyonnais.fr\/site\/wp-content\/uploads\/2019\/07\/NEWSESTLYONNAIS-OPEN-MEYZIEU-2019-A-1000x750.jpg","type":"image\/jpeg"}],"author":"R\u00e9dac. NEWS","twitter_card":"summary_large_image","twitter_misc":{"\u00c9crit par":"R\u00e9dac. NEWS","Dur\u00e9e de lecture estim\u00e9e":"2 minutes"},"schema":{"@context":"https:\/\/schema.org","@graph":[{"@type":"Article","@id":"https:\/\/newsestlyonnais.fr\/site\/2019\/07\/07\/meyzieu-lopen-de-tennis-a-rendu-son-verdict\/#article","isPartOf":{"@id":"https:\/\/newsestlyonnais.fr\/site\/2019\/07\/07\/meyzieu-lopen-de-tennis-a-rendu-son-verdict\/"},"author":{"name":"R\u00e9dac. NEWS","@id":"https:\/\/newsestlyonnais.fr\/site\/#\/schema\/person\/3230d5615f390bb808365d673001e887"},"headline":"MEYZIEU | L&rsquo;Open de tennis a rendu son verdict","datePublished":"2019-07-07T14:34:20+00:00","dateModified":"2024-01-20T15:20:21+00:00","mainEntityOfPage":{"@id":"https:\/\/newsestlyonnais.fr\/site\/2019\/07\/07\/meyzieu-lopen-de-tennis-a-rendu-son-verdict\/"},"wordCount":236,"commentCount":0,"publisher":{"@id":"https:\/\/newsestlyonnais.fr\/site\/#organization"},"image":{"@id":"https:\/\/newsestlyonnais.fr\/site\/2019\/07\/07\/meyzieu-lopen-de-tennis-a-rendu-son-verdict\/#primaryimage"},"thumbnailUrl":"https:\/\/newsestlyonnais.fr\/site\/wp-content\/uploads\/2019\/07\/NEWSESTLYONNAIS-OPEN-MEYZIEU-2019-A.jpg","keywords":["Alexis Gerra","Julien Couronne","Laurie Navarro","MEYZIEU","MEYZIEU TENNIS","Moussa Amari","TENNIS"],"articleSection":["Meyzieu","Tennis | Padel","Tennis | Tennis de table"],"inLanguage":"fr-FR","potentialAction":[{"@type":"CommentAction","name":"Comment","target":["https:\/\/newsestlyonnais.fr\/site\/2019\/07\/07\/meyzieu-lopen-de-tennis-a-rendu-son-verdict\/#respond"]}]},{"@type":"WebPage","@id":"https:\/\/newsestlyonnais.fr\/site\/2019\/07\/07\/meyzieu-lopen-de-tennis-a-rendu-son-verdict\/","url":"https:\/\/newsestlyonnais.fr\/site\/2019\/07\/07\/meyzieu-lopen-de-tennis-a-rendu-son-verdict\/","name":"MEYZIEU | L'Open de tennis a rendu son verdict - News Est Lyonnais","isPartOf":{"@id":"https:\/\/newsestlyonnais.fr\/site\/#website"},"primaryImageOfPage":{"@id":"https:\/\/newsestlyonnais.fr\/site\/2019\/07\/07\/meyzieu-lopen-de-tennis-a-rendu-son-verdict\/#primaryimage"},"image":{"@id":"https:\/\/newsestlyonnais.fr\/site\/2019\/07\/07\/meyzieu-lopen-de-tennis-a-rendu-son-verdict\/#primaryimage"},"thumbnailUrl":"https:\/\/newsestlyonnais.fr\/site\/wp-content\/uploads\/2019\/07\/NEWSESTLYONNAIS-OPEN-MEYZIEU-2019-A.jpg","datePublished":"2019-07-07T14:34:20+00:00","dateModified":"2024-01-20T15:20:21+00:00","description":"Open de tennis a rendu son verdict. 2 finales de tableaux masculins se d\u00e9roulaient au club de Meyzieu Tennis aux Servizi\u00e8res.","breadcrumb":{"@id":"https:\/\/newsestlyonnais.fr\/site\/2019\/07\/07\/meyzieu-lopen-de-tennis-a-rendu-son-verdict\/#breadcrumb"},"inLanguage":"fr-FR","potentialAction":[{"@type":"ReadAction","target":["https:\/\/newsestlyonnais.fr\/site\/2019\/07\/07\/meyzieu-lopen-de-tennis-a-rendu-son-verdict\/"]}]},{"@type":"ImageObject","inLanguage":"fr-FR","@id":"https:\/\/newsestlyonnais.fr\/site\/2019\/07\/07\/meyzieu-lopen-de-tennis-a-rendu-son-verdict\/#primaryimage","url":"https:\/\/newsestlyonnais.fr\/site\/wp-content\/uploads\/2019\/07\/NEWSESTLYONNAIS-OPEN-MEYZIEU-2019-A.jpg","contentUrl":"https:\/\/newsestlyonnais.fr\/site\/wp-content\/uploads\/2019\/07\/NEWSESTLYONNAIS-OPEN-MEYZIEU-2019-A.jpg","width":4608,"height":3456},{"@type":"BreadcrumbList","@id":"https:\/\/newsestlyonnais.fr\/site\/2019\/07\/07\/meyzieu-lopen-de-tennis-a-rendu-son-verdict\/#breadcrumb","itemListElement":[{"@type":"ListItem","position":1,"name":"Accueil","item":"https:\/\/newsestlyonnais.fr\/site\/"},{"@type":"ListItem","position":2,"name":"MEYZIEU | L&rsquo;Open de tennis a rendu son verdict"}]},{"@type":"WebSite","@id":"https:\/\/newsestlyonnais.fr\/site\/#website","url":"https:\/\/newsestlyonnais.fr\/site\/","name":"News Est Lyonnais","description":"L&#039;actualit\u00e9 au plus pr\u00e8s","publisher":{"@id":"https:\/\/newsestlyonnais.fr\/site\/#organization"},"potentialAction":[{"@type":"SearchAction","target":{"@type":"EntryPoint","urlTemplate":"https:\/\/newsestlyonnais.fr\/site\/?s={search_term_string}"},"query-input":{"@type":"PropertyValueSpecification","valueRequired":true,"valueName":"search_term_string"}}],"inLanguage":"fr-FR"},{"@type":"Organization","@id":"https:\/\/newsestlyonnais.fr\/site\/#organization","name":"News EST LYONNAIS","url":"https:\/\/newsestlyonnais.fr\/site\/","logo":{"@type":"ImageObject","inLanguage":"fr-FR","@id":"https:\/\/newsestlyonnais.fr\/site\/#\/schema\/logo\/image\/","url":"","contentUrl":"","caption":"News EST LYONNAIS"},"image":{"@id":"https:\/\/newsestlyonnais.fr\/site\/#\/schema\/logo\/image\/"}},{"@type":"Person","@id":"https:\/\/newsestlyonnais.fr\/site\/#\/schema\/person\/3230d5615f390bb808365d673001e887","name":"R\u00e9dac. NEWS","sameAs":["http:\/\/www.newsestlyonnais.fr","https:\/\/www.facebook.com\/pascal.oberson.1?fref=ts","https:\/\/fr.linkedin.com\/in\/pascal-oberson-b17045113"],"url":"https:\/\/newsestlyonnais.fr\/site\/author\/nel\/"}]}},"_links":{"self":[{"href":"https:\/\/newsestlyonnais.fr\/site\/wp-json\/wp\/v2\/posts\/79369","targetHints":{"allow":["GET"]}}],"collection":[{"href":"https:\/\/newsestlyonnais.fr\/site\/wp-json\/wp\/v2\/posts"}],"about":[{"href":"https:\/\/newsestlyonnais.fr\/site\/wp-json\/wp\/v2\/types\/post"}],"author":[{"embeddable":true,"href":"https:\/\/newsestlyonnais.fr\/site\/wp-json\/wp\/v2\/users\/4"}],"replies":[{"embeddable":true,"href":"https:\/\/newsestlyonnais.fr\/site\/wp-json\/wp\/v2\/comments?post=79369"}],"version-history":[{"count":0,"href":"https:\/\/newsestlyonnais.fr\/site\/wp-json\/wp\/v2\/posts\/79369\/revisions"}],"wp:featuredmedia":[{"embeddable":true,"href":"https:\/\/newsestlyonnais.fr\/site\/wp-json\/wp\/v2\/media\/79417"}],"wp:attachment":[{"href":"https:\/\/newsestlyonnais.fr\/site\/wp-json\/wp\/v2\/media?parent=79369"}],"wp:term":[{"taxonomy":"category","embeddable":true,"href":"https:\/\/newsestlyonnais.fr\/site\/wp-json\/wp\/v2\/categories?post=79369"},{"taxonomy":"post_tag","embeddable":true,"href":"https:\/\/newsestlyonnais.fr\/site\/wp-json\/wp\/v2\/tags?post=79369"}],"curies":[{"name":"wp","href":"https:\/\/api.w.org\/{rel}","templated":true}]}}