{"id":80047,"date":"2019-07-14T15:53:10","date_gmt":"2019-07-14T14:53:10","guid":{"rendered":"http:\/\/newsestlyonnais.fr\/site\/?p=80047"},"modified":"2020-11-13T18:51:56","modified_gmt":"2020-11-13T17:51:56","slug":"pusignan-les-resultats-des-finales-du-tournoi-de-tennis","status":"publish","type":"post","link":"https:\/\/newsestlyonnais.fr\/site\/2019\/07\/14\/pusignan-les-resultats-des-finales-du-tournoi-de-tennis\/","title":{"rendered":"PUSIGNAN | Les r\u00e9sultats des finales du tournoi de tennis"},"content":{"rendered":"\r\n<p><strong>\u00a0<\/strong>Succ\u00e8s en f\u00e9minines de <strong>Daphn\u00e9e Paluszko <\/strong>qui s&rsquo;impose dans une finale 100 % genassienne et du c\u00f4t\u00e9 masculin victoire du v\u00e9nissian <strong>Amine Nedjari<\/strong>.<\/p>\r\n<p>&#8212;&#8212;&#8212;&#8212;&#8212;&#8212;&#8212;&#8212;&#8212;&#8212;&#8212;&#8212;&#8212;&#8212;&#8212;&#8212;&#8212;&#8212;&#8212;&#8212;&#8212;&#8212;&#8212;&#8212;&#8212;&#8212;&#8212;&#8212;&#8212;&#8212;&#8212;&#8212;&#8212;&#8212;&#8212;&#8212;&#8212;&#8212;&#8212;&#8212;&#8212;&#8212;&#8212;&#8212;&#8212;-<\/p>\r\n<p><span style=\"text-decoration: underline\"><strong>Finale Tableau f\u00e9minin<\/strong><\/span> :<\/p>\r\n<ul>\r\n<li><strong>Daphn\u00e9e Paluszko<\/strong> (TC Genas, 15\/2) bat Audrey Vichier (TC Genas, 15\/2)\u00a0\u00a0\u00a0 6\/3, 6\/3.<\/li>\r\n<\/ul>\r\n<p><strong><span style=\"text-decoration: underline\">Finale Tableau masculin<\/span> :\u00a0<\/strong><\/p>\r\n<ul>\r\n<li><strong>Amine Nedjari<\/strong> (TC V\u00e9nissieux, 15\/2) bat Florian Soulerin (TC Genas, 15\/1)\u00a0\u00a0\u00a0 6\/2 6\/3.<\/li>\r\n<\/ul>\r\n<p>&#8212;&#8212;&#8212;&#8212;&#8212;&#8212;&#8212;&#8212;&#8212;&#8212;&#8212;&#8212;&#8212;&#8212;&#8212;&#8212;&#8212;&#8212;&#8212;&#8212;&#8212;&#8212;&#8212;&#8212;&#8212;&#8212;&#8212;&#8212;&#8212;&#8212;&#8212;&#8212;&#8212;&#8212;&#8212;&#8212;&#8212;&#8212;&#8212;&#8212;&#8212;&#8212;&#8212;&#8212;&#8212;&#8211;<\/p>\r\n<p><em><strong>P<\/strong><strong>HOTO A LA UNE<\/strong> <\/em>: les finalistes des 2 tableaux de l&rsquo;\u00e9dition 2019.<\/p>\r\n<p>&#8212;&#8212;&#8212;&#8212;&#8212;&#8212;&#8212;&#8212;&#8212;&#8212;&#8212;&#8212;&#8212;&#8212;&#8212;&#8212;&#8212;&#8212;&#8212;&#8212;&#8212;&#8212;&#8212;&#8212;&#8212;&#8212;&#8212;&#8212;&#8212;&#8212;&#8212;&#8212;&#8212;&#8212;&#8212;&#8212;&#8212;&#8212;&#8212;&#8212;&#8212;&#8212;&#8212;&#8212;&#8212;&#8211;<\/p>\r\n<div id='gallery-1' class='gallery galleryid-80047 gallery-columns-3 gallery-size-thumbnail'><figure class='gallery-item'>\n\t\t\t<div class='gallery-icon portrait'>\n\t\t\t\t<a href='https:\/\/newsestlyonnais.fr\/site\/newsestlyonnais-open-pusignan-2019\/'><img loading=\"lazy\" decoding=\"async\" width=\"150\" height=\"150\" src=\"https:\/\/newsestlyonnais.fr\/site\/wp-content\/uploads\/2019\/05\/NEWSESTLYONNAIS-OPEN-PUSIGNAN-2019-150x150.jpg\" class=\"attachment-thumbnail size-thumbnail\" alt=\"NEWSESTLYONNAIS OPEN PUSIGNAN 2019\" aria-describedby=\"gallery-1-72894\" \/><\/a>\n\t\t\t<\/div>\n\t\t\t\t<figcaption class='wp-caption-text gallery-caption' id='gallery-1-72894'>\n\t\t\t\t  L&rsquo;affiche du tournoi \n\t\t\t\t<\/figcaption><\/figure><figure class='gallery-item'>\n\t\t\t<div class='gallery-icon portrait'>\n\t\t\t\t<a href='https:\/\/newsestlyonnais.fr\/site\/2019\/07\/14\/pusignan-les-resultats-des-finales-du-tournoi-de-tennis\/newsestlyonnais-fin-pusignan-01\/'><img loading=\"lazy\" decoding=\"async\" width=\"150\" height=\"150\" src=\"https:\/\/newsestlyonnais.fr\/site\/wp-content\/uploads\/2019\/07\/NEWSESTLYONNAIS-FIN-PUSIGNAN-01-150x150.jpg\" class=\"attachment-thumbnail size-thumbnail\" alt=\"\" aria-describedby=\"gallery-1-80092\" \/><\/a>\n\t\t\t<\/div>\n\t\t\t\t<figcaption class='wp-caption-text gallery-caption' id='gallery-1-80092'>\n\t\t\t\tLes finalistes des 2 tableaux\n\t\t\t\t<\/figcaption><\/figure><figure class='gallery-item'>\n\t\t\t<div class='gallery-icon portrait'>\n\t\t\t\t<a href='https:\/\/newsestlyonnais.fr\/site\/2019\/07\/14\/pusignan-les-resultats-des-finales-du-tournoi-de-tennis\/newsestlyonnais-fin-pusignan-02\/'><img loading=\"lazy\" decoding=\"async\" width=\"150\" height=\"150\" src=\"https:\/\/newsestlyonnais.fr\/site\/wp-content\/uploads\/2019\/07\/NEWSESTLYONNAIS-FIN-PUSIGNAN-02-150x150.jpg\" class=\"attachment-thumbnail size-thumbnail\" alt=\"\" aria-describedby=\"gallery-1-80094\" srcset=\"https:\/\/newsestlyonnais.fr\/site\/wp-content\/uploads\/2019\/07\/NEWSESTLYONNAIS-FIN-PUSIGNAN-02-150x150.jpg 150w, https:\/\/newsestlyonnais.fr\/site\/wp-content\/uploads\/2019\/07\/NEWSESTLYONNAIS-FIN-PUSIGNAN-02-538x540.jpg 538w\" sizes=\"auto, (max-width: 150px) 100vw, 150px\" \/><\/a>\n\t\t\t<\/div>\n\t\t\t\t<figcaption class='wp-caption-text gallery-caption' id='gallery-1-80094'>\n\t\t\t\tLes finalistes du tableau masculin et le J.A. J\u00e9r\u00f4me Dodane\n\t\t\t\t<\/figcaption><\/figure>\n\t\t<\/div>\n\r\n<p>&nbsp;<\/p>\r\n","protected":false},"excerpt":{"rendered":"<p>Un tournoi qui s&rsquo;achevait ce dimanche matin et a vu les ultimes parties se conclure rapidement en 2 sets.<\/p>\n","protected":false},"author":4,"featured_media":80095,"comment_status":"open","ping_status":"open","sticky":false,"template":"","format":"standard","meta":{"footnotes":""},"categories":[270,1279,2992,2991],"tags":[2550,2062,2049],"class_list":["post-80047","post","type-post","status-publish","format-standard","has-post-thumbnail","hentry","category-cte-de-communes-c-c-e-l","category-jons-pusignan","category-tennis-padel","category-tennis-tennis-table-sports","tag-at-pusignan","tag-pusignan","tag-tennis"],"yoast_head":"<!-- This site is optimized with the Yoast SEO plugin v27.2 - https:\/\/yoast.com\/product\/yoast-seo-wordpress\/ -->\n<title>PUSIGNAN | Les r\u00e9sultats des finales du tournoi de tennis - News Est Lyonnais<\/title>\n<meta name=\"description\" content=\"r\u00e9sultats des finales du tournoi de tennis qui s&#039;achevait ce dimanche matin et a vu les ultimes parties se conclure rapidement en 2 sets.\" \/>\n<meta name=\"robots\" content=\"index, follow, max-snippet:-1, max-image-preview:large, max-video-preview:-1\" \/>\n<link rel=\"canonical\" href=\"https:\/\/newsestlyonnais.fr\/site\/2019\/07\/14\/pusignan-les-resultats-des-finales-du-tournoi-de-tennis\/\" \/>\n<meta property=\"og:locale\" content=\"fr_FR\" \/>\n<meta property=\"og:type\" content=\"article\" \/>\n<meta property=\"og:title\" content=\"PUSIGNAN | Les r\u00e9sultats des finales du tournoi de tennis - News Est Lyonnais\" \/>\n<meta property=\"og:description\" content=\"r\u00e9sultats des finales du tournoi de tennis qui s&#039;achevait ce dimanche matin et a vu les ultimes parties se conclure rapidement en 2 sets.\" \/>\n<meta property=\"og:url\" content=\"https:\/\/newsestlyonnais.fr\/site\/2019\/07\/14\/pusignan-les-resultats-des-finales-du-tournoi-de-tennis\/\" \/>\n<meta property=\"og:site_name\" content=\"News Est Lyonnais\" \/>\n<meta property=\"article:author\" content=\"https:\/\/www.facebook.com\/pascal.oberson.1?fref=ts\" \/>\n<meta property=\"article:published_time\" content=\"2019-07-14T14:53:10+00:00\" \/>\n<meta property=\"article:modified_time\" content=\"2020-11-13T17:51:56+00:00\" \/>\n<meta property=\"og:image\" content=\"https:\/\/i1.wp.com\/newsestlyonnais.fr\/site\/wp-content\/uploads\/2019\/07\/NEWSESTLYONNAIS-FIN-PUSIGNAN-03.jpg?fit=563%2C750&ssl=1\" \/>\n\t<meta property=\"og:image:width\" content=\"563\" \/>\n\t<meta property=\"og:image:height\" content=\"750\" \/>\n\t<meta property=\"og:image:type\" content=\"image\/jpeg\" \/>\n<meta name=\"author\" content=\"R\u00e9dac. NEWS\" \/>\n<meta name=\"twitter:card\" content=\"summary_large_image\" \/>\n<meta name=\"twitter:label1\" content=\"\u00c9crit par\" \/>\n\t<meta name=\"twitter:data1\" content=\"R\u00e9dac. NEWS\" \/>\n<script type=\"application\/ld+json\" class=\"yoast-schema-graph\">{\"@context\":\"https:\/\/schema.org\",\"@graph\":[{\"@type\":\"Article\",\"@id\":\"https:\/\/newsestlyonnais.fr\/site\/2019\/07\/14\/pusignan-les-resultats-des-finales-du-tournoi-de-tennis\/#article\",\"isPartOf\":{\"@id\":\"https:\/\/newsestlyonnais.fr\/site\/2019\/07\/14\/pusignan-les-resultats-des-finales-du-tournoi-de-tennis\/\"},\"author\":{\"name\":\"R\u00e9dac. NEWS\",\"@id\":\"https:\/\/newsestlyonnais.fr\/site\/#\/schema\/person\/3230d5615f390bb808365d673001e887\"},\"headline\":\"PUSIGNAN | Les r\u00e9sultats des finales du tournoi de tennis\",\"datePublished\":\"2019-07-14T14:53:10+00:00\",\"dateModified\":\"2020-11-13T17:51:56+00:00\",\"mainEntityOfPage\":{\"@id\":\"https:\/\/newsestlyonnais.fr\/site\/2019\/07\/14\/pusignan-les-resultats-des-finales-du-tournoi-de-tennis\/\"},\"wordCount\":84,\"commentCount\":0,\"publisher\":{\"@id\":\"https:\/\/newsestlyonnais.fr\/site\/#organization\"},\"image\":{\"@id\":\"https:\/\/newsestlyonnais.fr\/site\/2019\/07\/14\/pusignan-les-resultats-des-finales-du-tournoi-de-tennis\/#primaryimage\"},\"thumbnailUrl\":\"https:\/\/newsestlyonnais.fr\/site\/wp-content\/uploads\/2019\/07\/NEWSESTLYONNAIS-FIN-PUSIGNAN-03.jpg\",\"keywords\":[\"AT PUSIGNAN\",\"PUSIGNAN\",\"TENNIS\"],\"articleSection\":[\"CCEL | Communes\",\"Jons | Pusignan\",\"Tennis | Padel\",\"Tennis | Tennis de table\"],\"inLanguage\":\"fr-FR\",\"potentialAction\":[{\"@type\":\"CommentAction\",\"name\":\"Comment\",\"target\":[\"https:\/\/newsestlyonnais.fr\/site\/2019\/07\/14\/pusignan-les-resultats-des-finales-du-tournoi-de-tennis\/#respond\"]}]},{\"@type\":\"WebPage\",\"@id\":\"https:\/\/newsestlyonnais.fr\/site\/2019\/07\/14\/pusignan-les-resultats-des-finales-du-tournoi-de-tennis\/\",\"url\":\"https:\/\/newsestlyonnais.fr\/site\/2019\/07\/14\/pusignan-les-resultats-des-finales-du-tournoi-de-tennis\/\",\"name\":\"PUSIGNAN | Les r\u00e9sultats des finales du tournoi de tennis - News Est Lyonnais\",\"isPartOf\":{\"@id\":\"https:\/\/newsestlyonnais.fr\/site\/#website\"},\"primaryImageOfPage\":{\"@id\":\"https:\/\/newsestlyonnais.fr\/site\/2019\/07\/14\/pusignan-les-resultats-des-finales-du-tournoi-de-tennis\/#primaryimage\"},\"image\":{\"@id\":\"https:\/\/newsestlyonnais.fr\/site\/2019\/07\/14\/pusignan-les-resultats-des-finales-du-tournoi-de-tennis\/#primaryimage\"},\"thumbnailUrl\":\"https:\/\/newsestlyonnais.fr\/site\/wp-content\/uploads\/2019\/07\/NEWSESTLYONNAIS-FIN-PUSIGNAN-03.jpg\",\"datePublished\":\"2019-07-14T14:53:10+00:00\",\"dateModified\":\"2020-11-13T17:51:56+00:00\",\"description\":\"r\u00e9sultats des finales du tournoi de tennis qui s'achevait ce dimanche matin et a vu les ultimes parties se conclure rapidement en 2 sets.\",\"breadcrumb\":{\"@id\":\"https:\/\/newsestlyonnais.fr\/site\/2019\/07\/14\/pusignan-les-resultats-des-finales-du-tournoi-de-tennis\/#breadcrumb\"},\"inLanguage\":\"fr-FR\",\"potentialAction\":[{\"@type\":\"ReadAction\",\"target\":[\"https:\/\/newsestlyonnais.fr\/site\/2019\/07\/14\/pusignan-les-resultats-des-finales-du-tournoi-de-tennis\/\"]}]},{\"@type\":\"ImageObject\",\"inLanguage\":\"fr-FR\",\"@id\":\"https:\/\/newsestlyonnais.fr\/site\/2019\/07\/14\/pusignan-les-resultats-des-finales-du-tournoi-de-tennis\/#primaryimage\",\"url\":\"https:\/\/newsestlyonnais.fr\/site\/wp-content\/uploads\/2019\/07\/NEWSESTLYONNAIS-FIN-PUSIGNAN-03.jpg\",\"contentUrl\":\"https:\/\/newsestlyonnais.fr\/site\/wp-content\/uploads\/2019\/07\/NEWSESTLYONNAIS-FIN-PUSIGNAN-03.jpg\",\"width\":563,\"height\":750,\"caption\":\"Les finalistes du tableau f\u00e9minin avec le J.A. J\u00e9r\u00f4me Dodane\"},{\"@type\":\"BreadcrumbList\",\"@id\":\"https:\/\/newsestlyonnais.fr\/site\/2019\/07\/14\/pusignan-les-resultats-des-finales-du-tournoi-de-tennis\/#breadcrumb\",\"itemListElement\":[{\"@type\":\"ListItem\",\"position\":1,\"name\":\"Accueil\",\"item\":\"https:\/\/newsestlyonnais.fr\/site\/\"},{\"@type\":\"ListItem\",\"position\":2,\"name\":\"PUSIGNAN | Les r\u00e9sultats des finales du tournoi de tennis\"}]},{\"@type\":\"WebSite\",\"@id\":\"https:\/\/newsestlyonnais.fr\/site\/#website\",\"url\":\"https:\/\/newsestlyonnais.fr\/site\/\",\"name\":\"News Est Lyonnais\",\"description\":\"L&#039;actualit\u00e9 au plus pr\u00e8s\",\"publisher\":{\"@id\":\"https:\/\/newsestlyonnais.fr\/site\/#organization\"},\"potentialAction\":[{\"@type\":\"SearchAction\",\"target\":{\"@type\":\"EntryPoint\",\"urlTemplate\":\"https:\/\/newsestlyonnais.fr\/site\/?s={search_term_string}\"},\"query-input\":{\"@type\":\"PropertyValueSpecification\",\"valueRequired\":true,\"valueName\":\"search_term_string\"}}],\"inLanguage\":\"fr-FR\"},{\"@type\":\"Organization\",\"@id\":\"https:\/\/newsestlyonnais.fr\/site\/#organization\",\"name\":\"News EST LYONNAIS\",\"url\":\"https:\/\/newsestlyonnais.fr\/site\/\",\"logo\":{\"@type\":\"ImageObject\",\"inLanguage\":\"fr-FR\",\"@id\":\"https:\/\/newsestlyonnais.fr\/site\/#\/schema\/logo\/image\/\",\"url\":\"\",\"contentUrl\":\"\",\"caption\":\"News EST LYONNAIS\"},\"image\":{\"@id\":\"https:\/\/newsestlyonnais.fr\/site\/#\/schema\/logo\/image\/\"}},{\"@type\":\"Person\",\"@id\":\"https:\/\/newsestlyonnais.fr\/site\/#\/schema\/person\/3230d5615f390bb808365d673001e887\",\"name\":\"R\u00e9dac. NEWS\",\"sameAs\":[\"http:\/\/www.newsestlyonnais.fr\",\"https:\/\/www.facebook.com\/pascal.oberson.1?fref=ts\",\"https:\/\/fr.linkedin.com\/in\/pascal-oberson-b17045113\"],\"url\":\"https:\/\/newsestlyonnais.fr\/site\/author\/nel\/\"}]}<\/script>\n<!-- \/ Yoast SEO plugin. -->","yoast_head_json":{"title":"PUSIGNAN | Les r\u00e9sultats des finales du tournoi de tennis - News Est Lyonnais","description":"r\u00e9sultats des finales du tournoi de tennis qui s'achevait ce dimanche matin et a vu les ultimes parties se conclure rapidement en 2 sets.","robots":{"index":"index","follow":"follow","max-snippet":"max-snippet:-1","max-image-preview":"max-image-preview:large","max-video-preview":"max-video-preview:-1"},"canonical":"https:\/\/newsestlyonnais.fr\/site\/2019\/07\/14\/pusignan-les-resultats-des-finales-du-tournoi-de-tennis\/","og_locale":"fr_FR","og_type":"article","og_title":"PUSIGNAN | Les r\u00e9sultats des finales du tournoi de tennis - News Est Lyonnais","og_description":"r\u00e9sultats des finales du tournoi de tennis qui s'achevait ce dimanche matin et a vu les ultimes parties se conclure rapidement en 2 sets.","og_url":"https:\/\/newsestlyonnais.fr\/site\/2019\/07\/14\/pusignan-les-resultats-des-finales-du-tournoi-de-tennis\/","og_site_name":"News Est Lyonnais","article_author":"https:\/\/www.facebook.com\/pascal.oberson.1?fref=ts","article_published_time":"2019-07-14T14:53:10+00:00","article_modified_time":"2020-11-13T17:51:56+00:00","og_image":[{"width":563,"height":750,"url":"https:\/\/i1.wp.com\/newsestlyonnais.fr\/site\/wp-content\/uploads\/2019\/07\/NEWSESTLYONNAIS-FIN-PUSIGNAN-03.jpg?fit=563%2C750&ssl=1","type":"image\/jpeg"}],"author":"R\u00e9dac. NEWS","twitter_card":"summary_large_image","twitter_misc":{"\u00c9crit par":"R\u00e9dac. NEWS"},"schema":{"@context":"https:\/\/schema.org","@graph":[{"@type":"Article","@id":"https:\/\/newsestlyonnais.fr\/site\/2019\/07\/14\/pusignan-les-resultats-des-finales-du-tournoi-de-tennis\/#article","isPartOf":{"@id":"https:\/\/newsestlyonnais.fr\/site\/2019\/07\/14\/pusignan-les-resultats-des-finales-du-tournoi-de-tennis\/"},"author":{"name":"R\u00e9dac. NEWS","@id":"https:\/\/newsestlyonnais.fr\/site\/#\/schema\/person\/3230d5615f390bb808365d673001e887"},"headline":"PUSIGNAN | Les r\u00e9sultats des finales du tournoi de tennis","datePublished":"2019-07-14T14:53:10+00:00","dateModified":"2020-11-13T17:51:56+00:00","mainEntityOfPage":{"@id":"https:\/\/newsestlyonnais.fr\/site\/2019\/07\/14\/pusignan-les-resultats-des-finales-du-tournoi-de-tennis\/"},"wordCount":84,"commentCount":0,"publisher":{"@id":"https:\/\/newsestlyonnais.fr\/site\/#organization"},"image":{"@id":"https:\/\/newsestlyonnais.fr\/site\/2019\/07\/14\/pusignan-les-resultats-des-finales-du-tournoi-de-tennis\/#primaryimage"},"thumbnailUrl":"https:\/\/newsestlyonnais.fr\/site\/wp-content\/uploads\/2019\/07\/NEWSESTLYONNAIS-FIN-PUSIGNAN-03.jpg","keywords":["AT PUSIGNAN","PUSIGNAN","TENNIS"],"articleSection":["CCEL | Communes","Jons | Pusignan","Tennis | Padel","Tennis | Tennis de table"],"inLanguage":"fr-FR","potentialAction":[{"@type":"CommentAction","name":"Comment","target":["https:\/\/newsestlyonnais.fr\/site\/2019\/07\/14\/pusignan-les-resultats-des-finales-du-tournoi-de-tennis\/#respond"]}]},{"@type":"WebPage","@id":"https:\/\/newsestlyonnais.fr\/site\/2019\/07\/14\/pusignan-les-resultats-des-finales-du-tournoi-de-tennis\/","url":"https:\/\/newsestlyonnais.fr\/site\/2019\/07\/14\/pusignan-les-resultats-des-finales-du-tournoi-de-tennis\/","name":"PUSIGNAN | Les r\u00e9sultats des finales du tournoi de tennis - News Est Lyonnais","isPartOf":{"@id":"https:\/\/newsestlyonnais.fr\/site\/#website"},"primaryImageOfPage":{"@id":"https:\/\/newsestlyonnais.fr\/site\/2019\/07\/14\/pusignan-les-resultats-des-finales-du-tournoi-de-tennis\/#primaryimage"},"image":{"@id":"https:\/\/newsestlyonnais.fr\/site\/2019\/07\/14\/pusignan-les-resultats-des-finales-du-tournoi-de-tennis\/#primaryimage"},"thumbnailUrl":"https:\/\/newsestlyonnais.fr\/site\/wp-content\/uploads\/2019\/07\/NEWSESTLYONNAIS-FIN-PUSIGNAN-03.jpg","datePublished":"2019-07-14T14:53:10+00:00","dateModified":"2020-11-13T17:51:56+00:00","description":"r\u00e9sultats des finales du tournoi de tennis qui s'achevait ce dimanche matin et a vu les ultimes parties se conclure rapidement en 2 sets.","breadcrumb":{"@id":"https:\/\/newsestlyonnais.fr\/site\/2019\/07\/14\/pusignan-les-resultats-des-finales-du-tournoi-de-tennis\/#breadcrumb"},"inLanguage":"fr-FR","potentialAction":[{"@type":"ReadAction","target":["https:\/\/newsestlyonnais.fr\/site\/2019\/07\/14\/pusignan-les-resultats-des-finales-du-tournoi-de-tennis\/"]}]},{"@type":"ImageObject","inLanguage":"fr-FR","@id":"https:\/\/newsestlyonnais.fr\/site\/2019\/07\/14\/pusignan-les-resultats-des-finales-du-tournoi-de-tennis\/#primaryimage","url":"https:\/\/newsestlyonnais.fr\/site\/wp-content\/uploads\/2019\/07\/NEWSESTLYONNAIS-FIN-PUSIGNAN-03.jpg","contentUrl":"https:\/\/newsestlyonnais.fr\/site\/wp-content\/uploads\/2019\/07\/NEWSESTLYONNAIS-FIN-PUSIGNAN-03.jpg","width":563,"height":750,"caption":"Les finalistes du tableau f\u00e9minin avec le J.A. J\u00e9r\u00f4me Dodane"},{"@type":"BreadcrumbList","@id":"https:\/\/newsestlyonnais.fr\/site\/2019\/07\/14\/pusignan-les-resultats-des-finales-du-tournoi-de-tennis\/#breadcrumb","itemListElement":[{"@type":"ListItem","position":1,"name":"Accueil","item":"https:\/\/newsestlyonnais.fr\/site\/"},{"@type":"ListItem","position":2,"name":"PUSIGNAN | Les r\u00e9sultats des finales du tournoi de tennis"}]},{"@type":"WebSite","@id":"https:\/\/newsestlyonnais.fr\/site\/#website","url":"https:\/\/newsestlyonnais.fr\/site\/","name":"News Est Lyonnais","description":"L&#039;actualit\u00e9 au plus pr\u00e8s","publisher":{"@id":"https:\/\/newsestlyonnais.fr\/site\/#organization"},"potentialAction":[{"@type":"SearchAction","target":{"@type":"EntryPoint","urlTemplate":"https:\/\/newsestlyonnais.fr\/site\/?s={search_term_string}"},"query-input":{"@type":"PropertyValueSpecification","valueRequired":true,"valueName":"search_term_string"}}],"inLanguage":"fr-FR"},{"@type":"Organization","@id":"https:\/\/newsestlyonnais.fr\/site\/#organization","name":"News EST LYONNAIS","url":"https:\/\/newsestlyonnais.fr\/site\/","logo":{"@type":"ImageObject","inLanguage":"fr-FR","@id":"https:\/\/newsestlyonnais.fr\/site\/#\/schema\/logo\/image\/","url":"","contentUrl":"","caption":"News EST LYONNAIS"},"image":{"@id":"https:\/\/newsestlyonnais.fr\/site\/#\/schema\/logo\/image\/"}},{"@type":"Person","@id":"https:\/\/newsestlyonnais.fr\/site\/#\/schema\/person\/3230d5615f390bb808365d673001e887","name":"R\u00e9dac. NEWS","sameAs":["http:\/\/www.newsestlyonnais.fr","https:\/\/www.facebook.com\/pascal.oberson.1?fref=ts","https:\/\/fr.linkedin.com\/in\/pascal-oberson-b17045113"],"url":"https:\/\/newsestlyonnais.fr\/site\/author\/nel\/"}]}},"_links":{"self":[{"href":"https:\/\/newsestlyonnais.fr\/site\/wp-json\/wp\/v2\/posts\/80047","targetHints":{"allow":["GET"]}}],"collection":[{"href":"https:\/\/newsestlyonnais.fr\/site\/wp-json\/wp\/v2\/posts"}],"about":[{"href":"https:\/\/newsestlyonnais.fr\/site\/wp-json\/wp\/v2\/types\/post"}],"author":[{"embeddable":true,"href":"https:\/\/newsestlyonnais.fr\/site\/wp-json\/wp\/v2\/users\/4"}],"replies":[{"embeddable":true,"href":"https:\/\/newsestlyonnais.fr\/site\/wp-json\/wp\/v2\/comments?post=80047"}],"version-history":[{"count":0,"href":"https:\/\/newsestlyonnais.fr\/site\/wp-json\/wp\/v2\/posts\/80047\/revisions"}],"wp:featuredmedia":[{"embeddable":true,"href":"https:\/\/newsestlyonnais.fr\/site\/wp-json\/wp\/v2\/media\/80095"}],"wp:attachment":[{"href":"https:\/\/newsestlyonnais.fr\/site\/wp-json\/wp\/v2\/media?parent=80047"}],"wp:term":[{"taxonomy":"category","embeddable":true,"href":"https:\/\/newsestlyonnais.fr\/site\/wp-json\/wp\/v2\/categories?post=80047"},{"taxonomy":"post_tag","embeddable":true,"href":"https:\/\/newsestlyonnais.fr\/site\/wp-json\/wp\/v2\/tags?post=80047"}],"curies":[{"name":"wp","href":"https:\/\/api.w.org\/{rel}","templated":true}]}}