{"id":80073,"date":"2019-07-14T13:52:18","date_gmt":"2019-07-14T12:52:18","guid":{"rendered":"http:\/\/newsestlyonnais.fr\/site\/?p=80073"},"modified":"2020-11-04T07:37:16","modified_gmt":"2020-11-04T06:37:16","slug":"bron-une-quadrette-de-lassociation-bouliste-demi-finaliste-du-championnat-de-france","status":"publish","type":"post","link":"https:\/\/newsestlyonnais.fr\/site\/2019\/07\/14\/bron-une-quadrette-de-lassociation-bouliste-demi-finaliste-du-championnat-de-france\/","title":{"rendered":"BRON | une quadrette bouliste demi-finaliste du championnat de France"},"content":{"rendered":"\r\n<blockquote>\r\n<div id=\"ox-b19fc504ee-yMail_cursorElementTracker_1563101137333\"><strong>L&rsquo;\u00e9quipe brondillante de Fournier s&rsquo;est inclin\u00e9e ce dimanche matin en 1\/2 finale du championnat de France quadrettes M2, \u00e0 la Halle Olympique d&rsquo;Albertville.<\/strong> <br \/><br \/>\u00a0\u00bb Apr\u00e8s un d\u00e9part poussif en poules, nous avons su rehausser notre niveau de jeu pour sortir des poules et passer la 1\u00b0 journ\u00e9e du vendredi.\u00a0<\/div>\r\n<div id=\"ox-b19fc504ee-yMail_cursorElementTracker_1563101606473\">\u00a0<\/div>\r\n<div id=\"ox-b19fc504ee-yMail_cursorElementTracker_1563101345286\">Le samedi soir en 1\/4 de finale contre nos copains de Quincieux, la partie s&rsquo;est jou\u00e9e \u00e0 la fin du temps, au bout du suspense pour se qualifier pour la 1\/2 finale.<\/div>\r\n<div id=\"ox-b19fc504ee-yMail_cursorElementTracker_1563101427777\">\u00a0<\/div>\r\n<div id=\"ox-b19fc504ee-yMail_cursorElementTracker_1563101429667\">Et ce matin nous nous sommes donc inclin\u00e9s contre nos amis de Lagnieu 13 \u00e0 9 en rendant malgr\u00e9 tout une belle prestation \u00a0\u00bb confie David Gomes, un des membres de l&rsquo;\u00e9quipe.<\/div>\r\n<\/blockquote>\r\n<div>\u00a0<\/div>\r\n<div>\u00a0<\/div>\r\n<div id=\"ox-b19fc504ee-yMail_cursorElementTracker_1563101487820\">\u00a0<\/div>\r\n<div id=\"ox-b19fc504ee-yMail_cursorElementTracker_1563101488313\"><span style=\"text-decoration: underline\">Le parcours victorieux de l&rsquo;Association Bouliste lors de ce championnat de France<\/span> (\u00e9quipe compos\u00e9e de Micka\u00ebl Charvet, Herv\u00e9 Grange, David Sapey, Sylvain Saillard, Thierry Fournier, David Gomes &amp; R\u00e9gis Coste-Chareire) :<\/div>\r\n<div>\u00a0<\/div>\r\n<div>\u00a0&#8211; 1\/32\u00b0 contre Grando (Fontaines) 13-8<\/div>\r\n<div>\u00a0&#8211; 1\/16\u00b0 contre Viola (Fontaines) 13-4<\/div>\r\n<div>\u00a0&#8211; 1\/8\u00b0 contre Charra (Puy en Velay) 13-2<\/div>\r\n<div>\u00a0&#8211; 1\/4 contre Rougemont (Quincieux) 11-8<\/div>\r\n<div>\u00a0<\/div>\r\n<div><img loading=\"lazy\" decoding=\"async\" class=\"size-full wp-image-80080 aligncenter\" src=\"https:\/\/newsestlyonnais.fr\/site\/medias\/2019\/07\/NEWSESTLYONNAIS-CHAM-FRANCE-BOULES-2019.jpg\" alt=\"\" width=\"189\" height=\"267\" \/><\/div>\r\n","protected":false},"excerpt":{"rendered":"<p>L&rsquo;\u00e9quipe brondillante de Fournier s&rsquo;est inclin\u00e9e ce dimanche matin en 1\/2 finale du championnat de France quadrettes M2, \u00e0 la Halle Olympique d&rsquo;Albertville.<\/p>\n","protected":false},"author":4,"featured_media":80079,"comment_status":"open","ping_status":"open","sticky":false,"template":"","format":"standard","meta":{"footnotes":""},"categories":[2977,1341,19],"tags":[2808,2072,2015],"class_list":["post-80073","post","type-post","status-publish","format-standard","has-post-thumbnail","hentry","category-boules-petanque-sports","category-boules-lyonnaises","category-bron","tag-association-bouliste-bron","tag-bron","tag-quadrette-fournier"],"yoast_head":"<!-- This site is optimized with the Yoast SEO plugin v27.2 - https:\/\/yoast.com\/product\/yoast-seo-wordpress\/ -->\n<title>BRON | une quadrette bouliste demi-finaliste du championnat de France - News Est Lyonnais<\/title>\n<meta name=\"description\" content=\"Une quadrette de l&#039;association bouliste brondillante de Fournier s&#039;est inclin\u00e9e en demi-finale du championnat de France quadrettes M2, \u00e0 Albertville.\" \/>\n<meta name=\"robots\" content=\"index, follow, max-snippet:-1, max-image-preview:large, max-video-preview:-1\" \/>\n<link rel=\"canonical\" href=\"https:\/\/newsestlyonnais.fr\/site\/2019\/07\/14\/bron-une-quadrette-de-lassociation-bouliste-demi-finaliste-du-championnat-de-france\/\" \/>\n<meta property=\"og:locale\" content=\"fr_FR\" \/>\n<meta property=\"og:type\" content=\"article\" \/>\n<meta property=\"og:title\" content=\"BRON | une quadrette bouliste demi-finaliste du championnat de France - News Est Lyonnais\" \/>\n<meta property=\"og:description\" content=\"Une quadrette de l&#039;association bouliste brondillante de Fournier s&#039;est inclin\u00e9e en demi-finale du championnat de France quadrettes M2, \u00e0 Albertville.\" \/>\n<meta property=\"og:url\" content=\"https:\/\/newsestlyonnais.fr\/site\/2019\/07\/14\/bron-une-quadrette-de-lassociation-bouliste-demi-finaliste-du-championnat-de-france\/\" \/>\n<meta property=\"og:site_name\" content=\"News Est Lyonnais\" \/>\n<meta property=\"article:author\" content=\"https:\/\/www.facebook.com\/pascal.oberson.1?fref=ts\" \/>\n<meta property=\"article:published_time\" content=\"2019-07-14T12:52:18+00:00\" \/>\n<meta property=\"article:modified_time\" content=\"2020-11-04T06:37:16+00:00\" \/>\n<meta property=\"og:image\" content=\"https:\/\/i2.wp.com\/newsestlyonnais.fr\/site\/wp-content\/uploads\/2019\/07\/NEWSESTLYONNAIS-BRON-CHAM-BOULES.jpg?fit=280%2C592&ssl=1\" \/>\n\t<meta property=\"og:image:width\" content=\"280\" \/>\n\t<meta property=\"og:image:height\" content=\"592\" \/>\n\t<meta property=\"og:image:type\" content=\"image\/jpeg\" \/>\n<meta name=\"author\" content=\"R\u00e9dac. NEWS\" \/>\n<meta name=\"twitter:card\" content=\"summary_large_image\" \/>\n<meta name=\"twitter:label1\" content=\"\u00c9crit par\" \/>\n\t<meta name=\"twitter:data1\" content=\"R\u00e9dac. NEWS\" \/>\n\t<meta name=\"twitter:label2\" content=\"Dur\u00e9e de lecture estim\u00e9e\" \/>\n\t<meta name=\"twitter:data2\" content=\"1 minute\" \/>\n<script type=\"application\/ld+json\" class=\"yoast-schema-graph\">{\"@context\":\"https:\/\/schema.org\",\"@graph\":[{\"@type\":\"Article\",\"@id\":\"https:\/\/newsestlyonnais.fr\/site\/2019\/07\/14\/bron-une-quadrette-de-lassociation-bouliste-demi-finaliste-du-championnat-de-france\/#article\",\"isPartOf\":{\"@id\":\"https:\/\/newsestlyonnais.fr\/site\/2019\/07\/14\/bron-une-quadrette-de-lassociation-bouliste-demi-finaliste-du-championnat-de-france\/\"},\"author\":{\"name\":\"R\u00e9dac. NEWS\",\"@id\":\"https:\/\/newsestlyonnais.fr\/site\/#\/schema\/person\/3230d5615f390bb808365d673001e887\"},\"headline\":\"BRON | une quadrette bouliste demi-finaliste du championnat de France\",\"datePublished\":\"2019-07-14T12:52:18+00:00\",\"dateModified\":\"2020-11-04T06:37:16+00:00\",\"mainEntityOfPage\":{\"@id\":\"https:\/\/newsestlyonnais.fr\/site\/2019\/07\/14\/bron-une-quadrette-de-lassociation-bouliste-demi-finaliste-du-championnat-de-france\/\"},\"wordCount\":178,\"commentCount\":0,\"publisher\":{\"@id\":\"https:\/\/newsestlyonnais.fr\/site\/#organization\"},\"image\":{\"@id\":\"https:\/\/newsestlyonnais.fr\/site\/2019\/07\/14\/bron-une-quadrette-de-lassociation-bouliste-demi-finaliste-du-championnat-de-france\/#primaryimage\"},\"thumbnailUrl\":\"https:\/\/newsestlyonnais.fr\/site\/wp-content\/uploads\/2019\/07\/NEWSESTLYONNAIS-BRON-CHAM-BOULES.jpg\",\"keywords\":[\"ASSOCIATION BOULISTE BRON\",\"BRON\",\"QUADRETTE FOURNIER\"],\"articleSection\":[\"Boules | P\u00e9tanque\",\"Boules Lyonnaises\",\"Bron\"],\"inLanguage\":\"fr-FR\",\"potentialAction\":[{\"@type\":\"CommentAction\",\"name\":\"Comment\",\"target\":[\"https:\/\/newsestlyonnais.fr\/site\/2019\/07\/14\/bron-une-quadrette-de-lassociation-bouliste-demi-finaliste-du-championnat-de-france\/#respond\"]}]},{\"@type\":\"WebPage\",\"@id\":\"https:\/\/newsestlyonnais.fr\/site\/2019\/07\/14\/bron-une-quadrette-de-lassociation-bouliste-demi-finaliste-du-championnat-de-france\/\",\"url\":\"https:\/\/newsestlyonnais.fr\/site\/2019\/07\/14\/bron-une-quadrette-de-lassociation-bouliste-demi-finaliste-du-championnat-de-france\/\",\"name\":\"BRON | une quadrette bouliste demi-finaliste du championnat de France - News Est Lyonnais\",\"isPartOf\":{\"@id\":\"https:\/\/newsestlyonnais.fr\/site\/#website\"},\"primaryImageOfPage\":{\"@id\":\"https:\/\/newsestlyonnais.fr\/site\/2019\/07\/14\/bron-une-quadrette-de-lassociation-bouliste-demi-finaliste-du-championnat-de-france\/#primaryimage\"},\"image\":{\"@id\":\"https:\/\/newsestlyonnais.fr\/site\/2019\/07\/14\/bron-une-quadrette-de-lassociation-bouliste-demi-finaliste-du-championnat-de-france\/#primaryimage\"},\"thumbnailUrl\":\"https:\/\/newsestlyonnais.fr\/site\/wp-content\/uploads\/2019\/07\/NEWSESTLYONNAIS-BRON-CHAM-BOULES.jpg\",\"datePublished\":\"2019-07-14T12:52:18+00:00\",\"dateModified\":\"2020-11-04T06:37:16+00:00\",\"description\":\"Une quadrette de l'association bouliste brondillante de Fournier s'est inclin\u00e9e en demi-finale du championnat de France quadrettes M2, \u00e0 Albertville.\",\"breadcrumb\":{\"@id\":\"https:\/\/newsestlyonnais.fr\/site\/2019\/07\/14\/bron-une-quadrette-de-lassociation-bouliste-demi-finaliste-du-championnat-de-france\/#breadcrumb\"},\"inLanguage\":\"fr-FR\",\"potentialAction\":[{\"@type\":\"ReadAction\",\"target\":[\"https:\/\/newsestlyonnais.fr\/site\/2019\/07\/14\/bron-une-quadrette-de-lassociation-bouliste-demi-finaliste-du-championnat-de-france\/\"]}]},{\"@type\":\"ImageObject\",\"inLanguage\":\"fr-FR\",\"@id\":\"https:\/\/newsestlyonnais.fr\/site\/2019\/07\/14\/bron-une-quadrette-de-lassociation-bouliste-demi-finaliste-du-championnat-de-france\/#primaryimage\",\"url\":\"https:\/\/newsestlyonnais.fr\/site\/wp-content\/uploads\/2019\/07\/NEWSESTLYONNAIS-BRON-CHAM-BOULES.jpg\",\"contentUrl\":\"https:\/\/newsestlyonnais.fr\/site\/wp-content\/uploads\/2019\/07\/NEWSESTLYONNAIS-BRON-CHAM-BOULES.jpg\",\"width\":280,\"height\":592},{\"@type\":\"BreadcrumbList\",\"@id\":\"https:\/\/newsestlyonnais.fr\/site\/2019\/07\/14\/bron-une-quadrette-de-lassociation-bouliste-demi-finaliste-du-championnat-de-france\/#breadcrumb\",\"itemListElement\":[{\"@type\":\"ListItem\",\"position\":1,\"name\":\"Accueil\",\"item\":\"https:\/\/newsestlyonnais.fr\/site\/\"},{\"@type\":\"ListItem\",\"position\":2,\"name\":\"BRON | une quadrette bouliste demi-finaliste du championnat de France\"}]},{\"@type\":\"WebSite\",\"@id\":\"https:\/\/newsestlyonnais.fr\/site\/#website\",\"url\":\"https:\/\/newsestlyonnais.fr\/site\/\",\"name\":\"News Est Lyonnais\",\"description\":\"L&#039;actualit\u00e9 au plus pr\u00e8s\",\"publisher\":{\"@id\":\"https:\/\/newsestlyonnais.fr\/site\/#organization\"},\"potentialAction\":[{\"@type\":\"SearchAction\",\"target\":{\"@type\":\"EntryPoint\",\"urlTemplate\":\"https:\/\/newsestlyonnais.fr\/site\/?s={search_term_string}\"},\"query-input\":{\"@type\":\"PropertyValueSpecification\",\"valueRequired\":true,\"valueName\":\"search_term_string\"}}],\"inLanguage\":\"fr-FR\"},{\"@type\":\"Organization\",\"@id\":\"https:\/\/newsestlyonnais.fr\/site\/#organization\",\"name\":\"News EST LYONNAIS\",\"url\":\"https:\/\/newsestlyonnais.fr\/site\/\",\"logo\":{\"@type\":\"ImageObject\",\"inLanguage\":\"fr-FR\",\"@id\":\"https:\/\/newsestlyonnais.fr\/site\/#\/schema\/logo\/image\/\",\"url\":\"\",\"contentUrl\":\"\",\"caption\":\"News EST LYONNAIS\"},\"image\":{\"@id\":\"https:\/\/newsestlyonnais.fr\/site\/#\/schema\/logo\/image\/\"}},{\"@type\":\"Person\",\"@id\":\"https:\/\/newsestlyonnais.fr\/site\/#\/schema\/person\/3230d5615f390bb808365d673001e887\",\"name\":\"R\u00e9dac. NEWS\",\"sameAs\":[\"http:\/\/www.newsestlyonnais.fr\",\"https:\/\/www.facebook.com\/pascal.oberson.1?fref=ts\",\"https:\/\/fr.linkedin.com\/in\/pascal-oberson-b17045113\"],\"url\":\"https:\/\/newsestlyonnais.fr\/site\/author\/nel\/\"}]}<\/script>\n<!-- \/ Yoast SEO plugin. -->","yoast_head_json":{"title":"BRON | une quadrette bouliste demi-finaliste du championnat de France - News Est Lyonnais","description":"Une quadrette de l'association bouliste brondillante de Fournier s'est inclin\u00e9e en demi-finale du championnat de France quadrettes M2, \u00e0 Albertville.","robots":{"index":"index","follow":"follow","max-snippet":"max-snippet:-1","max-image-preview":"max-image-preview:large","max-video-preview":"max-video-preview:-1"},"canonical":"https:\/\/newsestlyonnais.fr\/site\/2019\/07\/14\/bron-une-quadrette-de-lassociation-bouliste-demi-finaliste-du-championnat-de-france\/","og_locale":"fr_FR","og_type":"article","og_title":"BRON | une quadrette bouliste demi-finaliste du championnat de France - News Est Lyonnais","og_description":"Une quadrette de l'association bouliste brondillante de Fournier s'est inclin\u00e9e en demi-finale du championnat de France quadrettes M2, \u00e0 Albertville.","og_url":"https:\/\/newsestlyonnais.fr\/site\/2019\/07\/14\/bron-une-quadrette-de-lassociation-bouliste-demi-finaliste-du-championnat-de-france\/","og_site_name":"News Est Lyonnais","article_author":"https:\/\/www.facebook.com\/pascal.oberson.1?fref=ts","article_published_time":"2019-07-14T12:52:18+00:00","article_modified_time":"2020-11-04T06:37:16+00:00","og_image":[{"width":280,"height":592,"url":"https:\/\/i2.wp.com\/newsestlyonnais.fr\/site\/wp-content\/uploads\/2019\/07\/NEWSESTLYONNAIS-BRON-CHAM-BOULES.jpg?fit=280%2C592&ssl=1","type":"image\/jpeg"}],"author":"R\u00e9dac. NEWS","twitter_card":"summary_large_image","twitter_misc":{"\u00c9crit par":"R\u00e9dac. NEWS","Dur\u00e9e de lecture estim\u00e9e":"1 minute"},"schema":{"@context":"https:\/\/schema.org","@graph":[{"@type":"Article","@id":"https:\/\/newsestlyonnais.fr\/site\/2019\/07\/14\/bron-une-quadrette-de-lassociation-bouliste-demi-finaliste-du-championnat-de-france\/#article","isPartOf":{"@id":"https:\/\/newsestlyonnais.fr\/site\/2019\/07\/14\/bron-une-quadrette-de-lassociation-bouliste-demi-finaliste-du-championnat-de-france\/"},"author":{"name":"R\u00e9dac. NEWS","@id":"https:\/\/newsestlyonnais.fr\/site\/#\/schema\/person\/3230d5615f390bb808365d673001e887"},"headline":"BRON | une quadrette bouliste demi-finaliste du championnat de France","datePublished":"2019-07-14T12:52:18+00:00","dateModified":"2020-11-04T06:37:16+00:00","mainEntityOfPage":{"@id":"https:\/\/newsestlyonnais.fr\/site\/2019\/07\/14\/bron-une-quadrette-de-lassociation-bouliste-demi-finaliste-du-championnat-de-france\/"},"wordCount":178,"commentCount":0,"publisher":{"@id":"https:\/\/newsestlyonnais.fr\/site\/#organization"},"image":{"@id":"https:\/\/newsestlyonnais.fr\/site\/2019\/07\/14\/bron-une-quadrette-de-lassociation-bouliste-demi-finaliste-du-championnat-de-france\/#primaryimage"},"thumbnailUrl":"https:\/\/newsestlyonnais.fr\/site\/wp-content\/uploads\/2019\/07\/NEWSESTLYONNAIS-BRON-CHAM-BOULES.jpg","keywords":["ASSOCIATION BOULISTE BRON","BRON","QUADRETTE FOURNIER"],"articleSection":["Boules | P\u00e9tanque","Boules Lyonnaises","Bron"],"inLanguage":"fr-FR","potentialAction":[{"@type":"CommentAction","name":"Comment","target":["https:\/\/newsestlyonnais.fr\/site\/2019\/07\/14\/bron-une-quadrette-de-lassociation-bouliste-demi-finaliste-du-championnat-de-france\/#respond"]}]},{"@type":"WebPage","@id":"https:\/\/newsestlyonnais.fr\/site\/2019\/07\/14\/bron-une-quadrette-de-lassociation-bouliste-demi-finaliste-du-championnat-de-france\/","url":"https:\/\/newsestlyonnais.fr\/site\/2019\/07\/14\/bron-une-quadrette-de-lassociation-bouliste-demi-finaliste-du-championnat-de-france\/","name":"BRON | une quadrette bouliste demi-finaliste du championnat de France - News Est Lyonnais","isPartOf":{"@id":"https:\/\/newsestlyonnais.fr\/site\/#website"},"primaryImageOfPage":{"@id":"https:\/\/newsestlyonnais.fr\/site\/2019\/07\/14\/bron-une-quadrette-de-lassociation-bouliste-demi-finaliste-du-championnat-de-france\/#primaryimage"},"image":{"@id":"https:\/\/newsestlyonnais.fr\/site\/2019\/07\/14\/bron-une-quadrette-de-lassociation-bouliste-demi-finaliste-du-championnat-de-france\/#primaryimage"},"thumbnailUrl":"https:\/\/newsestlyonnais.fr\/site\/wp-content\/uploads\/2019\/07\/NEWSESTLYONNAIS-BRON-CHAM-BOULES.jpg","datePublished":"2019-07-14T12:52:18+00:00","dateModified":"2020-11-04T06:37:16+00:00","description":"Une quadrette de l'association bouliste brondillante de Fournier s'est inclin\u00e9e en demi-finale du championnat de France quadrettes M2, \u00e0 Albertville.","breadcrumb":{"@id":"https:\/\/newsestlyonnais.fr\/site\/2019\/07\/14\/bron-une-quadrette-de-lassociation-bouliste-demi-finaliste-du-championnat-de-france\/#breadcrumb"},"inLanguage":"fr-FR","potentialAction":[{"@type":"ReadAction","target":["https:\/\/newsestlyonnais.fr\/site\/2019\/07\/14\/bron-une-quadrette-de-lassociation-bouliste-demi-finaliste-du-championnat-de-france\/"]}]},{"@type":"ImageObject","inLanguage":"fr-FR","@id":"https:\/\/newsestlyonnais.fr\/site\/2019\/07\/14\/bron-une-quadrette-de-lassociation-bouliste-demi-finaliste-du-championnat-de-france\/#primaryimage","url":"https:\/\/newsestlyonnais.fr\/site\/wp-content\/uploads\/2019\/07\/NEWSESTLYONNAIS-BRON-CHAM-BOULES.jpg","contentUrl":"https:\/\/newsestlyonnais.fr\/site\/wp-content\/uploads\/2019\/07\/NEWSESTLYONNAIS-BRON-CHAM-BOULES.jpg","width":280,"height":592},{"@type":"BreadcrumbList","@id":"https:\/\/newsestlyonnais.fr\/site\/2019\/07\/14\/bron-une-quadrette-de-lassociation-bouliste-demi-finaliste-du-championnat-de-france\/#breadcrumb","itemListElement":[{"@type":"ListItem","position":1,"name":"Accueil","item":"https:\/\/newsestlyonnais.fr\/site\/"},{"@type":"ListItem","position":2,"name":"BRON | une quadrette bouliste demi-finaliste du championnat de France"}]},{"@type":"WebSite","@id":"https:\/\/newsestlyonnais.fr\/site\/#website","url":"https:\/\/newsestlyonnais.fr\/site\/","name":"News Est Lyonnais","description":"L&#039;actualit\u00e9 au plus pr\u00e8s","publisher":{"@id":"https:\/\/newsestlyonnais.fr\/site\/#organization"},"potentialAction":[{"@type":"SearchAction","target":{"@type":"EntryPoint","urlTemplate":"https:\/\/newsestlyonnais.fr\/site\/?s={search_term_string}"},"query-input":{"@type":"PropertyValueSpecification","valueRequired":true,"valueName":"search_term_string"}}],"inLanguage":"fr-FR"},{"@type":"Organization","@id":"https:\/\/newsestlyonnais.fr\/site\/#organization","name":"News EST LYONNAIS","url":"https:\/\/newsestlyonnais.fr\/site\/","logo":{"@type":"ImageObject","inLanguage":"fr-FR","@id":"https:\/\/newsestlyonnais.fr\/site\/#\/schema\/logo\/image\/","url":"","contentUrl":"","caption":"News EST LYONNAIS"},"image":{"@id":"https:\/\/newsestlyonnais.fr\/site\/#\/schema\/logo\/image\/"}},{"@type":"Person","@id":"https:\/\/newsestlyonnais.fr\/site\/#\/schema\/person\/3230d5615f390bb808365d673001e887","name":"R\u00e9dac. NEWS","sameAs":["http:\/\/www.newsestlyonnais.fr","https:\/\/www.facebook.com\/pascal.oberson.1?fref=ts","https:\/\/fr.linkedin.com\/in\/pascal-oberson-b17045113"],"url":"https:\/\/newsestlyonnais.fr\/site\/author\/nel\/"}]}},"_links":{"self":[{"href":"https:\/\/newsestlyonnais.fr\/site\/wp-json\/wp\/v2\/posts\/80073","targetHints":{"allow":["GET"]}}],"collection":[{"href":"https:\/\/newsestlyonnais.fr\/site\/wp-json\/wp\/v2\/posts"}],"about":[{"href":"https:\/\/newsestlyonnais.fr\/site\/wp-json\/wp\/v2\/types\/post"}],"author":[{"embeddable":true,"href":"https:\/\/newsestlyonnais.fr\/site\/wp-json\/wp\/v2\/users\/4"}],"replies":[{"embeddable":true,"href":"https:\/\/newsestlyonnais.fr\/site\/wp-json\/wp\/v2\/comments?post=80073"}],"version-history":[{"count":0,"href":"https:\/\/newsestlyonnais.fr\/site\/wp-json\/wp\/v2\/posts\/80073\/revisions"}],"wp:featuredmedia":[{"embeddable":true,"href":"https:\/\/newsestlyonnais.fr\/site\/wp-json\/wp\/v2\/media\/80079"}],"wp:attachment":[{"href":"https:\/\/newsestlyonnais.fr\/site\/wp-json\/wp\/v2\/media?parent=80073"}],"wp:term":[{"taxonomy":"category","embeddable":true,"href":"https:\/\/newsestlyonnais.fr\/site\/wp-json\/wp\/v2\/categories?post=80073"},{"taxonomy":"post_tag","embeddable":true,"href":"https:\/\/newsestlyonnais.fr\/site\/wp-json\/wp\/v2\/tags?post=80073"}],"curies":[{"name":"wp","href":"https:\/\/api.w.org\/{rel}","templated":true}]}}