{"id":80218,"date":"2019-07-16T13:28:06","date_gmt":"2019-07-16T12:28:06","guid":{"rendered":"http:\/\/newsestlyonnais.fr\/site\/?p=80218"},"modified":"2020-11-09T14:05:50","modified_gmt":"2020-11-09T13:05:50","slug":"lyon-fetons-lete-se-poursuit-jusquau-1-septembre","status":"publish","type":"post","link":"https:\/\/newsestlyonnais.fr\/site\/2019\/07\/16\/lyon-fetons-lete-se-poursuit-jusquau-1-septembre\/","title":{"rendered":"LYON | F\u00eatons l&rsquo;\u00e9t\u00e9 se poursuit jusqu&rsquo;au 1\u00b0 septembre"},"content":{"rendered":"\n<p><strong>Danse, spectacle, cin\u00e9ma, musique, lecture, bien-\u00eatre, la programmation de l\u2019\u00e9t\u00e9 2019 \u00e0 Lyon est \u00e9clectique !<\/strong><\/p>\n<p>Plusieurs grands \u00e9v\u00e9nements qui ont lieu entre le 21 juin et le 1\u00b0 septembre. Premier grand rendez-vous de cette programmation estivale, la F\u00eate de la musique et autre grand temps fort de cet \u00e9t\u00e9 : <strong>Tout L&rsquo;Monde Dehors<\/strong>, \u00e9v\u00e9nement gratuit qui revient cette ann\u00e9e avec 130 projets propos\u00e9s et plus de 300 \u00e9v\u00e9nements gratuits, en plein air. Une programmation riche de pi\u00e8ces de th\u00e9\u00e2tre, de spectacles de danse, de concerts, de cirque ou d\u2019 initiations, r\u00e9parties sur toute la p\u00e9riode estivale, avec 60% de nouveaux projets.<\/p>\n<ul>\n<li><em><strong>Programme complet sur : <a href=\"https:\/\/www.lyon.fr\/fetons-lete\">https:\/\/www.lyon.fr\/fetons-lete<\/a><\/strong><\/em><\/li>\n<\/ul>\n<p>\u00a0<\/p>\n","protected":false},"excerpt":{"rendered":"<p>Danse, spectacle, cin\u00e9ma, musique, lecture, bien-\u00eatre, la programmation de l\u2019\u00e9t\u00e9 2019 \u00e0 Lyon est \u00e9clectique !<\/p>\n","protected":false},"author":4,"featured_media":80223,"comment_status":"open","ping_status":"open","sticky":false,"template":"","format":"standard","meta":{"footnotes":""},"categories":[221,171,2983,1625,3330,3006],"tags":[2077],"class_list":["post-80218","post","type-post","status-publish","format-standard","has-post-thumbnail","hentry","category-cine-radio-theatre","category-enfance-jeunesse","category-litterature-bd-mags-2","category-lyon","category-mode-spectacle","category-musique-danse-humour","tag-lyon"],"yoast_head":"<!-- This site is optimized with the Yoast SEO plugin v27.2 - https:\/\/yoast.com\/product\/yoast-seo-wordpress\/ -->\n<title>LYON | F\u00eatons l&#039;\u00e9t\u00e9 se poursuit jusqu&#039;au 1\u00b0 septembre - News Est Lyonnais<\/title>\n<meta name=\"description\" content=\"&quot; F\u00eatons l&#039;\u00e9t\u00e9 &quot; se poursuit jusqu&#039;au 1\u00b0 septembre. Danse, spectacle, cin\u00e9ma, musique, lecture, bien-\u00eatre,programmation de l\u2019\u00e9t\u00e9 2019 \u00e0 Lyon \u00e9clectique !\" \/>\n<meta name=\"robots\" content=\"index, follow, max-snippet:-1, max-image-preview:large, max-video-preview:-1\" \/>\n<link rel=\"canonical\" href=\"https:\/\/newsestlyonnais.fr\/site\/2019\/07\/16\/lyon-fetons-lete-se-poursuit-jusquau-1-septembre\/\" \/>\n<meta property=\"og:locale\" content=\"fr_FR\" \/>\n<meta property=\"og:type\" content=\"article\" \/>\n<meta property=\"og:title\" content=\"LYON | F\u00eatons l&#039;\u00e9t\u00e9 se poursuit jusqu&#039;au 1\u00b0 septembre - News Est Lyonnais\" \/>\n<meta property=\"og:description\" content=\"&quot; F\u00eatons l&#039;\u00e9t\u00e9 &quot; se poursuit jusqu&#039;au 1\u00b0 septembre. Danse, spectacle, cin\u00e9ma, musique, lecture, bien-\u00eatre,programmation de l\u2019\u00e9t\u00e9 2019 \u00e0 Lyon \u00e9clectique !\" \/>\n<meta property=\"og:url\" content=\"https:\/\/newsestlyonnais.fr\/site\/2019\/07\/16\/lyon-fetons-lete-se-poursuit-jusquau-1-septembre\/\" \/>\n<meta property=\"og:site_name\" content=\"News Est Lyonnais\" \/>\n<meta property=\"article:author\" content=\"https:\/\/www.facebook.com\/pascal.oberson.1?fref=ts\" \/>\n<meta property=\"article:published_time\" content=\"2019-07-16T12:28:06+00:00\" \/>\n<meta property=\"article:modified_time\" content=\"2020-11-09T13:05:50+00:00\" \/>\n<meta property=\"og:image\" content=\"https:\/\/i2.wp.com\/newsestlyonnais.fr\/site\/wp-content\/uploads\/2019\/07\/NEWSESTLYONNAIS-fetons-ete-lyon-2019.jpg?fit=700%2C394&ssl=1\" \/>\n\t<meta property=\"og:image:width\" content=\"700\" \/>\n\t<meta property=\"og:image:height\" content=\"394\" \/>\n\t<meta property=\"og:image:type\" content=\"image\/jpeg\" \/>\n<meta name=\"author\" content=\"R\u00e9dac. NEWS\" \/>\n<meta name=\"twitter:card\" content=\"summary_large_image\" \/>\n<meta name=\"twitter:label1\" content=\"\u00c9crit par\" \/>\n\t<meta name=\"twitter:data1\" content=\"R\u00e9dac. NEWS\" \/>\n\t<meta name=\"twitter:label2\" content=\"Dur\u00e9e de lecture estim\u00e9e\" \/>\n\t<meta name=\"twitter:data2\" content=\"1 minute\" \/>\n<script type=\"application\/ld+json\" class=\"yoast-schema-graph\">{\"@context\":\"https:\/\/schema.org\",\"@graph\":[{\"@type\":\"Article\",\"@id\":\"https:\/\/newsestlyonnais.fr\/site\/2019\/07\/16\/lyon-fetons-lete-se-poursuit-jusquau-1-septembre\/#article\",\"isPartOf\":{\"@id\":\"https:\/\/newsestlyonnais.fr\/site\/2019\/07\/16\/lyon-fetons-lete-se-poursuit-jusquau-1-septembre\/\"},\"author\":{\"name\":\"R\u00e9dac. NEWS\",\"@id\":\"https:\/\/newsestlyonnais.fr\/site\/#\/schema\/person\/3230d5615f390bb808365d673001e887\"},\"headline\":\"LYON | F\u00eatons l&rsquo;\u00e9t\u00e9 se poursuit jusqu&rsquo;au 1\u00b0 septembre\",\"datePublished\":\"2019-07-16T12:28:06+00:00\",\"dateModified\":\"2020-11-09T13:05:50+00:00\",\"mainEntityOfPage\":{\"@id\":\"https:\/\/newsestlyonnais.fr\/site\/2019\/07\/16\/lyon-fetons-lete-se-poursuit-jusquau-1-septembre\/\"},\"wordCount\":125,\"commentCount\":0,\"publisher\":{\"@id\":\"https:\/\/newsestlyonnais.fr\/site\/#organization\"},\"image\":{\"@id\":\"https:\/\/newsestlyonnais.fr\/site\/2019\/07\/16\/lyon-fetons-lete-se-poursuit-jusquau-1-septembre\/#primaryimage\"},\"thumbnailUrl\":\"https:\/\/newsestlyonnais.fr\/site\/wp-content\/uploads\/2019\/07\/NEWSESTLYONNAIS-fetons-ete-lyon-2019.jpg\",\"keywords\":[\"LYON\"],\"articleSection\":[\"Cin\u00e9 | Radio | Th\u00e9\u00e2tre\",\"Enfance | Jeunesse\",\"Litt\u00e9rature | Bd | Mags\",\"Lyon\",\"Mode | Spectacle\",\"Musique | Danse | Humour\"],\"inLanguage\":\"fr-FR\",\"potentialAction\":[{\"@type\":\"CommentAction\",\"name\":\"Comment\",\"target\":[\"https:\/\/newsestlyonnais.fr\/site\/2019\/07\/16\/lyon-fetons-lete-se-poursuit-jusquau-1-septembre\/#respond\"]}]},{\"@type\":\"WebPage\",\"@id\":\"https:\/\/newsestlyonnais.fr\/site\/2019\/07\/16\/lyon-fetons-lete-se-poursuit-jusquau-1-septembre\/\",\"url\":\"https:\/\/newsestlyonnais.fr\/site\/2019\/07\/16\/lyon-fetons-lete-se-poursuit-jusquau-1-septembre\/\",\"name\":\"LYON | F\u00eatons l'\u00e9t\u00e9 se poursuit jusqu'au 1\u00b0 septembre - News Est Lyonnais\",\"isPartOf\":{\"@id\":\"https:\/\/newsestlyonnais.fr\/site\/#website\"},\"primaryImageOfPage\":{\"@id\":\"https:\/\/newsestlyonnais.fr\/site\/2019\/07\/16\/lyon-fetons-lete-se-poursuit-jusquau-1-septembre\/#primaryimage\"},\"image\":{\"@id\":\"https:\/\/newsestlyonnais.fr\/site\/2019\/07\/16\/lyon-fetons-lete-se-poursuit-jusquau-1-septembre\/#primaryimage\"},\"thumbnailUrl\":\"https:\/\/newsestlyonnais.fr\/site\/wp-content\/uploads\/2019\/07\/NEWSESTLYONNAIS-fetons-ete-lyon-2019.jpg\",\"datePublished\":\"2019-07-16T12:28:06+00:00\",\"dateModified\":\"2020-11-09T13:05:50+00:00\",\"description\":\"\\\" F\u00eatons l'\u00e9t\u00e9 \\\" se poursuit jusqu'au 1\u00b0 septembre. Danse, spectacle, cin\u00e9ma, musique, lecture, bien-\u00eatre,programmation de l\u2019\u00e9t\u00e9 2019 \u00e0 Lyon \u00e9clectique !\",\"breadcrumb\":{\"@id\":\"https:\/\/newsestlyonnais.fr\/site\/2019\/07\/16\/lyon-fetons-lete-se-poursuit-jusquau-1-septembre\/#breadcrumb\"},\"inLanguage\":\"fr-FR\",\"potentialAction\":[{\"@type\":\"ReadAction\",\"target\":[\"https:\/\/newsestlyonnais.fr\/site\/2019\/07\/16\/lyon-fetons-lete-se-poursuit-jusquau-1-septembre\/\"]}]},{\"@type\":\"ImageObject\",\"inLanguage\":\"fr-FR\",\"@id\":\"https:\/\/newsestlyonnais.fr\/site\/2019\/07\/16\/lyon-fetons-lete-se-poursuit-jusquau-1-septembre\/#primaryimage\",\"url\":\"https:\/\/newsestlyonnais.fr\/site\/wp-content\/uploads\/2019\/07\/NEWSESTLYONNAIS-fetons-ete-lyon-2019.jpg\",\"contentUrl\":\"https:\/\/newsestlyonnais.fr\/site\/wp-content\/uploads\/2019\/07\/NEWSESTLYONNAIS-fetons-ete-lyon-2019.jpg\",\"width\":700,\"height\":394},{\"@type\":\"BreadcrumbList\",\"@id\":\"https:\/\/newsestlyonnais.fr\/site\/2019\/07\/16\/lyon-fetons-lete-se-poursuit-jusquau-1-septembre\/#breadcrumb\",\"itemListElement\":[{\"@type\":\"ListItem\",\"position\":1,\"name\":\"Accueil\",\"item\":\"https:\/\/newsestlyonnais.fr\/site\/\"},{\"@type\":\"ListItem\",\"position\":2,\"name\":\"LYON | F\u00eatons l&rsquo;\u00e9t\u00e9 se poursuit jusqu&rsquo;au 1\u00b0 septembre\"}]},{\"@type\":\"WebSite\",\"@id\":\"https:\/\/newsestlyonnais.fr\/site\/#website\",\"url\":\"https:\/\/newsestlyonnais.fr\/site\/\",\"name\":\"News Est Lyonnais\",\"description\":\"L&#039;actualit\u00e9 au plus pr\u00e8s\",\"publisher\":{\"@id\":\"https:\/\/newsestlyonnais.fr\/site\/#organization\"},\"potentialAction\":[{\"@type\":\"SearchAction\",\"target\":{\"@type\":\"EntryPoint\",\"urlTemplate\":\"https:\/\/newsestlyonnais.fr\/site\/?s={search_term_string}\"},\"query-input\":{\"@type\":\"PropertyValueSpecification\",\"valueRequired\":true,\"valueName\":\"search_term_string\"}}],\"inLanguage\":\"fr-FR\"},{\"@type\":\"Organization\",\"@id\":\"https:\/\/newsestlyonnais.fr\/site\/#organization\",\"name\":\"News EST LYONNAIS\",\"url\":\"https:\/\/newsestlyonnais.fr\/site\/\",\"logo\":{\"@type\":\"ImageObject\",\"inLanguage\":\"fr-FR\",\"@id\":\"https:\/\/newsestlyonnais.fr\/site\/#\/schema\/logo\/image\/\",\"url\":\"\",\"contentUrl\":\"\",\"caption\":\"News EST LYONNAIS\"},\"image\":{\"@id\":\"https:\/\/newsestlyonnais.fr\/site\/#\/schema\/logo\/image\/\"}},{\"@type\":\"Person\",\"@id\":\"https:\/\/newsestlyonnais.fr\/site\/#\/schema\/person\/3230d5615f390bb808365d673001e887\",\"name\":\"R\u00e9dac. NEWS\",\"sameAs\":[\"http:\/\/www.newsestlyonnais.fr\",\"https:\/\/www.facebook.com\/pascal.oberson.1?fref=ts\",\"https:\/\/fr.linkedin.com\/in\/pascal-oberson-b17045113\"],\"url\":\"https:\/\/newsestlyonnais.fr\/site\/author\/nel\/\"}]}<\/script>\n<!-- \/ Yoast SEO plugin. -->","yoast_head_json":{"title":"LYON | F\u00eatons l'\u00e9t\u00e9 se poursuit jusqu'au 1\u00b0 septembre - News Est Lyonnais","description":"\" F\u00eatons l'\u00e9t\u00e9 \" se poursuit jusqu'au 1\u00b0 septembre. Danse, spectacle, cin\u00e9ma, musique, lecture, bien-\u00eatre,programmation de l\u2019\u00e9t\u00e9 2019 \u00e0 Lyon \u00e9clectique !","robots":{"index":"index","follow":"follow","max-snippet":"max-snippet:-1","max-image-preview":"max-image-preview:large","max-video-preview":"max-video-preview:-1"},"canonical":"https:\/\/newsestlyonnais.fr\/site\/2019\/07\/16\/lyon-fetons-lete-se-poursuit-jusquau-1-septembre\/","og_locale":"fr_FR","og_type":"article","og_title":"LYON | F\u00eatons l'\u00e9t\u00e9 se poursuit jusqu'au 1\u00b0 septembre - News Est Lyonnais","og_description":"\" F\u00eatons l'\u00e9t\u00e9 \" se poursuit jusqu'au 1\u00b0 septembre. Danse, spectacle, cin\u00e9ma, musique, lecture, bien-\u00eatre,programmation de l\u2019\u00e9t\u00e9 2019 \u00e0 Lyon \u00e9clectique !","og_url":"https:\/\/newsestlyonnais.fr\/site\/2019\/07\/16\/lyon-fetons-lete-se-poursuit-jusquau-1-septembre\/","og_site_name":"News Est Lyonnais","article_author":"https:\/\/www.facebook.com\/pascal.oberson.1?fref=ts","article_published_time":"2019-07-16T12:28:06+00:00","article_modified_time":"2020-11-09T13:05:50+00:00","og_image":[{"width":700,"height":394,"url":"https:\/\/i2.wp.com\/newsestlyonnais.fr\/site\/wp-content\/uploads\/2019\/07\/NEWSESTLYONNAIS-fetons-ete-lyon-2019.jpg?fit=700%2C394&ssl=1","type":"image\/jpeg"}],"author":"R\u00e9dac. NEWS","twitter_card":"summary_large_image","twitter_misc":{"\u00c9crit par":"R\u00e9dac. NEWS","Dur\u00e9e de lecture estim\u00e9e":"1 minute"},"schema":{"@context":"https:\/\/schema.org","@graph":[{"@type":"Article","@id":"https:\/\/newsestlyonnais.fr\/site\/2019\/07\/16\/lyon-fetons-lete-se-poursuit-jusquau-1-septembre\/#article","isPartOf":{"@id":"https:\/\/newsestlyonnais.fr\/site\/2019\/07\/16\/lyon-fetons-lete-se-poursuit-jusquau-1-septembre\/"},"author":{"name":"R\u00e9dac. NEWS","@id":"https:\/\/newsestlyonnais.fr\/site\/#\/schema\/person\/3230d5615f390bb808365d673001e887"},"headline":"LYON | F\u00eatons l&rsquo;\u00e9t\u00e9 se poursuit jusqu&rsquo;au 1\u00b0 septembre","datePublished":"2019-07-16T12:28:06+00:00","dateModified":"2020-11-09T13:05:50+00:00","mainEntityOfPage":{"@id":"https:\/\/newsestlyonnais.fr\/site\/2019\/07\/16\/lyon-fetons-lete-se-poursuit-jusquau-1-septembre\/"},"wordCount":125,"commentCount":0,"publisher":{"@id":"https:\/\/newsestlyonnais.fr\/site\/#organization"},"image":{"@id":"https:\/\/newsestlyonnais.fr\/site\/2019\/07\/16\/lyon-fetons-lete-se-poursuit-jusquau-1-septembre\/#primaryimage"},"thumbnailUrl":"https:\/\/newsestlyonnais.fr\/site\/wp-content\/uploads\/2019\/07\/NEWSESTLYONNAIS-fetons-ete-lyon-2019.jpg","keywords":["LYON"],"articleSection":["Cin\u00e9 | Radio | Th\u00e9\u00e2tre","Enfance | Jeunesse","Litt\u00e9rature | Bd | Mags","Lyon","Mode | Spectacle","Musique | Danse | Humour"],"inLanguage":"fr-FR","potentialAction":[{"@type":"CommentAction","name":"Comment","target":["https:\/\/newsestlyonnais.fr\/site\/2019\/07\/16\/lyon-fetons-lete-se-poursuit-jusquau-1-septembre\/#respond"]}]},{"@type":"WebPage","@id":"https:\/\/newsestlyonnais.fr\/site\/2019\/07\/16\/lyon-fetons-lete-se-poursuit-jusquau-1-septembre\/","url":"https:\/\/newsestlyonnais.fr\/site\/2019\/07\/16\/lyon-fetons-lete-se-poursuit-jusquau-1-septembre\/","name":"LYON | F\u00eatons l'\u00e9t\u00e9 se poursuit jusqu'au 1\u00b0 septembre - News Est Lyonnais","isPartOf":{"@id":"https:\/\/newsestlyonnais.fr\/site\/#website"},"primaryImageOfPage":{"@id":"https:\/\/newsestlyonnais.fr\/site\/2019\/07\/16\/lyon-fetons-lete-se-poursuit-jusquau-1-septembre\/#primaryimage"},"image":{"@id":"https:\/\/newsestlyonnais.fr\/site\/2019\/07\/16\/lyon-fetons-lete-se-poursuit-jusquau-1-septembre\/#primaryimage"},"thumbnailUrl":"https:\/\/newsestlyonnais.fr\/site\/wp-content\/uploads\/2019\/07\/NEWSESTLYONNAIS-fetons-ete-lyon-2019.jpg","datePublished":"2019-07-16T12:28:06+00:00","dateModified":"2020-11-09T13:05:50+00:00","description":"\" F\u00eatons l'\u00e9t\u00e9 \" se poursuit jusqu'au 1\u00b0 septembre. Danse, spectacle, cin\u00e9ma, musique, lecture, bien-\u00eatre,programmation de l\u2019\u00e9t\u00e9 2019 \u00e0 Lyon \u00e9clectique !","breadcrumb":{"@id":"https:\/\/newsestlyonnais.fr\/site\/2019\/07\/16\/lyon-fetons-lete-se-poursuit-jusquau-1-septembre\/#breadcrumb"},"inLanguage":"fr-FR","potentialAction":[{"@type":"ReadAction","target":["https:\/\/newsestlyonnais.fr\/site\/2019\/07\/16\/lyon-fetons-lete-se-poursuit-jusquau-1-septembre\/"]}]},{"@type":"ImageObject","inLanguage":"fr-FR","@id":"https:\/\/newsestlyonnais.fr\/site\/2019\/07\/16\/lyon-fetons-lete-se-poursuit-jusquau-1-septembre\/#primaryimage","url":"https:\/\/newsestlyonnais.fr\/site\/wp-content\/uploads\/2019\/07\/NEWSESTLYONNAIS-fetons-ete-lyon-2019.jpg","contentUrl":"https:\/\/newsestlyonnais.fr\/site\/wp-content\/uploads\/2019\/07\/NEWSESTLYONNAIS-fetons-ete-lyon-2019.jpg","width":700,"height":394},{"@type":"BreadcrumbList","@id":"https:\/\/newsestlyonnais.fr\/site\/2019\/07\/16\/lyon-fetons-lete-se-poursuit-jusquau-1-septembre\/#breadcrumb","itemListElement":[{"@type":"ListItem","position":1,"name":"Accueil","item":"https:\/\/newsestlyonnais.fr\/site\/"},{"@type":"ListItem","position":2,"name":"LYON | F\u00eatons l&rsquo;\u00e9t\u00e9 se poursuit jusqu&rsquo;au 1\u00b0 septembre"}]},{"@type":"WebSite","@id":"https:\/\/newsestlyonnais.fr\/site\/#website","url":"https:\/\/newsestlyonnais.fr\/site\/","name":"News Est Lyonnais","description":"L&#039;actualit\u00e9 au plus pr\u00e8s","publisher":{"@id":"https:\/\/newsestlyonnais.fr\/site\/#organization"},"potentialAction":[{"@type":"SearchAction","target":{"@type":"EntryPoint","urlTemplate":"https:\/\/newsestlyonnais.fr\/site\/?s={search_term_string}"},"query-input":{"@type":"PropertyValueSpecification","valueRequired":true,"valueName":"search_term_string"}}],"inLanguage":"fr-FR"},{"@type":"Organization","@id":"https:\/\/newsestlyonnais.fr\/site\/#organization","name":"News EST LYONNAIS","url":"https:\/\/newsestlyonnais.fr\/site\/","logo":{"@type":"ImageObject","inLanguage":"fr-FR","@id":"https:\/\/newsestlyonnais.fr\/site\/#\/schema\/logo\/image\/","url":"","contentUrl":"","caption":"News EST LYONNAIS"},"image":{"@id":"https:\/\/newsestlyonnais.fr\/site\/#\/schema\/logo\/image\/"}},{"@type":"Person","@id":"https:\/\/newsestlyonnais.fr\/site\/#\/schema\/person\/3230d5615f390bb808365d673001e887","name":"R\u00e9dac. NEWS","sameAs":["http:\/\/www.newsestlyonnais.fr","https:\/\/www.facebook.com\/pascal.oberson.1?fref=ts","https:\/\/fr.linkedin.com\/in\/pascal-oberson-b17045113"],"url":"https:\/\/newsestlyonnais.fr\/site\/author\/nel\/"}]}},"_links":{"self":[{"href":"https:\/\/newsestlyonnais.fr\/site\/wp-json\/wp\/v2\/posts\/80218","targetHints":{"allow":["GET"]}}],"collection":[{"href":"https:\/\/newsestlyonnais.fr\/site\/wp-json\/wp\/v2\/posts"}],"about":[{"href":"https:\/\/newsestlyonnais.fr\/site\/wp-json\/wp\/v2\/types\/post"}],"author":[{"embeddable":true,"href":"https:\/\/newsestlyonnais.fr\/site\/wp-json\/wp\/v2\/users\/4"}],"replies":[{"embeddable":true,"href":"https:\/\/newsestlyonnais.fr\/site\/wp-json\/wp\/v2\/comments?post=80218"}],"version-history":[{"count":0,"href":"https:\/\/newsestlyonnais.fr\/site\/wp-json\/wp\/v2\/posts\/80218\/revisions"}],"wp:featuredmedia":[{"embeddable":true,"href":"https:\/\/newsestlyonnais.fr\/site\/wp-json\/wp\/v2\/media\/80223"}],"wp:attachment":[{"href":"https:\/\/newsestlyonnais.fr\/site\/wp-json\/wp\/v2\/media?parent=80218"}],"wp:term":[{"taxonomy":"category","embeddable":true,"href":"https:\/\/newsestlyonnais.fr\/site\/wp-json\/wp\/v2\/categories?post=80218"},{"taxonomy":"post_tag","embeddable":true,"href":"https:\/\/newsestlyonnais.fr\/site\/wp-json\/wp\/v2\/tags?post=80218"}],"curies":[{"name":"wp","href":"https:\/\/api.w.org\/{rel}","templated":true}]}}