{"id":80246,"date":"2019-07-17T06:49:40","date_gmt":"2019-07-17T05:49:40","guid":{"rendered":"http:\/\/newsestlyonnais.fr\/site\/?p=80246"},"modified":"2020-10-23T19:42:10","modified_gmt":"2020-10-23T18:42:10","slug":"saint-priest-un-semestre-bien-riche-pour-le-club-de-triathlon","status":"publish","type":"post","link":"https:\/\/newsestlyonnais.fr\/site\/2019\/07\/17\/saint-priest-un-semestre-bien-riche-pour-le-club-de-triathlon\/","title":{"rendered":"SAINT-PRIEST | Semestre bien riche pour le club de triathlon"},"content":{"rendered":"\r\n<p>\u00a0\u00bb Juillet rime pour beaucoup avec vacances, et cet adage se confirmera dans les rangs du Saint Priest Triathlon !<\/p>\r\n<p>Une pause bienvenue dans la saison apr\u00e8s un premier semestre riche en \u00e9preuves sportives. En effet, ce ne sont <strong>pas moins de 48 soci\u00e9taires du club sur les 70 inscrits qui ont pris part \u00e0 des \u00e9preuves<\/strong> (triathlon, bike and run, swimrun, aquathlon, course sur route et trail).<\/p>\r\n<p>Un d\u00e9but d\u2019ann\u00e9e sur les chapeaux de roue pour le club avec, d\u00e8s le mois de mars, les titres de <strong>champions du Rh\u00f4ne M\u00e9tropole de Lyon de Bike and Run<\/strong> pour les bin\u00f4mes <strong>Emile Journet\/Olivier Herry<\/strong> (mixtes) &amp; <strong>Thomas Defix\/Michael Martel<\/strong> (toutes cat\u00e9gories).<\/p>\r\n<p>Les podiums se sont ensuite enchain\u00e9s avec :<\/p>\r\n<ul>\r\n<li>la victoire de la paire <strong>Maxime Davion\/Olivier Herry<\/strong> \u00e0 l\u2019Aquathlon de Lyon.<\/li>\r\n<li>une pr\u00e9sence remarqu\u00e9e aussi aux 24 Heures de l\u2019INSA en mai avec 2 \u00e9quipes de 4 relayeurs et 3 soci\u00e9taires sur le format solo de ce triathlon sur 24 h. <strong>Maxime Davion<\/strong> montant sur la 2\u00b0 marche du podium dans la cat\u00e9gorie solo.<\/li>\r\n<\/ul>\r\n<p>Ce mois de mai \u00e9tant incontestablement le mois o\u00f9 les tenues du club ont \u00e9t\u00e9 le plus vues avec notamment les triathlons de Villefranche sur Sa\u00f4ne &amp; de Bourg en Bresse. Sur cette derni\u00e8re \u00e9preuve, 32 adh\u00e9rents du club \u00e9taient au d\u00e9part de l\u2019un des formats propos\u00e9s o\u00f9 <strong>Pauline Doulcet<\/strong> se classait 2\u00b0 de sa cat\u00e9gorie (cadette du XS).<br \/>Ce m\u00eame jour, <strong>Tiphaine Dupuis<\/strong>, forte de son exp\u00e9rience r\u00e9ussie lors de la derni\u00e8re \u00e9dition du Grand Raid de la R\u00e9union, bouclait les 114 kilom\u00e8tres de la Maxi Race en se classant 5\u00b0 F\u00e9minine.<\/p>\r\n<p>Du c\u00f4t\u00e9 de la distance reine \u00ab\u00a0Ironman\u00a0\u00bb, <strong>Thomas Defix<\/strong> passait d\u00e9but juin sous la barre des 10 heures, dans le M\u00e9doc \u00e0 l\u2019occasion du Frenchman (pour sa 6\u00b0 participation sur une telle distance). 15 jours plus tard, <strong>Damien Armand-Bonnet, J\u00e9r\u00f4me Mores et Mathieu Jaquin<\/strong> venaient \u00e0 bout de l\u2019Alpsman. Un Ironman figurant au rang des triathlons les plus \u00e9prouvants de France.<\/p>\r\n<p>M\u00eame en vacances, plusieurs licenci\u00e9s seront au d\u00e9part de belles \u00e9preuves avec le Triathlon de la Madeleine, le Half Ironman de Vichy (o\u00f9 <strong>Julie Cluzaud<\/strong> prendra part \u00e0 son 1<sup>er<\/sup> Half) puis le Ventouxman.<\/p>\r\n<p>&#8212;&#8212;&#8212;&#8212;&#8212;&#8212;&#8212;&#8212;&#8212;&#8212;&#8212;&#8212;&#8212;&#8212;&#8212;&#8212;&#8212;&#8212;&#8212;&#8212;&#8212;&#8212;&#8212;&#8212;&#8212;&#8212;&#8212;&#8212;&#8212;&#8212;&#8212;&#8212;&#8212;&#8212;&#8212;&#8212;&#8212;&#8212;&#8212;&#8212;&#8212;&#8212;&#8212;&#8212;&#8212;&#8211;<\/p>\r\n<p>Il sera ensuite temps pour le club de se plonger dans l\u2019organisation de son <strong>\u00e9preuve du 20 octobre 2019<\/strong> (affiche ci-dessous) avec au menu cette fois :<\/p>\r\n<ul>\r\n<li>un <strong>Bike and Run de 11 &amp; 21 kilom\u00e8tres<\/strong>,<\/li>\r\n<li>et, <span style=\"text-decoration: underline\">nouveaut\u00e9<\/span>, un <strong>Cross Duathlon<\/strong> dans le cadre du Fort de St Priest.<\/li>\r\n<li>\u00e0 noter que <strong>les plus jeunes<\/strong> auront cette ann\u00e9e la possibilit\u00e9 de participer au Bike and Run.<\/li>\r\n<\/ul>\r\n<p>Une organisation qui requiert beaucoup d\u2019investissement de ses b\u00e9n\u00e9voles, sous la houlette d&rsquo; Emilie et Fr\u00e9d\u00e9ric Journet, mais qui est possible aussi gr\u00e2ce au soutien de partenaires fid\u00e8les et de la Ville de Saint Priest.<\/p>\r\n<p>Une rentr\u00e9e 2019 avec plusieurs projets pr\u00e9vus pour le club en 2020, tout en continuant de se structurer, notamment l\u2019inscription au programme d\u2019entra\u00eeneur de triathlon d\u2019un membre du club afin d\u2019assurer l\u2019 encadrement des entra\u00eenements\u00a0\u00bb. conclut le pr\u00e9sident du club san-priot.<\/p>\r\n<p>&#8212;&#8212;&#8212;&#8212;&#8212;&#8212;&#8212;&#8212;&#8212;&#8212;&#8212;&#8212;&#8212;&#8212;&#8212;&#8212;&#8212;&#8212;&#8212;&#8212;&#8212;&#8212;&#8212;&#8212;&#8212;&#8212;&#8212;&#8212;&#8212;&#8212;&#8212;&#8212;&#8212;&#8212;&#8212;&#8212;&#8212;&#8212;&#8212;&#8212;&#8212;&#8212;&#8212;&#8212;&#8212;&#8211;<\/p>\r\n<p>Plus d&rsquo;infos sur le <strong>Bike and Run &amp; <\/strong><strong>Cross Duathlon <\/strong>sur : <a href=\"https:\/\/www.saintpriest-triathlon.fr\/run-bike\/pr%C3%A9sentation\/\">https:\/\/www.saintpriest-triathlon.fr\/run-bike\/pr%C3%A9sentation\/<\/a><strong><br \/><\/strong><\/p>\r\n<p><em><strong>Retrouvez l&rsquo;ACTU du club sur : <a href=\"https:\/\/www.saintpriest-triathlon.fr\">https:\/\/www.saintpriest-triathlon.fr<\/a><\/strong><\/em><\/p>\r\n<p>&#8212;&#8212;&#8212;&#8212;&#8212;&#8212;&#8212;&#8212;&#8212;&#8212;&#8212;&#8212;&#8212;&#8212;&#8212;&#8212;&#8212;&#8212;&#8212;&#8212;&#8212;&#8212;&#8212;&#8212;&#8212;&#8212;&#8212;&#8212;&#8212;&#8212;&#8212;&#8212;&#8212;&#8212;&#8212;&#8212;&#8212;&#8212;&#8212;&#8212;&#8212;&#8212;&#8212;&#8212;&#8212;&#8211;<\/p>\r\n<div id='gallery-1' class='gallery galleryid-80246 gallery-columns-3 gallery-size-thumbnail'><figure class='gallery-item'>\n\t\t\t<div class='gallery-icon portrait'>\n\t\t\t\t<a href='https:\/\/newsestlyonnais.fr\/site\/2019\/07\/17\/saint-priest-un-semestre-bien-riche-pour-le-club-de-triathlon\/newsestlyonnais-tri-st-priest-02\/'><img loading=\"lazy\" decoding=\"async\" width=\"150\" height=\"150\" src=\"https:\/\/newsestlyonnais.fr\/site\/wp-content\/uploads\/2019\/07\/NEWSESTLYONNAIS-TRI-ST-PRIEST-02-150x150.jpg\" class=\"attachment-thumbnail size-thumbnail\" alt=\"\" aria-describedby=\"gallery-1-80251\" \/><\/a>\n\t\t\t<\/div>\n\t\t\t\t<figcaption class='wp-caption-text gallery-caption' id='gallery-1-80251'>\n\t\t\t\tPauline Doulcet (\u00e0 droite) sur le podium \u00e0 Bourg en Bresse\n\t\t\t\t<\/figcaption><\/figure><figure class='gallery-item'>\n\t\t\t<div class='gallery-icon portrait'>\n\t\t\t\t<a href='https:\/\/newsestlyonnais.fr\/site\/2019\/07\/17\/saint-priest-un-semestre-bien-riche-pour-le-club-de-triathlon\/newsestlyonnais-tri-st-priest-03\/'><img loading=\"lazy\" decoding=\"async\" width=\"150\" height=\"150\" src=\"https:\/\/newsestlyonnais.fr\/site\/wp-content\/uploads\/2019\/07\/NEWSESTLYONNAIS-TRI-ST-PRIEST-03-150x150.jpg\" class=\"attachment-thumbnail size-thumbnail\" alt=\"\" aria-describedby=\"gallery-1-80254\" \/><\/a>\n\t\t\t<\/div>\n\t\t\t\t<figcaption class='wp-caption-text gallery-caption' id='gallery-1-80254'>\n\t\t\t\tBike and Run du 20 Octobre prochain \n\t\t\t\t<\/figcaption><\/figure>\n\t\t<\/div>\n\r\n","protected":false},"excerpt":{"rendered":"<p>St\u00e9phan Doulcet, pr\u00e9sident de Saint-Priest Triathlon revient sur le premier semestre 2019, dressant un bilan complet et \u00e9voquant les projets du club.<\/p>\n","protected":false},"author":4,"featured_media":80248,"comment_status":"open","ping_status":"open","sticky":false,"template":"","format":"standard","meta":{"footnotes":""},"categories":[2988,1296,2990],"tags":[2894,2039,2893,2528],"class_list":["post-80246","post","type-post","status-publish","format-standard","has-post-thumbnail","hentry","category-natation-triathlon","category-sain-priest","category-triathlon","tag-bike-run","tag-saint-priest","tag-saint-priest-triathlon","tag-triathlon"],"yoast_head":"<!-- This site is optimized with the Yoast SEO plugin v27.2 - https:\/\/yoast.com\/product\/yoast-seo-wordpress\/ -->\n<title>SAINT-PRIEST | Semestre bien riche pour le club de triathlon - News Est Lyonnais<\/title>\n<meta name=\"description\" content=\"un semestre bien riche pour le club de triathlon. St\u00e9phan Doulcet, pr\u00e9sident de St Priest Triathlon revient sur le premier semestre 2019\" \/>\n<meta name=\"robots\" content=\"index, follow, max-snippet:-1, max-image-preview:large, max-video-preview:-1\" \/>\n<link rel=\"canonical\" href=\"https:\/\/newsestlyonnais.fr\/site\/2019\/07\/17\/saint-priest-un-semestre-bien-riche-pour-le-club-de-triathlon\/\" \/>\n<meta property=\"og:locale\" content=\"fr_FR\" \/>\n<meta property=\"og:type\" content=\"article\" \/>\n<meta property=\"og:title\" content=\"SAINT-PRIEST | Semestre bien riche pour le club de triathlon - News Est Lyonnais\" \/>\n<meta property=\"og:description\" content=\"un semestre bien riche pour le club de triathlon. St\u00e9phan Doulcet, pr\u00e9sident de St Priest Triathlon revient sur le premier semestre 2019\" \/>\n<meta property=\"og:url\" content=\"https:\/\/newsestlyonnais.fr\/site\/2019\/07\/17\/saint-priest-un-semestre-bien-riche-pour-le-club-de-triathlon\/\" \/>\n<meta property=\"og:site_name\" content=\"News Est Lyonnais\" \/>\n<meta property=\"article:author\" content=\"https:\/\/www.facebook.com\/pascal.oberson.1?fref=ts\" \/>\n<meta property=\"article:published_time\" content=\"2019-07-17T05:49:40+00:00\" \/>\n<meta property=\"article:modified_time\" content=\"2020-10-23T18:42:10+00:00\" \/>\n<meta property=\"og:image\" content=\"https:\/\/newsestlyonnais.fr\/site\/wp-content\/uploads\/2019\/07\/NEWSESTLYONNAIS-TRI-ST-PRIEST-01-1000x664.jpg\" \/>\n\t<meta property=\"og:image:width\" content=\"1000\" \/>\n\t<meta property=\"og:image:height\" content=\"664\" \/>\n\t<meta property=\"og:image:type\" content=\"image\/jpeg\" \/>\n<meta name=\"author\" content=\"R\u00e9dac. NEWS\" \/>\n<meta name=\"twitter:card\" content=\"summary_large_image\" \/>\n<meta name=\"twitter:label1\" content=\"\u00c9crit par\" \/>\n\t<meta name=\"twitter:data1\" content=\"R\u00e9dac. NEWS\" \/>\n\t<meta name=\"twitter:label2\" content=\"Dur\u00e9e de lecture estim\u00e9e\" \/>\n\t<meta name=\"twitter:data2\" content=\"3 minutes\" \/>\n<script type=\"application\/ld+json\" class=\"yoast-schema-graph\">{\"@context\":\"https:\/\/schema.org\",\"@graph\":[{\"@type\":\"Article\",\"@id\":\"https:\/\/newsestlyonnais.fr\/site\/2019\/07\/17\/saint-priest-un-semestre-bien-riche-pour-le-club-de-triathlon\/#article\",\"isPartOf\":{\"@id\":\"https:\/\/newsestlyonnais.fr\/site\/2019\/07\/17\/saint-priest-un-semestre-bien-riche-pour-le-club-de-triathlon\/\"},\"author\":{\"name\":\"R\u00e9dac. NEWS\",\"@id\":\"https:\/\/newsestlyonnais.fr\/site\/#\/schema\/person\/3230d5615f390bb808365d673001e887\"},\"headline\":\"SAINT-PRIEST | Semestre bien riche pour le club de triathlon\",\"datePublished\":\"2019-07-17T05:49:40+00:00\",\"dateModified\":\"2020-10-23T18:42:10+00:00\",\"mainEntityOfPage\":{\"@id\":\"https:\/\/newsestlyonnais.fr\/site\/2019\/07\/17\/saint-priest-un-semestre-bien-riche-pour-le-club-de-triathlon\/\"},\"wordCount\":583,\"commentCount\":0,\"publisher\":{\"@id\":\"https:\/\/newsestlyonnais.fr\/site\/#organization\"},\"image\":{\"@id\":\"https:\/\/newsestlyonnais.fr\/site\/2019\/07\/17\/saint-priest-un-semestre-bien-riche-pour-le-club-de-triathlon\/#primaryimage\"},\"thumbnailUrl\":\"https:\/\/newsestlyonnais.fr\/site\/wp-content\/uploads\/2019\/07\/NEWSESTLYONNAIS-TRI-ST-PRIEST-01.jpg\",\"keywords\":[\"BIKE &amp; RUN\",\"SAINT PRIEST\",\"SAINT PRIEST TRIATHLON\",\"TRIATHLON\"],\"articleSection\":[\"Natation | Triathlon\",\"Saint-Priest\",\"Triathlon\"],\"inLanguage\":\"fr-FR\",\"potentialAction\":[{\"@type\":\"CommentAction\",\"name\":\"Comment\",\"target\":[\"https:\/\/newsestlyonnais.fr\/site\/2019\/07\/17\/saint-priest-un-semestre-bien-riche-pour-le-club-de-triathlon\/#respond\"]}]},{\"@type\":\"WebPage\",\"@id\":\"https:\/\/newsestlyonnais.fr\/site\/2019\/07\/17\/saint-priest-un-semestre-bien-riche-pour-le-club-de-triathlon\/\",\"url\":\"https:\/\/newsestlyonnais.fr\/site\/2019\/07\/17\/saint-priest-un-semestre-bien-riche-pour-le-club-de-triathlon\/\",\"name\":\"SAINT-PRIEST | Semestre bien riche pour le club de triathlon - News Est Lyonnais\",\"isPartOf\":{\"@id\":\"https:\/\/newsestlyonnais.fr\/site\/#website\"},\"primaryImageOfPage\":{\"@id\":\"https:\/\/newsestlyonnais.fr\/site\/2019\/07\/17\/saint-priest-un-semestre-bien-riche-pour-le-club-de-triathlon\/#primaryimage\"},\"image\":{\"@id\":\"https:\/\/newsestlyonnais.fr\/site\/2019\/07\/17\/saint-priest-un-semestre-bien-riche-pour-le-club-de-triathlon\/#primaryimage\"},\"thumbnailUrl\":\"https:\/\/newsestlyonnais.fr\/site\/wp-content\/uploads\/2019\/07\/NEWSESTLYONNAIS-TRI-ST-PRIEST-01.jpg\",\"datePublished\":\"2019-07-17T05:49:40+00:00\",\"dateModified\":\"2020-10-23T18:42:10+00:00\",\"description\":\"un semestre bien riche pour le club de triathlon. St\u00e9phan Doulcet, pr\u00e9sident de St Priest Triathlon revient sur le premier semestre 2019\",\"breadcrumb\":{\"@id\":\"https:\/\/newsestlyonnais.fr\/site\/2019\/07\/17\/saint-priest-un-semestre-bien-riche-pour-le-club-de-triathlon\/#breadcrumb\"},\"inLanguage\":\"fr-FR\",\"potentialAction\":[{\"@type\":\"ReadAction\",\"target\":[\"https:\/\/newsestlyonnais.fr\/site\/2019\/07\/17\/saint-priest-un-semestre-bien-riche-pour-le-club-de-triathlon\/\"]}]},{\"@type\":\"ImageObject\",\"inLanguage\":\"fr-FR\",\"@id\":\"https:\/\/newsestlyonnais.fr\/site\/2019\/07\/17\/saint-priest-un-semestre-bien-riche-pour-le-club-de-triathlon\/#primaryimage\",\"url\":\"https:\/\/newsestlyonnais.fr\/site\/wp-content\/uploads\/2019\/07\/NEWSESTLYONNAIS-TRI-ST-PRIEST-01.jpg\",\"contentUrl\":\"https:\/\/newsestlyonnais.fr\/site\/wp-content\/uploads\/2019\/07\/NEWSESTLYONNAIS-TRI-ST-PRIEST-01.jpg\",\"width\":4288,\"height\":2848},{\"@type\":\"BreadcrumbList\",\"@id\":\"https:\/\/newsestlyonnais.fr\/site\/2019\/07\/17\/saint-priest-un-semestre-bien-riche-pour-le-club-de-triathlon\/#breadcrumb\",\"itemListElement\":[{\"@type\":\"ListItem\",\"position\":1,\"name\":\"Accueil\",\"item\":\"https:\/\/newsestlyonnais.fr\/site\/\"},{\"@type\":\"ListItem\",\"position\":2,\"name\":\"SAINT-PRIEST | Semestre bien riche pour le club de triathlon\"}]},{\"@type\":\"WebSite\",\"@id\":\"https:\/\/newsestlyonnais.fr\/site\/#website\",\"url\":\"https:\/\/newsestlyonnais.fr\/site\/\",\"name\":\"News Est Lyonnais\",\"description\":\"L&#039;actualit\u00e9 au plus pr\u00e8s\",\"publisher\":{\"@id\":\"https:\/\/newsestlyonnais.fr\/site\/#organization\"},\"potentialAction\":[{\"@type\":\"SearchAction\",\"target\":{\"@type\":\"EntryPoint\",\"urlTemplate\":\"https:\/\/newsestlyonnais.fr\/site\/?s={search_term_string}\"},\"query-input\":{\"@type\":\"PropertyValueSpecification\",\"valueRequired\":true,\"valueName\":\"search_term_string\"}}],\"inLanguage\":\"fr-FR\"},{\"@type\":\"Organization\",\"@id\":\"https:\/\/newsestlyonnais.fr\/site\/#organization\",\"name\":\"News EST LYONNAIS\",\"url\":\"https:\/\/newsestlyonnais.fr\/site\/\",\"logo\":{\"@type\":\"ImageObject\",\"inLanguage\":\"fr-FR\",\"@id\":\"https:\/\/newsestlyonnais.fr\/site\/#\/schema\/logo\/image\/\",\"url\":\"\",\"contentUrl\":\"\",\"caption\":\"News EST LYONNAIS\"},\"image\":{\"@id\":\"https:\/\/newsestlyonnais.fr\/site\/#\/schema\/logo\/image\/\"}},{\"@type\":\"Person\",\"@id\":\"https:\/\/newsestlyonnais.fr\/site\/#\/schema\/person\/3230d5615f390bb808365d673001e887\",\"name\":\"R\u00e9dac. NEWS\",\"sameAs\":[\"http:\/\/www.newsestlyonnais.fr\",\"https:\/\/www.facebook.com\/pascal.oberson.1?fref=ts\",\"https:\/\/fr.linkedin.com\/in\/pascal-oberson-b17045113\"],\"url\":\"https:\/\/newsestlyonnais.fr\/site\/author\/nel\/\"}]}<\/script>\n<!-- \/ Yoast SEO plugin. -->","yoast_head_json":{"title":"SAINT-PRIEST | Semestre bien riche pour le club de triathlon - News Est Lyonnais","description":"un semestre bien riche pour le club de triathlon. St\u00e9phan Doulcet, pr\u00e9sident de St Priest Triathlon revient sur le premier semestre 2019","robots":{"index":"index","follow":"follow","max-snippet":"max-snippet:-1","max-image-preview":"max-image-preview:large","max-video-preview":"max-video-preview:-1"},"canonical":"https:\/\/newsestlyonnais.fr\/site\/2019\/07\/17\/saint-priest-un-semestre-bien-riche-pour-le-club-de-triathlon\/","og_locale":"fr_FR","og_type":"article","og_title":"SAINT-PRIEST | Semestre bien riche pour le club de triathlon - News Est Lyonnais","og_description":"un semestre bien riche pour le club de triathlon. St\u00e9phan Doulcet, pr\u00e9sident de St Priest Triathlon revient sur le premier semestre 2019","og_url":"https:\/\/newsestlyonnais.fr\/site\/2019\/07\/17\/saint-priest-un-semestre-bien-riche-pour-le-club-de-triathlon\/","og_site_name":"News Est Lyonnais","article_author":"https:\/\/www.facebook.com\/pascal.oberson.1?fref=ts","article_published_time":"2019-07-17T05:49:40+00:00","article_modified_time":"2020-10-23T18:42:10+00:00","og_image":[{"width":1000,"height":664,"url":"https:\/\/newsestlyonnais.fr\/site\/wp-content\/uploads\/2019\/07\/NEWSESTLYONNAIS-TRI-ST-PRIEST-01-1000x664.jpg","type":"image\/jpeg"}],"author":"R\u00e9dac. NEWS","twitter_card":"summary_large_image","twitter_misc":{"\u00c9crit par":"R\u00e9dac. NEWS","Dur\u00e9e de lecture estim\u00e9e":"3 minutes"},"schema":{"@context":"https:\/\/schema.org","@graph":[{"@type":"Article","@id":"https:\/\/newsestlyonnais.fr\/site\/2019\/07\/17\/saint-priest-un-semestre-bien-riche-pour-le-club-de-triathlon\/#article","isPartOf":{"@id":"https:\/\/newsestlyonnais.fr\/site\/2019\/07\/17\/saint-priest-un-semestre-bien-riche-pour-le-club-de-triathlon\/"},"author":{"name":"R\u00e9dac. NEWS","@id":"https:\/\/newsestlyonnais.fr\/site\/#\/schema\/person\/3230d5615f390bb808365d673001e887"},"headline":"SAINT-PRIEST | Semestre bien riche pour le club de triathlon","datePublished":"2019-07-17T05:49:40+00:00","dateModified":"2020-10-23T18:42:10+00:00","mainEntityOfPage":{"@id":"https:\/\/newsestlyonnais.fr\/site\/2019\/07\/17\/saint-priest-un-semestre-bien-riche-pour-le-club-de-triathlon\/"},"wordCount":583,"commentCount":0,"publisher":{"@id":"https:\/\/newsestlyonnais.fr\/site\/#organization"},"image":{"@id":"https:\/\/newsestlyonnais.fr\/site\/2019\/07\/17\/saint-priest-un-semestre-bien-riche-pour-le-club-de-triathlon\/#primaryimage"},"thumbnailUrl":"https:\/\/newsestlyonnais.fr\/site\/wp-content\/uploads\/2019\/07\/NEWSESTLYONNAIS-TRI-ST-PRIEST-01.jpg","keywords":["BIKE &amp; RUN","SAINT PRIEST","SAINT PRIEST TRIATHLON","TRIATHLON"],"articleSection":["Natation | Triathlon","Saint-Priest","Triathlon"],"inLanguage":"fr-FR","potentialAction":[{"@type":"CommentAction","name":"Comment","target":["https:\/\/newsestlyonnais.fr\/site\/2019\/07\/17\/saint-priest-un-semestre-bien-riche-pour-le-club-de-triathlon\/#respond"]}]},{"@type":"WebPage","@id":"https:\/\/newsestlyonnais.fr\/site\/2019\/07\/17\/saint-priest-un-semestre-bien-riche-pour-le-club-de-triathlon\/","url":"https:\/\/newsestlyonnais.fr\/site\/2019\/07\/17\/saint-priest-un-semestre-bien-riche-pour-le-club-de-triathlon\/","name":"SAINT-PRIEST | Semestre bien riche pour le club de triathlon - News Est Lyonnais","isPartOf":{"@id":"https:\/\/newsestlyonnais.fr\/site\/#website"},"primaryImageOfPage":{"@id":"https:\/\/newsestlyonnais.fr\/site\/2019\/07\/17\/saint-priest-un-semestre-bien-riche-pour-le-club-de-triathlon\/#primaryimage"},"image":{"@id":"https:\/\/newsestlyonnais.fr\/site\/2019\/07\/17\/saint-priest-un-semestre-bien-riche-pour-le-club-de-triathlon\/#primaryimage"},"thumbnailUrl":"https:\/\/newsestlyonnais.fr\/site\/wp-content\/uploads\/2019\/07\/NEWSESTLYONNAIS-TRI-ST-PRIEST-01.jpg","datePublished":"2019-07-17T05:49:40+00:00","dateModified":"2020-10-23T18:42:10+00:00","description":"un semestre bien riche pour le club de triathlon. St\u00e9phan Doulcet, pr\u00e9sident de St Priest Triathlon revient sur le premier semestre 2019","breadcrumb":{"@id":"https:\/\/newsestlyonnais.fr\/site\/2019\/07\/17\/saint-priest-un-semestre-bien-riche-pour-le-club-de-triathlon\/#breadcrumb"},"inLanguage":"fr-FR","potentialAction":[{"@type":"ReadAction","target":["https:\/\/newsestlyonnais.fr\/site\/2019\/07\/17\/saint-priest-un-semestre-bien-riche-pour-le-club-de-triathlon\/"]}]},{"@type":"ImageObject","inLanguage":"fr-FR","@id":"https:\/\/newsestlyonnais.fr\/site\/2019\/07\/17\/saint-priest-un-semestre-bien-riche-pour-le-club-de-triathlon\/#primaryimage","url":"https:\/\/newsestlyonnais.fr\/site\/wp-content\/uploads\/2019\/07\/NEWSESTLYONNAIS-TRI-ST-PRIEST-01.jpg","contentUrl":"https:\/\/newsestlyonnais.fr\/site\/wp-content\/uploads\/2019\/07\/NEWSESTLYONNAIS-TRI-ST-PRIEST-01.jpg","width":4288,"height":2848},{"@type":"BreadcrumbList","@id":"https:\/\/newsestlyonnais.fr\/site\/2019\/07\/17\/saint-priest-un-semestre-bien-riche-pour-le-club-de-triathlon\/#breadcrumb","itemListElement":[{"@type":"ListItem","position":1,"name":"Accueil","item":"https:\/\/newsestlyonnais.fr\/site\/"},{"@type":"ListItem","position":2,"name":"SAINT-PRIEST | Semestre bien riche pour le club de triathlon"}]},{"@type":"WebSite","@id":"https:\/\/newsestlyonnais.fr\/site\/#website","url":"https:\/\/newsestlyonnais.fr\/site\/","name":"News Est Lyonnais","description":"L&#039;actualit\u00e9 au plus pr\u00e8s","publisher":{"@id":"https:\/\/newsestlyonnais.fr\/site\/#organization"},"potentialAction":[{"@type":"SearchAction","target":{"@type":"EntryPoint","urlTemplate":"https:\/\/newsestlyonnais.fr\/site\/?s={search_term_string}"},"query-input":{"@type":"PropertyValueSpecification","valueRequired":true,"valueName":"search_term_string"}}],"inLanguage":"fr-FR"},{"@type":"Organization","@id":"https:\/\/newsestlyonnais.fr\/site\/#organization","name":"News EST LYONNAIS","url":"https:\/\/newsestlyonnais.fr\/site\/","logo":{"@type":"ImageObject","inLanguage":"fr-FR","@id":"https:\/\/newsestlyonnais.fr\/site\/#\/schema\/logo\/image\/","url":"","contentUrl":"","caption":"News EST LYONNAIS"},"image":{"@id":"https:\/\/newsestlyonnais.fr\/site\/#\/schema\/logo\/image\/"}},{"@type":"Person","@id":"https:\/\/newsestlyonnais.fr\/site\/#\/schema\/person\/3230d5615f390bb808365d673001e887","name":"R\u00e9dac. NEWS","sameAs":["http:\/\/www.newsestlyonnais.fr","https:\/\/www.facebook.com\/pascal.oberson.1?fref=ts","https:\/\/fr.linkedin.com\/in\/pascal-oberson-b17045113"],"url":"https:\/\/newsestlyonnais.fr\/site\/author\/nel\/"}]}},"_links":{"self":[{"href":"https:\/\/newsestlyonnais.fr\/site\/wp-json\/wp\/v2\/posts\/80246","targetHints":{"allow":["GET"]}}],"collection":[{"href":"https:\/\/newsestlyonnais.fr\/site\/wp-json\/wp\/v2\/posts"}],"about":[{"href":"https:\/\/newsestlyonnais.fr\/site\/wp-json\/wp\/v2\/types\/post"}],"author":[{"embeddable":true,"href":"https:\/\/newsestlyonnais.fr\/site\/wp-json\/wp\/v2\/users\/4"}],"replies":[{"embeddable":true,"href":"https:\/\/newsestlyonnais.fr\/site\/wp-json\/wp\/v2\/comments?post=80246"}],"version-history":[{"count":0,"href":"https:\/\/newsestlyonnais.fr\/site\/wp-json\/wp\/v2\/posts\/80246\/revisions"}],"wp:featuredmedia":[{"embeddable":true,"href":"https:\/\/newsestlyonnais.fr\/site\/wp-json\/wp\/v2\/media\/80248"}],"wp:attachment":[{"href":"https:\/\/newsestlyonnais.fr\/site\/wp-json\/wp\/v2\/media?parent=80246"}],"wp:term":[{"taxonomy":"category","embeddable":true,"href":"https:\/\/newsestlyonnais.fr\/site\/wp-json\/wp\/v2\/categories?post=80246"},{"taxonomy":"post_tag","embeddable":true,"href":"https:\/\/newsestlyonnais.fr\/site\/wp-json\/wp\/v2\/tags?post=80246"}],"curies":[{"name":"wp","href":"https:\/\/api.w.org\/{rel}","templated":true}]}}