{"id":80346,"date":"2019-07-18T14:38:00","date_gmt":"2019-07-18T13:38:00","guid":{"rendered":"http:\/\/newsestlyonnais.fr\/site\/?p=80346"},"modified":"2020-05-24T07:54:57","modified_gmt":"2020-05-24T06:54:57","slug":"villeurbanne-les-manifestations-au-14-septembre","status":"publish","type":"post","link":"https:\/\/newsestlyonnais.fr\/site\/2019\/07\/18\/villeurbanne-les-manifestations-au-14-septembre\/","title":{"rendered":"VILLEURBANNE | Les manifestations au 14 septembre"},"content":{"rendered":"\r\n<h4>Nombreux sont les \u00e9v\u00e8nements programm\u00e9s sur la commune jusqu&rsquo;\u00e0 mi-septembre prochain.<\/h4>\r\n<ul>\r\n<li><strong>Jeudi 18 Juillet \u00e0 21 h 45 : Cin\u00e9ma sous les \u00e9toiles.<\/strong> Cin\u00e9ma en plein air organis\u00e9 par la Ville de Villeurbanne. Projection film : <strong>\u00ab Jumanji \u00bb<\/strong>. (Terrain Lafontaine, rue Lafontaine quartier Ferrandi\u00e8re).<\/li>\r\n<li><strong>Mardi 23 juillet<\/strong> <strong><strong>\u00e0 21 h 45 : Cin\u00e9ma sous les \u00e9toiles. <\/strong><\/strong>\u00ab <strong>H\u00f4tel Transilvania 3<\/strong> \u00bb. (Esplanade de l\u2019Europe Jean-Monnet, quartier Charpennes-Tonkin).<\/li>\r\n<li><strong>Mardi 30 juillet \u00e0 21 h 45<\/strong> : <strong>Cin\u00e9ma sous les \u00e9toiles. <\/strong>\u00ab <strong>Chocolat <\/strong>\u00bb. (Stade S\u00e9verine, rue S\u00e9verine, quartier Cyprian \/ Les Brosses).<\/li>\r\n<li><strong>Jeudi 1\u00b0 Ao\u00fbt \u00e0 21 h 30 :<\/strong> <strong>Cin\u00e9ma sous les \u00e9toiles.<\/strong> \u00ab Les Tuches 3 \u00bb. (Maison de Croix-Luizet, rue Louis-Armand, quartier Buers \/ Croix-Luizet).<\/li>\r\n<li><strong>Mardi 6<\/strong> <strong>Ao\u00fbt \u00e0 21 h 30 :<\/strong> <strong><strong>Cin\u00e9ma sous les \u00e9toiles <\/strong><\/strong>: \u00ab <strong>Indestructible 2 <\/strong>\u00bb. (Stade Boiron-Granger, rue Pierre-Baratin, quartier Cusset).<\/li>\r\n<li><strong>Mardi<\/strong> <strong>20<\/strong> <strong>Ao\u00fbt \u00e0 21 h 15<\/strong> : <strong>Cin\u00e9ma sous les \u00e9toiles. <\/strong>: \u00a0\u00bb \u00ab Mission impossible : Fallout \u00bb. (Parc de la Feyssine, avenue Monin, quartier La Doua).<\/li>\r\n<li><strong>Dimanche 1\u00b0 Septembre de 8 h \u00e0 18 h : Vide-grenier<\/strong> \/ association \u00ab Les Bambins d\u2019Ambalavao \u00bb. (Place Victor Balland et esplanade).<\/li>\r\n<li><strong>S<strong>amedi 7 Septembre \u00e0 10 h : C\u00e9r\u00e9monies du 75\u00b0 Anniversaire de la Lib\u00e9ration de Villeurbanne.<\/strong><\/strong> (esplanade Genevi\u00e8ve Anthonioz-de-Gaulle (angle rue Francis de Pressens\u00e9 \/ rue Billon).<\/li>\r\n<li><strong>Dimanche 8 Septembre de 11 h \u00e0 18 h : \u00ab Biennale des Associations 2019 \u00bb<\/strong>. Animations, d\u00e9monstrations sportives et culturelles, Escape Game. (avenue Henri-Barbusse et autour de la mairie).<\/li>\r\n<li><strong>Mardi 10 Septembre \u00e0 18 h : Cocktail de remerciement pour la 11\u00b0 <\/strong><strong>\u00e9dition de la Soir\u00e9e d\u2019Accueil des Etudiants Etrangers de l\u2019Insa<\/strong> par les agents municipaux et anciens Insaliens. (Salle du Conseil, 2\u00b0 \u00e9tage h\u00f4tel de ville de Villeurbanne).<\/li>\r\n<li><strong>Jeudi<\/strong> <strong>12 Septembre d\u00e8s 18 h :\u00a0 90 minutes de la Feyssine 2019<\/strong>. Sur le th\u00e8me \u00ab En forme \u00e0 Villeurbanne \u00bb. (Parc de la Feyssine).<\/li>\r\n<li><strong>Samedi 14 Septembre, toute la journ\u00e9e<\/strong> : <strong>19\u00b0 F\u00eate des rue Ren\u00e9 et Llacer.<\/strong> (rue Ren\u00e9).<\/li>\r\n<\/ul>\r\n<p><strong>Retrouvez l\u2019ACTU de la commune sur : <a href=\"http:\/\/www.villeurbanne.fr\" target=\"_blank\" rel=\"noreferrer noopener\">http:\/\/www.villeurbanne.fr<\/a><\/strong><\/p>\r\n<ul>\r\n<li>\r\n<div data-canvas-width=\"41.68000000000001\">\r\n<p><img loading=\"lazy\" decoding=\"async\" class=\"aligncenter wp-image-78223 size-medium\" src=\"https:\/\/newsestlyonnais.fr\/site\/medias\/2019\/06\/NEWSESTLYONANIS-BIENNALE-VILLEURBANNE-400x300.jpg\" alt=\"\" width=\"400\" height=\"300\" srcset=\"https:\/\/newsestlyonnais.fr\/site\/wp-content\/uploads\/2019\/06\/NEWSESTLYONANIS-BIENNALE-VILLEURBANNE-400x300.jpg 400w, https:\/\/newsestlyonnais.fr\/site\/wp-content\/uploads\/2019\/06\/NEWSESTLYONANIS-BIENNALE-VILLEURBANNE-768x576.jpg 768w, https:\/\/newsestlyonnais.fr\/site\/wp-content\/uploads\/2019\/06\/NEWSESTLYONANIS-BIENNALE-VILLEURBANNE-1000x750.jpg 1000w, https:\/\/newsestlyonnais.fr\/site\/wp-content\/uploads\/2019\/06\/NEWSESTLYONANIS-BIENNALE-VILLEURBANNE-600x450.jpg 600w, https:\/\/newsestlyonnais.fr\/site\/wp-content\/uploads\/2019\/06\/NEWSESTLYONANIS-BIENNALE-VILLEURBANNE-100x75.jpg 100w, https:\/\/newsestlyonnais.fr\/site\/wp-content\/uploads\/2019\/06\/NEWSESTLYONANIS-BIENNALE-VILLEURBANNE.jpg 1890w\" sizes=\"auto, (max-width: 400px) 100vw, 400px\" \/><\/p>\r\n<\/div>\r\n<\/li>\r\n<\/ul>\r\n","protected":false},"excerpt":{"rendered":"<p>Nombreux sont les \u00e9v\u00e8nements programm\u00e9s sur la commune jusqu&rsquo;\u00e0 mi-septembre prochain.<\/p>\n","protected":false},"author":4,"featured_media":12277,"comment_status":"open","ping_status":"open","sticky":false,"template":"","format":"standard","meta":{"footnotes":""},"categories":[221,1219,29],"tags":[1991,2059,2091],"class_list":["post-80346","post","type-post","status-publish","format-standard","has-post-thumbnail","hentry","category-cine-radio-theatre","category-religion-seniors-souvenir","category-villeurbanne","tag-agenda","tag-manifestations","tag-villeurbanne"],"yoast_head":"<!-- This site is optimized with the Yoast SEO plugin v27.2 - https:\/\/yoast.com\/product\/yoast-seo-wordpress\/ -->\n<title>VILLEURBANNE | Les manifestations au 14 septembre - News Est Lyonnais<\/title>\n<meta name=\"description\" content=\"VILLEURBANNE : les manifestations au 14 septembre. Nombreux sont les \u00e9v\u00e8nements programm\u00e9s sur la commune jusqu&#039;\u00e0 mi-septembre prochain.\" \/>\n<meta name=\"robots\" content=\"index, follow, max-snippet:-1, max-image-preview:large, max-video-preview:-1\" \/>\n<link rel=\"canonical\" href=\"https:\/\/newsestlyonnais.fr\/site\/2019\/07\/18\/villeurbanne-les-manifestations-au-14-septembre\/\" \/>\n<meta property=\"og:locale\" content=\"fr_FR\" \/>\n<meta property=\"og:type\" content=\"article\" \/>\n<meta property=\"og:title\" content=\"VILLEURBANNE | Les manifestations au 14 septembre - News Est Lyonnais\" \/>\n<meta property=\"og:description\" content=\"VILLEURBANNE : les manifestations au 14 septembre. Nombreux sont les \u00e9v\u00e8nements programm\u00e9s sur la commune jusqu&#039;\u00e0 mi-septembre prochain.\" \/>\n<meta property=\"og:url\" content=\"https:\/\/newsestlyonnais.fr\/site\/2019\/07\/18\/villeurbanne-les-manifestations-au-14-septembre\/\" \/>\n<meta property=\"og:site_name\" content=\"News Est Lyonnais\" \/>\n<meta property=\"article:author\" content=\"https:\/\/www.facebook.com\/pascal.oberson.1?fref=ts\" \/>\n<meta property=\"article:published_time\" content=\"2019-07-18T13:38:00+00:00\" \/>\n<meta property=\"article:modified_time\" content=\"2020-05-24T06:54:57+00:00\" \/>\n<meta property=\"og:image\" content=\"https:\/\/i0.wp.com\/newsestlyonnais.fr\/site\/wp-content\/uploads\/2016\/09\/NEWSESTLYONNAIS-PANNEAUVILLEURBANNE.jpg?fit=1000%2C750&ssl=1\" \/>\n\t<meta property=\"og:image:width\" content=\"1000\" \/>\n\t<meta property=\"og:image:height\" content=\"750\" \/>\n\t<meta property=\"og:image:type\" content=\"image\/jpeg\" \/>\n<meta name=\"author\" content=\"R\u00e9dac. NEWS\" \/>\n<meta name=\"twitter:card\" content=\"summary_large_image\" \/>\n<meta name=\"twitter:label1\" content=\"\u00c9crit par\" \/>\n\t<meta name=\"twitter:data1\" content=\"R\u00e9dac. NEWS\" \/>\n\t<meta name=\"twitter:label2\" content=\"Dur\u00e9e de lecture estim\u00e9e\" \/>\n\t<meta name=\"twitter:data2\" content=\"1 minute\" \/>\n<script type=\"application\/ld+json\" class=\"yoast-schema-graph\">{\"@context\":\"https:\/\/schema.org\",\"@graph\":[{\"@type\":\"Article\",\"@id\":\"https:\/\/newsestlyonnais.fr\/site\/2019\/07\/18\/villeurbanne-les-manifestations-au-14-septembre\/#article\",\"isPartOf\":{\"@id\":\"https:\/\/newsestlyonnais.fr\/site\/2019\/07\/18\/villeurbanne-les-manifestations-au-14-septembre\/\"},\"author\":{\"name\":\"R\u00e9dac. NEWS\",\"@id\":\"https:\/\/newsestlyonnais.fr\/site\/#\/schema\/person\/3230d5615f390bb808365d673001e887\"},\"headline\":\"VILLEURBANNE | Les manifestations au 14 septembre\",\"datePublished\":\"2019-07-18T13:38:00+00:00\",\"dateModified\":\"2020-05-24T06:54:57+00:00\",\"mainEntityOfPage\":{\"@id\":\"https:\/\/newsestlyonnais.fr\/site\/2019\/07\/18\/villeurbanne-les-manifestations-au-14-septembre\/\"},\"wordCount\":288,\"commentCount\":0,\"publisher\":{\"@id\":\"https:\/\/newsestlyonnais.fr\/site\/#organization\"},\"image\":{\"@id\":\"https:\/\/newsestlyonnais.fr\/site\/2019\/07\/18\/villeurbanne-les-manifestations-au-14-septembre\/#primaryimage\"},\"thumbnailUrl\":\"https:\/\/newsestlyonnais.fr\/site\/wp-content\/uploads\/2016\/09\/NEWSESTLYONNAIS-PANNEAUVILLEURBANNE.jpg\",\"keywords\":[\"AGENDA\",\"MANIFESTATIONS\",\"VILLEURBANNE\"],\"articleSection\":[\"Cin\u00e9 | Radio | Th\u00e9\u00e2tre\",\"Religion | Seniors | Souvenir\",\"Villeurbanne\"],\"inLanguage\":\"fr-FR\",\"potentialAction\":[{\"@type\":\"CommentAction\",\"name\":\"Comment\",\"target\":[\"https:\/\/newsestlyonnais.fr\/site\/2019\/07\/18\/villeurbanne-les-manifestations-au-14-septembre\/#respond\"]}]},{\"@type\":\"WebPage\",\"@id\":\"https:\/\/newsestlyonnais.fr\/site\/2019\/07\/18\/villeurbanne-les-manifestations-au-14-septembre\/\",\"url\":\"https:\/\/newsestlyonnais.fr\/site\/2019\/07\/18\/villeurbanne-les-manifestations-au-14-septembre\/\",\"name\":\"VILLEURBANNE | Les manifestations au 14 septembre - News Est Lyonnais\",\"isPartOf\":{\"@id\":\"https:\/\/newsestlyonnais.fr\/site\/#website\"},\"primaryImageOfPage\":{\"@id\":\"https:\/\/newsestlyonnais.fr\/site\/2019\/07\/18\/villeurbanne-les-manifestations-au-14-septembre\/#primaryimage\"},\"image\":{\"@id\":\"https:\/\/newsestlyonnais.fr\/site\/2019\/07\/18\/villeurbanne-les-manifestations-au-14-septembre\/#primaryimage\"},\"thumbnailUrl\":\"https:\/\/newsestlyonnais.fr\/site\/wp-content\/uploads\/2016\/09\/NEWSESTLYONNAIS-PANNEAUVILLEURBANNE.jpg\",\"datePublished\":\"2019-07-18T13:38:00+00:00\",\"dateModified\":\"2020-05-24T06:54:57+00:00\",\"description\":\"VILLEURBANNE : les manifestations au 14 septembre. Nombreux sont les \u00e9v\u00e8nements programm\u00e9s sur la commune jusqu'\u00e0 mi-septembre prochain.\",\"breadcrumb\":{\"@id\":\"https:\/\/newsestlyonnais.fr\/site\/2019\/07\/18\/villeurbanne-les-manifestations-au-14-septembre\/#breadcrumb\"},\"inLanguage\":\"fr-FR\",\"potentialAction\":[{\"@type\":\"ReadAction\",\"target\":[\"https:\/\/newsestlyonnais.fr\/site\/2019\/07\/18\/villeurbanne-les-manifestations-au-14-septembre\/\"]}]},{\"@type\":\"ImageObject\",\"inLanguage\":\"fr-FR\",\"@id\":\"https:\/\/newsestlyonnais.fr\/site\/2019\/07\/18\/villeurbanne-les-manifestations-au-14-septembre\/#primaryimage\",\"url\":\"https:\/\/newsestlyonnais.fr\/site\/wp-content\/uploads\/2016\/09\/NEWSESTLYONNAIS-PANNEAUVILLEURBANNE.jpg\",\"contentUrl\":\"https:\/\/newsestlyonnais.fr\/site\/wp-content\/uploads\/2016\/09\/NEWSESTLYONNAIS-PANNEAUVILLEURBANNE.jpg\",\"width\":1000,\"height\":750,\"caption\":\"newsestlyonnais-panneauvilleurbanne\"},{\"@type\":\"BreadcrumbList\",\"@id\":\"https:\/\/newsestlyonnais.fr\/site\/2019\/07\/18\/villeurbanne-les-manifestations-au-14-septembre\/#breadcrumb\",\"itemListElement\":[{\"@type\":\"ListItem\",\"position\":1,\"name\":\"Accueil\",\"item\":\"https:\/\/newsestlyonnais.fr\/site\/\"},{\"@type\":\"ListItem\",\"position\":2,\"name\":\"VILLEURBANNE | Les manifestations au 14 septembre\"}]},{\"@type\":\"WebSite\",\"@id\":\"https:\/\/newsestlyonnais.fr\/site\/#website\",\"url\":\"https:\/\/newsestlyonnais.fr\/site\/\",\"name\":\"News Est Lyonnais\",\"description\":\"L&#039;actualit\u00e9 au plus pr\u00e8s\",\"publisher\":{\"@id\":\"https:\/\/newsestlyonnais.fr\/site\/#organization\"},\"potentialAction\":[{\"@type\":\"SearchAction\",\"target\":{\"@type\":\"EntryPoint\",\"urlTemplate\":\"https:\/\/newsestlyonnais.fr\/site\/?s={search_term_string}\"},\"query-input\":{\"@type\":\"PropertyValueSpecification\",\"valueRequired\":true,\"valueName\":\"search_term_string\"}}],\"inLanguage\":\"fr-FR\"},{\"@type\":\"Organization\",\"@id\":\"https:\/\/newsestlyonnais.fr\/site\/#organization\",\"name\":\"News EST LYONNAIS\",\"url\":\"https:\/\/newsestlyonnais.fr\/site\/\",\"logo\":{\"@type\":\"ImageObject\",\"inLanguage\":\"fr-FR\",\"@id\":\"https:\/\/newsestlyonnais.fr\/site\/#\/schema\/logo\/image\/\",\"url\":\"\",\"contentUrl\":\"\",\"caption\":\"News EST LYONNAIS\"},\"image\":{\"@id\":\"https:\/\/newsestlyonnais.fr\/site\/#\/schema\/logo\/image\/\"}},{\"@type\":\"Person\",\"@id\":\"https:\/\/newsestlyonnais.fr\/site\/#\/schema\/person\/3230d5615f390bb808365d673001e887\",\"name\":\"R\u00e9dac. NEWS\",\"sameAs\":[\"http:\/\/www.newsestlyonnais.fr\",\"https:\/\/www.facebook.com\/pascal.oberson.1?fref=ts\",\"https:\/\/fr.linkedin.com\/in\/pascal-oberson-b17045113\"],\"url\":\"https:\/\/newsestlyonnais.fr\/site\/author\/nel\/\"}]}<\/script>\n<!-- \/ Yoast SEO plugin. -->","yoast_head_json":{"title":"VILLEURBANNE | Les manifestations au 14 septembre - News Est Lyonnais","description":"VILLEURBANNE : les manifestations au 14 septembre. Nombreux sont les \u00e9v\u00e8nements programm\u00e9s sur la commune jusqu'\u00e0 mi-septembre prochain.","robots":{"index":"index","follow":"follow","max-snippet":"max-snippet:-1","max-image-preview":"max-image-preview:large","max-video-preview":"max-video-preview:-1"},"canonical":"https:\/\/newsestlyonnais.fr\/site\/2019\/07\/18\/villeurbanne-les-manifestations-au-14-septembre\/","og_locale":"fr_FR","og_type":"article","og_title":"VILLEURBANNE | Les manifestations au 14 septembre - News Est Lyonnais","og_description":"VILLEURBANNE : les manifestations au 14 septembre. Nombreux sont les \u00e9v\u00e8nements programm\u00e9s sur la commune jusqu'\u00e0 mi-septembre prochain.","og_url":"https:\/\/newsestlyonnais.fr\/site\/2019\/07\/18\/villeurbanne-les-manifestations-au-14-septembre\/","og_site_name":"News Est Lyonnais","article_author":"https:\/\/www.facebook.com\/pascal.oberson.1?fref=ts","article_published_time":"2019-07-18T13:38:00+00:00","article_modified_time":"2020-05-24T06:54:57+00:00","og_image":[{"width":1000,"height":750,"url":"https:\/\/i0.wp.com\/newsestlyonnais.fr\/site\/wp-content\/uploads\/2016\/09\/NEWSESTLYONNAIS-PANNEAUVILLEURBANNE.jpg?fit=1000%2C750&ssl=1","type":"image\/jpeg"}],"author":"R\u00e9dac. NEWS","twitter_card":"summary_large_image","twitter_misc":{"\u00c9crit par":"R\u00e9dac. NEWS","Dur\u00e9e de lecture estim\u00e9e":"1 minute"},"schema":{"@context":"https:\/\/schema.org","@graph":[{"@type":"Article","@id":"https:\/\/newsestlyonnais.fr\/site\/2019\/07\/18\/villeurbanne-les-manifestations-au-14-septembre\/#article","isPartOf":{"@id":"https:\/\/newsestlyonnais.fr\/site\/2019\/07\/18\/villeurbanne-les-manifestations-au-14-septembre\/"},"author":{"name":"R\u00e9dac. NEWS","@id":"https:\/\/newsestlyonnais.fr\/site\/#\/schema\/person\/3230d5615f390bb808365d673001e887"},"headline":"VILLEURBANNE | Les manifestations au 14 septembre","datePublished":"2019-07-18T13:38:00+00:00","dateModified":"2020-05-24T06:54:57+00:00","mainEntityOfPage":{"@id":"https:\/\/newsestlyonnais.fr\/site\/2019\/07\/18\/villeurbanne-les-manifestations-au-14-septembre\/"},"wordCount":288,"commentCount":0,"publisher":{"@id":"https:\/\/newsestlyonnais.fr\/site\/#organization"},"image":{"@id":"https:\/\/newsestlyonnais.fr\/site\/2019\/07\/18\/villeurbanne-les-manifestations-au-14-septembre\/#primaryimage"},"thumbnailUrl":"https:\/\/newsestlyonnais.fr\/site\/wp-content\/uploads\/2016\/09\/NEWSESTLYONNAIS-PANNEAUVILLEURBANNE.jpg","keywords":["AGENDA","MANIFESTATIONS","VILLEURBANNE"],"articleSection":["Cin\u00e9 | Radio | Th\u00e9\u00e2tre","Religion | Seniors | Souvenir","Villeurbanne"],"inLanguage":"fr-FR","potentialAction":[{"@type":"CommentAction","name":"Comment","target":["https:\/\/newsestlyonnais.fr\/site\/2019\/07\/18\/villeurbanne-les-manifestations-au-14-septembre\/#respond"]}]},{"@type":"WebPage","@id":"https:\/\/newsestlyonnais.fr\/site\/2019\/07\/18\/villeurbanne-les-manifestations-au-14-septembre\/","url":"https:\/\/newsestlyonnais.fr\/site\/2019\/07\/18\/villeurbanne-les-manifestations-au-14-septembre\/","name":"VILLEURBANNE | Les manifestations au 14 septembre - News Est Lyonnais","isPartOf":{"@id":"https:\/\/newsestlyonnais.fr\/site\/#website"},"primaryImageOfPage":{"@id":"https:\/\/newsestlyonnais.fr\/site\/2019\/07\/18\/villeurbanne-les-manifestations-au-14-septembre\/#primaryimage"},"image":{"@id":"https:\/\/newsestlyonnais.fr\/site\/2019\/07\/18\/villeurbanne-les-manifestations-au-14-septembre\/#primaryimage"},"thumbnailUrl":"https:\/\/newsestlyonnais.fr\/site\/wp-content\/uploads\/2016\/09\/NEWSESTLYONNAIS-PANNEAUVILLEURBANNE.jpg","datePublished":"2019-07-18T13:38:00+00:00","dateModified":"2020-05-24T06:54:57+00:00","description":"VILLEURBANNE : les manifestations au 14 septembre. Nombreux sont les \u00e9v\u00e8nements programm\u00e9s sur la commune jusqu'\u00e0 mi-septembre prochain.","breadcrumb":{"@id":"https:\/\/newsestlyonnais.fr\/site\/2019\/07\/18\/villeurbanne-les-manifestations-au-14-septembre\/#breadcrumb"},"inLanguage":"fr-FR","potentialAction":[{"@type":"ReadAction","target":["https:\/\/newsestlyonnais.fr\/site\/2019\/07\/18\/villeurbanne-les-manifestations-au-14-septembre\/"]}]},{"@type":"ImageObject","inLanguage":"fr-FR","@id":"https:\/\/newsestlyonnais.fr\/site\/2019\/07\/18\/villeurbanne-les-manifestations-au-14-septembre\/#primaryimage","url":"https:\/\/newsestlyonnais.fr\/site\/wp-content\/uploads\/2016\/09\/NEWSESTLYONNAIS-PANNEAUVILLEURBANNE.jpg","contentUrl":"https:\/\/newsestlyonnais.fr\/site\/wp-content\/uploads\/2016\/09\/NEWSESTLYONNAIS-PANNEAUVILLEURBANNE.jpg","width":1000,"height":750,"caption":"newsestlyonnais-panneauvilleurbanne"},{"@type":"BreadcrumbList","@id":"https:\/\/newsestlyonnais.fr\/site\/2019\/07\/18\/villeurbanne-les-manifestations-au-14-septembre\/#breadcrumb","itemListElement":[{"@type":"ListItem","position":1,"name":"Accueil","item":"https:\/\/newsestlyonnais.fr\/site\/"},{"@type":"ListItem","position":2,"name":"VILLEURBANNE | Les manifestations au 14 septembre"}]},{"@type":"WebSite","@id":"https:\/\/newsestlyonnais.fr\/site\/#website","url":"https:\/\/newsestlyonnais.fr\/site\/","name":"News Est Lyonnais","description":"L&#039;actualit\u00e9 au plus pr\u00e8s","publisher":{"@id":"https:\/\/newsestlyonnais.fr\/site\/#organization"},"potentialAction":[{"@type":"SearchAction","target":{"@type":"EntryPoint","urlTemplate":"https:\/\/newsestlyonnais.fr\/site\/?s={search_term_string}"},"query-input":{"@type":"PropertyValueSpecification","valueRequired":true,"valueName":"search_term_string"}}],"inLanguage":"fr-FR"},{"@type":"Organization","@id":"https:\/\/newsestlyonnais.fr\/site\/#organization","name":"News EST LYONNAIS","url":"https:\/\/newsestlyonnais.fr\/site\/","logo":{"@type":"ImageObject","inLanguage":"fr-FR","@id":"https:\/\/newsestlyonnais.fr\/site\/#\/schema\/logo\/image\/","url":"","contentUrl":"","caption":"News EST LYONNAIS"},"image":{"@id":"https:\/\/newsestlyonnais.fr\/site\/#\/schema\/logo\/image\/"}},{"@type":"Person","@id":"https:\/\/newsestlyonnais.fr\/site\/#\/schema\/person\/3230d5615f390bb808365d673001e887","name":"R\u00e9dac. NEWS","sameAs":["http:\/\/www.newsestlyonnais.fr","https:\/\/www.facebook.com\/pascal.oberson.1?fref=ts","https:\/\/fr.linkedin.com\/in\/pascal-oberson-b17045113"],"url":"https:\/\/newsestlyonnais.fr\/site\/author\/nel\/"}]}},"_links":{"self":[{"href":"https:\/\/newsestlyonnais.fr\/site\/wp-json\/wp\/v2\/posts\/80346","targetHints":{"allow":["GET"]}}],"collection":[{"href":"https:\/\/newsestlyonnais.fr\/site\/wp-json\/wp\/v2\/posts"}],"about":[{"href":"https:\/\/newsestlyonnais.fr\/site\/wp-json\/wp\/v2\/types\/post"}],"author":[{"embeddable":true,"href":"https:\/\/newsestlyonnais.fr\/site\/wp-json\/wp\/v2\/users\/4"}],"replies":[{"embeddable":true,"href":"https:\/\/newsestlyonnais.fr\/site\/wp-json\/wp\/v2\/comments?post=80346"}],"version-history":[{"count":0,"href":"https:\/\/newsestlyonnais.fr\/site\/wp-json\/wp\/v2\/posts\/80346\/revisions"}],"wp:featuredmedia":[{"embeddable":true,"href":"https:\/\/newsestlyonnais.fr\/site\/wp-json\/wp\/v2\/media\/12277"}],"wp:attachment":[{"href":"https:\/\/newsestlyonnais.fr\/site\/wp-json\/wp\/v2\/media?parent=80346"}],"wp:term":[{"taxonomy":"category","embeddable":true,"href":"https:\/\/newsestlyonnais.fr\/site\/wp-json\/wp\/v2\/categories?post=80346"},{"taxonomy":"post_tag","embeddable":true,"href":"https:\/\/newsestlyonnais.fr\/site\/wp-json\/wp\/v2\/tags?post=80346"}],"curies":[{"name":"wp","href":"https:\/\/api.w.org\/{rel}","templated":true}]}}