{"id":80376,"date":"2019-07-19T07:24:47","date_gmt":"2019-07-19T06:24:47","guid":{"rendered":"http:\/\/newsestlyonnais.fr\/site\/?p=80376"},"modified":"2020-11-02T12:26:44","modified_gmt":"2020-11-02T11:26:44","slug":"saint-priest-bilan-sportif-positif-pour-le-club-de-rugby","status":"publish","type":"post","link":"https:\/\/newsestlyonnais.fr\/site\/2019\/07\/19\/saint-priest-bilan-sportif-positif-pour-le-club-de-rugby\/","title":{"rendered":"SAINT-PRIEST | Bilan sportif positif pour le club de rugby"},"content":{"rendered":"\n<p class=\"ox-3739ac6644-MsoNormal\"><strong>Profitant de la coupure estivale, les dirigeants du club de Saint Priest Rugby reviennent sur la saison \u00e9coul\u00e9e en dressant un bilan global et sportif.<\/strong><\/p>\n<p class=\"ox-3739ac6644-MsoNormal\"><span style=\"text-decoration: underline\"><strong>Par \u00e9quipes<\/strong><\/span> :<\/p>\n<ul type=\"disc\">\n<li class=\"ox-3739ac6644-MsoListParagraph\"><strong>Les seniors <\/strong>(4\u00b0 de la poule 3 de F\u00e9d\u00e9rale 2) se sont qualifi\u00e9s pour les 16\u00b0 de finale du championnat de France de F\u00e9d\u00e9rale 2. D\u00e9faite contre Ch\u00e2teaurenard, \u00e9quipe qui monte en F\u00e9d\u00e9rale 1. Pour la saison 2019 \/ 2020, l&rsquo;\u00e9quipe \u00e9voluera dans la poule du Nord constitu\u00e9e de 5 clubs parisiens, 2 bourguignons, 2 jurassiens et 3 lyonnais. Le premier match aura lieu le dimanche 15 septembre<\/li>\n<\/ul>\n<ul type=\"disc\">\n<li class=\"ox-3739ac6644-MsoListParagraph\"><strong>Les juniors<\/strong> (PHOTO A LA UNE, 1\u00b0 de la poule ligue 2 r\u00e9gionale) ont \u00e9t\u00e9 finalistes du secteur Nord. Reprise\u00a0 du championnat le samedi 5 octobre.<\/li>\n<li class=\"ox-3739ac6644-MsoListParagraph\"><strong>Les cadets<\/strong> (2\u00b0 de la poule ligue 2 r\u00e9gionale) ont \u00e9t\u00e9 demi-finalistes du secteur Nord. Reprise du championnat le samedi 5 octobre.<\/li>\n<\/ul>\n<p><span style=\"text-decoration: underline\"><strong>L\u2019\u00e9cole de rugby<\/strong><\/span> : le tournoi \u2018Les gones Sanpriots\u2019, disput\u00e9 le week-end de p\u00e2ques aura connu une tr\u00e8s belle participation avec 11 \u00e9quipes de minimes dont 5 formations \u00e9trang\u00e8res (2 belges, 1 allemande, 1 italienne &amp; 1 tunisienne).<\/p>\n<p class=\"ox-3739ac6644-MsoNormal\"><strong><span style=\"text-decoration: underline\">Au niveau du club<\/span> : <\/strong>\u00e0 noter la consolidation des ententes rugby entre les clubs de Saint Priest, Mions &amp; V\u00e9nissieux, avec la mise en place des ententes terrains pour les U6 \u00e0 U12 et la constitution d\u2019un rassemblement en U14 et U16.<\/p>\n<p><em><span style=\"text-decoration: underline\"><strong>NOTA<\/strong><\/span><\/em> : Reprise des entrainements le mercredi 4 septembre, le Saint Priest Rugby renouvelle son <strong>op\u00e9ration \u2018Viens avec un copain\u2019<\/strong> (les mercredis apr\u00e8s-midi). Dans ce cas, la licence de rugby sera \u00e0 moiti\u00e9 prix pour les 2 joueurs (sous r\u00e9serve de la validation de l\u2019inscription) .<\/p>\n<ul>\n<li><strong>Retrouvez l&rsquo;ACTU du club sur : <a href=\"https:\/\/saintpriestrugby.clubeo.com\">https:\/\/saintpriestrugby.clubeo.com<\/a><\/strong><\/li>\n<\/ul>\n<div id='gallery-1' class='gallery galleryid-80376 gallery-columns-3 gallery-size-thumbnail'><figure class='gallery-item'>\n\t\t\t<div class='gallery-icon landscape'>\n\t\t\t\t<a href='https:\/\/newsestlyonnais.fr\/site\/2019\/07\/19\/saint-priest-bilan-sportif-positif-pour-le-club-de-rugby\/newsestlyonnais-bilan-st-p-rugby-04\/'><img loading=\"lazy\" decoding=\"async\" width=\"150\" height=\"150\" src=\"https:\/\/newsestlyonnais.fr\/site\/wp-content\/uploads\/2019\/07\/NEWSESTLYONNAIS-BILAN-ST-P-RUGBY-04-150x150.jpg\" class=\"attachment-thumbnail size-thumbnail\" alt=\"\" aria-describedby=\"gallery-1-80409\" \/><\/a>\n\t\t\t<\/div>\n\t\t\t\t<figcaption class='wp-caption-text gallery-caption' id='gallery-1-80409'>\n\t\t\t\tLes seniors en 1\/16\u00b0 face \u00e0 Ch\u00e2teaurenard\n\t\t\t\t<\/figcaption><\/figure><figure class='gallery-item'>\n\t\t\t<div class='gallery-icon landscape'>\n\t\t\t\t<a href='https:\/\/newsestlyonnais.fr\/site\/2019\/07\/19\/saint-priest-bilan-sportif-positif-pour-le-club-de-rugby\/newsestlyonnais-bilan-st-p-rugby-01\/'><img loading=\"lazy\" decoding=\"async\" width=\"150\" height=\"150\" src=\"https:\/\/newsestlyonnais.fr\/site\/wp-content\/uploads\/2019\/07\/NEWSESTLYONNAIS-BILAN-ST-P-RUGBY-01-150x150.jpg\" class=\"attachment-thumbnail size-thumbnail\" alt=\"\" \/><\/a>\n\t\t\t<\/div><\/figure><figure class='gallery-item'>\n\t\t\t<div class='gallery-icon landscape'>\n\t\t\t\t<a href='https:\/\/newsestlyonnais.fr\/site\/2019\/07\/19\/saint-priest-bilan-sportif-positif-pour-le-club-de-rugby\/newsestlyonnais-bilan-st-p-rugby-02\/'><img loading=\"lazy\" decoding=\"async\" width=\"150\" height=\"150\" src=\"https:\/\/newsestlyonnais.fr\/site\/wp-content\/uploads\/2019\/07\/NEWSESTLYONNAIS-BILAN-ST-P-RUGBY-02-150x150.jpg\" class=\"attachment-thumbnail size-thumbnail\" alt=\"\" \/><\/a>\n\t\t\t<\/div><\/figure><figure class='gallery-item'>\n\t\t\t<div class='gallery-icon landscape'>\n\t\t\t\t<a href='https:\/\/newsestlyonnais.fr\/site\/2019\/07\/19\/saint-priest-bilan-sportif-positif-pour-le-club-de-rugby\/newsestlyonnais-bilan-st-p-rugby-05\/'><img loading=\"lazy\" decoding=\"async\" width=\"150\" height=\"150\" src=\"https:\/\/newsestlyonnais.fr\/site\/wp-content\/uploads\/2019\/07\/NEWSESTLYONNAIS-BILAN-ST-P-RUGBY-05-150x150.jpg\" class=\"attachment-thumbnail size-thumbnail\" alt=\"\" aria-describedby=\"gallery-1-80410\" \/><\/a>\n\t\t\t<\/div>\n\t\t\t\t<figcaption class='wp-caption-text gallery-caption' id='gallery-1-80410'>\n\t\t\t\tLes U19 en finale du secteur Nord \n\t\t\t\t<\/figcaption><\/figure>\n\t\t<\/div>\n\n","protected":false},"excerpt":{"rendered":"<p>Profitant de la coupure estivale, les dirigeants du club de Saint Priest Rugby reviennent sur la saison \u00e9coul\u00e9e en dressant un bilan global et sportif.<\/p>\n","protected":false},"author":4,"featured_media":80402,"comment_status":"open","ping_status":"open","sticky":false,"template":"","format":"standard","meta":{"footnotes":""},"categories":[2996,2999,1296],"tags":[2160,2039,2171],"class_list":["post-80376","post","type-post","status-publish","format-standard","has-post-thumbnail","hentry","category-football-rugby","category-rugby-a-xv-sports","category-sain-priest","tag-rugby-a-xv","tag-saint-priest","tag-saint-priest-rugby"],"yoast_head":"<!-- This site is optimized with the Yoast SEO plugin v27.2 - https:\/\/yoast.com\/product\/yoast-seo-wordpress\/ -->\n<title>SAINT-PRIEST | Bilan sportif positif pour le club de rugby - News Est Lyonnais<\/title>\n<meta name=\"description\" content=\"SAINT-PRIEST : bilan sportif positif pour le club de rugby. Profitant de la coupure estivale, les dirigeants du club reviennent sur la saison \u00e9coul\u00e9e\" \/>\n<meta name=\"robots\" content=\"index, follow, max-snippet:-1, max-image-preview:large, max-video-preview:-1\" \/>\n<link rel=\"canonical\" href=\"https:\/\/newsestlyonnais.fr\/site\/2019\/07\/19\/saint-priest-bilan-sportif-positif-pour-le-club-de-rugby\/\" \/>\n<meta property=\"og:locale\" content=\"fr_FR\" \/>\n<meta property=\"og:type\" content=\"article\" \/>\n<meta property=\"og:title\" content=\"SAINT-PRIEST | Bilan sportif positif pour le club de rugby - News Est Lyonnais\" \/>\n<meta property=\"og:description\" content=\"SAINT-PRIEST : bilan sportif positif pour le club de rugby. Profitant de la coupure estivale, les dirigeants du club reviennent sur la saison \u00e9coul\u00e9e\" \/>\n<meta property=\"og:url\" content=\"https:\/\/newsestlyonnais.fr\/site\/2019\/07\/19\/saint-priest-bilan-sportif-positif-pour-le-club-de-rugby\/\" \/>\n<meta property=\"og:site_name\" content=\"News Est Lyonnais\" \/>\n<meta property=\"article:author\" content=\"https:\/\/www.facebook.com\/pascal.oberson.1?fref=ts\" \/>\n<meta property=\"article:published_time\" content=\"2019-07-19T06:24:47+00:00\" \/>\n<meta property=\"article:modified_time\" content=\"2020-11-02T11:26:44+00:00\" \/>\n<meta property=\"og:image\" content=\"https:\/\/i2.wp.com\/newsestlyonnais.fr\/site\/wp-content\/uploads\/2019\/07\/NEWSESTLYONNAIS-BILAN-ST-P-RUGBY-03.jpg?fit=894%2C592&ssl=1\" \/>\n\t<meta property=\"og:image:width\" content=\"894\" \/>\n\t<meta property=\"og:image:height\" content=\"592\" \/>\n\t<meta property=\"og:image:type\" content=\"image\/jpeg\" \/>\n<meta name=\"author\" content=\"R\u00e9dac. NEWS\" \/>\n<meta name=\"twitter:card\" content=\"summary_large_image\" \/>\n<meta name=\"twitter:label1\" content=\"\u00c9crit par\" \/>\n\t<meta name=\"twitter:data1\" content=\"R\u00e9dac. NEWS\" \/>\n\t<meta name=\"twitter:label2\" content=\"Dur\u00e9e de lecture estim\u00e9e\" \/>\n\t<meta name=\"twitter:data2\" content=\"1 minute\" \/>\n<script type=\"application\/ld+json\" class=\"yoast-schema-graph\">{\"@context\":\"https:\/\/schema.org\",\"@graph\":[{\"@type\":\"Article\",\"@id\":\"https:\/\/newsestlyonnais.fr\/site\/2019\/07\/19\/saint-priest-bilan-sportif-positif-pour-le-club-de-rugby\/#article\",\"isPartOf\":{\"@id\":\"https:\/\/newsestlyonnais.fr\/site\/2019\/07\/19\/saint-priest-bilan-sportif-positif-pour-le-club-de-rugby\/\"},\"author\":{\"name\":\"R\u00e9dac. NEWS\",\"@id\":\"https:\/\/newsestlyonnais.fr\/site\/#\/schema\/person\/3230d5615f390bb808365d673001e887\"},\"headline\":\"SAINT-PRIEST | Bilan sportif positif pour le club de rugby\",\"datePublished\":\"2019-07-19T06:24:47+00:00\",\"dateModified\":\"2020-11-02T11:26:44+00:00\",\"mainEntityOfPage\":{\"@id\":\"https:\/\/newsestlyonnais.fr\/site\/2019\/07\/19\/saint-priest-bilan-sportif-positif-pour-le-club-de-rugby\/\"},\"wordCount\":282,\"commentCount\":0,\"publisher\":{\"@id\":\"https:\/\/newsestlyonnais.fr\/site\/#organization\"},\"image\":{\"@id\":\"https:\/\/newsestlyonnais.fr\/site\/2019\/07\/19\/saint-priest-bilan-sportif-positif-pour-le-club-de-rugby\/#primaryimage\"},\"thumbnailUrl\":\"https:\/\/newsestlyonnais.fr\/site\/wp-content\/uploads\/2019\/07\/NEWSESTLYONNAIS-BILAN-ST-P-RUGBY-03.jpg\",\"keywords\":[\"RUGBY \u00e0 XV\",\"SAINT PRIEST\",\"Saint Priest Rugby\"],\"articleSection\":[\"Foot | Rugby\",\"Rugby \u00e0 XV\",\"Saint-Priest\"],\"inLanguage\":\"fr-FR\",\"potentialAction\":[{\"@type\":\"CommentAction\",\"name\":\"Comment\",\"target\":[\"https:\/\/newsestlyonnais.fr\/site\/2019\/07\/19\/saint-priest-bilan-sportif-positif-pour-le-club-de-rugby\/#respond\"]}]},{\"@type\":\"WebPage\",\"@id\":\"https:\/\/newsestlyonnais.fr\/site\/2019\/07\/19\/saint-priest-bilan-sportif-positif-pour-le-club-de-rugby\/\",\"url\":\"https:\/\/newsestlyonnais.fr\/site\/2019\/07\/19\/saint-priest-bilan-sportif-positif-pour-le-club-de-rugby\/\",\"name\":\"SAINT-PRIEST | Bilan sportif positif pour le club de rugby - News Est Lyonnais\",\"isPartOf\":{\"@id\":\"https:\/\/newsestlyonnais.fr\/site\/#website\"},\"primaryImageOfPage\":{\"@id\":\"https:\/\/newsestlyonnais.fr\/site\/2019\/07\/19\/saint-priest-bilan-sportif-positif-pour-le-club-de-rugby\/#primaryimage\"},\"image\":{\"@id\":\"https:\/\/newsestlyonnais.fr\/site\/2019\/07\/19\/saint-priest-bilan-sportif-positif-pour-le-club-de-rugby\/#primaryimage\"},\"thumbnailUrl\":\"https:\/\/newsestlyonnais.fr\/site\/wp-content\/uploads\/2019\/07\/NEWSESTLYONNAIS-BILAN-ST-P-RUGBY-03.jpg\",\"datePublished\":\"2019-07-19T06:24:47+00:00\",\"dateModified\":\"2020-11-02T11:26:44+00:00\",\"description\":\"SAINT-PRIEST : bilan sportif positif pour le club de rugby. Profitant de la coupure estivale, les dirigeants du club reviennent sur la saison \u00e9coul\u00e9e\",\"breadcrumb\":{\"@id\":\"https:\/\/newsestlyonnais.fr\/site\/2019\/07\/19\/saint-priest-bilan-sportif-positif-pour-le-club-de-rugby\/#breadcrumb\"},\"inLanguage\":\"fr-FR\",\"potentialAction\":[{\"@type\":\"ReadAction\",\"target\":[\"https:\/\/newsestlyonnais.fr\/site\/2019\/07\/19\/saint-priest-bilan-sportif-positif-pour-le-club-de-rugby\/\"]}]},{\"@type\":\"ImageObject\",\"inLanguage\":\"fr-FR\",\"@id\":\"https:\/\/newsestlyonnais.fr\/site\/2019\/07\/19\/saint-priest-bilan-sportif-positif-pour-le-club-de-rugby\/#primaryimage\",\"url\":\"https:\/\/newsestlyonnais.fr\/site\/wp-content\/uploads\/2019\/07\/NEWSESTLYONNAIS-BILAN-ST-P-RUGBY-03.jpg\",\"contentUrl\":\"https:\/\/newsestlyonnais.fr\/site\/wp-content\/uploads\/2019\/07\/NEWSESTLYONNAIS-BILAN-ST-P-RUGBY-03.jpg\",\"width\":894,\"height\":592},{\"@type\":\"BreadcrumbList\",\"@id\":\"https:\/\/newsestlyonnais.fr\/site\/2019\/07\/19\/saint-priest-bilan-sportif-positif-pour-le-club-de-rugby\/#breadcrumb\",\"itemListElement\":[{\"@type\":\"ListItem\",\"position\":1,\"name\":\"Accueil\",\"item\":\"https:\/\/newsestlyonnais.fr\/site\/\"},{\"@type\":\"ListItem\",\"position\":2,\"name\":\"SAINT-PRIEST | Bilan sportif positif pour le club de rugby\"}]},{\"@type\":\"WebSite\",\"@id\":\"https:\/\/newsestlyonnais.fr\/site\/#website\",\"url\":\"https:\/\/newsestlyonnais.fr\/site\/\",\"name\":\"News Est Lyonnais\",\"description\":\"L&#039;actualit\u00e9 au plus pr\u00e8s\",\"publisher\":{\"@id\":\"https:\/\/newsestlyonnais.fr\/site\/#organization\"},\"potentialAction\":[{\"@type\":\"SearchAction\",\"target\":{\"@type\":\"EntryPoint\",\"urlTemplate\":\"https:\/\/newsestlyonnais.fr\/site\/?s={search_term_string}\"},\"query-input\":{\"@type\":\"PropertyValueSpecification\",\"valueRequired\":true,\"valueName\":\"search_term_string\"}}],\"inLanguage\":\"fr-FR\"},{\"@type\":\"Organization\",\"@id\":\"https:\/\/newsestlyonnais.fr\/site\/#organization\",\"name\":\"News EST LYONNAIS\",\"url\":\"https:\/\/newsestlyonnais.fr\/site\/\",\"logo\":{\"@type\":\"ImageObject\",\"inLanguage\":\"fr-FR\",\"@id\":\"https:\/\/newsestlyonnais.fr\/site\/#\/schema\/logo\/image\/\",\"url\":\"\",\"contentUrl\":\"\",\"caption\":\"News EST LYONNAIS\"},\"image\":{\"@id\":\"https:\/\/newsestlyonnais.fr\/site\/#\/schema\/logo\/image\/\"}},{\"@type\":\"Person\",\"@id\":\"https:\/\/newsestlyonnais.fr\/site\/#\/schema\/person\/3230d5615f390bb808365d673001e887\",\"name\":\"R\u00e9dac. NEWS\",\"sameAs\":[\"http:\/\/www.newsestlyonnais.fr\",\"https:\/\/www.facebook.com\/pascal.oberson.1?fref=ts\",\"https:\/\/fr.linkedin.com\/in\/pascal-oberson-b17045113\"],\"url\":\"https:\/\/newsestlyonnais.fr\/site\/author\/nel\/\"}]}<\/script>\n<!-- \/ Yoast SEO plugin. -->","yoast_head_json":{"title":"SAINT-PRIEST | Bilan sportif positif pour le club de rugby - News Est Lyonnais","description":"SAINT-PRIEST : bilan sportif positif pour le club de rugby. Profitant de la coupure estivale, les dirigeants du club reviennent sur la saison \u00e9coul\u00e9e","robots":{"index":"index","follow":"follow","max-snippet":"max-snippet:-1","max-image-preview":"max-image-preview:large","max-video-preview":"max-video-preview:-1"},"canonical":"https:\/\/newsestlyonnais.fr\/site\/2019\/07\/19\/saint-priest-bilan-sportif-positif-pour-le-club-de-rugby\/","og_locale":"fr_FR","og_type":"article","og_title":"SAINT-PRIEST | Bilan sportif positif pour le club de rugby - News Est Lyonnais","og_description":"SAINT-PRIEST : bilan sportif positif pour le club de rugby. Profitant de la coupure estivale, les dirigeants du club reviennent sur la saison \u00e9coul\u00e9e","og_url":"https:\/\/newsestlyonnais.fr\/site\/2019\/07\/19\/saint-priest-bilan-sportif-positif-pour-le-club-de-rugby\/","og_site_name":"News Est Lyonnais","article_author":"https:\/\/www.facebook.com\/pascal.oberson.1?fref=ts","article_published_time":"2019-07-19T06:24:47+00:00","article_modified_time":"2020-11-02T11:26:44+00:00","og_image":[{"width":894,"height":592,"url":"https:\/\/i2.wp.com\/newsestlyonnais.fr\/site\/wp-content\/uploads\/2019\/07\/NEWSESTLYONNAIS-BILAN-ST-P-RUGBY-03.jpg?fit=894%2C592&ssl=1","type":"image\/jpeg"}],"author":"R\u00e9dac. NEWS","twitter_card":"summary_large_image","twitter_misc":{"\u00c9crit par":"R\u00e9dac. NEWS","Dur\u00e9e de lecture estim\u00e9e":"1 minute"},"schema":{"@context":"https:\/\/schema.org","@graph":[{"@type":"Article","@id":"https:\/\/newsestlyonnais.fr\/site\/2019\/07\/19\/saint-priest-bilan-sportif-positif-pour-le-club-de-rugby\/#article","isPartOf":{"@id":"https:\/\/newsestlyonnais.fr\/site\/2019\/07\/19\/saint-priest-bilan-sportif-positif-pour-le-club-de-rugby\/"},"author":{"name":"R\u00e9dac. NEWS","@id":"https:\/\/newsestlyonnais.fr\/site\/#\/schema\/person\/3230d5615f390bb808365d673001e887"},"headline":"SAINT-PRIEST | Bilan sportif positif pour le club de rugby","datePublished":"2019-07-19T06:24:47+00:00","dateModified":"2020-11-02T11:26:44+00:00","mainEntityOfPage":{"@id":"https:\/\/newsestlyonnais.fr\/site\/2019\/07\/19\/saint-priest-bilan-sportif-positif-pour-le-club-de-rugby\/"},"wordCount":282,"commentCount":0,"publisher":{"@id":"https:\/\/newsestlyonnais.fr\/site\/#organization"},"image":{"@id":"https:\/\/newsestlyonnais.fr\/site\/2019\/07\/19\/saint-priest-bilan-sportif-positif-pour-le-club-de-rugby\/#primaryimage"},"thumbnailUrl":"https:\/\/newsestlyonnais.fr\/site\/wp-content\/uploads\/2019\/07\/NEWSESTLYONNAIS-BILAN-ST-P-RUGBY-03.jpg","keywords":["RUGBY \u00e0 XV","SAINT PRIEST","Saint Priest Rugby"],"articleSection":["Foot | Rugby","Rugby \u00e0 XV","Saint-Priest"],"inLanguage":"fr-FR","potentialAction":[{"@type":"CommentAction","name":"Comment","target":["https:\/\/newsestlyonnais.fr\/site\/2019\/07\/19\/saint-priest-bilan-sportif-positif-pour-le-club-de-rugby\/#respond"]}]},{"@type":"WebPage","@id":"https:\/\/newsestlyonnais.fr\/site\/2019\/07\/19\/saint-priest-bilan-sportif-positif-pour-le-club-de-rugby\/","url":"https:\/\/newsestlyonnais.fr\/site\/2019\/07\/19\/saint-priest-bilan-sportif-positif-pour-le-club-de-rugby\/","name":"SAINT-PRIEST | Bilan sportif positif pour le club de rugby - News Est Lyonnais","isPartOf":{"@id":"https:\/\/newsestlyonnais.fr\/site\/#website"},"primaryImageOfPage":{"@id":"https:\/\/newsestlyonnais.fr\/site\/2019\/07\/19\/saint-priest-bilan-sportif-positif-pour-le-club-de-rugby\/#primaryimage"},"image":{"@id":"https:\/\/newsestlyonnais.fr\/site\/2019\/07\/19\/saint-priest-bilan-sportif-positif-pour-le-club-de-rugby\/#primaryimage"},"thumbnailUrl":"https:\/\/newsestlyonnais.fr\/site\/wp-content\/uploads\/2019\/07\/NEWSESTLYONNAIS-BILAN-ST-P-RUGBY-03.jpg","datePublished":"2019-07-19T06:24:47+00:00","dateModified":"2020-11-02T11:26:44+00:00","description":"SAINT-PRIEST : bilan sportif positif pour le club de rugby. Profitant de la coupure estivale, les dirigeants du club reviennent sur la saison \u00e9coul\u00e9e","breadcrumb":{"@id":"https:\/\/newsestlyonnais.fr\/site\/2019\/07\/19\/saint-priest-bilan-sportif-positif-pour-le-club-de-rugby\/#breadcrumb"},"inLanguage":"fr-FR","potentialAction":[{"@type":"ReadAction","target":["https:\/\/newsestlyonnais.fr\/site\/2019\/07\/19\/saint-priest-bilan-sportif-positif-pour-le-club-de-rugby\/"]}]},{"@type":"ImageObject","inLanguage":"fr-FR","@id":"https:\/\/newsestlyonnais.fr\/site\/2019\/07\/19\/saint-priest-bilan-sportif-positif-pour-le-club-de-rugby\/#primaryimage","url":"https:\/\/newsestlyonnais.fr\/site\/wp-content\/uploads\/2019\/07\/NEWSESTLYONNAIS-BILAN-ST-P-RUGBY-03.jpg","contentUrl":"https:\/\/newsestlyonnais.fr\/site\/wp-content\/uploads\/2019\/07\/NEWSESTLYONNAIS-BILAN-ST-P-RUGBY-03.jpg","width":894,"height":592},{"@type":"BreadcrumbList","@id":"https:\/\/newsestlyonnais.fr\/site\/2019\/07\/19\/saint-priest-bilan-sportif-positif-pour-le-club-de-rugby\/#breadcrumb","itemListElement":[{"@type":"ListItem","position":1,"name":"Accueil","item":"https:\/\/newsestlyonnais.fr\/site\/"},{"@type":"ListItem","position":2,"name":"SAINT-PRIEST | Bilan sportif positif pour le club de rugby"}]},{"@type":"WebSite","@id":"https:\/\/newsestlyonnais.fr\/site\/#website","url":"https:\/\/newsestlyonnais.fr\/site\/","name":"News Est Lyonnais","description":"L&#039;actualit\u00e9 au plus pr\u00e8s","publisher":{"@id":"https:\/\/newsestlyonnais.fr\/site\/#organization"},"potentialAction":[{"@type":"SearchAction","target":{"@type":"EntryPoint","urlTemplate":"https:\/\/newsestlyonnais.fr\/site\/?s={search_term_string}"},"query-input":{"@type":"PropertyValueSpecification","valueRequired":true,"valueName":"search_term_string"}}],"inLanguage":"fr-FR"},{"@type":"Organization","@id":"https:\/\/newsestlyonnais.fr\/site\/#organization","name":"News EST LYONNAIS","url":"https:\/\/newsestlyonnais.fr\/site\/","logo":{"@type":"ImageObject","inLanguage":"fr-FR","@id":"https:\/\/newsestlyonnais.fr\/site\/#\/schema\/logo\/image\/","url":"","contentUrl":"","caption":"News EST LYONNAIS"},"image":{"@id":"https:\/\/newsestlyonnais.fr\/site\/#\/schema\/logo\/image\/"}},{"@type":"Person","@id":"https:\/\/newsestlyonnais.fr\/site\/#\/schema\/person\/3230d5615f390bb808365d673001e887","name":"R\u00e9dac. NEWS","sameAs":["http:\/\/www.newsestlyonnais.fr","https:\/\/www.facebook.com\/pascal.oberson.1?fref=ts","https:\/\/fr.linkedin.com\/in\/pascal-oberson-b17045113"],"url":"https:\/\/newsestlyonnais.fr\/site\/author\/nel\/"}]}},"_links":{"self":[{"href":"https:\/\/newsestlyonnais.fr\/site\/wp-json\/wp\/v2\/posts\/80376","targetHints":{"allow":["GET"]}}],"collection":[{"href":"https:\/\/newsestlyonnais.fr\/site\/wp-json\/wp\/v2\/posts"}],"about":[{"href":"https:\/\/newsestlyonnais.fr\/site\/wp-json\/wp\/v2\/types\/post"}],"author":[{"embeddable":true,"href":"https:\/\/newsestlyonnais.fr\/site\/wp-json\/wp\/v2\/users\/4"}],"replies":[{"embeddable":true,"href":"https:\/\/newsestlyonnais.fr\/site\/wp-json\/wp\/v2\/comments?post=80376"}],"version-history":[{"count":0,"href":"https:\/\/newsestlyonnais.fr\/site\/wp-json\/wp\/v2\/posts\/80376\/revisions"}],"wp:featuredmedia":[{"embeddable":true,"href":"https:\/\/newsestlyonnais.fr\/site\/wp-json\/wp\/v2\/media\/80402"}],"wp:attachment":[{"href":"https:\/\/newsestlyonnais.fr\/site\/wp-json\/wp\/v2\/media?parent=80376"}],"wp:term":[{"taxonomy":"category","embeddable":true,"href":"https:\/\/newsestlyonnais.fr\/site\/wp-json\/wp\/v2\/categories?post=80376"},{"taxonomy":"post_tag","embeddable":true,"href":"https:\/\/newsestlyonnais.fr\/site\/wp-json\/wp\/v2\/tags?post=80376"}],"curies":[{"name":"wp","href":"https:\/\/api.w.org\/{rel}","templated":true}]}}